{"id":17675,"date":"2017-08-21T15:30:14","date_gmt":"2017-08-21T15:30:14","guid":{"rendered":"http:\/\/www.psol50.org.br\/?p=17675"},"modified":"2017-08-21T15:30:14","modified_gmt":"2017-08-21T15:30:14","slug":"mandado-de-seguranca-impetrado-pelo-psol-exige-cpi-dos-onibus-na-alerj","status":"publish","type":"post","link":"https:\/\/psol50.org.br\/mandado-de-seguranca-impetrado-pelo-psol-exige-cpi-dos-onibus-na-alerj\/","title":{"rendered":"Mandado de Seguran\u00e7a impetrado pelo PSOL exige CPI dos \u00d4nibus na Alerj"},"content":{"rendered":"<p>A Bancada do\u00a0PSOL na Alerj (Assembleia Legislativa do Rio de Janeiro), composta por Marcelo Freixo, Eliomar Coelho, Fl\u00e1vio Serafini, Wanderson Nogueira e Paulo Ramos, protocolou, na \u00faltima quarta-feira (16\/08), um Mandado de Seguran\u00e7a para que a CPI dos \u00d4nibus seja instalada na Alerj, garantindo o cumprimento do Regimento Interno da casa. O pedido de investiga\u00e7\u00e3o, feito em 1\u00ba de agosto, continha assinaturas de 27 deputados \u2013 mais do que o m\u00ednimo de um ter\u00e7o necess\u00e1rio. Cinco dias depois, a imprensa divulgou que cinco parlamentares retiraram suas assinaturas, o que \u00e9 proibido pelo Regi<span class=\"text_exposed_show\">mento Interno de acordo com o artigo 84, par\u00e1grafo 7\u00ba. Entre os desistentes est\u00e3o Milton Rangel (DEM); Zaqueu Teixeira (PDT); Luiz Martins (PDT); Marcia Jeovani (DEM), J\u00e2nio Mendes (PDT) e Jorge Felippe Neto (DEM), que \u00e9 filho do ex-secret\u00e1rio municipal de Assist\u00eancia Social Rodrigo Bethlem, alvo da Opera\u00e7\u00e3o Ponto Final.<\/span><\/p>\n<p>O presidente da casa, Andr\u00e9 Ceciliano (PT), afirmou que as altera\u00e7\u00f5es s\u00e3o poss\u00edveis porque o pedido da CPI n\u00e3o havia sido publicado. Mas esse argumento s\u00f3 \u00e9 valido para proposi\u00e7\u00f5es legislativas. No caso de requerimentos, como as CPIs, os nomes n\u00e3o podem mais ser retirados ap\u00f3s apresenta\u00e7\u00e3o do documento \u00e0 Mesa Diretora. As regras s\u00e3o claras, mas, por motiva\u00e7\u00f5es pol\u00edticas, a Alerj segue impedindo que as den\u00fancias de corrup\u00e7\u00e3o na administra\u00e7\u00e3o p\u00fablica dos transportes sejam investigadas.<\/p>\n<p>\u201cEntendo que existam rela\u00e7\u00f5es de poder nesta Casa. O que n\u00e3o pode \u00e9 haver o desrespeito ao Regimento Interno. Se os deputados n\u00e3o concordavam com a investiga\u00e7\u00e3o, que n\u00e3o assinassem. A CPI \u00e9 um instrumento importante e n\u00e3o pode ser atropelada desse jeito. Espero que o Regimento Interno seja cumprido e que a CPI seja publicada com as 27 assinaturas conquistadas\u201d, afirmou Marcelo Freixo.<\/p>\n<p>Fonte: <a href=\"http:\/\/psolrj.org.br\/2017\/08\/16\/1628\/\" target=\"_blank\" rel=\"noopener\"><span style=\"color: #0000ff;\"><strong><em>PSOL-RJ<\/em><\/strong><\/span><\/a><\/p>\n","protected":false},"excerpt":{"rendered":"<p>A Bancada do\u00a0PSOL na Alerj (Assembleia Legislativa do Rio de Janeiro), composta por Marcelo Freixo, Eliomar Coelho, Fl\u00e1vio Serafini, Wanderson Nogueira e Paulo Ramos, protocolou, na \u00faltima quarta-feira (16\/08), um Mandado de Seguran\u00e7a para que a CPI dos \u00d4nibus seja instalada na Alerj, garantindo o cumprimento do Regimento Interno da casa. O pedido de investiga\u00e7\u00e3o, [&hellip;]<\/p>\n","protected":false},"author":2,"featured_media":17796,"comment_status":"open","ping_status":"open","sticky":false,"template":"","format":"standard","meta":{"_acf_changed":false,"footnotes":""},"categories":[10,654,6,14],"tags":[3497,3430,3381,1118,1318,161,2151,2334,3432],"class_list":{"0":"post-17675","1":"post","2":"type-post","3":"status-publish","4":"format-standard","5":"has-post-thumbnail","7":"category-acao-parlamentares","8":"category-estados","9":"category-noticias","10":"category-partido","11":"tag-bancada-do-psol-na-alerj","12":"tag-cpi-dos-onibus","13":"tag-eliomar-coelho","14":"tag-flavio-serafini","15":"tag-mandado-de-seguranca","16":"tag-marcelo-freixo","17":"tag-paulo-ramos","18":"tag-psol-rj","19":"tag-wanderson-nogueira"},"acf":[],"yoast_head":"<!-- This site is optimized with the Yoast SEO plugin v26.5 - https:\/\/yoast.com\/wordpress\/plugins\/seo\/ -->\n<title>Mandado de Seguran\u00e7a impetrado pelo PSOL exige CPI dos \u00d4nibus na Alerj - PSOL 50<\/title>\n<meta name=\"robots\" content=\"index, follow, max-snippet:-1, max-image-preview:large, max-video-preview:-1\" \/>\n<link rel=\"canonical\" href=\"https:\/\/psol50.org.br\/mandado-de-seguranca-impetrado-pelo-psol-exige-cpi-dos-onibus-na-alerj\/\" \/>\n<meta property=\"og:locale\" content=\"pt_BR\" \/>\n<meta property=\"og:type\" content=\"article\" \/>\n<meta property=\"og:title\" content=\"Mandado de Seguran\u00e7a impetrado pelo PSOL exige CPI dos \u00d4nibus na Alerj - PSOL 50\" \/>\n<meta property=\"og:description\" content=\"A Bancada do\u00a0PSOL na Alerj (Assembleia Legislativa do Rio de Janeiro), composta por Marcelo Freixo, Eliomar Coelho, Fl\u00e1vio Serafini, Wanderson Nogueira e Paulo Ramos, protocolou, na \u00faltima quarta-feira (16\/08), um Mandado de Seguran\u00e7a para que a CPI dos \u00d4nibus seja instalada na Alerj, garantindo o cumprimento do Regimento Interno da casa. O pedido de investiga\u00e7\u00e3o, [&hellip;]\" \/>\n<meta property=\"og:url\" content=\"https:\/\/psol50.org.br\/mandado-de-seguranca-impetrado-pelo-psol-exige-cpi-dos-onibus-na-alerj\/\" \/>\n<meta property=\"og:site_name\" content=\"PSOL 50\" \/>\n<meta property=\"article:publisher\" content=\"https:\/\/www.facebook.com\/psol50\" \/>\n<meta property=\"article:published_time\" content=\"2017-08-21T15:30:14+00:00\" \/>\n<meta property=\"og:image\" content=\"https:\/\/psol50.org.br\/inc\/uploads\/2018\/07\/capa.png\" \/>\n\t<meta property=\"og:image:width\" content=\"1350\" \/>\n\t<meta property=\"og:image:height\" content=\"900\" \/>\n\t<meta property=\"og:image:type\" content=\"image\/png\" \/>\n<meta name=\"author\" content=\"Comunica\u00e7\u00e3o PSOL\" \/>\n<meta name=\"twitter:card\" content=\"summary_large_image\" \/>\n<meta name=\"twitter:creator\" content=\"@psol50\" \/>\n<meta name=\"twitter:site\" content=\"@psol50\" \/>\n<meta name=\"twitter:label1\" content=\"Escrito por\" \/>\n\t<meta name=\"twitter:data1\" content=\"Comunica\u00e7\u00e3o PSOL\" \/>\n\t<meta name=\"twitter:label2\" content=\"Est. tempo de leitura\" \/>\n\t<meta name=\"twitter:data2\" content=\"2 minutos\" \/>\n<script type=\"application\/ld+json\" class=\"yoast-schema-graph\">{\"@context\":\"https:\/\/schema.org\",\"@graph\":[{\"@type\":\"Article\",\"@id\":\"https:\/\/psol50.org.br\/mandado-de-seguranca-impetrado-pelo-psol-exige-cpi-dos-onibus-na-alerj\/#article\",\"isPartOf\":{\"@id\":\"https:\/\/psol50.org.br\/mandado-de-seguranca-impetrado-pelo-psol-exige-cpi-dos-onibus-na-alerj\/\"},\"author\":{\"name\":\"Comunica\u00e7\u00e3o PSOL\",\"@id\":\"https:\/\/psol50.org.br\/#\/schema\/person\/475dfa57d0b815993c714c2e96491fcd\"},\"headline\":\"Mandado de Seguran\u00e7a impetrado pelo PSOL exige CPI dos \u00d4nibus na Alerj\",\"datePublished\":\"2017-08-21T15:30:14+00:00\",\"mainEntityOfPage\":{\"@id\":\"https:\/\/psol50.org.br\/mandado-de-seguranca-impetrado-pelo-psol-exige-cpi-dos-onibus-na-alerj\/\"},\"wordCount\":318,\"commentCount\":0,\"publisher\":{\"@id\":\"https:\/\/psol50.org.br\/#organization\"},\"image\":{\"@id\":\"https:\/\/psol50.org.br\/mandado-de-seguranca-impetrado-pelo-psol-exige-cpi-dos-onibus-na-alerj\/#primaryimage\"},\"thumbnailUrl\":\"\",\"keywords\":[\"bancada do PSOL na Alerj\",\"CPI dos \u00f4nibus\",\"Eliomar Coelho\",\"Fl\u00e1vio Serafini\",\"mandado de seguran\u00e7a\",\"Marcelo Freixo\",\"Paulo Ramos\",\"PSOL-RJ\",\"Wanderson Nogueira\"],\"articleSection\":[\"A\u00e7\u00e3o Parlamentar\",\"Estados\",\"Not\u00edcias\",\"Partido\"],\"inLanguage\":\"pt-BR\",\"potentialAction\":[{\"@type\":\"CommentAction\",\"name\":\"Comment\",\"target\":[\"https:\/\/psol50.org.br\/mandado-de-seguranca-impetrado-pelo-psol-exige-cpi-dos-onibus-na-alerj\/#respond\"]}]},{\"@type\":\"WebPage\",\"@id\":\"https:\/\/psol50.org.br\/mandado-de-seguranca-impetrado-pelo-psol-exige-cpi-dos-onibus-na-alerj\/\",\"url\":\"https:\/\/psol50.org.br\/mandado-de-seguranca-impetrado-pelo-psol-exige-cpi-dos-onibus-na-alerj\/\",\"name\":\"Mandado de Seguran\u00e7a impetrado pelo PSOL exige CPI dos \u00d4nibus na Alerj - PSOL 50\",\"isPartOf\":{\"@id\":\"https:\/\/psol50.org.br\/#website\"},\"primaryImageOfPage\":{\"@id\":\"https:\/\/psol50.org.br\/mandado-de-seguranca-impetrado-pelo-psol-exige-cpi-dos-onibus-na-alerj\/#primaryimage\"},\"image\":{\"@id\":\"https:\/\/psol50.org.br\/mandado-de-seguranca-impetrado-pelo-psol-exige-cpi-dos-onibus-na-alerj\/#primaryimage\"},\"thumbnailUrl\":\"\",\"datePublished\":\"2017-08-21T15:30:14+00:00\",\"breadcrumb\":{\"@id\":\"https:\/\/psol50.org.br\/mandado-de-seguranca-impetrado-pelo-psol-exige-cpi-dos-onibus-na-alerj\/#breadcrumb\"},\"inLanguage\":\"pt-BR\",\"potentialAction\":[{\"@type\":\"ReadAction\",\"target\":[\"https:\/\/psol50.org.br\/mandado-de-seguranca-impetrado-pelo-psol-exige-cpi-dos-onibus-na-alerj\/\"]}]},{\"@type\":\"ImageObject\",\"inLanguage\":\"pt-BR\",\"@id\":\"https:\/\/psol50.org.br\/mandado-de-seguranca-impetrado-pelo-psol-exige-cpi-dos-onibus-na-alerj\/#primaryimage\",\"url\":\"\",\"contentUrl\":\"\"},{\"@type\":\"BreadcrumbList\",\"@id\":\"https:\/\/psol50.org.br\/mandado-de-seguranca-impetrado-pelo-psol-exige-cpi-dos-onibus-na-alerj\/#breadcrumb\",\"itemListElement\":[{\"@type\":\"ListItem\",\"position\":1,\"name\":\"In\u00edcio\",\"item\":\"https:\/\/psol50.org.br\/\"},{\"@type\":\"ListItem\",\"position\":2,\"name\":\"Mandado de Seguran\u00e7a impetrado pelo PSOL exige CPI dos \u00d4nibus na Alerj\"}]},{\"@type\":\"WebSite\",\"@id\":\"https:\/\/psol50.org.br\/#website\",\"url\":\"https:\/\/psol50.org.br\/\",\"name\":\"PSOL 50\",\"description\":\"Site oficial do Partido Socialismo e Liberdade\",\"publisher\":{\"@id\":\"https:\/\/psol50.org.br\/#organization\"},\"alternateName\":\"PSOL50\",\"potentialAction\":[{\"@type\":\"SearchAction\",\"target\":{\"@type\":\"EntryPoint\",\"urlTemplate\":\"https:\/\/psol50.org.br\/?s={search_term_string}\"},\"query-input\":{\"@type\":\"PropertyValueSpecification\",\"valueRequired\":true,\"valueName\":\"search_term_string\"}}],\"inLanguage\":\"pt-BR\"},{\"@type\":\"Organization\",\"@id\":\"https:\/\/psol50.org.br\/#organization\",\"name\":\"PSOL 50\",\"alternateName\":\"PSOL 50\",\"url\":\"https:\/\/psol50.org.br\/\",\"logo\":{\"@type\":\"ImageObject\",\"inLanguage\":\"pt-BR\",\"@id\":\"https:\/\/psol50.org.br\/#\/schema\/logo\/image\/\",\"url\":\"https:\/\/psol50.org.br\/inc\/uploads\/2018\/07\/capa.png\",\"contentUrl\":\"https:\/\/psol50.org.br\/inc\/uploads\/2018\/07\/capa.png\",\"width\":1350,\"height\":900,\"caption\":\"PSOL 50\"},\"image\":{\"@id\":\"https:\/\/psol50.org.br\/#\/schema\/logo\/image\/\"},\"sameAs\":[\"https:\/\/www.facebook.com\/psol50\",\"https:\/\/x.com\/psol50\",\"https:\/\/www.instagram.com\/psol50\/\",\"https:\/\/www.youtube.com\/channel\/UC7SnJS5o1os7a6CaiNabzcg\"]},{\"@type\":\"Person\",\"@id\":\"https:\/\/psol50.org.br\/#\/schema\/person\/475dfa57d0b815993c714c2e96491fcd\",\"name\":\"Comunica\u00e7\u00e3o PSOL\",\"image\":{\"@type\":\"ImageObject\",\"inLanguage\":\"pt-BR\",\"@id\":\"https:\/\/psol50.org.br\/#\/schema\/person\/image\/\",\"url\":\"https:\/\/secure.gravatar.com\/avatar\/b34fc4f4e468a4e51785917065a3db57b841f5c95dba6ad8c73aaf8f66f8f9bf?s=96&d=mm&r=g\",\"contentUrl\":\"https:\/\/secure.gravatar.com\/avatar\/b34fc4f4e468a4e51785917065a3db57b841f5c95dba6ad8c73aaf8f66f8f9bf?s=96&d=mm&r=g\",\"caption\":\"Comunica\u00e7\u00e3o PSOL\"}}]}<\/script>\n<!-- \/ Yoast SEO plugin. -->","yoast_head_json":{"title":"Mandado de Seguran\u00e7a impetrado pelo PSOL exige CPI dos \u00d4nibus na Alerj - PSOL 50","robots":{"index":"index","follow":"follow","max-snippet":"max-snippet:-1","max-image-preview":"max-image-preview:large","max-video-preview":"max-video-preview:-1"},"canonical":"https:\/\/psol50.org.br\/mandado-de-seguranca-impetrado-pelo-psol-exige-cpi-dos-onibus-na-alerj\/","og_locale":"pt_BR","og_type":"article","og_title":"Mandado de Seguran\u00e7a impetrado pelo PSOL exige CPI dos \u00d4nibus na Alerj - PSOL 50","og_description":"A Bancada do\u00a0PSOL na Alerj (Assembleia Legislativa do Rio de Janeiro), composta por Marcelo Freixo, Eliomar Coelho, Fl\u00e1vio Serafini, Wanderson Nogueira e Paulo Ramos, protocolou, na \u00faltima quarta-feira (16\/08), um Mandado de Seguran\u00e7a para que a CPI dos \u00d4nibus seja instalada na Alerj, garantindo o cumprimento do Regimento Interno da casa. O pedido de investiga\u00e7\u00e3o, [&hellip;]","og_url":"https:\/\/psol50.org.br\/mandado-de-seguranca-impetrado-pelo-psol-exige-cpi-dos-onibus-na-alerj\/","og_site_name":"PSOL 50","article_publisher":"https:\/\/www.facebook.com\/psol50","article_published_time":"2017-08-21T15:30:14+00:00","og_image":[{"width":1350,"height":900,"url":"https:\/\/psol50.org.br\/inc\/uploads\/2018\/07\/capa.png","type":"image\/png"}],"author":"Comunica\u00e7\u00e3o PSOL","twitter_card":"summary_large_image","twitter_creator":"@psol50","twitter_site":"@psol50","twitter_misc":{"Escrito por":"Comunica\u00e7\u00e3o PSOL","Est. tempo de leitura":"2 minutos"},"schema":{"@context":"https:\/\/schema.org","@graph":[{"@type":"Article","@id":"https:\/\/psol50.org.br\/mandado-de-seguranca-impetrado-pelo-psol-exige-cpi-dos-onibus-na-alerj\/#article","isPartOf":{"@id":"https:\/\/psol50.org.br\/mandado-de-seguranca-impetrado-pelo-psol-exige-cpi-dos-onibus-na-alerj\/"},"author":{"name":"Comunica\u00e7\u00e3o PSOL","@id":"https:\/\/psol50.org.br\/#\/schema\/person\/475dfa57d0b815993c714c2e96491fcd"},"headline":"Mandado de Seguran\u00e7a impetrado pelo PSOL exige CPI dos \u00d4nibus na Alerj","datePublished":"2017-08-21T15:30:14+00:00","mainEntityOfPage":{"@id":"https:\/\/psol50.org.br\/mandado-de-seguranca-impetrado-pelo-psol-exige-cpi-dos-onibus-na-alerj\/"},"wordCount":318,"commentCount":0,"publisher":{"@id":"https:\/\/psol50.org.br\/#organization"},"image":{"@id":"https:\/\/psol50.org.br\/mandado-de-seguranca-impetrado-pelo-psol-exige-cpi-dos-onibus-na-alerj\/#primaryimage"},"thumbnailUrl":"","keywords":["bancada do PSOL na Alerj","CPI dos \u00f4nibus","Eliomar Coelho","Fl\u00e1vio Serafini","mandado de seguran\u00e7a","Marcelo Freixo","Paulo Ramos","PSOL-RJ","Wanderson Nogueira"],"articleSection":["A\u00e7\u00e3o Parlamentar","Estados","Not\u00edcias","Partido"],"inLanguage":"pt-BR","potentialAction":[{"@type":"CommentAction","name":"Comment","target":["https:\/\/psol50.org.br\/mandado-de-seguranca-impetrado-pelo-psol-exige-cpi-dos-onibus-na-alerj\/#respond"]}]},{"@type":"WebPage","@id":"https:\/\/psol50.org.br\/mandado-de-seguranca-impetrado-pelo-psol-exige-cpi-dos-onibus-na-alerj\/","url":"https:\/\/psol50.org.br\/mandado-de-seguranca-impetrado-pelo-psol-exige-cpi-dos-onibus-na-alerj\/","name":"Mandado de Seguran\u00e7a impetrado pelo PSOL exige CPI dos \u00d4nibus na Alerj - PSOL 50","isPartOf":{"@id":"https:\/\/psol50.org.br\/#website"},"primaryImageOfPage":{"@id":"https:\/\/psol50.org.br\/mandado-de-seguranca-impetrado-pelo-psol-exige-cpi-dos-onibus-na-alerj\/#primaryimage"},"image":{"@id":"https:\/\/psol50.org.br\/mandado-de-seguranca-impetrado-pelo-psol-exige-cpi-dos-onibus-na-alerj\/#primaryimage"},"thumbnailUrl":"","datePublished":"2017-08-21T15:30:14+00:00","breadcrumb":{"@id":"https:\/\/psol50.org.br\/mandado-de-seguranca-impetrado-pelo-psol-exige-cpi-dos-onibus-na-alerj\/#breadcrumb"},"inLanguage":"pt-BR","potentialAction":[{"@type":"ReadAction","target":["https:\/\/psol50.org.br\/mandado-de-seguranca-impetrado-pelo-psol-exige-cpi-dos-onibus-na-alerj\/"]}]},{"@type":"ImageObject","inLanguage":"pt-BR","@id":"https:\/\/psol50.org.br\/mandado-de-seguranca-impetrado-pelo-psol-exige-cpi-dos-onibus-na-alerj\/#primaryimage","url":"","contentUrl":""},{"@type":"BreadcrumbList","@id":"https:\/\/psol50.org.br\/mandado-de-seguranca-impetrado-pelo-psol-exige-cpi-dos-onibus-na-alerj\/#breadcrumb","itemListElement":[{"@type":"ListItem","position":1,"name":"In\u00edcio","item":"https:\/\/psol50.org.br\/"},{"@type":"ListItem","position":2,"name":"Mandado de Seguran\u00e7a impetrado pelo PSOL exige CPI dos \u00d4nibus na Alerj"}]},{"@type":"WebSite","@id":"https:\/\/psol50.org.br\/#website","url":"https:\/\/psol50.org.br\/","name":"PSOL 50","description":"Site oficial do Partido Socialismo e Liberdade","publisher":{"@id":"https:\/\/psol50.org.br\/#organization"},"alternateName":"PSOL50","potentialAction":[{"@type":"SearchAction","target":{"@type":"EntryPoint","urlTemplate":"https:\/\/psol50.org.br\/?s={search_term_string}"},"query-input":{"@type":"PropertyValueSpecification","valueRequired":true,"valueName":"search_term_string"}}],"inLanguage":"pt-BR"},{"@type":"Organization","@id":"https:\/\/psol50.org.br\/#organization","name":"PSOL 50","alternateName":"PSOL 50","url":"https:\/\/psol50.org.br\/","logo":{"@type":"ImageObject","inLanguage":"pt-BR","@id":"https:\/\/psol50.org.br\/#\/schema\/logo\/image\/","url":"https:\/\/psol50.org.br\/inc\/uploads\/2018\/07\/capa.png","contentUrl":"https:\/\/psol50.org.br\/inc\/uploads\/2018\/07\/capa.png","width":1350,"height":900,"caption":"PSOL 50"},"image":{"@id":"https:\/\/psol50.org.br\/#\/schema\/logo\/image\/"},"sameAs":["https:\/\/www.facebook.com\/psol50","https:\/\/x.com\/psol50","https:\/\/www.instagram.com\/psol50\/","https:\/\/www.youtube.com\/channel\/UC7SnJS5o1os7a6CaiNabzcg"]},{"@type":"Person","@id":"https:\/\/psol50.org.br\/#\/schema\/person\/475dfa57d0b815993c714c2e96491fcd","name":"Comunica\u00e7\u00e3o PSOL","image":{"@type":"ImageObject","inLanguage":"pt-BR","@id":"https:\/\/psol50.org.br\/#\/schema\/person\/image\/","url":"https:\/\/secure.gravatar.com\/avatar\/b34fc4f4e468a4e51785917065a3db57b841f5c95dba6ad8c73aaf8f66f8f9bf?s=96&d=mm&r=g","contentUrl":"https:\/\/secure.gravatar.com\/avatar\/b34fc4f4e468a4e51785917065a3db57b841f5c95dba6ad8c73aaf8f66f8f9bf?s=96&d=mm&r=g","caption":"Comunica\u00e7\u00e3o PSOL"}}]}},"_links":{"self":[{"href":"https:\/\/psol50.org.br\/rest\/wp\/v2\/posts\/17675","targetHints":{"allow":["GET"]}}],"collection":[{"href":"https:\/\/psol50.org.br\/rest\/wp\/v2\/posts"}],"about":[{"href":"https:\/\/psol50.org.br\/rest\/wp\/v2\/types\/post"}],"author":[{"embeddable":true,"href":"https:\/\/psol50.org.br\/rest\/wp\/v2\/users\/2"}],"replies":[{"embeddable":true,"href":"https:\/\/psol50.org.br\/rest\/wp\/v2\/comments?post=17675"}],"version-history":[{"count":0,"href":"https:\/\/psol50.org.br\/rest\/wp\/v2\/posts\/17675\/revisions"}],"wp:featuredmedia":[{"embeddable":true,"href":"https:\/\/psol50.org.br\/rest\/"}],"wp:attachment":[{"href":"https:\/\/psol50.org.br\/rest\/wp\/v2\/media?parent=17675"}],"wp:term":[{"taxonomy":"category","embeddable":true,"href":"https:\/\/psol50.org.br\/rest\/wp\/v2\/categories?post=17675"},{"taxonomy":"post_tag","embeddable":true,"href":"https:\/\/psol50.org.br\/rest\/wp\/v2\/tags?post=17675"}],"curies":[{"name":"wp","href":"https:\/\/api.w.org\/{rel}","templated":true}]}}