{"id":17681,"date":"2017-08-22T16:11:26","date_gmt":"2017-08-22T16:11:26","guid":{"rendered":"http:\/\/www.psol50.org.br\/?p=17681"},"modified":"2017-08-22T16:11:26","modified_gmt":"2017-08-22T16:11:26","slug":"proximo-passo-de-temer-e-privatizar-a-eletrobras","status":"publish","type":"post","link":"https:\/\/psol50.org.br\/proximo-passo-de-temer-e-privatizar-a-eletrobras\/","title":{"rendered":"Pr\u00f3ximo passo de Temer \u00e9 privatizar a Eletrobras"},"content":{"rendered":"<p>O governo de Michel Temer anunciou nesta segunda-feira (21\/08), por meio do Minist\u00e9rio de Minas e Energia, a pretens\u00e3o em privatizar a <a href=\"http:\/\/eletrobras.com\/pt\/Lists\/noticias\/ExibeNoticias.aspx?ID=705\" target=\"_blank\" rel=\"noopener\"><strong><span style=\"color: #0000ff;\">Eletrobras<\/span><\/strong><\/a>, a empresa p\u00fablica que controla parte da energia el\u00e9trica do pa\u00eds. O objetivo do Pal\u00e1cio do Planalto para viabilizar seus planos \u00e9 incluir a venda das a\u00e7\u00f5es da Uni\u00e3o da empresa no Programa da Parcerias e Investimentos (PPI), a &#8220;exemplo do que j\u00e1 foi feito com Embraer e Vale&#8221;, conforme anunciou o pr\u00f3prio governo. O PPI \u00e9 o programa do atual governo destinado a privatiza\u00e7\u00f5es e venda dever\u00e1 ser por meio de leil\u00e3o. A informa\u00e7\u00e3o foi confirmada pela pr\u00f3pria empresa, em <a href=\"http:\/\/eletrobras.com\/pt\/Imprensa\/Fato-Relevante-Eletrobras-22082017-PPI.pdf\" target=\"_blank\" rel=\"noopener\"><span style=\"color: #0000ff;\"><strong>nota<\/strong><\/span><\/a> divulgada nesta ter\u00e7a-feira (22\/08).<\/p>\n<p>Caso as a\u00e7\u00f5es sejam realmente vendidas, o Estado perder\u00e1\u00a0o controle da companhia. A Uni\u00e3o tem 40,9% do capital total da empresa, com 51% das a\u00e7\u00f5es ordin\u00e1rias da empresa, com direito a voto. O valor de mercado da Eletrobras \u00e9 19,5 bilh\u00f5es. O BNDS tem 18,72% das a\u00e7\u00f5es e fundos federais outros 3,42%.<\/p>\n<p>A estatal tem mais de 40 hidrel\u00e9tricas,\u00a0114 termel\u00e9tricas a g\u00e1s natural, \u00f3leo e carv\u00e3o, 69 usinas e\u00f3licas e uma solar, pr\u00f3prias ou em parceria e responde por 31% da gera\u00e7\u00e3o de energia no pa\u00eds. Ela est\u00e1 localizada em seis estados das regi\u00f5es Norte e Nordeste\u00a0e respons\u00e1vel por quase metade das linhas de transmiss\u00e3o do pa\u00eds. Tamb\u00e9m tem participa\u00e7\u00e3o na Usina de Itaipu.<\/p>\n<p>Em entrevista \u00e0 <span style=\"color: #0000ff;\"><strong><em>Folha de S. Paulo<\/em><\/strong><\/span>, o presidente da Associa\u00e7\u00e3o dos Empregados da Eletrobras, Emanuel Mendes, disse que a entidade vai atuar para barrar a proposta do governo, de privatiza\u00e7\u00e3o. Segundo ele, ainda esta semana iniciar\u00e1 &#8220;um processo de convencimento do Congresso e da sociedade de que isso \u00e9 ruim para o pa\u00eds&#8221;.<\/p>\n<p>O deputado <a href=\"https:\/\/www.facebook.com\/edmilsonpsol\/\" target=\"_blank\" rel=\"noopener\"><strong><span style=\"color: #0000ff;\">Edmilson Rodrigues (PA)<\/span><\/strong><\/a>\u00a0demonstrou preocupa\u00e7\u00e3o com os trabalhadores da empresa e tamb\u00e9m com o impacto da proposta no bolso do consumidor brasileiro. &#8220;Com a privatiza\u00e7\u00e3o, a empresa pretende reduzir o n\u00famero de trabalhadores atrav\u00e9s de um Plano de Demiss\u00e3o Volunt\u00e1ria. Sob o controle da iniciativa privada, o aumento na sua conta de energia ser\u00e1 inevit\u00e1vel&#8221;, argumentou. Ele disse, ainda, que a proposta \u00e9 um crime contra o pa\u00eds. &#8220;\u00c9 privatiza\u00e7\u00e3o e desnacionaliza\u00e7\u00e3o de nosso territ\u00f3rio e de nossos recursos naturais em favor do capital estrangeiro. Um verdadeiro crime de lesa p\u00e1tria contra o pa\u00eds!&#8221;.<\/p>\n<p>Para o PSOL, a medida \u00e9 mais uma pol\u00edtica do governo de desmonte do setor p\u00fablico, em privil\u00e9gio das grandes empresas. Faz parte do projeto de Temer acabar, a curto prazo, com o patrim\u00f4nio brasileiro, atingindo, como consequ\u00eancia, os trabalhadores do setor e a popula\u00e7\u00e3o, que pagar\u00e1, cada vez mais, por servi\u00e7os sem qualidade, controlados pelo mercado.<\/p>\n<p>Confira, abaixo, a fala de Edmilson sobre o tema.<\/p>\n<p>https:\/\/www.facebook.com\/psolnacamara\/videos\/1741387735901693\/<\/p>\n","protected":false},"excerpt":{"rendered":"<p>O governo de Michel Temer anunciou nesta segunda-feira (21\/08), por meio do Minist\u00e9rio de Minas e Energia, a pretens\u00e3o em privatizar a Eletrobras, a empresa p\u00fablica que controla parte da energia el\u00e9trica do pa\u00eds. O objetivo do Pal\u00e1cio do Planalto para viabilizar seus planos \u00e9 incluir a venda das a\u00e7\u00f5es da Uni\u00e3o da empresa no [&hellip;]<\/p>\n","protected":false},"author":2,"featured_media":17794,"comment_status":"open","ping_status":"open","sticky":false,"template":"","format":"standard","meta":{"_acf_changed":false,"footnotes":""},"categories":[1882,6],"tags":[3498,973,1417,1252,387,3499,1748,2453,157,22,2187,1377],"class_list":{"0":"post-17681","1":"post","2":"type-post","3":"status-publish","4":"format-standard","5":"has-post-thumbnail","7":"category-brasil","8":"category-noticias","9":"tag-acoes","10":"tag-edmilson-rodrigues","11":"tag-eletrobras","12":"tag-energia","13":"tag-governo","14":"tag-leicao","15":"tag-michel-temer","16":"tag-ministerio-de-minas-e-energia","17":"tag-privatizacao","18":"tag-psol","19":"tag-setor-eletrico","20":"tag-uniao"},"acf":[],"yoast_head":"<!-- This site is optimized with the Yoast SEO plugin v26.5 - https:\/\/yoast.com\/wordpress\/plugins\/seo\/ -->\n<title>Pr\u00f3ximo passo de Temer \u00e9 privatizar a Eletrobras - PSOL 50<\/title>\n<meta name=\"robots\" content=\"index, follow, max-snippet:-1, max-image-preview:large, max-video-preview:-1\" \/>\n<link rel=\"canonical\" href=\"https:\/\/psol50.org.br\/proximo-passo-de-temer-e-privatizar-a-eletrobras\/\" \/>\n<meta property=\"og:locale\" content=\"pt_BR\" \/>\n<meta property=\"og:type\" content=\"article\" \/>\n<meta property=\"og:title\" content=\"Pr\u00f3ximo passo de Temer \u00e9 privatizar a Eletrobras - PSOL 50\" \/>\n<meta property=\"og:description\" content=\"O governo de Michel Temer anunciou nesta segunda-feira (21\/08), por meio do Minist\u00e9rio de Minas e Energia, a pretens\u00e3o em privatizar a Eletrobras, a empresa p\u00fablica que controla parte da energia el\u00e9trica do pa\u00eds. O objetivo do Pal\u00e1cio do Planalto para viabilizar seus planos \u00e9 incluir a venda das a\u00e7\u00f5es da Uni\u00e3o da empresa no [&hellip;]\" \/>\n<meta property=\"og:url\" content=\"https:\/\/psol50.org.br\/proximo-passo-de-temer-e-privatizar-a-eletrobras\/\" \/>\n<meta property=\"og:site_name\" content=\"PSOL 50\" \/>\n<meta property=\"article:publisher\" content=\"https:\/\/www.facebook.com\/psol50\" \/>\n<meta property=\"article:published_time\" content=\"2017-08-22T16:11:26+00:00\" \/>\n<meta property=\"og:image\" content=\"https:\/\/psol50.org.br\/inc\/uploads\/2018\/07\/capa.png\" \/>\n\t<meta property=\"og:image:width\" content=\"1350\" \/>\n\t<meta property=\"og:image:height\" content=\"900\" \/>\n\t<meta property=\"og:image:type\" content=\"image\/png\" \/>\n<meta name=\"author\" content=\"Comunica\u00e7\u00e3o PSOL\" \/>\n<meta name=\"twitter:card\" content=\"summary_large_image\" \/>\n<meta name=\"twitter:creator\" content=\"@psol50\" \/>\n<meta name=\"twitter:site\" content=\"@psol50\" \/>\n<meta name=\"twitter:label1\" content=\"Escrito por\" \/>\n\t<meta name=\"twitter:data1\" content=\"Comunica\u00e7\u00e3o PSOL\" \/>\n\t<meta name=\"twitter:label2\" content=\"Est. tempo de leitura\" \/>\n\t<meta name=\"twitter:data2\" content=\"2 minutos\" \/>\n<script type=\"application\/ld+json\" class=\"yoast-schema-graph\">{\"@context\":\"https:\/\/schema.org\",\"@graph\":[{\"@type\":\"Article\",\"@id\":\"https:\/\/psol50.org.br\/proximo-passo-de-temer-e-privatizar-a-eletrobras\/#article\",\"isPartOf\":{\"@id\":\"https:\/\/psol50.org.br\/proximo-passo-de-temer-e-privatizar-a-eletrobras\/\"},\"author\":{\"name\":\"Comunica\u00e7\u00e3o PSOL\",\"@id\":\"https:\/\/psol50.org.br\/#\/schema\/person\/475dfa57d0b815993c714c2e96491fcd\"},\"headline\":\"Pr\u00f3ximo passo de Temer \u00e9 privatizar a Eletrobras\",\"datePublished\":\"2017-08-22T16:11:26+00:00\",\"mainEntityOfPage\":{\"@id\":\"https:\/\/psol50.org.br\/proximo-passo-de-temer-e-privatizar-a-eletrobras\/\"},\"wordCount\":495,\"commentCount\":0,\"publisher\":{\"@id\":\"https:\/\/psol50.org.br\/#organization\"},\"image\":{\"@id\":\"https:\/\/psol50.org.br\/proximo-passo-de-temer-e-privatizar-a-eletrobras\/#primaryimage\"},\"thumbnailUrl\":\"\",\"keywords\":[\"a\u00e7\u00f5es\",\"Edmilson Rodrigues\",\"Eletrobras\",\"energia\",\"governo\",\"lei\u00e7\u00e3o\",\"Michel Temer\",\"Minist\u00e9rio de Minas e Energia\",\"privatiza\u00e7\u00e3o\",\"PSOL\",\"setor el\u00e9trico\",\"uni\u00e3o\"],\"articleSection\":[\"Brasil\",\"Not\u00edcias\"],\"inLanguage\":\"pt-BR\",\"potentialAction\":[{\"@type\":\"CommentAction\",\"name\":\"Comment\",\"target\":[\"https:\/\/psol50.org.br\/proximo-passo-de-temer-e-privatizar-a-eletrobras\/#respond\"]}]},{\"@type\":\"WebPage\",\"@id\":\"https:\/\/psol50.org.br\/proximo-passo-de-temer-e-privatizar-a-eletrobras\/\",\"url\":\"https:\/\/psol50.org.br\/proximo-passo-de-temer-e-privatizar-a-eletrobras\/\",\"name\":\"Pr\u00f3ximo passo de Temer \u00e9 privatizar a Eletrobras - PSOL 50\",\"isPartOf\":{\"@id\":\"https:\/\/psol50.org.br\/#website\"},\"primaryImageOfPage\":{\"@id\":\"https:\/\/psol50.org.br\/proximo-passo-de-temer-e-privatizar-a-eletrobras\/#primaryimage\"},\"image\":{\"@id\":\"https:\/\/psol50.org.br\/proximo-passo-de-temer-e-privatizar-a-eletrobras\/#primaryimage\"},\"thumbnailUrl\":\"\",\"datePublished\":\"2017-08-22T16:11:26+00:00\",\"breadcrumb\":{\"@id\":\"https:\/\/psol50.org.br\/proximo-passo-de-temer-e-privatizar-a-eletrobras\/#breadcrumb\"},\"inLanguage\":\"pt-BR\",\"potentialAction\":[{\"@type\":\"ReadAction\",\"target\":[\"https:\/\/psol50.org.br\/proximo-passo-de-temer-e-privatizar-a-eletrobras\/\"]}]},{\"@type\":\"ImageObject\",\"inLanguage\":\"pt-BR\",\"@id\":\"https:\/\/psol50.org.br\/proximo-passo-de-temer-e-privatizar-a-eletrobras\/#primaryimage\",\"url\":\"\",\"contentUrl\":\"\"},{\"@type\":\"BreadcrumbList\",\"@id\":\"https:\/\/psol50.org.br\/proximo-passo-de-temer-e-privatizar-a-eletrobras\/#breadcrumb\",\"itemListElement\":[{\"@type\":\"ListItem\",\"position\":1,\"name\":\"In\u00edcio\",\"item\":\"https:\/\/psol50.org.br\/\"},{\"@type\":\"ListItem\",\"position\":2,\"name\":\"Pr\u00f3ximo passo de Temer \u00e9 privatizar a Eletrobras\"}]},{\"@type\":\"WebSite\",\"@id\":\"https:\/\/psol50.org.br\/#website\",\"url\":\"https:\/\/psol50.org.br\/\",\"name\":\"PSOL 50\",\"description\":\"Site oficial do Partido Socialismo e Liberdade\",\"publisher\":{\"@id\":\"https:\/\/psol50.org.br\/#organization\"},\"alternateName\":\"PSOL50\",\"potentialAction\":[{\"@type\":\"SearchAction\",\"target\":{\"@type\":\"EntryPoint\",\"urlTemplate\":\"https:\/\/psol50.org.br\/?s={search_term_string}\"},\"query-input\":{\"@type\":\"PropertyValueSpecification\",\"valueRequired\":true,\"valueName\":\"search_term_string\"}}],\"inLanguage\":\"pt-BR\"},{\"@type\":\"Organization\",\"@id\":\"https:\/\/psol50.org.br\/#organization\",\"name\":\"PSOL 50\",\"alternateName\":\"PSOL 50\",\"url\":\"https:\/\/psol50.org.br\/\",\"logo\":{\"@type\":\"ImageObject\",\"inLanguage\":\"pt-BR\",\"@id\":\"https:\/\/psol50.org.br\/#\/schema\/logo\/image\/\",\"url\":\"https:\/\/psol50.org.br\/inc\/uploads\/2018\/07\/capa.png\",\"contentUrl\":\"https:\/\/psol50.org.br\/inc\/uploads\/2018\/07\/capa.png\",\"width\":1350,\"height\":900,\"caption\":\"PSOL 50\"},\"image\":{\"@id\":\"https:\/\/psol50.org.br\/#\/schema\/logo\/image\/\"},\"sameAs\":[\"https:\/\/www.facebook.com\/psol50\",\"https:\/\/x.com\/psol50\",\"https:\/\/www.instagram.com\/psol50\/\",\"https:\/\/www.youtube.com\/channel\/UC7SnJS5o1os7a6CaiNabzcg\"]},{\"@type\":\"Person\",\"@id\":\"https:\/\/psol50.org.br\/#\/schema\/person\/475dfa57d0b815993c714c2e96491fcd\",\"name\":\"Comunica\u00e7\u00e3o PSOL\",\"image\":{\"@type\":\"ImageObject\",\"inLanguage\":\"pt-BR\",\"@id\":\"https:\/\/psol50.org.br\/#\/schema\/person\/image\/\",\"url\":\"https:\/\/secure.gravatar.com\/avatar\/b34fc4f4e468a4e51785917065a3db57b841f5c95dba6ad8c73aaf8f66f8f9bf?s=96&d=mm&r=g\",\"contentUrl\":\"https:\/\/secure.gravatar.com\/avatar\/b34fc4f4e468a4e51785917065a3db57b841f5c95dba6ad8c73aaf8f66f8f9bf?s=96&d=mm&r=g\",\"caption\":\"Comunica\u00e7\u00e3o PSOL\"}}]}<\/script>\n<!-- \/ Yoast SEO plugin. -->","yoast_head_json":{"title":"Pr\u00f3ximo passo de Temer \u00e9 privatizar a Eletrobras - PSOL 50","robots":{"index":"index","follow":"follow","max-snippet":"max-snippet:-1","max-image-preview":"max-image-preview:large","max-video-preview":"max-video-preview:-1"},"canonical":"https:\/\/psol50.org.br\/proximo-passo-de-temer-e-privatizar-a-eletrobras\/","og_locale":"pt_BR","og_type":"article","og_title":"Pr\u00f3ximo passo de Temer \u00e9 privatizar a Eletrobras - PSOL 50","og_description":"O governo de Michel Temer anunciou nesta segunda-feira (21\/08), por meio do Minist\u00e9rio de Minas e Energia, a pretens\u00e3o em privatizar a Eletrobras, a empresa p\u00fablica que controla parte da energia el\u00e9trica do pa\u00eds. O objetivo do Pal\u00e1cio do Planalto para viabilizar seus planos \u00e9 incluir a venda das a\u00e7\u00f5es da Uni\u00e3o da empresa no [&hellip;]","og_url":"https:\/\/psol50.org.br\/proximo-passo-de-temer-e-privatizar-a-eletrobras\/","og_site_name":"PSOL 50","article_publisher":"https:\/\/www.facebook.com\/psol50","article_published_time":"2017-08-22T16:11:26+00:00","og_image":[{"width":1350,"height":900,"url":"https:\/\/psol50.org.br\/inc\/uploads\/2018\/07\/capa.png","type":"image\/png"}],"author":"Comunica\u00e7\u00e3o PSOL","twitter_card":"summary_large_image","twitter_creator":"@psol50","twitter_site":"@psol50","twitter_misc":{"Escrito por":"Comunica\u00e7\u00e3o PSOL","Est. tempo de leitura":"2 minutos"},"schema":{"@context":"https:\/\/schema.org","@graph":[{"@type":"Article","@id":"https:\/\/psol50.org.br\/proximo-passo-de-temer-e-privatizar-a-eletrobras\/#article","isPartOf":{"@id":"https:\/\/psol50.org.br\/proximo-passo-de-temer-e-privatizar-a-eletrobras\/"},"author":{"name":"Comunica\u00e7\u00e3o PSOL","@id":"https:\/\/psol50.org.br\/#\/schema\/person\/475dfa57d0b815993c714c2e96491fcd"},"headline":"Pr\u00f3ximo passo de Temer \u00e9 privatizar a Eletrobras","datePublished":"2017-08-22T16:11:26+00:00","mainEntityOfPage":{"@id":"https:\/\/psol50.org.br\/proximo-passo-de-temer-e-privatizar-a-eletrobras\/"},"wordCount":495,"commentCount":0,"publisher":{"@id":"https:\/\/psol50.org.br\/#organization"},"image":{"@id":"https:\/\/psol50.org.br\/proximo-passo-de-temer-e-privatizar-a-eletrobras\/#primaryimage"},"thumbnailUrl":"","keywords":["a\u00e7\u00f5es","Edmilson Rodrigues","Eletrobras","energia","governo","lei\u00e7\u00e3o","Michel Temer","Minist\u00e9rio de Minas e Energia","privatiza\u00e7\u00e3o","PSOL","setor el\u00e9trico","uni\u00e3o"],"articleSection":["Brasil","Not\u00edcias"],"inLanguage":"pt-BR","potentialAction":[{"@type":"CommentAction","name":"Comment","target":["https:\/\/psol50.org.br\/proximo-passo-de-temer-e-privatizar-a-eletrobras\/#respond"]}]},{"@type":"WebPage","@id":"https:\/\/psol50.org.br\/proximo-passo-de-temer-e-privatizar-a-eletrobras\/","url":"https:\/\/psol50.org.br\/proximo-passo-de-temer-e-privatizar-a-eletrobras\/","name":"Pr\u00f3ximo passo de Temer \u00e9 privatizar a Eletrobras - PSOL 50","isPartOf":{"@id":"https:\/\/psol50.org.br\/#website"},"primaryImageOfPage":{"@id":"https:\/\/psol50.org.br\/proximo-passo-de-temer-e-privatizar-a-eletrobras\/#primaryimage"},"image":{"@id":"https:\/\/psol50.org.br\/proximo-passo-de-temer-e-privatizar-a-eletrobras\/#primaryimage"},"thumbnailUrl":"","datePublished":"2017-08-22T16:11:26+00:00","breadcrumb":{"@id":"https:\/\/psol50.org.br\/proximo-passo-de-temer-e-privatizar-a-eletrobras\/#breadcrumb"},"inLanguage":"pt-BR","potentialAction":[{"@type":"ReadAction","target":["https:\/\/psol50.org.br\/proximo-passo-de-temer-e-privatizar-a-eletrobras\/"]}]},{"@type":"ImageObject","inLanguage":"pt-BR","@id":"https:\/\/psol50.org.br\/proximo-passo-de-temer-e-privatizar-a-eletrobras\/#primaryimage","url":"","contentUrl":""},{"@type":"BreadcrumbList","@id":"https:\/\/psol50.org.br\/proximo-passo-de-temer-e-privatizar-a-eletrobras\/#breadcrumb","itemListElement":[{"@type":"ListItem","position":1,"name":"In\u00edcio","item":"https:\/\/psol50.org.br\/"},{"@type":"ListItem","position":2,"name":"Pr\u00f3ximo passo de Temer \u00e9 privatizar a Eletrobras"}]},{"@type":"WebSite","@id":"https:\/\/psol50.org.br\/#website","url":"https:\/\/psol50.org.br\/","name":"PSOL 50","description":"Site oficial do Partido Socialismo e Liberdade","publisher":{"@id":"https:\/\/psol50.org.br\/#organization"},"alternateName":"PSOL50","potentialAction":[{"@type":"SearchAction","target":{"@type":"EntryPoint","urlTemplate":"https:\/\/psol50.org.br\/?s={search_term_string}"},"query-input":{"@type":"PropertyValueSpecification","valueRequired":true,"valueName":"search_term_string"}}],"inLanguage":"pt-BR"},{"@type":"Organization","@id":"https:\/\/psol50.org.br\/#organization","name":"PSOL 50","alternateName":"PSOL 50","url":"https:\/\/psol50.org.br\/","logo":{"@type":"ImageObject","inLanguage":"pt-BR","@id":"https:\/\/psol50.org.br\/#\/schema\/logo\/image\/","url":"https:\/\/psol50.org.br\/inc\/uploads\/2018\/07\/capa.png","contentUrl":"https:\/\/psol50.org.br\/inc\/uploads\/2018\/07\/capa.png","width":1350,"height":900,"caption":"PSOL 50"},"image":{"@id":"https:\/\/psol50.org.br\/#\/schema\/logo\/image\/"},"sameAs":["https:\/\/www.facebook.com\/psol50","https:\/\/x.com\/psol50","https:\/\/www.instagram.com\/psol50\/","https:\/\/www.youtube.com\/channel\/UC7SnJS5o1os7a6CaiNabzcg"]},{"@type":"Person","@id":"https:\/\/psol50.org.br\/#\/schema\/person\/475dfa57d0b815993c714c2e96491fcd","name":"Comunica\u00e7\u00e3o PSOL","image":{"@type":"ImageObject","inLanguage":"pt-BR","@id":"https:\/\/psol50.org.br\/#\/schema\/person\/image\/","url":"https:\/\/secure.gravatar.com\/avatar\/b34fc4f4e468a4e51785917065a3db57b841f5c95dba6ad8c73aaf8f66f8f9bf?s=96&d=mm&r=g","contentUrl":"https:\/\/secure.gravatar.com\/avatar\/b34fc4f4e468a4e51785917065a3db57b841f5c95dba6ad8c73aaf8f66f8f9bf?s=96&d=mm&r=g","caption":"Comunica\u00e7\u00e3o PSOL"}}]}},"_links":{"self":[{"href":"https:\/\/psol50.org.br\/rest\/wp\/v2\/posts\/17681","targetHints":{"allow":["GET"]}}],"collection":[{"href":"https:\/\/psol50.org.br\/rest\/wp\/v2\/posts"}],"about":[{"href":"https:\/\/psol50.org.br\/rest\/wp\/v2\/types\/post"}],"author":[{"embeddable":true,"href":"https:\/\/psol50.org.br\/rest\/wp\/v2\/users\/2"}],"replies":[{"embeddable":true,"href":"https:\/\/psol50.org.br\/rest\/wp\/v2\/comments?post=17681"}],"version-history":[{"count":0,"href":"https:\/\/psol50.org.br\/rest\/wp\/v2\/posts\/17681\/revisions"}],"wp:featuredmedia":[{"embeddable":true,"href":"https:\/\/psol50.org.br\/rest\/"}],"wp:attachment":[{"href":"https:\/\/psol50.org.br\/rest\/wp\/v2\/media?parent=17681"}],"wp:term":[{"taxonomy":"category","embeddable":true,"href":"https:\/\/psol50.org.br\/rest\/wp\/v2\/categories?post=17681"},{"taxonomy":"post_tag","embeddable":true,"href":"https:\/\/psol50.org.br\/rest\/wp\/v2\/tags?post=17681"}],"curies":[{"name":"wp","href":"https:\/\/api.w.org\/{rel}","templated":true}]}}