{"id":17692,"date":"2017-08-23T12:56:02","date_gmt":"2017-08-23T12:56:02","guid":{"rendered":"http:\/\/www.psol50.org.br\/?p=17692"},"modified":"2017-08-23T12:56:02","modified_gmt":"2017-08-23T12:56:02","slug":"apos-tentativa-do-governo-em-fatiar-proposta-votacao-da-reforma-politica-fica-para-esta-quarta","status":"publish","type":"post","link":"https:\/\/psol50.org.br\/apos-tentativa-do-governo-em-fatiar-proposta-votacao-da-reforma-politica-fica-para-esta-quarta\/","title":{"rendered":"Ap\u00f3s tentativa do governo em fatiar proposta, vota\u00e7\u00e3o da reforma pol\u00edtica fica para esta quarta"},"content":{"rendered":"<p>A vota\u00e7\u00e3o, em primeiro turno na C\u00e2mara dos Deputados, da PEC 77\/2003, que cria um fundo p\u00fablico para financiar campanhas eleitorais e muda o sistema de elei\u00e7\u00e3o de deputados e vereadores, foi adiada para esta quarta-feira (23\/08). A proposta chegou a ter o processo de an\u00e1lise iniciado no final da noite no plen\u00e1rio, mas uma quest\u00e3o de ordem apresentada pelo l\u00edder do PSOL, deputado Glauber Braga (RJ), encerrou a sess\u00e3o. A iniciativa do deputado foi devido a tentativa de base do governo de Michel Temer, liderada pelo presidente da Casa, Rodrigo Maia (DEM-RJ), de fatiar a vota\u00e7\u00e3o da proposta, para garantir que os temas mais pol\u00eamicos, como o &#8220;distrit\u00e3o&#8221; e o fundo eleitoral de 3,6 bilh\u00f5es, fossem aprovados.<\/p>\n<p>\u201cIsso nada mais \u00e9 do que uma tentativa de chantagem por alguns partidos da base do governo, indicando que s\u00f3 votam algumas das mat\u00e9rias que est\u00e3o no conjunto da proposta se vierem a aprovar o distrit\u00e3o\u201d, avaliou.<\/p>\n<p>Braga disse que o modelo proposto, de elei\u00e7\u00e3o dos mais votados, impede a renova\u00e7\u00e3o. \u201cEsse \u00e9 o projeto da continuidade. Ele faz com que os deputados que j\u00e1 est\u00e3o no exerc\u00edcio do mandato levem extrema vantagem&#8221;, declarou.<\/p>\n<p>https:\/\/www.facebook.com\/psolnacamara\/videos\/1188662331237996\/<\/p>\n<p>O deputado Ivan Valente (SP) ressalta que o\u00a0PSOL defende uma reforma pol\u00edtica de verdade, que acabe com as coliga\u00e7\u00f5es proporcionais, fortale\u00e7a os partidos e garanta mecanismos de participa\u00e7\u00e3o popular. &#8220;Somos contra a volta do financiamento empresarial de campanha, modelo que comprovadamente facilita a corrup\u00e7\u00e3o e distorce os resultados favorecendo o poder econ\u00f4mica e tamb\u00e9m somos contra que o financiamento bilion\u00e1rio empresarial seja substitu\u00eddo por um fundo bilion\u00e1rio p\u00fablico. \u00c9 poss\u00edvel, sim, fazer campanhas mais baratas, contando com as doa\u00e7\u00f5es de pessoas f\u00edsicas e com um financiamento p\u00fablico compat\u00edvel com a realidade do pa\u00eds e que seja distribu\u00eddo de forma igualit\u00e1ria entre todos os partidos e candidatos&#8221;. Confira a sua fala sobre o assunto.<\/p>\n<p>https:\/\/www.facebook.com\/IvanValentePSOL\/videos\/1675670699144472\/<\/p>\n<p>Ap\u00f3s a sess\u00e3o, o l\u00edder e os colegas de bancada Jean Wyllys (RJ) e Chico Alencar (RJ) e o deputado estadual Marcelo Freixo (RJ), que veio a Bras\u00edlia para acompanhar a vota\u00e7\u00e3o, falaram sobre as manobras do governo em querer votar de forma a\u00e7odada e sem ampla discuss\u00e3o com a sociedade uma proposta que privilegia os grandes partidos e refor\u00e7a o personalismo. Confira, no v\u00eddeo abaixo.<\/p>\n<p>https:\/\/www.facebook.com\/glauber.braga1\/videos\/860814010742288\/<\/p>\n","protected":false},"excerpt":{"rendered":"<p>A vota\u00e7\u00e3o, em primeiro turno na C\u00e2mara dos Deputados, da PEC 77\/2003, que cria um fundo p\u00fablico para financiar campanhas eleitorais e muda o sistema de elei\u00e7\u00e3o de deputados e vereadores, foi adiada para esta quarta-feira (23\/08). A proposta chegou a ter o processo de an\u00e1lise iniciado no final da noite no plen\u00e1rio, mas uma [&hellip;]<\/p>\n","protected":false},"author":2,"featured_media":17693,"comment_status":"open","ping_status":"open","sticky":false,"template":"","format":"standard","meta":{"_acf_changed":false,"footnotes":""},"categories":[10,1882],"tags":[1680,1834,3442,1023,1191,387,552,663,3501,161,3466,22,3046,64],"class_list":{"0":"post-17692","1":"post","2":"type-post","3":"status-publish","4":"format-standard","5":"has-post-thumbnail","7":"category-acao-parlamentares","8":"category-brasil","9":"tag-chico-alencar","10":"tag-diretorio-nacional-do-psol","11":"tag-distritao","12":"tag-fundo-eleitoral","13":"tag-glauber-braga","14":"tag-governo","15":"tag-ivan-valente","16":"tag-jean-wyllys","17":"tag-manobras","18":"tag-marcelo-freixo","19":"tag-pec-772003","20":"tag-psol","21":"tag-reforma-politica","22":"tag-rodrigo-maia"},"acf":[],"yoast_head":"<!-- This site is optimized with the Yoast SEO plugin v26.5 - https:\/\/yoast.com\/wordpress\/plugins\/seo\/ -->\n<title>Ap\u00f3s tentativa do governo em fatiar proposta, vota\u00e7\u00e3o da reforma pol\u00edtica fica para esta quarta - PSOL 50<\/title>\n<meta name=\"robots\" content=\"index, follow, max-snippet:-1, max-image-preview:large, max-video-preview:-1\" \/>\n<link rel=\"canonical\" href=\"https:\/\/psol50.org.br\/apos-tentativa-do-governo-em-fatiar-proposta-votacao-da-reforma-politica-fica-para-esta-quarta\/\" \/>\n<meta property=\"og:locale\" content=\"pt_BR\" \/>\n<meta property=\"og:type\" content=\"article\" \/>\n<meta property=\"og:title\" content=\"Ap\u00f3s tentativa do governo em fatiar proposta, vota\u00e7\u00e3o da reforma pol\u00edtica fica para esta quarta - PSOL 50\" \/>\n<meta property=\"og:description\" content=\"A vota\u00e7\u00e3o, em primeiro turno na C\u00e2mara dos Deputados, da PEC 77\/2003, que cria um fundo p\u00fablico para financiar campanhas eleitorais e muda o sistema de elei\u00e7\u00e3o de deputados e vereadores, foi adiada para esta quarta-feira (23\/08). A proposta chegou a ter o processo de an\u00e1lise iniciado no final da noite no plen\u00e1rio, mas uma [&hellip;]\" \/>\n<meta property=\"og:url\" content=\"https:\/\/psol50.org.br\/apos-tentativa-do-governo-em-fatiar-proposta-votacao-da-reforma-politica-fica-para-esta-quarta\/\" \/>\n<meta property=\"og:site_name\" content=\"PSOL 50\" \/>\n<meta property=\"article:publisher\" content=\"https:\/\/www.facebook.com\/psol50\" \/>\n<meta property=\"article:published_time\" content=\"2017-08-23T12:56:02+00:00\" \/>\n<meta property=\"og:image\" content=\"https:\/\/psol50.org.br\/inc\/uploads\/2018\/07\/capa.png\" \/>\n\t<meta property=\"og:image:width\" content=\"1350\" \/>\n\t<meta property=\"og:image:height\" content=\"900\" \/>\n\t<meta property=\"og:image:type\" content=\"image\/png\" \/>\n<meta name=\"author\" content=\"Comunica\u00e7\u00e3o PSOL\" \/>\n<meta name=\"twitter:card\" content=\"summary_large_image\" \/>\n<meta name=\"twitter:creator\" content=\"@psol50\" \/>\n<meta name=\"twitter:site\" content=\"@psol50\" \/>\n<meta name=\"twitter:label1\" content=\"Escrito por\" \/>\n\t<meta name=\"twitter:data1\" content=\"Comunica\u00e7\u00e3o PSOL\" \/>\n\t<meta name=\"twitter:label2\" content=\"Est. tempo de leitura\" \/>\n\t<meta name=\"twitter:data2\" content=\"2 minutos\" \/>\n<script type=\"application\/ld+json\" class=\"yoast-schema-graph\">{\"@context\":\"https:\/\/schema.org\",\"@graph\":[{\"@type\":\"Article\",\"@id\":\"https:\/\/psol50.org.br\/apos-tentativa-do-governo-em-fatiar-proposta-votacao-da-reforma-politica-fica-para-esta-quarta\/#article\",\"isPartOf\":{\"@id\":\"https:\/\/psol50.org.br\/apos-tentativa-do-governo-em-fatiar-proposta-votacao-da-reforma-politica-fica-para-esta-quarta\/\"},\"author\":{\"name\":\"Comunica\u00e7\u00e3o PSOL\",\"@id\":\"https:\/\/psol50.org.br\/#\/schema\/person\/475dfa57d0b815993c714c2e96491fcd\"},\"headline\":\"Ap\u00f3s tentativa do governo em fatiar proposta, vota\u00e7\u00e3o da reforma pol\u00edtica fica para esta quarta\",\"datePublished\":\"2017-08-23T12:56:02+00:00\",\"mainEntityOfPage\":{\"@id\":\"https:\/\/psol50.org.br\/apos-tentativa-do-governo-em-fatiar-proposta-votacao-da-reforma-politica-fica-para-esta-quarta\/\"},\"wordCount\":451,\"commentCount\":0,\"publisher\":{\"@id\":\"https:\/\/psol50.org.br\/#organization\"},\"image\":{\"@id\":\"https:\/\/psol50.org.br\/apos-tentativa-do-governo-em-fatiar-proposta-votacao-da-reforma-politica-fica-para-esta-quarta\/#primaryimage\"},\"thumbnailUrl\":\"\",\"keywords\":[\"Chico Alencar\",\"Diret\u00f3rio Nacional do PSOL\",\"Distrit\u00e3o\",\"Fundo Eleitoral\",\"Glauber Braga\",\"governo\",\"Ivan Valente\",\"Jean Wyllys\",\"manobras\",\"Marcelo Freixo\",\"PEC 77\/2003\",\"PSOL\",\"Reforma Pol\u00edtica\",\"Rodrigo Maia\"],\"articleSection\":[\"A\u00e7\u00e3o Parlamentar\",\"Brasil\"],\"inLanguage\":\"pt-BR\",\"potentialAction\":[{\"@type\":\"CommentAction\",\"name\":\"Comment\",\"target\":[\"https:\/\/psol50.org.br\/apos-tentativa-do-governo-em-fatiar-proposta-votacao-da-reforma-politica-fica-para-esta-quarta\/#respond\"]}]},{\"@type\":\"WebPage\",\"@id\":\"https:\/\/psol50.org.br\/apos-tentativa-do-governo-em-fatiar-proposta-votacao-da-reforma-politica-fica-para-esta-quarta\/\",\"url\":\"https:\/\/psol50.org.br\/apos-tentativa-do-governo-em-fatiar-proposta-votacao-da-reforma-politica-fica-para-esta-quarta\/\",\"name\":\"Ap\u00f3s tentativa do governo em fatiar proposta, vota\u00e7\u00e3o da reforma pol\u00edtica fica para esta quarta - PSOL 50\",\"isPartOf\":{\"@id\":\"https:\/\/psol50.org.br\/#website\"},\"primaryImageOfPage\":{\"@id\":\"https:\/\/psol50.org.br\/apos-tentativa-do-governo-em-fatiar-proposta-votacao-da-reforma-politica-fica-para-esta-quarta\/#primaryimage\"},\"image\":{\"@id\":\"https:\/\/psol50.org.br\/apos-tentativa-do-governo-em-fatiar-proposta-votacao-da-reforma-politica-fica-para-esta-quarta\/#primaryimage\"},\"thumbnailUrl\":\"\",\"datePublished\":\"2017-08-23T12:56:02+00:00\",\"breadcrumb\":{\"@id\":\"https:\/\/psol50.org.br\/apos-tentativa-do-governo-em-fatiar-proposta-votacao-da-reforma-politica-fica-para-esta-quarta\/#breadcrumb\"},\"inLanguage\":\"pt-BR\",\"potentialAction\":[{\"@type\":\"ReadAction\",\"target\":[\"https:\/\/psol50.org.br\/apos-tentativa-do-governo-em-fatiar-proposta-votacao-da-reforma-politica-fica-para-esta-quarta\/\"]}]},{\"@type\":\"ImageObject\",\"inLanguage\":\"pt-BR\",\"@id\":\"https:\/\/psol50.org.br\/apos-tentativa-do-governo-em-fatiar-proposta-votacao-da-reforma-politica-fica-para-esta-quarta\/#primaryimage\",\"url\":\"\",\"contentUrl\":\"\"},{\"@type\":\"BreadcrumbList\",\"@id\":\"https:\/\/psol50.org.br\/apos-tentativa-do-governo-em-fatiar-proposta-votacao-da-reforma-politica-fica-para-esta-quarta\/#breadcrumb\",\"itemListElement\":[{\"@type\":\"ListItem\",\"position\":1,\"name\":\"In\u00edcio\",\"item\":\"https:\/\/psol50.org.br\/\"},{\"@type\":\"ListItem\",\"position\":2,\"name\":\"Ap\u00f3s tentativa do governo em fatiar proposta, vota\u00e7\u00e3o da reforma pol\u00edtica fica para esta quarta\"}]},{\"@type\":\"WebSite\",\"@id\":\"https:\/\/psol50.org.br\/#website\",\"url\":\"https:\/\/psol50.org.br\/\",\"name\":\"PSOL 50\",\"description\":\"Site oficial do Partido Socialismo e Liberdade\",\"publisher\":{\"@id\":\"https:\/\/psol50.org.br\/#organization\"},\"alternateName\":\"PSOL50\",\"potentialAction\":[{\"@type\":\"SearchAction\",\"target\":{\"@type\":\"EntryPoint\",\"urlTemplate\":\"https:\/\/psol50.org.br\/?s={search_term_string}\"},\"query-input\":{\"@type\":\"PropertyValueSpecification\",\"valueRequired\":true,\"valueName\":\"search_term_string\"}}],\"inLanguage\":\"pt-BR\"},{\"@type\":\"Organization\",\"@id\":\"https:\/\/psol50.org.br\/#organization\",\"name\":\"PSOL 50\",\"alternateName\":\"PSOL 50\",\"url\":\"https:\/\/psol50.org.br\/\",\"logo\":{\"@type\":\"ImageObject\",\"inLanguage\":\"pt-BR\",\"@id\":\"https:\/\/psol50.org.br\/#\/schema\/logo\/image\/\",\"url\":\"https:\/\/psol50.org.br\/inc\/uploads\/2018\/07\/capa.png\",\"contentUrl\":\"https:\/\/psol50.org.br\/inc\/uploads\/2018\/07\/capa.png\",\"width\":1350,\"height\":900,\"caption\":\"PSOL 50\"},\"image\":{\"@id\":\"https:\/\/psol50.org.br\/#\/schema\/logo\/image\/\"},\"sameAs\":[\"https:\/\/www.facebook.com\/psol50\",\"https:\/\/x.com\/psol50\",\"https:\/\/www.instagram.com\/psol50\/\",\"https:\/\/www.youtube.com\/channel\/UC7SnJS5o1os7a6CaiNabzcg\"]},{\"@type\":\"Person\",\"@id\":\"https:\/\/psol50.org.br\/#\/schema\/person\/475dfa57d0b815993c714c2e96491fcd\",\"name\":\"Comunica\u00e7\u00e3o PSOL\",\"image\":{\"@type\":\"ImageObject\",\"inLanguage\":\"pt-BR\",\"@id\":\"https:\/\/psol50.org.br\/#\/schema\/person\/image\/\",\"url\":\"https:\/\/secure.gravatar.com\/avatar\/b34fc4f4e468a4e51785917065a3db57b841f5c95dba6ad8c73aaf8f66f8f9bf?s=96&d=mm&r=g\",\"contentUrl\":\"https:\/\/secure.gravatar.com\/avatar\/b34fc4f4e468a4e51785917065a3db57b841f5c95dba6ad8c73aaf8f66f8f9bf?s=96&d=mm&r=g\",\"caption\":\"Comunica\u00e7\u00e3o PSOL\"}}]}<\/script>\n<!-- \/ Yoast SEO plugin. -->","yoast_head_json":{"title":"Ap\u00f3s tentativa do governo em fatiar proposta, vota\u00e7\u00e3o da reforma pol\u00edtica fica para esta quarta - PSOL 50","robots":{"index":"index","follow":"follow","max-snippet":"max-snippet:-1","max-image-preview":"max-image-preview:large","max-video-preview":"max-video-preview:-1"},"canonical":"https:\/\/psol50.org.br\/apos-tentativa-do-governo-em-fatiar-proposta-votacao-da-reforma-politica-fica-para-esta-quarta\/","og_locale":"pt_BR","og_type":"article","og_title":"Ap\u00f3s tentativa do governo em fatiar proposta, vota\u00e7\u00e3o da reforma pol\u00edtica fica para esta quarta - PSOL 50","og_description":"A vota\u00e7\u00e3o, em primeiro turno na C\u00e2mara dos Deputados, da PEC 77\/2003, que cria um fundo p\u00fablico para financiar campanhas eleitorais e muda o sistema de elei\u00e7\u00e3o de deputados e vereadores, foi adiada para esta quarta-feira (23\/08). A proposta chegou a ter o processo de an\u00e1lise iniciado no final da noite no plen\u00e1rio, mas uma [&hellip;]","og_url":"https:\/\/psol50.org.br\/apos-tentativa-do-governo-em-fatiar-proposta-votacao-da-reforma-politica-fica-para-esta-quarta\/","og_site_name":"PSOL 50","article_publisher":"https:\/\/www.facebook.com\/psol50","article_published_time":"2017-08-23T12:56:02+00:00","og_image":[{"width":1350,"height":900,"url":"https:\/\/psol50.org.br\/inc\/uploads\/2018\/07\/capa.png","type":"image\/png"}],"author":"Comunica\u00e7\u00e3o PSOL","twitter_card":"summary_large_image","twitter_creator":"@psol50","twitter_site":"@psol50","twitter_misc":{"Escrito por":"Comunica\u00e7\u00e3o PSOL","Est. tempo de leitura":"2 minutos"},"schema":{"@context":"https:\/\/schema.org","@graph":[{"@type":"Article","@id":"https:\/\/psol50.org.br\/apos-tentativa-do-governo-em-fatiar-proposta-votacao-da-reforma-politica-fica-para-esta-quarta\/#article","isPartOf":{"@id":"https:\/\/psol50.org.br\/apos-tentativa-do-governo-em-fatiar-proposta-votacao-da-reforma-politica-fica-para-esta-quarta\/"},"author":{"name":"Comunica\u00e7\u00e3o PSOL","@id":"https:\/\/psol50.org.br\/#\/schema\/person\/475dfa57d0b815993c714c2e96491fcd"},"headline":"Ap\u00f3s tentativa do governo em fatiar proposta, vota\u00e7\u00e3o da reforma pol\u00edtica fica para esta quarta","datePublished":"2017-08-23T12:56:02+00:00","mainEntityOfPage":{"@id":"https:\/\/psol50.org.br\/apos-tentativa-do-governo-em-fatiar-proposta-votacao-da-reforma-politica-fica-para-esta-quarta\/"},"wordCount":451,"commentCount":0,"publisher":{"@id":"https:\/\/psol50.org.br\/#organization"},"image":{"@id":"https:\/\/psol50.org.br\/apos-tentativa-do-governo-em-fatiar-proposta-votacao-da-reforma-politica-fica-para-esta-quarta\/#primaryimage"},"thumbnailUrl":"","keywords":["Chico Alencar","Diret\u00f3rio Nacional do PSOL","Distrit\u00e3o","Fundo Eleitoral","Glauber Braga","governo","Ivan Valente","Jean Wyllys","manobras","Marcelo Freixo","PEC 77\/2003","PSOL","Reforma Pol\u00edtica","Rodrigo Maia"],"articleSection":["A\u00e7\u00e3o Parlamentar","Brasil"],"inLanguage":"pt-BR","potentialAction":[{"@type":"CommentAction","name":"Comment","target":["https:\/\/psol50.org.br\/apos-tentativa-do-governo-em-fatiar-proposta-votacao-da-reforma-politica-fica-para-esta-quarta\/#respond"]}]},{"@type":"WebPage","@id":"https:\/\/psol50.org.br\/apos-tentativa-do-governo-em-fatiar-proposta-votacao-da-reforma-politica-fica-para-esta-quarta\/","url":"https:\/\/psol50.org.br\/apos-tentativa-do-governo-em-fatiar-proposta-votacao-da-reforma-politica-fica-para-esta-quarta\/","name":"Ap\u00f3s tentativa do governo em fatiar proposta, vota\u00e7\u00e3o da reforma pol\u00edtica fica para esta quarta - PSOL 50","isPartOf":{"@id":"https:\/\/psol50.org.br\/#website"},"primaryImageOfPage":{"@id":"https:\/\/psol50.org.br\/apos-tentativa-do-governo-em-fatiar-proposta-votacao-da-reforma-politica-fica-para-esta-quarta\/#primaryimage"},"image":{"@id":"https:\/\/psol50.org.br\/apos-tentativa-do-governo-em-fatiar-proposta-votacao-da-reforma-politica-fica-para-esta-quarta\/#primaryimage"},"thumbnailUrl":"","datePublished":"2017-08-23T12:56:02+00:00","breadcrumb":{"@id":"https:\/\/psol50.org.br\/apos-tentativa-do-governo-em-fatiar-proposta-votacao-da-reforma-politica-fica-para-esta-quarta\/#breadcrumb"},"inLanguage":"pt-BR","potentialAction":[{"@type":"ReadAction","target":["https:\/\/psol50.org.br\/apos-tentativa-do-governo-em-fatiar-proposta-votacao-da-reforma-politica-fica-para-esta-quarta\/"]}]},{"@type":"ImageObject","inLanguage":"pt-BR","@id":"https:\/\/psol50.org.br\/apos-tentativa-do-governo-em-fatiar-proposta-votacao-da-reforma-politica-fica-para-esta-quarta\/#primaryimage","url":"","contentUrl":""},{"@type":"BreadcrumbList","@id":"https:\/\/psol50.org.br\/apos-tentativa-do-governo-em-fatiar-proposta-votacao-da-reforma-politica-fica-para-esta-quarta\/#breadcrumb","itemListElement":[{"@type":"ListItem","position":1,"name":"In\u00edcio","item":"https:\/\/psol50.org.br\/"},{"@type":"ListItem","position":2,"name":"Ap\u00f3s tentativa do governo em fatiar proposta, vota\u00e7\u00e3o da reforma pol\u00edtica fica para esta quarta"}]},{"@type":"WebSite","@id":"https:\/\/psol50.org.br\/#website","url":"https:\/\/psol50.org.br\/","name":"PSOL 50","description":"Site oficial do Partido Socialismo e Liberdade","publisher":{"@id":"https:\/\/psol50.org.br\/#organization"},"alternateName":"PSOL50","potentialAction":[{"@type":"SearchAction","target":{"@type":"EntryPoint","urlTemplate":"https:\/\/psol50.org.br\/?s={search_term_string}"},"query-input":{"@type":"PropertyValueSpecification","valueRequired":true,"valueName":"search_term_string"}}],"inLanguage":"pt-BR"},{"@type":"Organization","@id":"https:\/\/psol50.org.br\/#organization","name":"PSOL 50","alternateName":"PSOL 50","url":"https:\/\/psol50.org.br\/","logo":{"@type":"ImageObject","inLanguage":"pt-BR","@id":"https:\/\/psol50.org.br\/#\/schema\/logo\/image\/","url":"https:\/\/psol50.org.br\/inc\/uploads\/2018\/07\/capa.png","contentUrl":"https:\/\/psol50.org.br\/inc\/uploads\/2018\/07\/capa.png","width":1350,"height":900,"caption":"PSOL 50"},"image":{"@id":"https:\/\/psol50.org.br\/#\/schema\/logo\/image\/"},"sameAs":["https:\/\/www.facebook.com\/psol50","https:\/\/x.com\/psol50","https:\/\/www.instagram.com\/psol50\/","https:\/\/www.youtube.com\/channel\/UC7SnJS5o1os7a6CaiNabzcg"]},{"@type":"Person","@id":"https:\/\/psol50.org.br\/#\/schema\/person\/475dfa57d0b815993c714c2e96491fcd","name":"Comunica\u00e7\u00e3o PSOL","image":{"@type":"ImageObject","inLanguage":"pt-BR","@id":"https:\/\/psol50.org.br\/#\/schema\/person\/image\/","url":"https:\/\/secure.gravatar.com\/avatar\/b34fc4f4e468a4e51785917065a3db57b841f5c95dba6ad8c73aaf8f66f8f9bf?s=96&d=mm&r=g","contentUrl":"https:\/\/secure.gravatar.com\/avatar\/b34fc4f4e468a4e51785917065a3db57b841f5c95dba6ad8c73aaf8f66f8f9bf?s=96&d=mm&r=g","caption":"Comunica\u00e7\u00e3o PSOL"}}]}},"_links":{"self":[{"href":"https:\/\/psol50.org.br\/rest\/wp\/v2\/posts\/17692","targetHints":{"allow":["GET"]}}],"collection":[{"href":"https:\/\/psol50.org.br\/rest\/wp\/v2\/posts"}],"about":[{"href":"https:\/\/psol50.org.br\/rest\/wp\/v2\/types\/post"}],"author":[{"embeddable":true,"href":"https:\/\/psol50.org.br\/rest\/wp\/v2\/users\/2"}],"replies":[{"embeddable":true,"href":"https:\/\/psol50.org.br\/rest\/wp\/v2\/comments?post=17692"}],"version-history":[{"count":0,"href":"https:\/\/psol50.org.br\/rest\/wp\/v2\/posts\/17692\/revisions"}],"wp:featuredmedia":[{"embeddable":true,"href":"https:\/\/psol50.org.br\/rest\/"}],"wp:attachment":[{"href":"https:\/\/psol50.org.br\/rest\/wp\/v2\/media?parent=17692"}],"wp:term":[{"taxonomy":"category","embeddable":true,"href":"https:\/\/psol50.org.br\/rest\/wp\/v2\/categories?post=17692"},{"taxonomy":"post_tag","embeddable":true,"href":"https:\/\/psol50.org.br\/rest\/wp\/v2\/tags?post=17692"}],"curies":[{"name":"wp","href":"https:\/\/api.w.org\/{rel}","templated":true}]}}