{"id":1770,"date":"2012-04-24T00:00:00","date_gmt":"2012-04-24T00:00:00","guid":{"rendered":"http:\/\/psol50.org.br\/arquivo\/2012\/04\/24\/direito-a-moradia-audiencia-publica-reivindica-retomada-imediata-das-obras-do-pac-no-para\/"},"modified":"2012-04-24T00:00:00","modified_gmt":"2012-04-24T00:00:00","slug":"direito-a-moradia-audiencia-publica-reivindica-retomada-imediata-das-obras-do-pac-no-para","status":"publish","type":"post","link":"https:\/\/psol50.org.br\/direito-a-moradia-audiencia-publica-reivindica-retomada-imediata-das-obras-do-pac-no-para\/","title":{"rendered":"Direito \u00e0 Moradia: Audi\u00eancia p\u00fablica reivindica retomada imediata das obras do PAC no Par\u00e1"},"content":{"rendered":"<p style=\"text-align: justify\"><a href=\"http:\/\/psol50.org.br\/blog\/2012\/04\/24\/direito-a-moradia-audiencia-publica-reivindica-retomada-imediata-das-obras-do-pac-no-para\/edmilson_direitomoradia\/\" rel=\"attachment wp-att-15213\"><img loading=\"lazy\" decoding=\"async\" class=\"alignright size-full wp-image-15213\" src=\"http:\/\/psol50.org.br\/files\/2012\/04\/Edmilson_DireitoMoradia.jpg\" alt=\"\" width=\"320\" height=\"240\" \/><\/a>Moradores das comunidades do Riacho Doce, Pantanal e Guam\u00e1 participaram na \u00faltima segunda-feira, 23, de uma audi\u00eancia p\u00fablica para reivindicar a retomada das obras do PAC. Durante o encontro, que aconteceu na escola \u00c9dson Lu\u00eds, na rua Bar\u00e3o de Igarap\u00e9 Miri, no Guam\u00e1, muitos foram os relatos de revolta pelo abandono em que se encontram aquelas comunidades. Al\u00e9m da paralisa\u00e7\u00e3o das obras, que j\u00e1 se arrastam h\u00e1 mais de dez anos, os moradores que foram retirados de suas casas para que as obras fossem realizadas, reclamaram do baixo valor do aux\u00edlio-moradia que recebem para pagar aluguel e tamb\u00e9m do fato de ainda n\u00e3o terem recebido seus apartamentos, previstos no projeto. Das cerca de 400 pessoas retiradas de suas casas, apenas 32 receberam seus apartamentos, constru\u00eddos na \u00e1rea de abrang\u00eancia das obras.<\/p>\n<p style=\"text-align: justify\">Sempre atento a luta do povo, o deputado estadual Edmilson Rodrigues (PSol) lembrou que as obras naquelas comunidades iniciaram na \u00e9poca do Governo do Povo, quando ele estava a frente da Prefeitura de Bel\u00e9m. &#8220;Fizemos um esfor\u00e7o muito grande para que essas obras fossem executadas e, agora vemos, que elas foram abandonadas e o povo continua sofrendo com as p\u00e9ssimas condi\u00e7\u00f5es de vida. Isso \u00e9 revoltante e por isso solicitei uma sess\u00e3o especial, no ano passado, na Assembleia Legislativa para discutir essa situa\u00e7\u00e3o e que resultou, entre outras coisas, na mobiliza\u00e7\u00e3o do povo e na realiza\u00e7\u00e3o dessa audi\u00eancia, que exige a retomada imediata das obras&#8221;, destacou Edmilson, parabenizando o povo pela luta por moradia e dignidade.<\/p>\n<div style=\"text-align: justify\"><a href=\"http:\/\/1.bp.blogspot.com\/-0YECzIjPhro\/T5cXjxP_fRI\/AAAAAAAAGqI\/5rD9nLUefus\/s1600\/ed4.JPG\"><img loading=\"lazy\" decoding=\"async\" class=\"aligncenter\" src=\"http:\/\/1.bp.blogspot.com\/-0YECzIjPhro\/T5cXjxP_fRI\/AAAAAAAAGqI\/5rD9nLUefus\/s320\/ed4.JPG\" alt=\"\" width=\"320\" height=\"240\" border=\"0\" \/><\/a><\/div>\n<p style=\"text-align: justify\">A representante da Cohab, No\u00eamia Jacob compareceu \u00e0 audi\u00eancia p\u00fablica e garantiu aos cerca de 500 moradores que participaram do evento que as obras, que agora est\u00e3o sendo coordenadas pelo governo do Estado, ser\u00e3o retomadas no dia 15\/05. De acordo com No\u00eamia, as construtoras respons\u00e1veis pelas obras j\u00e1 foram pagas e as obras ser\u00e3o retomadas e conclu\u00eddas. De acordo com lideran\u00e7as comunit\u00e1rias das \u00e1reas, ainda faltam cerca de 70% das obras f\u00edsicas e sociais previstas no projeto.<\/p>\n<p style=\"text-align: justify\">Fotos e Texto: Assessoria de Imprensa do Mandato<\/p>\n","protected":false},"excerpt":{"rendered":"<p>Moradores das comunidades do Riacho Doce, Pantanal e Guam\u00e1 participaram na \u00faltima segunda-feira, 23, de uma audi\u00eancia p\u00fablica para reivindicar a retomada das obras do PAC. Durante o encontro, que aconteceu na escola \u00c9dson Lu\u00eds, na rua Bar\u00e3o de Igarap\u00e9 Miri, no Guam\u00e1, muitos foram os relatos de revolta pelo abandono em que se encontram [&hellip;]<\/p>\n","protected":false},"author":2,"featured_media":0,"comment_status":"open","ping_status":"open","sticky":false,"template":"","format":"standard","meta":{"_acf_changed":false,"footnotes":""},"categories":[4766],"tags":[],"class_list":{"0":"post-1770","1":"post","2":"type-post","3":"status-publish","4":"format-standard","6":"category-arquivo"},"acf":[],"yoast_head":"<!-- This site is optimized with the Yoast SEO plugin v26.5 - https:\/\/yoast.com\/wordpress\/plugins\/seo\/ -->\n<title>Direito \u00e0 Moradia: Audi\u00eancia p\u00fablica reivindica retomada imediata das obras do PAC no Par\u00e1 - PSOL 50<\/title>\n<meta name=\"robots\" content=\"index, follow, max-snippet:-1, max-image-preview:large, max-video-preview:-1\" \/>\n<link rel=\"canonical\" href=\"https:\/\/psol50.org.br\/direito-a-moradia-audiencia-publica-reivindica-retomada-imediata-das-obras-do-pac-no-para\/\" \/>\n<meta property=\"og:locale\" content=\"pt_BR\" \/>\n<meta property=\"og:type\" content=\"article\" \/>\n<meta property=\"og:title\" content=\"Direito \u00e0 Moradia: Audi\u00eancia p\u00fablica reivindica retomada imediata das obras do PAC no Par\u00e1 - PSOL 50\" \/>\n<meta property=\"og:description\" content=\"Moradores das comunidades do Riacho Doce, Pantanal e Guam\u00e1 participaram na \u00faltima segunda-feira, 23, de uma audi\u00eancia p\u00fablica para reivindicar a retomada das obras do PAC. Durante o encontro, que aconteceu na escola \u00c9dson Lu\u00eds, na rua Bar\u00e3o de Igarap\u00e9 Miri, no Guam\u00e1, muitos foram os relatos de revolta pelo abandono em que se encontram [&hellip;]\" \/>\n<meta property=\"og:url\" content=\"https:\/\/psol50.org.br\/direito-a-moradia-audiencia-publica-reivindica-retomada-imediata-das-obras-do-pac-no-para\/\" \/>\n<meta property=\"og:site_name\" content=\"PSOL 50\" \/>\n<meta property=\"article:publisher\" content=\"https:\/\/www.facebook.com\/psol50\" \/>\n<meta property=\"article:published_time\" content=\"2012-04-24T00:00:00+00:00\" \/>\n<meta property=\"og:image\" content=\"http:\/\/psol50.org.br\/files\/2012\/04\/Edmilson_DireitoMoradia.jpg\" \/>\n<meta name=\"author\" content=\"Comunica\u00e7\u00e3o PSOL\" \/>\n<meta name=\"twitter:card\" content=\"summary_large_image\" \/>\n<meta name=\"twitter:creator\" content=\"@psol50\" \/>\n<meta name=\"twitter:site\" content=\"@psol50\" \/>\n<meta name=\"twitter:label1\" content=\"Escrito por\" \/>\n\t<meta name=\"twitter:data1\" content=\"Comunica\u00e7\u00e3o PSOL\" \/>\n\t<meta name=\"twitter:label2\" content=\"Est. tempo de leitura\" \/>\n\t<meta name=\"twitter:data2\" content=\"2 minutos\" \/>\n<script type=\"application\/ld+json\" class=\"yoast-schema-graph\">{\"@context\":\"https:\/\/schema.org\",\"@graph\":[{\"@type\":\"Article\",\"@id\":\"https:\/\/psol50.org.br\/direito-a-moradia-audiencia-publica-reivindica-retomada-imediata-das-obras-do-pac-no-para\/#article\",\"isPartOf\":{\"@id\":\"https:\/\/psol50.org.br\/direito-a-moradia-audiencia-publica-reivindica-retomada-imediata-das-obras-do-pac-no-para\/\"},\"author\":{\"name\":\"Comunica\u00e7\u00e3o PSOL\",\"@id\":\"https:\/\/psol50.org.br\/#\/schema\/person\/475dfa57d0b815993c714c2e96491fcd\"},\"headline\":\"Direito \u00e0 Moradia: Audi\u00eancia p\u00fablica reivindica retomada imediata das obras do PAC no Par\u00e1\",\"datePublished\":\"2012-04-24T00:00:00+00:00\",\"mainEntityOfPage\":{\"@id\":\"https:\/\/psol50.org.br\/direito-a-moradia-audiencia-publica-reivindica-retomada-imediata-das-obras-do-pac-no-para\/\"},\"wordCount\":371,\"commentCount\":0,\"publisher\":{\"@id\":\"https:\/\/psol50.org.br\/#organization\"},\"image\":{\"@id\":\"https:\/\/psol50.org.br\/direito-a-moradia-audiencia-publica-reivindica-retomada-imediata-das-obras-do-pac-no-para\/#primaryimage\"},\"thumbnailUrl\":\"http:\/\/psol50.org.br\/files\/2012\/04\/Edmilson_DireitoMoradia.jpg\",\"articleSection\":[\"Arquivo\"],\"inLanguage\":\"pt-BR\",\"potentialAction\":[{\"@type\":\"CommentAction\",\"name\":\"Comment\",\"target\":[\"https:\/\/psol50.org.br\/direito-a-moradia-audiencia-publica-reivindica-retomada-imediata-das-obras-do-pac-no-para\/#respond\"]}]},{\"@type\":\"WebPage\",\"@id\":\"https:\/\/psol50.org.br\/direito-a-moradia-audiencia-publica-reivindica-retomada-imediata-das-obras-do-pac-no-para\/\",\"url\":\"https:\/\/psol50.org.br\/direito-a-moradia-audiencia-publica-reivindica-retomada-imediata-das-obras-do-pac-no-para\/\",\"name\":\"Direito \u00e0 Moradia: Audi\u00eancia p\u00fablica reivindica retomada imediata das obras do PAC no Par\u00e1 - PSOL 50\",\"isPartOf\":{\"@id\":\"https:\/\/psol50.org.br\/#website\"},\"primaryImageOfPage\":{\"@id\":\"https:\/\/psol50.org.br\/direito-a-moradia-audiencia-publica-reivindica-retomada-imediata-das-obras-do-pac-no-para\/#primaryimage\"},\"image\":{\"@id\":\"https:\/\/psol50.org.br\/direito-a-moradia-audiencia-publica-reivindica-retomada-imediata-das-obras-do-pac-no-para\/#primaryimage\"},\"thumbnailUrl\":\"http:\/\/psol50.org.br\/files\/2012\/04\/Edmilson_DireitoMoradia.jpg\",\"datePublished\":\"2012-04-24T00:00:00+00:00\",\"breadcrumb\":{\"@id\":\"https:\/\/psol50.org.br\/direito-a-moradia-audiencia-publica-reivindica-retomada-imediata-das-obras-do-pac-no-para\/#breadcrumb\"},\"inLanguage\":\"pt-BR\",\"potentialAction\":[{\"@type\":\"ReadAction\",\"target\":[\"https:\/\/psol50.org.br\/direito-a-moradia-audiencia-publica-reivindica-retomada-imediata-das-obras-do-pac-no-para\/\"]}]},{\"@type\":\"ImageObject\",\"inLanguage\":\"pt-BR\",\"@id\":\"https:\/\/psol50.org.br\/direito-a-moradia-audiencia-publica-reivindica-retomada-imediata-das-obras-do-pac-no-para\/#primaryimage\",\"url\":\"http:\/\/psol50.org.br\/files\/2012\/04\/Edmilson_DireitoMoradia.jpg\",\"contentUrl\":\"http:\/\/psol50.org.br\/files\/2012\/04\/Edmilson_DireitoMoradia.jpg\"},{\"@type\":\"BreadcrumbList\",\"@id\":\"https:\/\/psol50.org.br\/direito-a-moradia-audiencia-publica-reivindica-retomada-imediata-das-obras-do-pac-no-para\/#breadcrumb\",\"itemListElement\":[{\"@type\":\"ListItem\",\"position\":1,\"name\":\"In\u00edcio\",\"item\":\"https:\/\/psol50.org.br\/\"},{\"@type\":\"ListItem\",\"position\":2,\"name\":\"Direito \u00e0 Moradia: Audi\u00eancia p\u00fablica reivindica retomada imediata das obras do PAC no Par\u00e1\"}]},{\"@type\":\"WebSite\",\"@id\":\"https:\/\/psol50.org.br\/#website\",\"url\":\"https:\/\/psol50.org.br\/\",\"name\":\"PSOL 50\",\"description\":\"Site oficial do Partido Socialismo e Liberdade\",\"publisher\":{\"@id\":\"https:\/\/psol50.org.br\/#organization\"},\"alternateName\":\"PSOL50\",\"potentialAction\":[{\"@type\":\"SearchAction\",\"target\":{\"@type\":\"EntryPoint\",\"urlTemplate\":\"https:\/\/psol50.org.br\/?s={search_term_string}\"},\"query-input\":{\"@type\":\"PropertyValueSpecification\",\"valueRequired\":true,\"valueName\":\"search_term_string\"}}],\"inLanguage\":\"pt-BR\"},{\"@type\":\"Organization\",\"@id\":\"https:\/\/psol50.org.br\/#organization\",\"name\":\"PSOL 50\",\"alternateName\":\"PSOL 50\",\"url\":\"https:\/\/psol50.org.br\/\",\"logo\":{\"@type\":\"ImageObject\",\"inLanguage\":\"pt-BR\",\"@id\":\"https:\/\/psol50.org.br\/#\/schema\/logo\/image\/\",\"url\":\"https:\/\/psol50.org.br\/inc\/uploads\/2018\/07\/capa.png\",\"contentUrl\":\"https:\/\/psol50.org.br\/inc\/uploads\/2018\/07\/capa.png\",\"width\":1350,\"height\":900,\"caption\":\"PSOL 50\"},\"image\":{\"@id\":\"https:\/\/psol50.org.br\/#\/schema\/logo\/image\/\"},\"sameAs\":[\"https:\/\/www.facebook.com\/psol50\",\"https:\/\/x.com\/psol50\",\"https:\/\/www.instagram.com\/psol50\/\",\"https:\/\/www.youtube.com\/channel\/UC7SnJS5o1os7a6CaiNabzcg\"]},{\"@type\":\"Person\",\"@id\":\"https:\/\/psol50.org.br\/#\/schema\/person\/475dfa57d0b815993c714c2e96491fcd\",\"name\":\"Comunica\u00e7\u00e3o PSOL\",\"image\":{\"@type\":\"ImageObject\",\"inLanguage\":\"pt-BR\",\"@id\":\"https:\/\/psol50.org.br\/#\/schema\/person\/image\/\",\"url\":\"https:\/\/secure.gravatar.com\/avatar\/b34fc4f4e468a4e51785917065a3db57b841f5c95dba6ad8c73aaf8f66f8f9bf?s=96&d=mm&r=g\",\"contentUrl\":\"https:\/\/secure.gravatar.com\/avatar\/b34fc4f4e468a4e51785917065a3db57b841f5c95dba6ad8c73aaf8f66f8f9bf?s=96&d=mm&r=g\",\"caption\":\"Comunica\u00e7\u00e3o PSOL\"}}]}<\/script>\n<!-- \/ Yoast SEO plugin. -->","yoast_head_json":{"title":"Direito \u00e0 Moradia: Audi\u00eancia p\u00fablica reivindica retomada imediata das obras do PAC no Par\u00e1 - PSOL 50","robots":{"index":"index","follow":"follow","max-snippet":"max-snippet:-1","max-image-preview":"max-image-preview:large","max-video-preview":"max-video-preview:-1"},"canonical":"https:\/\/psol50.org.br\/direito-a-moradia-audiencia-publica-reivindica-retomada-imediata-das-obras-do-pac-no-para\/","og_locale":"pt_BR","og_type":"article","og_title":"Direito \u00e0 Moradia: Audi\u00eancia p\u00fablica reivindica retomada imediata das obras do PAC no Par\u00e1 - PSOL 50","og_description":"Moradores das comunidades do Riacho Doce, Pantanal e Guam\u00e1 participaram na \u00faltima segunda-feira, 23, de uma audi\u00eancia p\u00fablica para reivindicar a retomada das obras do PAC. Durante o encontro, que aconteceu na escola \u00c9dson Lu\u00eds, na rua Bar\u00e3o de Igarap\u00e9 Miri, no Guam\u00e1, muitos foram os relatos de revolta pelo abandono em que se encontram [&hellip;]","og_url":"https:\/\/psol50.org.br\/direito-a-moradia-audiencia-publica-reivindica-retomada-imediata-das-obras-do-pac-no-para\/","og_site_name":"PSOL 50","article_publisher":"https:\/\/www.facebook.com\/psol50","article_published_time":"2012-04-24T00:00:00+00:00","og_image":[{"url":"http:\/\/psol50.org.br\/files\/2012\/04\/Edmilson_DireitoMoradia.jpg","type":"","width":"","height":""}],"author":"Comunica\u00e7\u00e3o PSOL","twitter_card":"summary_large_image","twitter_creator":"@psol50","twitter_site":"@psol50","twitter_misc":{"Escrito por":"Comunica\u00e7\u00e3o PSOL","Est. tempo de leitura":"2 minutos"},"schema":{"@context":"https:\/\/schema.org","@graph":[{"@type":"Article","@id":"https:\/\/psol50.org.br\/direito-a-moradia-audiencia-publica-reivindica-retomada-imediata-das-obras-do-pac-no-para\/#article","isPartOf":{"@id":"https:\/\/psol50.org.br\/direito-a-moradia-audiencia-publica-reivindica-retomada-imediata-das-obras-do-pac-no-para\/"},"author":{"name":"Comunica\u00e7\u00e3o PSOL","@id":"https:\/\/psol50.org.br\/#\/schema\/person\/475dfa57d0b815993c714c2e96491fcd"},"headline":"Direito \u00e0 Moradia: Audi\u00eancia p\u00fablica reivindica retomada imediata das obras do PAC no Par\u00e1","datePublished":"2012-04-24T00:00:00+00:00","mainEntityOfPage":{"@id":"https:\/\/psol50.org.br\/direito-a-moradia-audiencia-publica-reivindica-retomada-imediata-das-obras-do-pac-no-para\/"},"wordCount":371,"commentCount":0,"publisher":{"@id":"https:\/\/psol50.org.br\/#organization"},"image":{"@id":"https:\/\/psol50.org.br\/direito-a-moradia-audiencia-publica-reivindica-retomada-imediata-das-obras-do-pac-no-para\/#primaryimage"},"thumbnailUrl":"http:\/\/psol50.org.br\/files\/2012\/04\/Edmilson_DireitoMoradia.jpg","articleSection":["Arquivo"],"inLanguage":"pt-BR","potentialAction":[{"@type":"CommentAction","name":"Comment","target":["https:\/\/psol50.org.br\/direito-a-moradia-audiencia-publica-reivindica-retomada-imediata-das-obras-do-pac-no-para\/#respond"]}]},{"@type":"WebPage","@id":"https:\/\/psol50.org.br\/direito-a-moradia-audiencia-publica-reivindica-retomada-imediata-das-obras-do-pac-no-para\/","url":"https:\/\/psol50.org.br\/direito-a-moradia-audiencia-publica-reivindica-retomada-imediata-das-obras-do-pac-no-para\/","name":"Direito \u00e0 Moradia: Audi\u00eancia p\u00fablica reivindica retomada imediata das obras do PAC no Par\u00e1 - PSOL 50","isPartOf":{"@id":"https:\/\/psol50.org.br\/#website"},"primaryImageOfPage":{"@id":"https:\/\/psol50.org.br\/direito-a-moradia-audiencia-publica-reivindica-retomada-imediata-das-obras-do-pac-no-para\/#primaryimage"},"image":{"@id":"https:\/\/psol50.org.br\/direito-a-moradia-audiencia-publica-reivindica-retomada-imediata-das-obras-do-pac-no-para\/#primaryimage"},"thumbnailUrl":"http:\/\/psol50.org.br\/files\/2012\/04\/Edmilson_DireitoMoradia.jpg","datePublished":"2012-04-24T00:00:00+00:00","breadcrumb":{"@id":"https:\/\/psol50.org.br\/direito-a-moradia-audiencia-publica-reivindica-retomada-imediata-das-obras-do-pac-no-para\/#breadcrumb"},"inLanguage":"pt-BR","potentialAction":[{"@type":"ReadAction","target":["https:\/\/psol50.org.br\/direito-a-moradia-audiencia-publica-reivindica-retomada-imediata-das-obras-do-pac-no-para\/"]}]},{"@type":"ImageObject","inLanguage":"pt-BR","@id":"https:\/\/psol50.org.br\/direito-a-moradia-audiencia-publica-reivindica-retomada-imediata-das-obras-do-pac-no-para\/#primaryimage","url":"http:\/\/psol50.org.br\/files\/2012\/04\/Edmilson_DireitoMoradia.jpg","contentUrl":"http:\/\/psol50.org.br\/files\/2012\/04\/Edmilson_DireitoMoradia.jpg"},{"@type":"BreadcrumbList","@id":"https:\/\/psol50.org.br\/direito-a-moradia-audiencia-publica-reivindica-retomada-imediata-das-obras-do-pac-no-para\/#breadcrumb","itemListElement":[{"@type":"ListItem","position":1,"name":"In\u00edcio","item":"https:\/\/psol50.org.br\/"},{"@type":"ListItem","position":2,"name":"Direito \u00e0 Moradia: Audi\u00eancia p\u00fablica reivindica retomada imediata das obras do PAC no Par\u00e1"}]},{"@type":"WebSite","@id":"https:\/\/psol50.org.br\/#website","url":"https:\/\/psol50.org.br\/","name":"PSOL 50","description":"Site oficial do Partido Socialismo e Liberdade","publisher":{"@id":"https:\/\/psol50.org.br\/#organization"},"alternateName":"PSOL50","potentialAction":[{"@type":"SearchAction","target":{"@type":"EntryPoint","urlTemplate":"https:\/\/psol50.org.br\/?s={search_term_string}"},"query-input":{"@type":"PropertyValueSpecification","valueRequired":true,"valueName":"search_term_string"}}],"inLanguage":"pt-BR"},{"@type":"Organization","@id":"https:\/\/psol50.org.br\/#organization","name":"PSOL 50","alternateName":"PSOL 50","url":"https:\/\/psol50.org.br\/","logo":{"@type":"ImageObject","inLanguage":"pt-BR","@id":"https:\/\/psol50.org.br\/#\/schema\/logo\/image\/","url":"https:\/\/psol50.org.br\/inc\/uploads\/2018\/07\/capa.png","contentUrl":"https:\/\/psol50.org.br\/inc\/uploads\/2018\/07\/capa.png","width":1350,"height":900,"caption":"PSOL 50"},"image":{"@id":"https:\/\/psol50.org.br\/#\/schema\/logo\/image\/"},"sameAs":["https:\/\/www.facebook.com\/psol50","https:\/\/x.com\/psol50","https:\/\/www.instagram.com\/psol50\/","https:\/\/www.youtube.com\/channel\/UC7SnJS5o1os7a6CaiNabzcg"]},{"@type":"Person","@id":"https:\/\/psol50.org.br\/#\/schema\/person\/475dfa57d0b815993c714c2e96491fcd","name":"Comunica\u00e7\u00e3o PSOL","image":{"@type":"ImageObject","inLanguage":"pt-BR","@id":"https:\/\/psol50.org.br\/#\/schema\/person\/image\/","url":"https:\/\/secure.gravatar.com\/avatar\/b34fc4f4e468a4e51785917065a3db57b841f5c95dba6ad8c73aaf8f66f8f9bf?s=96&d=mm&r=g","contentUrl":"https:\/\/secure.gravatar.com\/avatar\/b34fc4f4e468a4e51785917065a3db57b841f5c95dba6ad8c73aaf8f66f8f9bf?s=96&d=mm&r=g","caption":"Comunica\u00e7\u00e3o PSOL"}}]}},"_links":{"self":[{"href":"https:\/\/psol50.org.br\/rest\/wp\/v2\/posts\/1770","targetHints":{"allow":["GET"]}}],"collection":[{"href":"https:\/\/psol50.org.br\/rest\/wp\/v2\/posts"}],"about":[{"href":"https:\/\/psol50.org.br\/rest\/wp\/v2\/types\/post"}],"author":[{"embeddable":true,"href":"https:\/\/psol50.org.br\/rest\/wp\/v2\/users\/2"}],"replies":[{"embeddable":true,"href":"https:\/\/psol50.org.br\/rest\/wp\/v2\/comments?post=1770"}],"version-history":[{"count":0,"href":"https:\/\/psol50.org.br\/rest\/wp\/v2\/posts\/1770\/revisions"}],"wp:attachment":[{"href":"https:\/\/psol50.org.br\/rest\/wp\/v2\/media?parent=1770"}],"wp:term":[{"taxonomy":"category","embeddable":true,"href":"https:\/\/psol50.org.br\/rest\/wp\/v2\/categories?post=1770"},{"taxonomy":"post_tag","embeddable":true,"href":"https:\/\/psol50.org.br\/rest\/wp\/v2\/tags?post=1770"}],"curies":[{"name":"wp","href":"https:\/\/api.w.org\/{rel}","templated":true}]}}