{"id":17707,"date":"2017-08-24T12:45:02","date_gmt":"2017-08-24T15:45:02","guid":{"rendered":"http:\/\/www.psol50.org.br\/?p=17707"},"modified":"2017-08-24T12:45:02","modified_gmt":"2017-08-24T15:45:02","slug":"lider-do-psol-comenta-manobra-do-governo-para-tentar-votar-reforma-politica-que-continua-sem-acordo","status":"publish","type":"post","link":"https:\/\/psol50.org.br\/lider-do-psol-comenta-manobra-do-governo-para-tentar-votar-reforma-politica-que-continua-sem-acordo\/","title":{"rendered":"L\u00edder do PSOL comenta manobra do governo para tentar votar reforma pol\u00edtica, que continua sem acordo"},"content":{"rendered":"<p>A sess\u00e3o do plen\u00e1rio da C\u00e2mara desta quarta-feira (23\/08), que come\u00e7ou a votar a PEC 77\/2003, referente \u00e0 reforma pol\u00edtica, foi encerrada sem a aprecia\u00e7\u00e3o do texto base, que inclui temas como o &#8220;distrit\u00e3o&#8221; e o Fundo Eleitoral de 3,6 bilh\u00f5es. Em mais uma manobra realizada pela base aliada do governo de Michel Temer, sob a lideran\u00e7a de Rodrigo Maia (DEM-RJ), presidente da Casa, os deputados votaram apenas os destaques sobre o projeto, aprovando, por exemplo, a retirada da destina\u00e7\u00e3o de 0,5% da receita corrente l\u00edquida para o &#8220;Fund\u00e3o&#8221;. O valor deve ser definido em outra vota\u00e7\u00e3o.<\/p>\n<p>A tentativa da base do governo era votar a proposta de forma fatiada, uma vez que n\u00e3o h\u00e1 ainda acordo para votar o texto completo. Assim, ele garantiria pelo menos a vota\u00e7\u00e3o do Fundo e do sistema majorit\u00e1rio nas elei\u00e7\u00f5es proporcionais (o distrit\u00e3o e o distrital misto). A sess\u00e3o foi encerrada por iniciativa do pr\u00f3prio Rodrigo Maia, que provavelmente fez o c\u00e1lculo de que n\u00e3o possuem votos suficientes para aprovar o texto base da PEC por inteiro.\u00a0A C\u00e2mara deve voltar a debater os temas na pr\u00f3xima semana.<\/p>\n<p>O l\u00edder do PSOL, deputado Glauber Braga (RJ), criticou, mais uma vez, a tentativa desesperada do governo em querer aprovar o texto a qualquer custo, mesmo sem acordo entre os pr\u00f3prios integrantes da base aliada. &#8220;Pelo menos hoje a gente fica com o sentimento de que a aprova\u00e7\u00e3o do distrit\u00e3o ficou muito mais longe de acontecer do que eles esperavam, do que eles imaginavam. Agora, a gente precisa ficar atento. V\u00e3o tentar colocar na semana que vem, rearticular as suas bases&#8221;.<\/p>\n<p>https:\/\/www.facebook.com\/glauber.braga1\/videos\/861303057360050\/<\/p>\n<p>Ao longo do dia, a comunica\u00e7\u00e3o do PSOL acompanhou a sess\u00e3o, dando total cobertura aos fatos. Mais detalhes, s\u00e3o conferidas no Twitter do partido: <a href=\"https:\/\/twitter.com\/PSOLOficial\" target=\"_blank\" rel=\"noopener\"><strong><span style=\"color: #0000ff;\">@Psoloficial<\/span><\/strong><\/a>.<\/p>\n<p><iframe loading=\"lazy\" style=\"border: none; overflow: hidden;\" src=\"https:\/\/www.facebook.com\/plugins\/post.php?href=https%3A%2F%2Fwww.facebook.com%2Fpsol50oficial%2Fposts%2F756064907888479&amp;width=500\" width=\"500\" height=\"563\" frameborder=\"0\" scrolling=\"no\"><\/iframe><\/p>\n","protected":false},"excerpt":{"rendered":"<p>A sess\u00e3o do plen\u00e1rio da C\u00e2mara desta quarta-feira (23\/08), que come\u00e7ou a votar a PEC 77\/2003, referente \u00e0 reforma pol\u00edtica, foi encerrada sem a aprecia\u00e7\u00e3o do texto base, que inclui temas como o &#8220;distrit\u00e3o&#8221; e o Fundo Eleitoral de 3,6 bilh\u00f5es. Em mais uma manobra realizada pela base aliada do governo de Michel Temer, sob [&hellip;]<\/p>\n","protected":false},"author":2,"featured_media":17784,"comment_status":"open","ping_status":"open","sticky":false,"template":"","format":"standard","meta":{"_acf_changed":false,"footnotes":""},"categories":[10,1882,6],"tags":[3442,1023,1191,387,3501,1748,22,3046,64],"class_list":{"0":"post-17707","1":"post","2":"type-post","3":"status-publish","4":"format-standard","5":"has-post-thumbnail","7":"category-acao-parlamentares","8":"category-brasil","9":"category-noticias","10":"tag-distritao","11":"tag-fundo-eleitoral","12":"tag-glauber-braga","13":"tag-governo","14":"tag-manobras","15":"tag-michel-temer","16":"tag-psol","17":"tag-reforma-politica","18":"tag-rodrigo-maia"},"acf":[],"yoast_head":"<!-- This site is optimized with the Yoast SEO plugin v26.5 - https:\/\/yoast.com\/wordpress\/plugins\/seo\/ -->\n<title>L\u00edder do PSOL comenta manobra do governo para tentar votar reforma pol\u00edtica, que continua sem acordo - PSOL 50<\/title>\n<meta name=\"robots\" content=\"index, follow, max-snippet:-1, max-image-preview:large, max-video-preview:-1\" \/>\n<link rel=\"canonical\" href=\"https:\/\/psol50.org.br\/lider-do-psol-comenta-manobra-do-governo-para-tentar-votar-reforma-politica-que-continua-sem-acordo\/\" \/>\n<meta property=\"og:locale\" content=\"pt_BR\" \/>\n<meta property=\"og:type\" content=\"article\" \/>\n<meta property=\"og:title\" content=\"L\u00edder do PSOL comenta manobra do governo para tentar votar reforma pol\u00edtica, que continua sem acordo - PSOL 50\" \/>\n<meta property=\"og:description\" content=\"A sess\u00e3o do plen\u00e1rio da C\u00e2mara desta quarta-feira (23\/08), que come\u00e7ou a votar a PEC 77\/2003, referente \u00e0 reforma pol\u00edtica, foi encerrada sem a aprecia\u00e7\u00e3o do texto base, que inclui temas como o &#8220;distrit\u00e3o&#8221; e o Fundo Eleitoral de 3,6 bilh\u00f5es. Em mais uma manobra realizada pela base aliada do governo de Michel Temer, sob [&hellip;]\" \/>\n<meta property=\"og:url\" content=\"https:\/\/psol50.org.br\/lider-do-psol-comenta-manobra-do-governo-para-tentar-votar-reforma-politica-que-continua-sem-acordo\/\" \/>\n<meta property=\"og:site_name\" content=\"PSOL 50\" \/>\n<meta property=\"article:publisher\" content=\"https:\/\/www.facebook.com\/psol50\" \/>\n<meta property=\"article:published_time\" content=\"2017-08-24T15:45:02+00:00\" \/>\n<meta property=\"og:image\" content=\"https:\/\/psol50.org.br\/inc\/uploads\/2018\/07\/capa.png\" \/>\n\t<meta property=\"og:image:width\" content=\"1350\" \/>\n\t<meta property=\"og:image:height\" content=\"900\" \/>\n\t<meta property=\"og:image:type\" content=\"image\/png\" \/>\n<meta name=\"author\" content=\"Comunica\u00e7\u00e3o PSOL\" \/>\n<meta name=\"twitter:card\" content=\"summary_large_image\" \/>\n<meta name=\"twitter:creator\" content=\"@psol50\" \/>\n<meta name=\"twitter:site\" content=\"@psol50\" \/>\n<meta name=\"twitter:label1\" content=\"Escrito por\" \/>\n\t<meta name=\"twitter:data1\" content=\"Comunica\u00e7\u00e3o PSOL\" \/>\n\t<meta name=\"twitter:label2\" content=\"Est. tempo de leitura\" \/>\n\t<meta name=\"twitter:data2\" content=\"2 minutos\" \/>\n<script type=\"application\/ld+json\" class=\"yoast-schema-graph\">{\"@context\":\"https:\/\/schema.org\",\"@graph\":[{\"@type\":\"Article\",\"@id\":\"https:\/\/psol50.org.br\/lider-do-psol-comenta-manobra-do-governo-para-tentar-votar-reforma-politica-que-continua-sem-acordo\/#article\",\"isPartOf\":{\"@id\":\"https:\/\/psol50.org.br\/lider-do-psol-comenta-manobra-do-governo-para-tentar-votar-reforma-politica-que-continua-sem-acordo\/\"},\"author\":{\"name\":\"Comunica\u00e7\u00e3o PSOL\",\"@id\":\"https:\/\/psol50.org.br\/#\/schema\/person\/475dfa57d0b815993c714c2e96491fcd\"},\"headline\":\"L\u00edder do PSOL comenta manobra do governo para tentar votar reforma pol\u00edtica, que continua sem acordo\",\"datePublished\":\"2017-08-24T15:45:02+00:00\",\"mainEntityOfPage\":{\"@id\":\"https:\/\/psol50.org.br\/lider-do-psol-comenta-manobra-do-governo-para-tentar-votar-reforma-politica-que-continua-sem-acordo\/\"},\"wordCount\":343,\"commentCount\":0,\"publisher\":{\"@id\":\"https:\/\/psol50.org.br\/#organization\"},\"image\":{\"@id\":\"https:\/\/psol50.org.br\/lider-do-psol-comenta-manobra-do-governo-para-tentar-votar-reforma-politica-que-continua-sem-acordo\/#primaryimage\"},\"thumbnailUrl\":\"\",\"keywords\":[\"Distrit\u00e3o\",\"Fundo Eleitoral\",\"Glauber Braga\",\"governo\",\"manobras\",\"Michel Temer\",\"PSOL\",\"Reforma Pol\u00edtica\",\"Rodrigo Maia\"],\"articleSection\":[\"A\u00e7\u00e3o Parlamentar\",\"Brasil\",\"Not\u00edcias\"],\"inLanguage\":\"pt-BR\",\"potentialAction\":[{\"@type\":\"CommentAction\",\"name\":\"Comment\",\"target\":[\"https:\/\/psol50.org.br\/lider-do-psol-comenta-manobra-do-governo-para-tentar-votar-reforma-politica-que-continua-sem-acordo\/#respond\"]}]},{\"@type\":\"WebPage\",\"@id\":\"https:\/\/psol50.org.br\/lider-do-psol-comenta-manobra-do-governo-para-tentar-votar-reforma-politica-que-continua-sem-acordo\/\",\"url\":\"https:\/\/psol50.org.br\/lider-do-psol-comenta-manobra-do-governo-para-tentar-votar-reforma-politica-que-continua-sem-acordo\/\",\"name\":\"L\u00edder do PSOL comenta manobra do governo para tentar votar reforma pol\u00edtica, que continua sem acordo - PSOL 50\",\"isPartOf\":{\"@id\":\"https:\/\/psol50.org.br\/#website\"},\"primaryImageOfPage\":{\"@id\":\"https:\/\/psol50.org.br\/lider-do-psol-comenta-manobra-do-governo-para-tentar-votar-reforma-politica-que-continua-sem-acordo\/#primaryimage\"},\"image\":{\"@id\":\"https:\/\/psol50.org.br\/lider-do-psol-comenta-manobra-do-governo-para-tentar-votar-reforma-politica-que-continua-sem-acordo\/#primaryimage\"},\"thumbnailUrl\":\"\",\"datePublished\":\"2017-08-24T15:45:02+00:00\",\"breadcrumb\":{\"@id\":\"https:\/\/psol50.org.br\/lider-do-psol-comenta-manobra-do-governo-para-tentar-votar-reforma-politica-que-continua-sem-acordo\/#breadcrumb\"},\"inLanguage\":\"pt-BR\",\"potentialAction\":[{\"@type\":\"ReadAction\",\"target\":[\"https:\/\/psol50.org.br\/lider-do-psol-comenta-manobra-do-governo-para-tentar-votar-reforma-politica-que-continua-sem-acordo\/\"]}]},{\"@type\":\"ImageObject\",\"inLanguage\":\"pt-BR\",\"@id\":\"https:\/\/psol50.org.br\/lider-do-psol-comenta-manobra-do-governo-para-tentar-votar-reforma-politica-que-continua-sem-acordo\/#primaryimage\",\"url\":\"\",\"contentUrl\":\"\"},{\"@type\":\"BreadcrumbList\",\"@id\":\"https:\/\/psol50.org.br\/lider-do-psol-comenta-manobra-do-governo-para-tentar-votar-reforma-politica-que-continua-sem-acordo\/#breadcrumb\",\"itemListElement\":[{\"@type\":\"ListItem\",\"position\":1,\"name\":\"In\u00edcio\",\"item\":\"https:\/\/psol50.org.br\/\"},{\"@type\":\"ListItem\",\"position\":2,\"name\":\"L\u00edder do PSOL comenta manobra do governo para tentar votar reforma pol\u00edtica, que continua sem acordo\"}]},{\"@type\":\"WebSite\",\"@id\":\"https:\/\/psol50.org.br\/#website\",\"url\":\"https:\/\/psol50.org.br\/\",\"name\":\"PSOL 50\",\"description\":\"Site oficial do Partido Socialismo e Liberdade\",\"publisher\":{\"@id\":\"https:\/\/psol50.org.br\/#organization\"},\"alternateName\":\"PSOL50\",\"potentialAction\":[{\"@type\":\"SearchAction\",\"target\":{\"@type\":\"EntryPoint\",\"urlTemplate\":\"https:\/\/psol50.org.br\/?s={search_term_string}\"},\"query-input\":{\"@type\":\"PropertyValueSpecification\",\"valueRequired\":true,\"valueName\":\"search_term_string\"}}],\"inLanguage\":\"pt-BR\"},{\"@type\":\"Organization\",\"@id\":\"https:\/\/psol50.org.br\/#organization\",\"name\":\"PSOL 50\",\"alternateName\":\"PSOL 50\",\"url\":\"https:\/\/psol50.org.br\/\",\"logo\":{\"@type\":\"ImageObject\",\"inLanguage\":\"pt-BR\",\"@id\":\"https:\/\/psol50.org.br\/#\/schema\/logo\/image\/\",\"url\":\"https:\/\/psol50.org.br\/inc\/uploads\/2018\/07\/capa.png\",\"contentUrl\":\"https:\/\/psol50.org.br\/inc\/uploads\/2018\/07\/capa.png\",\"width\":1350,\"height\":900,\"caption\":\"PSOL 50\"},\"image\":{\"@id\":\"https:\/\/psol50.org.br\/#\/schema\/logo\/image\/\"},\"sameAs\":[\"https:\/\/www.facebook.com\/psol50\",\"https:\/\/x.com\/psol50\",\"https:\/\/www.instagram.com\/psol50\/\",\"https:\/\/www.youtube.com\/channel\/UC7SnJS5o1os7a6CaiNabzcg\"]},{\"@type\":\"Person\",\"@id\":\"https:\/\/psol50.org.br\/#\/schema\/person\/475dfa57d0b815993c714c2e96491fcd\",\"name\":\"Comunica\u00e7\u00e3o PSOL\",\"image\":{\"@type\":\"ImageObject\",\"inLanguage\":\"pt-BR\",\"@id\":\"https:\/\/psol50.org.br\/#\/schema\/person\/image\/\",\"url\":\"https:\/\/secure.gravatar.com\/avatar\/b34fc4f4e468a4e51785917065a3db57b841f5c95dba6ad8c73aaf8f66f8f9bf?s=96&d=mm&r=g\",\"contentUrl\":\"https:\/\/secure.gravatar.com\/avatar\/b34fc4f4e468a4e51785917065a3db57b841f5c95dba6ad8c73aaf8f66f8f9bf?s=96&d=mm&r=g\",\"caption\":\"Comunica\u00e7\u00e3o PSOL\"}}]}<\/script>\n<!-- \/ Yoast SEO plugin. -->","yoast_head_json":{"title":"L\u00edder do PSOL comenta manobra do governo para tentar votar reforma pol\u00edtica, que continua sem acordo - PSOL 50","robots":{"index":"index","follow":"follow","max-snippet":"max-snippet:-1","max-image-preview":"max-image-preview:large","max-video-preview":"max-video-preview:-1"},"canonical":"https:\/\/psol50.org.br\/lider-do-psol-comenta-manobra-do-governo-para-tentar-votar-reforma-politica-que-continua-sem-acordo\/","og_locale":"pt_BR","og_type":"article","og_title":"L\u00edder do PSOL comenta manobra do governo para tentar votar reforma pol\u00edtica, que continua sem acordo - PSOL 50","og_description":"A sess\u00e3o do plen\u00e1rio da C\u00e2mara desta quarta-feira (23\/08), que come\u00e7ou a votar a PEC 77\/2003, referente \u00e0 reforma pol\u00edtica, foi encerrada sem a aprecia\u00e7\u00e3o do texto base, que inclui temas como o &#8220;distrit\u00e3o&#8221; e o Fundo Eleitoral de 3,6 bilh\u00f5es. Em mais uma manobra realizada pela base aliada do governo de Michel Temer, sob [&hellip;]","og_url":"https:\/\/psol50.org.br\/lider-do-psol-comenta-manobra-do-governo-para-tentar-votar-reforma-politica-que-continua-sem-acordo\/","og_site_name":"PSOL 50","article_publisher":"https:\/\/www.facebook.com\/psol50","article_published_time":"2017-08-24T15:45:02+00:00","og_image":[{"width":1350,"height":900,"url":"https:\/\/psol50.org.br\/inc\/uploads\/2018\/07\/capa.png","type":"image\/png"}],"author":"Comunica\u00e7\u00e3o PSOL","twitter_card":"summary_large_image","twitter_creator":"@psol50","twitter_site":"@psol50","twitter_misc":{"Escrito por":"Comunica\u00e7\u00e3o PSOL","Est. tempo de leitura":"2 minutos"},"schema":{"@context":"https:\/\/schema.org","@graph":[{"@type":"Article","@id":"https:\/\/psol50.org.br\/lider-do-psol-comenta-manobra-do-governo-para-tentar-votar-reforma-politica-que-continua-sem-acordo\/#article","isPartOf":{"@id":"https:\/\/psol50.org.br\/lider-do-psol-comenta-manobra-do-governo-para-tentar-votar-reforma-politica-que-continua-sem-acordo\/"},"author":{"name":"Comunica\u00e7\u00e3o PSOL","@id":"https:\/\/psol50.org.br\/#\/schema\/person\/475dfa57d0b815993c714c2e96491fcd"},"headline":"L\u00edder do PSOL comenta manobra do governo para tentar votar reforma pol\u00edtica, que continua sem acordo","datePublished":"2017-08-24T15:45:02+00:00","mainEntityOfPage":{"@id":"https:\/\/psol50.org.br\/lider-do-psol-comenta-manobra-do-governo-para-tentar-votar-reforma-politica-que-continua-sem-acordo\/"},"wordCount":343,"commentCount":0,"publisher":{"@id":"https:\/\/psol50.org.br\/#organization"},"image":{"@id":"https:\/\/psol50.org.br\/lider-do-psol-comenta-manobra-do-governo-para-tentar-votar-reforma-politica-que-continua-sem-acordo\/#primaryimage"},"thumbnailUrl":"","keywords":["Distrit\u00e3o","Fundo Eleitoral","Glauber Braga","governo","manobras","Michel Temer","PSOL","Reforma Pol\u00edtica","Rodrigo Maia"],"articleSection":["A\u00e7\u00e3o Parlamentar","Brasil","Not\u00edcias"],"inLanguage":"pt-BR","potentialAction":[{"@type":"CommentAction","name":"Comment","target":["https:\/\/psol50.org.br\/lider-do-psol-comenta-manobra-do-governo-para-tentar-votar-reforma-politica-que-continua-sem-acordo\/#respond"]}]},{"@type":"WebPage","@id":"https:\/\/psol50.org.br\/lider-do-psol-comenta-manobra-do-governo-para-tentar-votar-reforma-politica-que-continua-sem-acordo\/","url":"https:\/\/psol50.org.br\/lider-do-psol-comenta-manobra-do-governo-para-tentar-votar-reforma-politica-que-continua-sem-acordo\/","name":"L\u00edder do PSOL comenta manobra do governo para tentar votar reforma pol\u00edtica, que continua sem acordo - PSOL 50","isPartOf":{"@id":"https:\/\/psol50.org.br\/#website"},"primaryImageOfPage":{"@id":"https:\/\/psol50.org.br\/lider-do-psol-comenta-manobra-do-governo-para-tentar-votar-reforma-politica-que-continua-sem-acordo\/#primaryimage"},"image":{"@id":"https:\/\/psol50.org.br\/lider-do-psol-comenta-manobra-do-governo-para-tentar-votar-reforma-politica-que-continua-sem-acordo\/#primaryimage"},"thumbnailUrl":"","datePublished":"2017-08-24T15:45:02+00:00","breadcrumb":{"@id":"https:\/\/psol50.org.br\/lider-do-psol-comenta-manobra-do-governo-para-tentar-votar-reforma-politica-que-continua-sem-acordo\/#breadcrumb"},"inLanguage":"pt-BR","potentialAction":[{"@type":"ReadAction","target":["https:\/\/psol50.org.br\/lider-do-psol-comenta-manobra-do-governo-para-tentar-votar-reforma-politica-que-continua-sem-acordo\/"]}]},{"@type":"ImageObject","inLanguage":"pt-BR","@id":"https:\/\/psol50.org.br\/lider-do-psol-comenta-manobra-do-governo-para-tentar-votar-reforma-politica-que-continua-sem-acordo\/#primaryimage","url":"","contentUrl":""},{"@type":"BreadcrumbList","@id":"https:\/\/psol50.org.br\/lider-do-psol-comenta-manobra-do-governo-para-tentar-votar-reforma-politica-que-continua-sem-acordo\/#breadcrumb","itemListElement":[{"@type":"ListItem","position":1,"name":"In\u00edcio","item":"https:\/\/psol50.org.br\/"},{"@type":"ListItem","position":2,"name":"L\u00edder do PSOL comenta manobra do governo para tentar votar reforma pol\u00edtica, que continua sem acordo"}]},{"@type":"WebSite","@id":"https:\/\/psol50.org.br\/#website","url":"https:\/\/psol50.org.br\/","name":"PSOL 50","description":"Site oficial do Partido Socialismo e Liberdade","publisher":{"@id":"https:\/\/psol50.org.br\/#organization"},"alternateName":"PSOL50","potentialAction":[{"@type":"SearchAction","target":{"@type":"EntryPoint","urlTemplate":"https:\/\/psol50.org.br\/?s={search_term_string}"},"query-input":{"@type":"PropertyValueSpecification","valueRequired":true,"valueName":"search_term_string"}}],"inLanguage":"pt-BR"},{"@type":"Organization","@id":"https:\/\/psol50.org.br\/#organization","name":"PSOL 50","alternateName":"PSOL 50","url":"https:\/\/psol50.org.br\/","logo":{"@type":"ImageObject","inLanguage":"pt-BR","@id":"https:\/\/psol50.org.br\/#\/schema\/logo\/image\/","url":"https:\/\/psol50.org.br\/inc\/uploads\/2018\/07\/capa.png","contentUrl":"https:\/\/psol50.org.br\/inc\/uploads\/2018\/07\/capa.png","width":1350,"height":900,"caption":"PSOL 50"},"image":{"@id":"https:\/\/psol50.org.br\/#\/schema\/logo\/image\/"},"sameAs":["https:\/\/www.facebook.com\/psol50","https:\/\/x.com\/psol50","https:\/\/www.instagram.com\/psol50\/","https:\/\/www.youtube.com\/channel\/UC7SnJS5o1os7a6CaiNabzcg"]},{"@type":"Person","@id":"https:\/\/psol50.org.br\/#\/schema\/person\/475dfa57d0b815993c714c2e96491fcd","name":"Comunica\u00e7\u00e3o PSOL","image":{"@type":"ImageObject","inLanguage":"pt-BR","@id":"https:\/\/psol50.org.br\/#\/schema\/person\/image\/","url":"https:\/\/secure.gravatar.com\/avatar\/b34fc4f4e468a4e51785917065a3db57b841f5c95dba6ad8c73aaf8f66f8f9bf?s=96&d=mm&r=g","contentUrl":"https:\/\/secure.gravatar.com\/avatar\/b34fc4f4e468a4e51785917065a3db57b841f5c95dba6ad8c73aaf8f66f8f9bf?s=96&d=mm&r=g","caption":"Comunica\u00e7\u00e3o PSOL"}}]}},"_links":{"self":[{"href":"https:\/\/psol50.org.br\/rest\/wp\/v2\/posts\/17707","targetHints":{"allow":["GET"]}}],"collection":[{"href":"https:\/\/psol50.org.br\/rest\/wp\/v2\/posts"}],"about":[{"href":"https:\/\/psol50.org.br\/rest\/wp\/v2\/types\/post"}],"author":[{"embeddable":true,"href":"https:\/\/psol50.org.br\/rest\/wp\/v2\/users\/2"}],"replies":[{"embeddable":true,"href":"https:\/\/psol50.org.br\/rest\/wp\/v2\/comments?post=17707"}],"version-history":[{"count":0,"href":"https:\/\/psol50.org.br\/rest\/wp\/v2\/posts\/17707\/revisions"}],"wp:featuredmedia":[{"embeddable":true,"href":"https:\/\/psol50.org.br\/rest\/"}],"wp:attachment":[{"href":"https:\/\/psol50.org.br\/rest\/wp\/v2\/media?parent=17707"}],"wp:term":[{"taxonomy":"category","embeddable":true,"href":"https:\/\/psol50.org.br\/rest\/wp\/v2\/categories?post=17707"},{"taxonomy":"post_tag","embeddable":true,"href":"https:\/\/psol50.org.br\/rest\/wp\/v2\/tags?post=17707"}],"curies":[{"name":"wp","href":"https:\/\/api.w.org\/{rel}","templated":true}]}}