{"id":17729,"date":"2017-08-28T13:47:08","date_gmt":"2017-08-28T13:47:08","guid":{"rendered":"http:\/\/www.psol50.org.br\/?p=17729"},"modified":"2017-08-28T13:47:08","modified_gmt":"2017-08-28T13:47:08","slug":"paulo-rubem-santiago-a-privatizacao-da-eletrobras","status":"publish","type":"post","link":"https:\/\/psol50.org.br\/paulo-rubem-santiago-a-privatizacao-da-eletrobras\/","title":{"rendered":"Paulo Rubem Santiago | A privatiza\u00e7\u00e3o da Eletrobras"},"content":{"rendered":"<p>O governo golpista de Temer anuncia a privatiza\u00e7\u00e3o da Eletrobras. A empresa teve receita l\u00edquida de R$ 60,74 bilh\u00f5es em 2016, 86% maior que em 2015, quando atingiu R$ 32,58 bilh\u00f5es. Trata-se, aten\u00e7\u00e3o, do mesmo governo que pretende aumentar a meta do d\u00e9ficit fiscal de 2017 dos atuais R$ 139 bilh\u00f5es para R$ 159 bilh\u00f5es. As contas p\u00fablicas, \u00f3bvio, n\u00e3o est\u00e3o em bons len\u00e7\u00f3is.<\/p>\n<p>As causas disso s\u00e3o conhecidas: A manuten\u00e7\u00e3o de juros reais ainda elevados, a queda da atividade econ\u00f4mica por dois anos seguidos, a redu\u00e7\u00e3o da renda dos assalariados, o aumento do endividamento das fam\u00edlias reduzindo o consumo e a arrecada\u00e7\u00e3o de impostos, o que tamb\u00e9m \u00e9 provocado por elevad\u00edssimas desonera\u00e7\u00f5es tribut\u00e1rias concedidas nos \u00faltimos anos, ao lado da expressiva sonega\u00e7\u00e3o fiscal, que j\u00e1 ultrapassou R$ 1,5 trilh\u00e3o acumulados. Tudo isso tem for\u00e7ado o governo a uma intensa gin\u00e1stica em busca de receitas para baixar o d\u00e9ficit e manter a rela\u00e7\u00e3o d\u00edvida p\u00fablica\/PIB em patamares est\u00e1veis, preocupa\u00e7\u00e3o central dos governantes h\u00e1 anos e anos no pa\u00eds.<\/p>\n<p>Para enfrentar essa situa\u00e7\u00e3o a privatiza\u00e7\u00e3o da Eletrobras se encaixa perfeitamente, mas n\u00e3o se trata de um passo para mudar o setor el\u00e9trico, profissionaliz\u00e1-lo de fato, em busca da produ\u00e7\u00e3o de mais energia e tarifas mais baratas \u00e0s empresas e aos consumidores residenciais. Temer quer apenas fazer caixa e jogar o dinheiro obtido com a privatiza\u00e7\u00e3o na conta do tesouro para reduzir o d\u00e9ficit fiscal cuja causa maior deriva das elevadas despesas com juros e amortiza\u00e7\u00f5es da d\u00edvida p\u00fablica.<\/p>\n<p>N\u00e3o h\u00e1 nenhum projeto de m\u00e9dio e longo prazo para o setor el\u00e9trico brasileiro por tr\u00e1s da anunciada privatiza\u00e7\u00e3o da Eletrobras e isso \u00e9 grave. O segmento come\u00e7a com pesados investimentos para a gera\u00e7\u00e3o de energia (em nosso caso, com predom\u00ednio da hidroeletricidade) passa pelas linhas de transmiss\u00e3o, o fornecimento aos distribuidores e desses aos consumidores. Uma sequ\u00eancia em que todos visam o lucro das opera\u00e7\u00f5es, causando efeito cascata no pre\u00e7o final de nossas contas.<\/p>\n<p>H\u00e1 um detalhe, por\u00e9m. A privatiza\u00e7\u00e3o da gera\u00e7\u00e3o implica na privatiza\u00e7\u00e3o dos recursos h\u00eddricos e em evidentes limita\u00e7\u00f5es de seus outros usos para a sociedade. Ao mesmo tempo haver\u00e1 press\u00e3o por aumento de tarifas e progressiva remessa de lucros aos acionistas internacionais, com evidentes impactos na infla\u00e7\u00e3o, no c\u00e2mbio e no balan\u00e7o de transa\u00e7\u00f5es correntes da na\u00e7\u00e3o.<\/p>\n<p>Para vender a empresa o quanto antes, em nome da milagrosa \u201datra\u00e7\u00e3o de investimentos\u201d, Temer culpa os erros da gest\u00e3o de Dilma Rousseff no setor el\u00e9trico que, ali\u00e1s, esteve com o PMDB desde o governo Lula. Lembremo-nos que, sem preju\u00edzo da an\u00e1lise dos erros daquele per\u00edodo, quem impediu que empresas p\u00fablicas se endividassem para realizar investimentos foi FHC, o que tratei em artigo de abril de 2010. Foi dos anos de FHC, tamb\u00e9m, o decreto liberando a Eletrobras das regras da lei de licita\u00e7\u00f5es, o que se defende agora para refor\u00e7ar e justificar a privatiza\u00e7\u00e3o da referida empresa.<\/p>\n<p>Por essa e outras raz\u00f5es tal proposta \u00e9 irrespons\u00e1vel. Atualmente os lucros das subsidi\u00e1rias da Eletrobras, como a Chesf, s\u00e3o revertidos para controladora e dessa para o tesouro nacional. Em 2016 a empresa lucrou R$ 3,4 bilh\u00f5es. Ainda que hoje sejam destinados \u00e0 d\u00edvida p\u00fablica, amanh\u00e3 isso nos faltar\u00e1, pois tais bilh\u00f5es ser\u00e3o apropriados por seus novos donos, nacionais ou estrangeiros, sabendo-se que os investimentos do tesouro feitos na Eletobras j\u00e1 foram amortizados pelas tarifas pagas pelos contribuintes, o que s\u00f3 refor\u00e7a a irresponsabilidade e a vis\u00e3o cont\u00e1bil de curto prazo contida nessa proposta de privatiza\u00e7\u00e3o. \u00c9 nosso dever impedir que isso aconte\u00e7a.<\/p>\n","protected":false},"excerpt":{"rendered":"<p>O governo golpista de Temer anuncia a privatiza\u00e7\u00e3o da Eletrobras. A empresa teve receita l\u00edquida de R$ 60,74 bilh\u00f5es em 2016, 86% maior que em 2015, quando atingiu R$ 32,58 bilh\u00f5es. Trata-se, aten\u00e7\u00e3o, do mesmo governo que pretende aumentar a meta do d\u00e9ficit fiscal de 2017 dos atuais R$ 139 bilh\u00f5es para R$ 159 bilh\u00f5es. [&hellip;]<\/p>\n","protected":false},"author":2,"featured_media":17780,"comment_status":"open","ping_status":"open","sticky":false,"template":"","format":"standard","meta":{"_acf_changed":false,"footnotes":""},"categories":[3,1882],"tags":[3520,1417,2540,1748,2233,2152,157,3521,2187],"class_list":{"0":"post-17729","1":"post","2":"type-post","3":"status-publish","4":"format-standard","5":"has-post-thumbnail","7":"category-artigos-e-entrevistas","8":"category-brasil","9":"tag-chesf","10":"tag-eletrobras","11":"tag-fhc","12":"tag-michel-temer","13":"tag-paulo-rubem-santiago","14":"tag-pmdb","15":"tag-privatizacao","16":"tag-recursos-hidricos","17":"tag-setor-eletrico"},"acf":[],"yoast_head":"<!-- This site is optimized with the Yoast SEO plugin v26.5 - https:\/\/yoast.com\/wordpress\/plugins\/seo\/ -->\n<title>Paulo Rubem Santiago | A privatiza\u00e7\u00e3o da Eletrobras - PSOL 50<\/title>\n<meta name=\"robots\" content=\"index, follow, max-snippet:-1, max-image-preview:large, max-video-preview:-1\" \/>\n<link rel=\"canonical\" href=\"https:\/\/psol50.org.br\/paulo-rubem-santiago-a-privatizacao-da-eletrobras\/\" \/>\n<meta property=\"og:locale\" content=\"pt_BR\" \/>\n<meta property=\"og:type\" content=\"article\" \/>\n<meta property=\"og:title\" content=\"Paulo Rubem Santiago | A privatiza\u00e7\u00e3o da Eletrobras - PSOL 50\" \/>\n<meta property=\"og:description\" content=\"O governo golpista de Temer anuncia a privatiza\u00e7\u00e3o da Eletrobras. A empresa teve receita l\u00edquida de R$ 60,74 bilh\u00f5es em 2016, 86% maior que em 2015, quando atingiu R$ 32,58 bilh\u00f5es. Trata-se, aten\u00e7\u00e3o, do mesmo governo que pretende aumentar a meta do d\u00e9ficit fiscal de 2017 dos atuais R$ 139 bilh\u00f5es para R$ 159 bilh\u00f5es. [&hellip;]\" \/>\n<meta property=\"og:url\" content=\"https:\/\/psol50.org.br\/paulo-rubem-santiago-a-privatizacao-da-eletrobras\/\" \/>\n<meta property=\"og:site_name\" content=\"PSOL 50\" \/>\n<meta property=\"article:publisher\" content=\"https:\/\/www.facebook.com\/psol50\" \/>\n<meta property=\"article:published_time\" content=\"2017-08-28T13:47:08+00:00\" \/>\n<meta property=\"og:image\" content=\"https:\/\/psol50.org.br\/inc\/uploads\/2017\/08\/Hidreletrica_Sobradinho_BA_GlaucoUmbelino_CC.jpg\" \/>\n\t<meta property=\"og:image:width\" content=\"1350\" \/>\n\t<meta property=\"og:image:height\" content=\"900\" \/>\n\t<meta property=\"og:image:type\" content=\"image\/jpeg\" \/>\n<meta name=\"author\" content=\"Comunica\u00e7\u00e3o PSOL\" \/>\n<meta name=\"twitter:card\" content=\"summary_large_image\" \/>\n<meta name=\"twitter:creator\" content=\"@psol50\" \/>\n<meta name=\"twitter:site\" content=\"@psol50\" \/>\n<meta name=\"twitter:label1\" content=\"Escrito por\" \/>\n\t<meta name=\"twitter:data1\" content=\"Comunica\u00e7\u00e3o PSOL\" \/>\n\t<meta name=\"twitter:label2\" content=\"Est. tempo de leitura\" \/>\n\t<meta name=\"twitter:data2\" content=\"3 minutos\" \/>\n<script type=\"application\/ld+json\" class=\"yoast-schema-graph\">{\"@context\":\"https:\/\/schema.org\",\"@graph\":[{\"@type\":\"Article\",\"@id\":\"https:\/\/psol50.org.br\/paulo-rubem-santiago-a-privatizacao-da-eletrobras\/#article\",\"isPartOf\":{\"@id\":\"https:\/\/psol50.org.br\/paulo-rubem-santiago-a-privatizacao-da-eletrobras\/\"},\"author\":{\"name\":\"Comunica\u00e7\u00e3o PSOL\",\"@id\":\"https:\/\/psol50.org.br\/#\/schema\/person\/475dfa57d0b815993c714c2e96491fcd\"},\"headline\":\"Paulo Rubem Santiago | A privatiza\u00e7\u00e3o da Eletrobras\",\"datePublished\":\"2017-08-28T13:47:08+00:00\",\"mainEntityOfPage\":{\"@id\":\"https:\/\/psol50.org.br\/paulo-rubem-santiago-a-privatizacao-da-eletrobras\/\"},\"wordCount\":666,\"commentCount\":0,\"publisher\":{\"@id\":\"https:\/\/psol50.org.br\/#organization\"},\"image\":{\"@id\":\"https:\/\/psol50.org.br\/paulo-rubem-santiago-a-privatizacao-da-eletrobras\/#primaryimage\"},\"thumbnailUrl\":\"https:\/\/psol50.org.br\/inc\/uploads\/2017\/08\/Hidreletrica_Sobradinho_BA_GlaucoUmbelino_CC.jpg\",\"keywords\":[\"Chesf\",\"Eletrobras\",\"FHC\",\"Michel Temer\",\"Paulo Rubem Santiago\",\"PMDB\",\"privatiza\u00e7\u00e3o\",\"recursos h\u00eddricos\",\"setor el\u00e9trico\"],\"articleSection\":[\"Artigos\",\"Brasil\"],\"inLanguage\":\"pt-BR\",\"potentialAction\":[{\"@type\":\"CommentAction\",\"name\":\"Comment\",\"target\":[\"https:\/\/psol50.org.br\/paulo-rubem-santiago-a-privatizacao-da-eletrobras\/#respond\"]}]},{\"@type\":\"WebPage\",\"@id\":\"https:\/\/psol50.org.br\/paulo-rubem-santiago-a-privatizacao-da-eletrobras\/\",\"url\":\"https:\/\/psol50.org.br\/paulo-rubem-santiago-a-privatizacao-da-eletrobras\/\",\"name\":\"Paulo Rubem Santiago | A privatiza\u00e7\u00e3o da Eletrobras - PSOL 50\",\"isPartOf\":{\"@id\":\"https:\/\/psol50.org.br\/#website\"},\"primaryImageOfPage\":{\"@id\":\"https:\/\/psol50.org.br\/paulo-rubem-santiago-a-privatizacao-da-eletrobras\/#primaryimage\"},\"image\":{\"@id\":\"https:\/\/psol50.org.br\/paulo-rubem-santiago-a-privatizacao-da-eletrobras\/#primaryimage\"},\"thumbnailUrl\":\"https:\/\/psol50.org.br\/inc\/uploads\/2017\/08\/Hidreletrica_Sobradinho_BA_GlaucoUmbelino_CC.jpg\",\"datePublished\":\"2017-08-28T13:47:08+00:00\",\"breadcrumb\":{\"@id\":\"https:\/\/psol50.org.br\/paulo-rubem-santiago-a-privatizacao-da-eletrobras\/#breadcrumb\"},\"inLanguage\":\"pt-BR\",\"potentialAction\":[{\"@type\":\"ReadAction\",\"target\":[\"https:\/\/psol50.org.br\/paulo-rubem-santiago-a-privatizacao-da-eletrobras\/\"]}]},{\"@type\":\"ImageObject\",\"inLanguage\":\"pt-BR\",\"@id\":\"https:\/\/psol50.org.br\/paulo-rubem-santiago-a-privatizacao-da-eletrobras\/#primaryimage\",\"url\":\"https:\/\/psol50.org.br\/inc\/uploads\/2017\/08\/Hidreletrica_Sobradinho_BA_GlaucoUmbelino_CC.jpg\",\"contentUrl\":\"https:\/\/psol50.org.br\/inc\/uploads\/2017\/08\/Hidreletrica_Sobradinho_BA_GlaucoUmbelino_CC.jpg\",\"width\":1350,\"height\":900},{\"@type\":\"BreadcrumbList\",\"@id\":\"https:\/\/psol50.org.br\/paulo-rubem-santiago-a-privatizacao-da-eletrobras\/#breadcrumb\",\"itemListElement\":[{\"@type\":\"ListItem\",\"position\":1,\"name\":\"In\u00edcio\",\"item\":\"https:\/\/psol50.org.br\/\"},{\"@type\":\"ListItem\",\"position\":2,\"name\":\"Paulo Rubem Santiago | A privatiza\u00e7\u00e3o da Eletrobras\"}]},{\"@type\":\"WebSite\",\"@id\":\"https:\/\/psol50.org.br\/#website\",\"url\":\"https:\/\/psol50.org.br\/\",\"name\":\"PSOL 50\",\"description\":\"Site oficial do Partido Socialismo e Liberdade\",\"publisher\":{\"@id\":\"https:\/\/psol50.org.br\/#organization\"},\"alternateName\":\"PSOL50\",\"potentialAction\":[{\"@type\":\"SearchAction\",\"target\":{\"@type\":\"EntryPoint\",\"urlTemplate\":\"https:\/\/psol50.org.br\/?s={search_term_string}\"},\"query-input\":{\"@type\":\"PropertyValueSpecification\",\"valueRequired\":true,\"valueName\":\"search_term_string\"}}],\"inLanguage\":\"pt-BR\"},{\"@type\":\"Organization\",\"@id\":\"https:\/\/psol50.org.br\/#organization\",\"name\":\"PSOL 50\",\"alternateName\":\"PSOL 50\",\"url\":\"https:\/\/psol50.org.br\/\",\"logo\":{\"@type\":\"ImageObject\",\"inLanguage\":\"pt-BR\",\"@id\":\"https:\/\/psol50.org.br\/#\/schema\/logo\/image\/\",\"url\":\"https:\/\/psol50.org.br\/inc\/uploads\/2018\/07\/capa.png\",\"contentUrl\":\"https:\/\/psol50.org.br\/inc\/uploads\/2018\/07\/capa.png\",\"width\":1350,\"height\":900,\"caption\":\"PSOL 50\"},\"image\":{\"@id\":\"https:\/\/psol50.org.br\/#\/schema\/logo\/image\/\"},\"sameAs\":[\"https:\/\/www.facebook.com\/psol50\",\"https:\/\/x.com\/psol50\",\"https:\/\/www.instagram.com\/psol50\/\",\"https:\/\/www.youtube.com\/channel\/UC7SnJS5o1os7a6CaiNabzcg\"]},{\"@type\":\"Person\",\"@id\":\"https:\/\/psol50.org.br\/#\/schema\/person\/475dfa57d0b815993c714c2e96491fcd\",\"name\":\"Comunica\u00e7\u00e3o PSOL\",\"image\":{\"@type\":\"ImageObject\",\"inLanguage\":\"pt-BR\",\"@id\":\"https:\/\/psol50.org.br\/#\/schema\/person\/image\/\",\"url\":\"https:\/\/secure.gravatar.com\/avatar\/b34fc4f4e468a4e51785917065a3db57b841f5c95dba6ad8c73aaf8f66f8f9bf?s=96&d=mm&r=g\",\"contentUrl\":\"https:\/\/secure.gravatar.com\/avatar\/b34fc4f4e468a4e51785917065a3db57b841f5c95dba6ad8c73aaf8f66f8f9bf?s=96&d=mm&r=g\",\"caption\":\"Comunica\u00e7\u00e3o PSOL\"}}]}<\/script>\n<!-- \/ Yoast SEO plugin. -->","yoast_head_json":{"title":"Paulo Rubem Santiago | A privatiza\u00e7\u00e3o da Eletrobras - PSOL 50","robots":{"index":"index","follow":"follow","max-snippet":"max-snippet:-1","max-image-preview":"max-image-preview:large","max-video-preview":"max-video-preview:-1"},"canonical":"https:\/\/psol50.org.br\/paulo-rubem-santiago-a-privatizacao-da-eletrobras\/","og_locale":"pt_BR","og_type":"article","og_title":"Paulo Rubem Santiago | A privatiza\u00e7\u00e3o da Eletrobras - PSOL 50","og_description":"O governo golpista de Temer anuncia a privatiza\u00e7\u00e3o da Eletrobras. A empresa teve receita l\u00edquida de R$ 60,74 bilh\u00f5es em 2016, 86% maior que em 2015, quando atingiu R$ 32,58 bilh\u00f5es. Trata-se, aten\u00e7\u00e3o, do mesmo governo que pretende aumentar a meta do d\u00e9ficit fiscal de 2017 dos atuais R$ 139 bilh\u00f5es para R$ 159 bilh\u00f5es. [&hellip;]","og_url":"https:\/\/psol50.org.br\/paulo-rubem-santiago-a-privatizacao-da-eletrobras\/","og_site_name":"PSOL 50","article_publisher":"https:\/\/www.facebook.com\/psol50","article_published_time":"2017-08-28T13:47:08+00:00","og_image":[{"width":1350,"height":900,"url":"https:\/\/psol50.org.br\/inc\/uploads\/2017\/08\/Hidreletrica_Sobradinho_BA_GlaucoUmbelino_CC.jpg","type":"image\/jpeg"}],"author":"Comunica\u00e7\u00e3o PSOL","twitter_card":"summary_large_image","twitter_creator":"@psol50","twitter_site":"@psol50","twitter_misc":{"Escrito por":"Comunica\u00e7\u00e3o PSOL","Est. tempo de leitura":"3 minutos"},"schema":{"@context":"https:\/\/schema.org","@graph":[{"@type":"Article","@id":"https:\/\/psol50.org.br\/paulo-rubem-santiago-a-privatizacao-da-eletrobras\/#article","isPartOf":{"@id":"https:\/\/psol50.org.br\/paulo-rubem-santiago-a-privatizacao-da-eletrobras\/"},"author":{"name":"Comunica\u00e7\u00e3o PSOL","@id":"https:\/\/psol50.org.br\/#\/schema\/person\/475dfa57d0b815993c714c2e96491fcd"},"headline":"Paulo Rubem Santiago | A privatiza\u00e7\u00e3o da Eletrobras","datePublished":"2017-08-28T13:47:08+00:00","mainEntityOfPage":{"@id":"https:\/\/psol50.org.br\/paulo-rubem-santiago-a-privatizacao-da-eletrobras\/"},"wordCount":666,"commentCount":0,"publisher":{"@id":"https:\/\/psol50.org.br\/#organization"},"image":{"@id":"https:\/\/psol50.org.br\/paulo-rubem-santiago-a-privatizacao-da-eletrobras\/#primaryimage"},"thumbnailUrl":"https:\/\/psol50.org.br\/inc\/uploads\/2017\/08\/Hidreletrica_Sobradinho_BA_GlaucoUmbelino_CC.jpg","keywords":["Chesf","Eletrobras","FHC","Michel Temer","Paulo Rubem Santiago","PMDB","privatiza\u00e7\u00e3o","recursos h\u00eddricos","setor el\u00e9trico"],"articleSection":["Artigos","Brasil"],"inLanguage":"pt-BR","potentialAction":[{"@type":"CommentAction","name":"Comment","target":["https:\/\/psol50.org.br\/paulo-rubem-santiago-a-privatizacao-da-eletrobras\/#respond"]}]},{"@type":"WebPage","@id":"https:\/\/psol50.org.br\/paulo-rubem-santiago-a-privatizacao-da-eletrobras\/","url":"https:\/\/psol50.org.br\/paulo-rubem-santiago-a-privatizacao-da-eletrobras\/","name":"Paulo Rubem Santiago | A privatiza\u00e7\u00e3o da Eletrobras - PSOL 50","isPartOf":{"@id":"https:\/\/psol50.org.br\/#website"},"primaryImageOfPage":{"@id":"https:\/\/psol50.org.br\/paulo-rubem-santiago-a-privatizacao-da-eletrobras\/#primaryimage"},"image":{"@id":"https:\/\/psol50.org.br\/paulo-rubem-santiago-a-privatizacao-da-eletrobras\/#primaryimage"},"thumbnailUrl":"https:\/\/psol50.org.br\/inc\/uploads\/2017\/08\/Hidreletrica_Sobradinho_BA_GlaucoUmbelino_CC.jpg","datePublished":"2017-08-28T13:47:08+00:00","breadcrumb":{"@id":"https:\/\/psol50.org.br\/paulo-rubem-santiago-a-privatizacao-da-eletrobras\/#breadcrumb"},"inLanguage":"pt-BR","potentialAction":[{"@type":"ReadAction","target":["https:\/\/psol50.org.br\/paulo-rubem-santiago-a-privatizacao-da-eletrobras\/"]}]},{"@type":"ImageObject","inLanguage":"pt-BR","@id":"https:\/\/psol50.org.br\/paulo-rubem-santiago-a-privatizacao-da-eletrobras\/#primaryimage","url":"https:\/\/psol50.org.br\/inc\/uploads\/2017\/08\/Hidreletrica_Sobradinho_BA_GlaucoUmbelino_CC.jpg","contentUrl":"https:\/\/psol50.org.br\/inc\/uploads\/2017\/08\/Hidreletrica_Sobradinho_BA_GlaucoUmbelino_CC.jpg","width":1350,"height":900},{"@type":"BreadcrumbList","@id":"https:\/\/psol50.org.br\/paulo-rubem-santiago-a-privatizacao-da-eletrobras\/#breadcrumb","itemListElement":[{"@type":"ListItem","position":1,"name":"In\u00edcio","item":"https:\/\/psol50.org.br\/"},{"@type":"ListItem","position":2,"name":"Paulo Rubem Santiago | A privatiza\u00e7\u00e3o da Eletrobras"}]},{"@type":"WebSite","@id":"https:\/\/psol50.org.br\/#website","url":"https:\/\/psol50.org.br\/","name":"PSOL 50","description":"Site oficial do Partido Socialismo e Liberdade","publisher":{"@id":"https:\/\/psol50.org.br\/#organization"},"alternateName":"PSOL50","potentialAction":[{"@type":"SearchAction","target":{"@type":"EntryPoint","urlTemplate":"https:\/\/psol50.org.br\/?s={search_term_string}"},"query-input":{"@type":"PropertyValueSpecification","valueRequired":true,"valueName":"search_term_string"}}],"inLanguage":"pt-BR"},{"@type":"Organization","@id":"https:\/\/psol50.org.br\/#organization","name":"PSOL 50","alternateName":"PSOL 50","url":"https:\/\/psol50.org.br\/","logo":{"@type":"ImageObject","inLanguage":"pt-BR","@id":"https:\/\/psol50.org.br\/#\/schema\/logo\/image\/","url":"https:\/\/psol50.org.br\/inc\/uploads\/2018\/07\/capa.png","contentUrl":"https:\/\/psol50.org.br\/inc\/uploads\/2018\/07\/capa.png","width":1350,"height":900,"caption":"PSOL 50"},"image":{"@id":"https:\/\/psol50.org.br\/#\/schema\/logo\/image\/"},"sameAs":["https:\/\/www.facebook.com\/psol50","https:\/\/x.com\/psol50","https:\/\/www.instagram.com\/psol50\/","https:\/\/www.youtube.com\/channel\/UC7SnJS5o1os7a6CaiNabzcg"]},{"@type":"Person","@id":"https:\/\/psol50.org.br\/#\/schema\/person\/475dfa57d0b815993c714c2e96491fcd","name":"Comunica\u00e7\u00e3o PSOL","image":{"@type":"ImageObject","inLanguage":"pt-BR","@id":"https:\/\/psol50.org.br\/#\/schema\/person\/image\/","url":"https:\/\/secure.gravatar.com\/avatar\/b34fc4f4e468a4e51785917065a3db57b841f5c95dba6ad8c73aaf8f66f8f9bf?s=96&d=mm&r=g","contentUrl":"https:\/\/secure.gravatar.com\/avatar\/b34fc4f4e468a4e51785917065a3db57b841f5c95dba6ad8c73aaf8f66f8f9bf?s=96&d=mm&r=g","caption":"Comunica\u00e7\u00e3o PSOL"}}]}},"_links":{"self":[{"href":"https:\/\/psol50.org.br\/rest\/wp\/v2\/posts\/17729","targetHints":{"allow":["GET"]}}],"collection":[{"href":"https:\/\/psol50.org.br\/rest\/wp\/v2\/posts"}],"about":[{"href":"https:\/\/psol50.org.br\/rest\/wp\/v2\/types\/post"}],"author":[{"embeddable":true,"href":"https:\/\/psol50.org.br\/rest\/wp\/v2\/users\/2"}],"replies":[{"embeddable":true,"href":"https:\/\/psol50.org.br\/rest\/wp\/v2\/comments?post=17729"}],"version-history":[{"count":0,"href":"https:\/\/psol50.org.br\/rest\/wp\/v2\/posts\/17729\/revisions"}],"wp:featuredmedia":[{"embeddable":true,"href":"https:\/\/psol50.org.br\/rest\/wp\/v2\/media\/17780"}],"wp:attachment":[{"href":"https:\/\/psol50.org.br\/rest\/wp\/v2\/media?parent=17729"}],"wp:term":[{"taxonomy":"category","embeddable":true,"href":"https:\/\/psol50.org.br\/rest\/wp\/v2\/categories?post=17729"},{"taxonomy":"post_tag","embeddable":true,"href":"https:\/\/psol50.org.br\/rest\/wp\/v2\/tags?post=17729"}],"curies":[{"name":"wp","href":"https:\/\/api.w.org\/{rel}","templated":true}]}}