{"id":17757,"date":"2017-08-29T16:13:36","date_gmt":"2017-08-29T19:13:36","guid":{"rendered":"http:\/\/www.psol50.org.br\/?p=17757"},"modified":"2017-08-29T16:13:36","modified_gmt":"2017-08-29T19:13:36","slug":"edmilson-rodrigues-pede-revogacao-de-decreto-de-temer-que-extingue-reserva-na-amazonia","status":"publish","type":"post","link":"https:\/\/psol50.org.br\/edmilson-rodrigues-pede-revogacao-de-decreto-de-temer-que-extingue-reserva-na-amazonia\/","title":{"rendered":"Edmilson Rodrigues pede revoga\u00e7\u00e3o de decreto de Temer que extingue reserva na Amaz\u00f4nia"},"content":{"rendered":"<p>O deputado do PSOL do Par\u00e1, <a href=\"https:\/\/www.facebook.com\/edmilsonpsol\/\" target=\"_blank\" rel=\"noopener\"><span style=\"color: #0000ff;\"><strong>Edmilson Rodrigues<\/strong><\/span><\/a>, protocolou no final da manh\u00e3 desta ter\u00e7a-feira (29\/08) um <a href=\"http:\/\/www.psol50.org.br\/inc\/uploads\/2017\/08\/PDC_Edmilson_Amaz\u00f4nia.pdf\" target=\"_blank\" rel=\"noopener\"><strong><span style=\"color: #0000ff;\">Projeto de Decreto Legislativo<\/span><\/strong><\/a> em defesa da Amaz\u00f4nia e contra a extin\u00e7\u00e3o da Reserva Nacional dos Cobres e Associados (Renca), regi\u00e3o de quase 5 milh\u00f5es de hectares entre os estados do Par\u00e1 e Amap\u00e1. Embora o presidente Michel Temer tenha revogado o <a href=\"http:\/\/www.psol50.org.br\/blog\/2017\/08\/28\/todospelaamazonia-campanha-contra-medida-de-temer-que-extingue-reserva-na-amazonia-toma-conta-das-redes\/\" target=\"_blank\" rel=\"noopener\"><strong><span style=\"color: #0000ff;\">decreto publicado no dia 23 de agosto<\/span><\/strong><\/a>\u00a0, que determinou a extin\u00e7\u00e3o da \u00e1rea que tem o tamanho do Esp\u00edrito Santo e da Dinamarca, um <a href=\"http:\/\/www.psol50.org.br\/inc\/uploads\/2017\/08\/Decreto_Temer_Amaz\u00f4nia.pdf\" target=\"_blank\" rel=\"noopener\"><span style=\"color: #0000ff;\"><strong>novo decreto<\/strong><\/span><\/a>, publicado em uma edi\u00e7\u00e3o extra do &#8220;Di\u00e1rio Oficial da Uni\u00e3o&#8221; desta segunda-feira (28), mant\u00e9m a explora\u00e7\u00e3o mineral na extinta Reserva.<\/p>\n<p>Na pr\u00e1tica, a mudan\u00e7a feita ontem pelo Pal\u00e1cio do Planalto n\u00e3o alterou quase nada em sua investida contra a regi\u00e3o Amaz\u00f4nica. O novo decreto s\u00f3 alterou as regras para explora\u00e7\u00e3o na regi\u00e3o.<\/p>\n<p>A iniciativa do governo ileg\u00edtimo permite a extra\u00e7\u00e3o de min\u00e9rio pela iniciativa privada, gerando uma\u00a0<a href=\"http:\/\/www.psol50.org.br\/blog\/2017\/08\/28\/todospelaamazonia-campanha-contra-medida-de-temer-que-extingue-reserva-na-amazonia-toma-conta-das-redes\/\" target=\"_blank\" rel=\"noopener\"><span style=\"color: #0000ff;\"><strong>grande mobiliza\u00e7\u00e3o de artistas, pol\u00edticos e personalidades<\/strong><\/span>\u00a0<\/a>nas redes sociais.\u00a0O Projeto de Decreto Legislativo, assinado de autoria tamb\u00e9m da deputada Janete Capiberibe (PSB-AP) e subscrito pelos demais integrantes da bancada do <a href=\"https:\/\/www.facebook.com\/psolnacamara\/\" target=\"_blank\" rel=\"noopener\"><strong><span style=\"color: #0000ff;\">PSOL na C\u00e2mara<\/span><\/strong><\/a>, pede a anula\u00e7\u00e3o do decreto de Temer.<\/p>\n<p><img loading=\"lazy\" decoding=\"async\" class=\" wp-image-17761 aligncenter\" src=\"http:\/\/www.psol50.org.br\/inc\/uploads\/2017\/08\/Edmilson_JaneteCapiberibe-576x1024.jpeg\" alt=\"\" width=\"466\" height=\"830\" \/><\/p>\n<p>A regi\u00e3o estava h\u00e1 mais de 30 anos fechada \u00e0 explora\u00e7\u00e3o.\u00a0A Renca se caracteriza como uma regi\u00e3o rica em min\u00e9rios, mas engloba tamb\u00e9m nove \u00e1reas protegidas, entre florestas estaduais, reservas ecol\u00f3gicas e terras ind\u00edgenas. Ou seja, o Parque Nacional de Tumucumaque, as Florestas Estaduais do Paru e do Amap\u00e1, a Reserva Biol\u00f3gica de Maicuru, a Esta\u00e7\u00e3o Ecol\u00f3gica do Jari, a reserva Estrativista Rio Cajari, a Reserva de Desenvolvimento Sustent\u00e1vel do Rio Iratapuru e as Terras Ind\u00edgenas Wai\u00e3pi e Rio Paru d\u2019Este.<\/p>\n<p>Na avalia\u00e7\u00e3o de Edmilson Rodrigues, Temer quer abrir caminhos para a minera\u00e7\u00e3o irrespons\u00e1vel e avassaladora. Ele relembra que, neste momento, h\u00e1 tr\u00eas medidas provis\u00f3rias sendo analisadas no Congresso em comiss\u00f5es especiais que visam facilitar a explora\u00e7\u00e3o mineral sem qualquer responsabilidade ecol\u00f3gica com os bens naturais e sociais com os povos das florestas (MPs 789, 790 e 791). \u201cIsso depois de aprovada a MP 759, que permite a venda de terras para estrangeiros, que j\u00e1 fragilizava nossa soberania sobre nosso territ\u00f3rio e nossos bens naturais\u201d, relembra o Edmilson.<\/p>\n<p>Confira, abaixo, a fala de Edmilson logo ap\u00f3s protocolar o PDC.<\/p>\n<p>https:\/\/www.facebook.com\/edmilsonpsol\/videos\/1749945688379231\/<\/p>\n","protected":false},"excerpt":{"rendered":"<p>O deputado do PSOL do Par\u00e1, Edmilson Rodrigues, protocolou no final da manh\u00e3 desta ter\u00e7a-feira (29\/08) um Projeto de Decreto Legislativo em defesa da Amaz\u00f4nia e contra a extin\u00e7\u00e3o da Reserva Nacional dos Cobres e Associados (Renca), regi\u00e3o de quase 5 milh\u00f5es de hectares entre os estados do Par\u00e1 e Amap\u00e1. Embora o presidente Michel [&hellip;]<\/p>\n","protected":false},"author":2,"featured_media":17761,"comment_status":"open","ping_status":"open","sticky":false,"template":"","format":"standard","meta":{"_acf_changed":false,"footnotes":""},"categories":[10,1882,6],"tags":[96,1040,973,3161,3528,552,3529,1748,1706,22,3517,3518],"class_list":{"0":"post-17757","1":"post","2":"type-post","3":"status-publish","4":"format-standard","5":"has-post-thumbnail","7":"category-acao-parlamentares","8":"category-brasil","9":"category-noticias","10":"tag-amazonia","11":"tag-decreto","12":"tag-edmilson-rodrigues","13":"tag-exploracao","14":"tag-extincao","15":"tag-ivan-valente","16":"tag-janete-capiberibe","17":"tag-michel-temer","18":"tag-projeto-de-decreto-legislativo","19":"tag-psol","20":"tag-renca","21":"tag-reserva"},"acf":[],"yoast_head":"<!-- This site is optimized with the Yoast SEO plugin v26.5 - https:\/\/yoast.com\/wordpress\/plugins\/seo\/ -->\n<title>Edmilson Rodrigues pede revoga\u00e7\u00e3o de decreto de Temer que extingue reserva na Amaz\u00f4nia - PSOL 50<\/title>\n<meta name=\"robots\" content=\"index, follow, max-snippet:-1, max-image-preview:large, max-video-preview:-1\" \/>\n<link rel=\"canonical\" href=\"https:\/\/psol50.org.br\/edmilson-rodrigues-pede-revogacao-de-decreto-de-temer-que-extingue-reserva-na-amazonia\/\" \/>\n<meta property=\"og:locale\" content=\"pt_BR\" \/>\n<meta property=\"og:type\" content=\"article\" \/>\n<meta property=\"og:title\" content=\"Edmilson Rodrigues pede revoga\u00e7\u00e3o de decreto de Temer que extingue reserva na Amaz\u00f4nia - PSOL 50\" \/>\n<meta property=\"og:description\" content=\"O deputado do PSOL do Par\u00e1, Edmilson Rodrigues, protocolou no final da manh\u00e3 desta ter\u00e7a-feira (29\/08) um Projeto de Decreto Legislativo em defesa da Amaz\u00f4nia e contra a extin\u00e7\u00e3o da Reserva Nacional dos Cobres e Associados (Renca), regi\u00e3o de quase 5 milh\u00f5es de hectares entre os estados do Par\u00e1 e Amap\u00e1. Embora o presidente Michel [&hellip;]\" \/>\n<meta property=\"og:url\" content=\"https:\/\/psol50.org.br\/edmilson-rodrigues-pede-revogacao-de-decreto-de-temer-que-extingue-reserva-na-amazonia\/\" \/>\n<meta property=\"og:site_name\" content=\"PSOL 50\" \/>\n<meta property=\"article:publisher\" content=\"https:\/\/www.facebook.com\/psol50\" \/>\n<meta property=\"article:published_time\" content=\"2017-08-29T19:13:36+00:00\" \/>\n<meta property=\"og:image\" content=\"https:\/\/psol50.org.br\/inc\/uploads\/2018\/07\/capa.png\" \/>\n\t<meta property=\"og:image:width\" content=\"1350\" \/>\n\t<meta property=\"og:image:height\" content=\"900\" \/>\n\t<meta property=\"og:image:type\" content=\"image\/png\" \/>\n<meta name=\"author\" content=\"Comunica\u00e7\u00e3o PSOL\" \/>\n<meta name=\"twitter:card\" content=\"summary_large_image\" \/>\n<meta name=\"twitter:creator\" content=\"@psol50\" \/>\n<meta name=\"twitter:site\" content=\"@psol50\" \/>\n<meta name=\"twitter:label1\" content=\"Escrito por\" \/>\n\t<meta name=\"twitter:data1\" content=\"Comunica\u00e7\u00e3o PSOL\" \/>\n\t<meta name=\"twitter:label2\" content=\"Est. tempo de leitura\" \/>\n\t<meta name=\"twitter:data2\" content=\"2 minutos\" \/>\n<script type=\"application\/ld+json\" class=\"yoast-schema-graph\">{\"@context\":\"https:\/\/schema.org\",\"@graph\":[{\"@type\":\"Article\",\"@id\":\"https:\/\/psol50.org.br\/edmilson-rodrigues-pede-revogacao-de-decreto-de-temer-que-extingue-reserva-na-amazonia\/#article\",\"isPartOf\":{\"@id\":\"https:\/\/psol50.org.br\/edmilson-rodrigues-pede-revogacao-de-decreto-de-temer-que-extingue-reserva-na-amazonia\/\"},\"author\":{\"name\":\"Comunica\u00e7\u00e3o PSOL\",\"@id\":\"https:\/\/psol50.org.br\/#\/schema\/person\/475dfa57d0b815993c714c2e96491fcd\"},\"headline\":\"Edmilson Rodrigues pede revoga\u00e7\u00e3o de decreto de Temer que extingue reserva na Amaz\u00f4nia\",\"datePublished\":\"2017-08-29T19:13:36+00:00\",\"mainEntityOfPage\":{\"@id\":\"https:\/\/psol50.org.br\/edmilson-rodrigues-pede-revogacao-de-decreto-de-temer-que-extingue-reserva-na-amazonia\/\"},\"wordCount\":437,\"commentCount\":0,\"publisher\":{\"@id\":\"https:\/\/psol50.org.br\/#organization\"},\"image\":{\"@id\":\"https:\/\/psol50.org.br\/edmilson-rodrigues-pede-revogacao-de-decreto-de-temer-que-extingue-reserva-na-amazonia\/#primaryimage\"},\"thumbnailUrl\":\"\",\"keywords\":[\"Amaz\u00f4nia\",\"decreto\",\"Edmilson Rodrigues\",\"explora\u00e7\u00e3o\",\"extin\u00e7\u00e3o\",\"Ivan Valente\",\"Janete Capiberibe\",\"Michel Temer\",\"projeto de decreto legislativo\",\"PSOL\",\"renca\",\"reserva\"],\"articleSection\":[\"A\u00e7\u00e3o Parlamentar\",\"Brasil\",\"Not\u00edcias\"],\"inLanguage\":\"pt-BR\",\"potentialAction\":[{\"@type\":\"CommentAction\",\"name\":\"Comment\",\"target\":[\"https:\/\/psol50.org.br\/edmilson-rodrigues-pede-revogacao-de-decreto-de-temer-que-extingue-reserva-na-amazonia\/#respond\"]}]},{\"@type\":\"WebPage\",\"@id\":\"https:\/\/psol50.org.br\/edmilson-rodrigues-pede-revogacao-de-decreto-de-temer-que-extingue-reserva-na-amazonia\/\",\"url\":\"https:\/\/psol50.org.br\/edmilson-rodrigues-pede-revogacao-de-decreto-de-temer-que-extingue-reserva-na-amazonia\/\",\"name\":\"Edmilson Rodrigues pede revoga\u00e7\u00e3o de decreto de Temer que extingue reserva na Amaz\u00f4nia - PSOL 50\",\"isPartOf\":{\"@id\":\"https:\/\/psol50.org.br\/#website\"},\"primaryImageOfPage\":{\"@id\":\"https:\/\/psol50.org.br\/edmilson-rodrigues-pede-revogacao-de-decreto-de-temer-que-extingue-reserva-na-amazonia\/#primaryimage\"},\"image\":{\"@id\":\"https:\/\/psol50.org.br\/edmilson-rodrigues-pede-revogacao-de-decreto-de-temer-que-extingue-reserva-na-amazonia\/#primaryimage\"},\"thumbnailUrl\":\"\",\"datePublished\":\"2017-08-29T19:13:36+00:00\",\"breadcrumb\":{\"@id\":\"https:\/\/psol50.org.br\/edmilson-rodrigues-pede-revogacao-de-decreto-de-temer-que-extingue-reserva-na-amazonia\/#breadcrumb\"},\"inLanguage\":\"pt-BR\",\"potentialAction\":[{\"@type\":\"ReadAction\",\"target\":[\"https:\/\/psol50.org.br\/edmilson-rodrigues-pede-revogacao-de-decreto-de-temer-que-extingue-reserva-na-amazonia\/\"]}]},{\"@type\":\"ImageObject\",\"inLanguage\":\"pt-BR\",\"@id\":\"https:\/\/psol50.org.br\/edmilson-rodrigues-pede-revogacao-de-decreto-de-temer-que-extingue-reserva-na-amazonia\/#primaryimage\",\"url\":\"\",\"contentUrl\":\"\"},{\"@type\":\"BreadcrumbList\",\"@id\":\"https:\/\/psol50.org.br\/edmilson-rodrigues-pede-revogacao-de-decreto-de-temer-que-extingue-reserva-na-amazonia\/#breadcrumb\",\"itemListElement\":[{\"@type\":\"ListItem\",\"position\":1,\"name\":\"In\u00edcio\",\"item\":\"https:\/\/psol50.org.br\/\"},{\"@type\":\"ListItem\",\"position\":2,\"name\":\"Edmilson Rodrigues pede revoga\u00e7\u00e3o de decreto de Temer que extingue reserva na Amaz\u00f4nia\"}]},{\"@type\":\"WebSite\",\"@id\":\"https:\/\/psol50.org.br\/#website\",\"url\":\"https:\/\/psol50.org.br\/\",\"name\":\"PSOL 50\",\"description\":\"Site oficial do Partido Socialismo e Liberdade\",\"publisher\":{\"@id\":\"https:\/\/psol50.org.br\/#organization\"},\"alternateName\":\"PSOL50\",\"potentialAction\":[{\"@type\":\"SearchAction\",\"target\":{\"@type\":\"EntryPoint\",\"urlTemplate\":\"https:\/\/psol50.org.br\/?s={search_term_string}\"},\"query-input\":{\"@type\":\"PropertyValueSpecification\",\"valueRequired\":true,\"valueName\":\"search_term_string\"}}],\"inLanguage\":\"pt-BR\"},{\"@type\":\"Organization\",\"@id\":\"https:\/\/psol50.org.br\/#organization\",\"name\":\"PSOL 50\",\"alternateName\":\"PSOL 50\",\"url\":\"https:\/\/psol50.org.br\/\",\"logo\":{\"@type\":\"ImageObject\",\"inLanguage\":\"pt-BR\",\"@id\":\"https:\/\/psol50.org.br\/#\/schema\/logo\/image\/\",\"url\":\"https:\/\/psol50.org.br\/inc\/uploads\/2018\/07\/capa.png\",\"contentUrl\":\"https:\/\/psol50.org.br\/inc\/uploads\/2018\/07\/capa.png\",\"width\":1350,\"height\":900,\"caption\":\"PSOL 50\"},\"image\":{\"@id\":\"https:\/\/psol50.org.br\/#\/schema\/logo\/image\/\"},\"sameAs\":[\"https:\/\/www.facebook.com\/psol50\",\"https:\/\/x.com\/psol50\",\"https:\/\/www.instagram.com\/psol50\/\",\"https:\/\/www.youtube.com\/channel\/UC7SnJS5o1os7a6CaiNabzcg\"]},{\"@type\":\"Person\",\"@id\":\"https:\/\/psol50.org.br\/#\/schema\/person\/475dfa57d0b815993c714c2e96491fcd\",\"name\":\"Comunica\u00e7\u00e3o PSOL\",\"image\":{\"@type\":\"ImageObject\",\"inLanguage\":\"pt-BR\",\"@id\":\"https:\/\/psol50.org.br\/#\/schema\/person\/image\/\",\"url\":\"https:\/\/secure.gravatar.com\/avatar\/b34fc4f4e468a4e51785917065a3db57b841f5c95dba6ad8c73aaf8f66f8f9bf?s=96&d=mm&r=g\",\"contentUrl\":\"https:\/\/secure.gravatar.com\/avatar\/b34fc4f4e468a4e51785917065a3db57b841f5c95dba6ad8c73aaf8f66f8f9bf?s=96&d=mm&r=g\",\"caption\":\"Comunica\u00e7\u00e3o PSOL\"}}]}<\/script>\n<!-- \/ Yoast SEO plugin. -->","yoast_head_json":{"title":"Edmilson Rodrigues pede revoga\u00e7\u00e3o de decreto de Temer que extingue reserva na Amaz\u00f4nia - PSOL 50","robots":{"index":"index","follow":"follow","max-snippet":"max-snippet:-1","max-image-preview":"max-image-preview:large","max-video-preview":"max-video-preview:-1"},"canonical":"https:\/\/psol50.org.br\/edmilson-rodrigues-pede-revogacao-de-decreto-de-temer-que-extingue-reserva-na-amazonia\/","og_locale":"pt_BR","og_type":"article","og_title":"Edmilson Rodrigues pede revoga\u00e7\u00e3o de decreto de Temer que extingue reserva na Amaz\u00f4nia - PSOL 50","og_description":"O deputado do PSOL do Par\u00e1, Edmilson Rodrigues, protocolou no final da manh\u00e3 desta ter\u00e7a-feira (29\/08) um Projeto de Decreto Legislativo em defesa da Amaz\u00f4nia e contra a extin\u00e7\u00e3o da Reserva Nacional dos Cobres e Associados (Renca), regi\u00e3o de quase 5 milh\u00f5es de hectares entre os estados do Par\u00e1 e Amap\u00e1. Embora o presidente Michel [&hellip;]","og_url":"https:\/\/psol50.org.br\/edmilson-rodrigues-pede-revogacao-de-decreto-de-temer-que-extingue-reserva-na-amazonia\/","og_site_name":"PSOL 50","article_publisher":"https:\/\/www.facebook.com\/psol50","article_published_time":"2017-08-29T19:13:36+00:00","og_image":[{"width":1350,"height":900,"url":"https:\/\/psol50.org.br\/inc\/uploads\/2018\/07\/capa.png","type":"image\/png"}],"author":"Comunica\u00e7\u00e3o PSOL","twitter_card":"summary_large_image","twitter_creator":"@psol50","twitter_site":"@psol50","twitter_misc":{"Escrito por":"Comunica\u00e7\u00e3o PSOL","Est. tempo de leitura":"2 minutos"},"schema":{"@context":"https:\/\/schema.org","@graph":[{"@type":"Article","@id":"https:\/\/psol50.org.br\/edmilson-rodrigues-pede-revogacao-de-decreto-de-temer-que-extingue-reserva-na-amazonia\/#article","isPartOf":{"@id":"https:\/\/psol50.org.br\/edmilson-rodrigues-pede-revogacao-de-decreto-de-temer-que-extingue-reserva-na-amazonia\/"},"author":{"name":"Comunica\u00e7\u00e3o PSOL","@id":"https:\/\/psol50.org.br\/#\/schema\/person\/475dfa57d0b815993c714c2e96491fcd"},"headline":"Edmilson Rodrigues pede revoga\u00e7\u00e3o de decreto de Temer que extingue reserva na Amaz\u00f4nia","datePublished":"2017-08-29T19:13:36+00:00","mainEntityOfPage":{"@id":"https:\/\/psol50.org.br\/edmilson-rodrigues-pede-revogacao-de-decreto-de-temer-que-extingue-reserva-na-amazonia\/"},"wordCount":437,"commentCount":0,"publisher":{"@id":"https:\/\/psol50.org.br\/#organization"},"image":{"@id":"https:\/\/psol50.org.br\/edmilson-rodrigues-pede-revogacao-de-decreto-de-temer-que-extingue-reserva-na-amazonia\/#primaryimage"},"thumbnailUrl":"","keywords":["Amaz\u00f4nia","decreto","Edmilson Rodrigues","explora\u00e7\u00e3o","extin\u00e7\u00e3o","Ivan Valente","Janete Capiberibe","Michel Temer","projeto de decreto legislativo","PSOL","renca","reserva"],"articleSection":["A\u00e7\u00e3o Parlamentar","Brasil","Not\u00edcias"],"inLanguage":"pt-BR","potentialAction":[{"@type":"CommentAction","name":"Comment","target":["https:\/\/psol50.org.br\/edmilson-rodrigues-pede-revogacao-de-decreto-de-temer-que-extingue-reserva-na-amazonia\/#respond"]}]},{"@type":"WebPage","@id":"https:\/\/psol50.org.br\/edmilson-rodrigues-pede-revogacao-de-decreto-de-temer-que-extingue-reserva-na-amazonia\/","url":"https:\/\/psol50.org.br\/edmilson-rodrigues-pede-revogacao-de-decreto-de-temer-que-extingue-reserva-na-amazonia\/","name":"Edmilson Rodrigues pede revoga\u00e7\u00e3o de decreto de Temer que extingue reserva na Amaz\u00f4nia - PSOL 50","isPartOf":{"@id":"https:\/\/psol50.org.br\/#website"},"primaryImageOfPage":{"@id":"https:\/\/psol50.org.br\/edmilson-rodrigues-pede-revogacao-de-decreto-de-temer-que-extingue-reserva-na-amazonia\/#primaryimage"},"image":{"@id":"https:\/\/psol50.org.br\/edmilson-rodrigues-pede-revogacao-de-decreto-de-temer-que-extingue-reserva-na-amazonia\/#primaryimage"},"thumbnailUrl":"","datePublished":"2017-08-29T19:13:36+00:00","breadcrumb":{"@id":"https:\/\/psol50.org.br\/edmilson-rodrigues-pede-revogacao-de-decreto-de-temer-que-extingue-reserva-na-amazonia\/#breadcrumb"},"inLanguage":"pt-BR","potentialAction":[{"@type":"ReadAction","target":["https:\/\/psol50.org.br\/edmilson-rodrigues-pede-revogacao-de-decreto-de-temer-que-extingue-reserva-na-amazonia\/"]}]},{"@type":"ImageObject","inLanguage":"pt-BR","@id":"https:\/\/psol50.org.br\/edmilson-rodrigues-pede-revogacao-de-decreto-de-temer-que-extingue-reserva-na-amazonia\/#primaryimage","url":"","contentUrl":""},{"@type":"BreadcrumbList","@id":"https:\/\/psol50.org.br\/edmilson-rodrigues-pede-revogacao-de-decreto-de-temer-que-extingue-reserva-na-amazonia\/#breadcrumb","itemListElement":[{"@type":"ListItem","position":1,"name":"In\u00edcio","item":"https:\/\/psol50.org.br\/"},{"@type":"ListItem","position":2,"name":"Edmilson Rodrigues pede revoga\u00e7\u00e3o de decreto de Temer que extingue reserva na Amaz\u00f4nia"}]},{"@type":"WebSite","@id":"https:\/\/psol50.org.br\/#website","url":"https:\/\/psol50.org.br\/","name":"PSOL 50","description":"Site oficial do Partido Socialismo e Liberdade","publisher":{"@id":"https:\/\/psol50.org.br\/#organization"},"alternateName":"PSOL50","potentialAction":[{"@type":"SearchAction","target":{"@type":"EntryPoint","urlTemplate":"https:\/\/psol50.org.br\/?s={search_term_string}"},"query-input":{"@type":"PropertyValueSpecification","valueRequired":true,"valueName":"search_term_string"}}],"inLanguage":"pt-BR"},{"@type":"Organization","@id":"https:\/\/psol50.org.br\/#organization","name":"PSOL 50","alternateName":"PSOL 50","url":"https:\/\/psol50.org.br\/","logo":{"@type":"ImageObject","inLanguage":"pt-BR","@id":"https:\/\/psol50.org.br\/#\/schema\/logo\/image\/","url":"https:\/\/psol50.org.br\/inc\/uploads\/2018\/07\/capa.png","contentUrl":"https:\/\/psol50.org.br\/inc\/uploads\/2018\/07\/capa.png","width":1350,"height":900,"caption":"PSOL 50"},"image":{"@id":"https:\/\/psol50.org.br\/#\/schema\/logo\/image\/"},"sameAs":["https:\/\/www.facebook.com\/psol50","https:\/\/x.com\/psol50","https:\/\/www.instagram.com\/psol50\/","https:\/\/www.youtube.com\/channel\/UC7SnJS5o1os7a6CaiNabzcg"]},{"@type":"Person","@id":"https:\/\/psol50.org.br\/#\/schema\/person\/475dfa57d0b815993c714c2e96491fcd","name":"Comunica\u00e7\u00e3o PSOL","image":{"@type":"ImageObject","inLanguage":"pt-BR","@id":"https:\/\/psol50.org.br\/#\/schema\/person\/image\/","url":"https:\/\/secure.gravatar.com\/avatar\/b34fc4f4e468a4e51785917065a3db57b841f5c95dba6ad8c73aaf8f66f8f9bf?s=96&d=mm&r=g","contentUrl":"https:\/\/secure.gravatar.com\/avatar\/b34fc4f4e468a4e51785917065a3db57b841f5c95dba6ad8c73aaf8f66f8f9bf?s=96&d=mm&r=g","caption":"Comunica\u00e7\u00e3o PSOL"}}]}},"_links":{"self":[{"href":"https:\/\/psol50.org.br\/rest\/wp\/v2\/posts\/17757","targetHints":{"allow":["GET"]}}],"collection":[{"href":"https:\/\/psol50.org.br\/rest\/wp\/v2\/posts"}],"about":[{"href":"https:\/\/psol50.org.br\/rest\/wp\/v2\/types\/post"}],"author":[{"embeddable":true,"href":"https:\/\/psol50.org.br\/rest\/wp\/v2\/users\/2"}],"replies":[{"embeddable":true,"href":"https:\/\/psol50.org.br\/rest\/wp\/v2\/comments?post=17757"}],"version-history":[{"count":0,"href":"https:\/\/psol50.org.br\/rest\/wp\/v2\/posts\/17757\/revisions"}],"wp:featuredmedia":[{"embeddable":true,"href":"https:\/\/psol50.org.br\/rest\/"}],"wp:attachment":[{"href":"https:\/\/psol50.org.br\/rest\/wp\/v2\/media?parent=17757"}],"wp:term":[{"taxonomy":"category","embeddable":true,"href":"https:\/\/psol50.org.br\/rest\/wp\/v2\/categories?post=17757"},{"taxonomy":"post_tag","embeddable":true,"href":"https:\/\/psol50.org.br\/rest\/wp\/v2\/tags?post=17757"}],"curies":[{"name":"wp","href":"https:\/\/api.w.org\/{rel}","templated":true}]}}