{"id":1786,"date":"2012-08-07T00:00:00","date_gmt":"2012-08-07T00:00:00","guid":{"rendered":"http:\/\/psol50.org.br\/arquivo\/2012\/08\/07\/a-decisao-da-justica-carioca-e-a-reafirmacao-do-codigo-de-etica-dos-psicologos\/"},"modified":"2012-08-07T00:00:00","modified_gmt":"2012-08-07T00:00:00","slug":"a-decisao-da-justica-carioca-e-a-reafirmacao-do-codigo-de-etica-dos-psicologos","status":"publish","type":"post","link":"https:\/\/psol50.org.br\/a-decisao-da-justica-carioca-e-a-reafirmacao-do-codigo-de-etica-dos-psicologos\/","title":{"rendered":"A decis\u00e3o da justi\u00e7a carioca e a reafirma\u00e7\u00e3o do c\u00f3digo de \u00e9tica dos psic\u00f3logos"},"content":{"rendered":"<p>Em 23 de julho a justi\u00e7a carioca indeferiu o pedido de suspens\u00e3o da resolu\u00e7\u00e3o interna 1\/99 do Conselho Federal de Psicologia, que impede os psic\u00f3logos de refor\u00e7ar preconceitos ou discrimina\u00e7\u00f5es ligadas \u00e0 orienta\u00e7\u00e3o sexual. Entre alguns dos preconceitos est\u00e3o: a patologiza\u00e7\u00e3o de comportamentos e pr\u00e1ticas; a participa\u00e7\u00e3o em eventos que proponham a cura de homossexualidades e; a utiliza\u00e7\u00e3o de pr\u00e1ticas coercitivas tendentes a orientar homossexuais para tratamentos n\u00e3o solicitados, refor\u00e7ando, assim, a compet\u00eancia e a autonomia do Conselho em regulamentar a pr\u00e1tica dos profissionais que a ele est\u00e3o submetidos.<\/p>\n<p>Protocolada de forma arbitr\u00e1ria pelo Minist\u00e9rio P\u00fablico Federal, por ser de iniciativa do pr\u00f3prio procurador (o que vai contra as resolu\u00e7\u00f5es dos Conselhos Federais que regulamentam a atividade dos procuradores p\u00fablicos), a a\u00e7\u00e3o tem a mesma finalidade do Projeto de Decreto Legislativo 234\/11, protocolado mais de 10 anos ap\u00f3s a efetiva validade da resolu\u00e7\u00e3o do CFP. Resolu\u00e7\u00e3o esta que esconde a tentativa de transformar novamente a homossexualidade em doen\u00e7a, sob a bandeira do \u201cdireito \u00e0 assist\u00eancia Psicol\u00f3gica\u201d, que, segundo os proponentes, \u00e9 negado \u00e0s pessoas que precisam de assist\u00eancia m\u00e9dica para se transformarem em heterossexuais.<\/p>\n<p>No entendimento do Tribunal Regional Federal (TRF), a a\u00e7\u00e3o civil p\u00fablica do Minist\u00e9rio P\u00fablico Federal n\u00e3o tem cabimento, pois a lei 5.766\/71 atribui ao Conselho Federal de Psicologia a fun\u00e7\u00e3o de normatiza\u00e7\u00e3o e de regula\u00e7\u00e3o de atividade profissional, portanto, estando totalmente dentro da legalidade e da compet\u00eancia do Conselho.<\/p>\n<p>Segundo nota do Conselho Federal de Psicologia sobre o julgamento da a\u00e7\u00e3o divulgada no dia 27 de julho, \u201c\u00e9 equivocada qualquer afirma\u00e7\u00e3o de que os psic\u00f3logos est\u00e3o proibidos de atenderem homossexuais que busquem seus servi\u00e7os, sob qualquer demanda de atendimento. A Resolu\u00e7\u00e3o impede os psic\u00f3logos de colaborarem com eventos ou servi\u00e7os que proponham tratamentos e cura da homossexualidade, seguindo as normas da Organiza\u00e7\u00e3o Mundial de Sa\u00fade (OMS)\u201d.<\/p>\n<p>A nota ainda prossegue: \u201cO art. 49 da Constitui\u00e7\u00e3o Federal autoriza o Poder Legislativo a sustar os atos normativos do Poder Executivo. Ocorre que os Conselhos Profissionais n\u00e3o integram o Poder Executivo\u201d, o que, claramente, confirma que o Projeto de Decreto Legislativo em tramita\u00e7\u00e3o na C\u00e2mara dos Deputados trata-se de uma aberra\u00e7\u00e3o \u00e0 legalidade, fruto da clara inten\u00e7\u00e3o de desqualificar a comunidade LGBT para rebaixar seus pleitos a meros \u201cdevaneios\u201d, em um momento em que os direitos LGBT est\u00e3o sendo reconhecidos.<\/p>\n<p>Para o deputado Jean Wyllys (PSOL\/RJ), a decis\u00e3o do TRF vai de encontro com consenso j\u00e1 estabelecido dentro da comunidade cient\u00edfica: o de que a homossexualidade \u00e9 express\u00e3o normal da sexualidade, como assim afirmou a OMS em 1999. Segundo Wyllys, o que um LGBT precisa, caso procure um\/a psic\u00f3logo\/a para falar de sofrimento ps\u00edquico \u00e9 de um profissional que o ajude a colocar o seu ego em sintonia com o seu desejo, pois estes sentimentos negativos que alguns LGBT possam vir a sentir em rela\u00e7\u00e3o \u00e0 sua orienta\u00e7\u00e3o sexual s\u00e3o culpa da cultura homof\u00f3bica instalada em nosso pa\u00eds: \u201cO que \u00e9 preciso \u00e9 assumir para si o seu desejo, sair da vergonha para o orgulho e n\u00e3o refor\u00e7ar esta egodistonia por meio de discursos com fundo religioso. S\u00f3 assim vai acabar o sofrimento.\u201d, conclui Wyllys.<\/p>\n<p><em>Fonte: www.jeanwyllys.com.br<\/em><\/p>\n","protected":false},"excerpt":{"rendered":"<p>Em 23 de julho a justi\u00e7a carioca indeferiu o pedido de suspens\u00e3o da resolu\u00e7\u00e3o interna 1\/99 do Conselho Federal de Psicologia, que impede os psic\u00f3logos de refor\u00e7ar preconceitos ou discrimina\u00e7\u00f5es ligadas \u00e0 orienta\u00e7\u00e3o sexual. Entre alguns dos preconceitos est\u00e3o: a patologiza\u00e7\u00e3o de comportamentos e pr\u00e1ticas; a participa\u00e7\u00e3o em eventos que proponham a cura de homossexualidades [&hellip;]<\/p>\n","protected":false},"author":2,"featured_media":0,"comment_status":"open","ping_status":"open","sticky":false,"template":"","format":"standard","meta":{"_acf_changed":false,"footnotes":""},"categories":[4766],"tags":[],"class_list":{"0":"post-1786","1":"post","2":"type-post","3":"status-publish","4":"format-standard","6":"category-arquivo"},"acf":[],"yoast_head":"<!-- This site is optimized with the Yoast SEO plugin v26.5 - https:\/\/yoast.com\/wordpress\/plugins\/seo\/ -->\n<title>A decis\u00e3o da justi\u00e7a carioca e a reafirma\u00e7\u00e3o do c\u00f3digo de \u00e9tica dos psic\u00f3logos - PSOL 50<\/title>\n<meta name=\"robots\" content=\"index, follow, max-snippet:-1, max-image-preview:large, max-video-preview:-1\" \/>\n<link rel=\"canonical\" href=\"https:\/\/psol50.org.br\/a-decisao-da-justica-carioca-e-a-reafirmacao-do-codigo-de-etica-dos-psicologos\/\" \/>\n<meta property=\"og:locale\" content=\"pt_BR\" \/>\n<meta property=\"og:type\" content=\"article\" \/>\n<meta property=\"og:title\" content=\"A decis\u00e3o da justi\u00e7a carioca e a reafirma\u00e7\u00e3o do c\u00f3digo de \u00e9tica dos psic\u00f3logos - PSOL 50\" \/>\n<meta property=\"og:description\" content=\"Em 23 de julho a justi\u00e7a carioca indeferiu o pedido de suspens\u00e3o da resolu\u00e7\u00e3o interna 1\/99 do Conselho Federal de Psicologia, que impede os psic\u00f3logos de refor\u00e7ar preconceitos ou discrimina\u00e7\u00f5es ligadas \u00e0 orienta\u00e7\u00e3o sexual. Entre alguns dos preconceitos est\u00e3o: a patologiza\u00e7\u00e3o de comportamentos e pr\u00e1ticas; a participa\u00e7\u00e3o em eventos que proponham a cura de homossexualidades [&hellip;]\" \/>\n<meta property=\"og:url\" content=\"https:\/\/psol50.org.br\/a-decisao-da-justica-carioca-e-a-reafirmacao-do-codigo-de-etica-dos-psicologos\/\" \/>\n<meta property=\"og:site_name\" content=\"PSOL 50\" \/>\n<meta property=\"article:publisher\" content=\"https:\/\/www.facebook.com\/psol50\" \/>\n<meta property=\"article:published_time\" content=\"2012-08-07T00:00:00+00:00\" \/>\n<meta property=\"og:image\" content=\"https:\/\/psol50.org.br\/inc\/uploads\/2018\/07\/capa.png\" \/>\n\t<meta property=\"og:image:width\" content=\"1350\" \/>\n\t<meta property=\"og:image:height\" content=\"900\" \/>\n\t<meta property=\"og:image:type\" content=\"image\/png\" \/>\n<meta name=\"author\" content=\"Comunica\u00e7\u00e3o PSOL\" \/>\n<meta name=\"twitter:card\" content=\"summary_large_image\" \/>\n<meta name=\"twitter:creator\" content=\"@psol50\" \/>\n<meta name=\"twitter:site\" content=\"@psol50\" \/>\n<meta name=\"twitter:label1\" content=\"Escrito por\" \/>\n\t<meta name=\"twitter:data1\" content=\"Comunica\u00e7\u00e3o PSOL\" \/>\n\t<meta name=\"twitter:label2\" content=\"Est. tempo de leitura\" \/>\n\t<meta name=\"twitter:data2\" content=\"3 minutos\" \/>\n<script type=\"application\/ld+json\" class=\"yoast-schema-graph\">{\"@context\":\"https:\/\/schema.org\",\"@graph\":[{\"@type\":\"Article\",\"@id\":\"https:\/\/psol50.org.br\/a-decisao-da-justica-carioca-e-a-reafirmacao-do-codigo-de-etica-dos-psicologos\/#article\",\"isPartOf\":{\"@id\":\"https:\/\/psol50.org.br\/a-decisao-da-justica-carioca-e-a-reafirmacao-do-codigo-de-etica-dos-psicologos\/\"},\"author\":{\"name\":\"Comunica\u00e7\u00e3o PSOL\",\"@id\":\"https:\/\/psol50.org.br\/#\/schema\/person\/475dfa57d0b815993c714c2e96491fcd\"},\"headline\":\"A decis\u00e3o da justi\u00e7a carioca e a reafirma\u00e7\u00e3o do c\u00f3digo de \u00e9tica dos psic\u00f3logos\",\"datePublished\":\"2012-08-07T00:00:00+00:00\",\"mainEntityOfPage\":{\"@id\":\"https:\/\/psol50.org.br\/a-decisao-da-justica-carioca-e-a-reafirmacao-do-codigo-de-etica-dos-psicologos\/\"},\"wordCount\":596,\"commentCount\":0,\"publisher\":{\"@id\":\"https:\/\/psol50.org.br\/#organization\"},\"articleSection\":[\"Arquivo\"],\"inLanguage\":\"pt-BR\",\"potentialAction\":[{\"@type\":\"CommentAction\",\"name\":\"Comment\",\"target\":[\"https:\/\/psol50.org.br\/a-decisao-da-justica-carioca-e-a-reafirmacao-do-codigo-de-etica-dos-psicologos\/#respond\"]}]},{\"@type\":\"WebPage\",\"@id\":\"https:\/\/psol50.org.br\/a-decisao-da-justica-carioca-e-a-reafirmacao-do-codigo-de-etica-dos-psicologos\/\",\"url\":\"https:\/\/psol50.org.br\/a-decisao-da-justica-carioca-e-a-reafirmacao-do-codigo-de-etica-dos-psicologos\/\",\"name\":\"A decis\u00e3o da justi\u00e7a carioca e a reafirma\u00e7\u00e3o do c\u00f3digo de \u00e9tica dos psic\u00f3logos - PSOL 50\",\"isPartOf\":{\"@id\":\"https:\/\/psol50.org.br\/#website\"},\"datePublished\":\"2012-08-07T00:00:00+00:00\",\"breadcrumb\":{\"@id\":\"https:\/\/psol50.org.br\/a-decisao-da-justica-carioca-e-a-reafirmacao-do-codigo-de-etica-dos-psicologos\/#breadcrumb\"},\"inLanguage\":\"pt-BR\",\"potentialAction\":[{\"@type\":\"ReadAction\",\"target\":[\"https:\/\/psol50.org.br\/a-decisao-da-justica-carioca-e-a-reafirmacao-do-codigo-de-etica-dos-psicologos\/\"]}]},{\"@type\":\"BreadcrumbList\",\"@id\":\"https:\/\/psol50.org.br\/a-decisao-da-justica-carioca-e-a-reafirmacao-do-codigo-de-etica-dos-psicologos\/#breadcrumb\",\"itemListElement\":[{\"@type\":\"ListItem\",\"position\":1,\"name\":\"In\u00edcio\",\"item\":\"https:\/\/psol50.org.br\/\"},{\"@type\":\"ListItem\",\"position\":2,\"name\":\"A decis\u00e3o da justi\u00e7a carioca e a reafirma\u00e7\u00e3o do c\u00f3digo de \u00e9tica dos psic\u00f3logos\"}]},{\"@type\":\"WebSite\",\"@id\":\"https:\/\/psol50.org.br\/#website\",\"url\":\"https:\/\/psol50.org.br\/\",\"name\":\"PSOL 50\",\"description\":\"Site oficial do Partido Socialismo e Liberdade\",\"publisher\":{\"@id\":\"https:\/\/psol50.org.br\/#organization\"},\"alternateName\":\"PSOL50\",\"potentialAction\":[{\"@type\":\"SearchAction\",\"target\":{\"@type\":\"EntryPoint\",\"urlTemplate\":\"https:\/\/psol50.org.br\/?s={search_term_string}\"},\"query-input\":{\"@type\":\"PropertyValueSpecification\",\"valueRequired\":true,\"valueName\":\"search_term_string\"}}],\"inLanguage\":\"pt-BR\"},{\"@type\":\"Organization\",\"@id\":\"https:\/\/psol50.org.br\/#organization\",\"name\":\"PSOL 50\",\"alternateName\":\"PSOL 50\",\"url\":\"https:\/\/psol50.org.br\/\",\"logo\":{\"@type\":\"ImageObject\",\"inLanguage\":\"pt-BR\",\"@id\":\"https:\/\/psol50.org.br\/#\/schema\/logo\/image\/\",\"url\":\"https:\/\/psol50.org.br\/inc\/uploads\/2018\/07\/capa.png\",\"contentUrl\":\"https:\/\/psol50.org.br\/inc\/uploads\/2018\/07\/capa.png\",\"width\":1350,\"height\":900,\"caption\":\"PSOL 50\"},\"image\":{\"@id\":\"https:\/\/psol50.org.br\/#\/schema\/logo\/image\/\"},\"sameAs\":[\"https:\/\/www.facebook.com\/psol50\",\"https:\/\/x.com\/psol50\",\"https:\/\/www.instagram.com\/psol50\/\",\"https:\/\/www.youtube.com\/channel\/UC7SnJS5o1os7a6CaiNabzcg\"]},{\"@type\":\"Person\",\"@id\":\"https:\/\/psol50.org.br\/#\/schema\/person\/475dfa57d0b815993c714c2e96491fcd\",\"name\":\"Comunica\u00e7\u00e3o PSOL\",\"image\":{\"@type\":\"ImageObject\",\"inLanguage\":\"pt-BR\",\"@id\":\"https:\/\/psol50.org.br\/#\/schema\/person\/image\/\",\"url\":\"https:\/\/secure.gravatar.com\/avatar\/b34fc4f4e468a4e51785917065a3db57b841f5c95dba6ad8c73aaf8f66f8f9bf?s=96&d=mm&r=g\",\"contentUrl\":\"https:\/\/secure.gravatar.com\/avatar\/b34fc4f4e468a4e51785917065a3db57b841f5c95dba6ad8c73aaf8f66f8f9bf?s=96&d=mm&r=g\",\"caption\":\"Comunica\u00e7\u00e3o PSOL\"}}]}<\/script>\n<!-- \/ Yoast SEO plugin. -->","yoast_head_json":{"title":"A decis\u00e3o da justi\u00e7a carioca e a reafirma\u00e7\u00e3o do c\u00f3digo de \u00e9tica dos psic\u00f3logos - PSOL 50","robots":{"index":"index","follow":"follow","max-snippet":"max-snippet:-1","max-image-preview":"max-image-preview:large","max-video-preview":"max-video-preview:-1"},"canonical":"https:\/\/psol50.org.br\/a-decisao-da-justica-carioca-e-a-reafirmacao-do-codigo-de-etica-dos-psicologos\/","og_locale":"pt_BR","og_type":"article","og_title":"A decis\u00e3o da justi\u00e7a carioca e a reafirma\u00e7\u00e3o do c\u00f3digo de \u00e9tica dos psic\u00f3logos - PSOL 50","og_description":"Em 23 de julho a justi\u00e7a carioca indeferiu o pedido de suspens\u00e3o da resolu\u00e7\u00e3o interna 1\/99 do Conselho Federal de Psicologia, que impede os psic\u00f3logos de refor\u00e7ar preconceitos ou discrimina\u00e7\u00f5es ligadas \u00e0 orienta\u00e7\u00e3o sexual. Entre alguns dos preconceitos est\u00e3o: a patologiza\u00e7\u00e3o de comportamentos e pr\u00e1ticas; a participa\u00e7\u00e3o em eventos que proponham a cura de homossexualidades [&hellip;]","og_url":"https:\/\/psol50.org.br\/a-decisao-da-justica-carioca-e-a-reafirmacao-do-codigo-de-etica-dos-psicologos\/","og_site_name":"PSOL 50","article_publisher":"https:\/\/www.facebook.com\/psol50","article_published_time":"2012-08-07T00:00:00+00:00","og_image":[{"width":1350,"height":900,"url":"https:\/\/psol50.org.br\/inc\/uploads\/2018\/07\/capa.png","type":"image\/png"}],"author":"Comunica\u00e7\u00e3o PSOL","twitter_card":"summary_large_image","twitter_creator":"@psol50","twitter_site":"@psol50","twitter_misc":{"Escrito por":"Comunica\u00e7\u00e3o PSOL","Est. tempo de leitura":"3 minutos"},"schema":{"@context":"https:\/\/schema.org","@graph":[{"@type":"Article","@id":"https:\/\/psol50.org.br\/a-decisao-da-justica-carioca-e-a-reafirmacao-do-codigo-de-etica-dos-psicologos\/#article","isPartOf":{"@id":"https:\/\/psol50.org.br\/a-decisao-da-justica-carioca-e-a-reafirmacao-do-codigo-de-etica-dos-psicologos\/"},"author":{"name":"Comunica\u00e7\u00e3o PSOL","@id":"https:\/\/psol50.org.br\/#\/schema\/person\/475dfa57d0b815993c714c2e96491fcd"},"headline":"A decis\u00e3o da justi\u00e7a carioca e a reafirma\u00e7\u00e3o do c\u00f3digo de \u00e9tica dos psic\u00f3logos","datePublished":"2012-08-07T00:00:00+00:00","mainEntityOfPage":{"@id":"https:\/\/psol50.org.br\/a-decisao-da-justica-carioca-e-a-reafirmacao-do-codigo-de-etica-dos-psicologos\/"},"wordCount":596,"commentCount":0,"publisher":{"@id":"https:\/\/psol50.org.br\/#organization"},"articleSection":["Arquivo"],"inLanguage":"pt-BR","potentialAction":[{"@type":"CommentAction","name":"Comment","target":["https:\/\/psol50.org.br\/a-decisao-da-justica-carioca-e-a-reafirmacao-do-codigo-de-etica-dos-psicologos\/#respond"]}]},{"@type":"WebPage","@id":"https:\/\/psol50.org.br\/a-decisao-da-justica-carioca-e-a-reafirmacao-do-codigo-de-etica-dos-psicologos\/","url":"https:\/\/psol50.org.br\/a-decisao-da-justica-carioca-e-a-reafirmacao-do-codigo-de-etica-dos-psicologos\/","name":"A decis\u00e3o da justi\u00e7a carioca e a reafirma\u00e7\u00e3o do c\u00f3digo de \u00e9tica dos psic\u00f3logos - PSOL 50","isPartOf":{"@id":"https:\/\/psol50.org.br\/#website"},"datePublished":"2012-08-07T00:00:00+00:00","breadcrumb":{"@id":"https:\/\/psol50.org.br\/a-decisao-da-justica-carioca-e-a-reafirmacao-do-codigo-de-etica-dos-psicologos\/#breadcrumb"},"inLanguage":"pt-BR","potentialAction":[{"@type":"ReadAction","target":["https:\/\/psol50.org.br\/a-decisao-da-justica-carioca-e-a-reafirmacao-do-codigo-de-etica-dos-psicologos\/"]}]},{"@type":"BreadcrumbList","@id":"https:\/\/psol50.org.br\/a-decisao-da-justica-carioca-e-a-reafirmacao-do-codigo-de-etica-dos-psicologos\/#breadcrumb","itemListElement":[{"@type":"ListItem","position":1,"name":"In\u00edcio","item":"https:\/\/psol50.org.br\/"},{"@type":"ListItem","position":2,"name":"A decis\u00e3o da justi\u00e7a carioca e a reafirma\u00e7\u00e3o do c\u00f3digo de \u00e9tica dos psic\u00f3logos"}]},{"@type":"WebSite","@id":"https:\/\/psol50.org.br\/#website","url":"https:\/\/psol50.org.br\/","name":"PSOL 50","description":"Site oficial do Partido Socialismo e Liberdade","publisher":{"@id":"https:\/\/psol50.org.br\/#organization"},"alternateName":"PSOL50","potentialAction":[{"@type":"SearchAction","target":{"@type":"EntryPoint","urlTemplate":"https:\/\/psol50.org.br\/?s={search_term_string}"},"query-input":{"@type":"PropertyValueSpecification","valueRequired":true,"valueName":"search_term_string"}}],"inLanguage":"pt-BR"},{"@type":"Organization","@id":"https:\/\/psol50.org.br\/#organization","name":"PSOL 50","alternateName":"PSOL 50","url":"https:\/\/psol50.org.br\/","logo":{"@type":"ImageObject","inLanguage":"pt-BR","@id":"https:\/\/psol50.org.br\/#\/schema\/logo\/image\/","url":"https:\/\/psol50.org.br\/inc\/uploads\/2018\/07\/capa.png","contentUrl":"https:\/\/psol50.org.br\/inc\/uploads\/2018\/07\/capa.png","width":1350,"height":900,"caption":"PSOL 50"},"image":{"@id":"https:\/\/psol50.org.br\/#\/schema\/logo\/image\/"},"sameAs":["https:\/\/www.facebook.com\/psol50","https:\/\/x.com\/psol50","https:\/\/www.instagram.com\/psol50\/","https:\/\/www.youtube.com\/channel\/UC7SnJS5o1os7a6CaiNabzcg"]},{"@type":"Person","@id":"https:\/\/psol50.org.br\/#\/schema\/person\/475dfa57d0b815993c714c2e96491fcd","name":"Comunica\u00e7\u00e3o PSOL","image":{"@type":"ImageObject","inLanguage":"pt-BR","@id":"https:\/\/psol50.org.br\/#\/schema\/person\/image\/","url":"https:\/\/secure.gravatar.com\/avatar\/b34fc4f4e468a4e51785917065a3db57b841f5c95dba6ad8c73aaf8f66f8f9bf?s=96&d=mm&r=g","contentUrl":"https:\/\/secure.gravatar.com\/avatar\/b34fc4f4e468a4e51785917065a3db57b841f5c95dba6ad8c73aaf8f66f8f9bf?s=96&d=mm&r=g","caption":"Comunica\u00e7\u00e3o PSOL"}}]}},"_links":{"self":[{"href":"https:\/\/psol50.org.br\/rest\/wp\/v2\/posts\/1786","targetHints":{"allow":["GET"]}}],"collection":[{"href":"https:\/\/psol50.org.br\/rest\/wp\/v2\/posts"}],"about":[{"href":"https:\/\/psol50.org.br\/rest\/wp\/v2\/types\/post"}],"author":[{"embeddable":true,"href":"https:\/\/psol50.org.br\/rest\/wp\/v2\/users\/2"}],"replies":[{"embeddable":true,"href":"https:\/\/psol50.org.br\/rest\/wp\/v2\/comments?post=1786"}],"version-history":[{"count":0,"href":"https:\/\/psol50.org.br\/rest\/wp\/v2\/posts\/1786\/revisions"}],"wp:attachment":[{"href":"https:\/\/psol50.org.br\/rest\/wp\/v2\/media?parent=1786"}],"wp:term":[{"taxonomy":"category","embeddable":true,"href":"https:\/\/psol50.org.br\/rest\/wp\/v2\/categories?post=1786"},{"taxonomy":"post_tag","embeddable":true,"href":"https:\/\/psol50.org.br\/rest\/wp\/v2\/tags?post=1786"}],"curies":[{"name":"wp","href":"https:\/\/api.w.org\/{rel}","templated":true}]}}