{"id":17866,"date":"2017-08-30T12:40:22","date_gmt":"2017-08-30T15:40:22","guid":{"rendered":"http:\/\/www.psol50.org.br\/?p=17866"},"modified":"2017-08-30T12:40:22","modified_gmt":"2017-08-30T15:40:22","slug":"camara-retoma-debate-sobre-emenda-que-restringe-aborto-em-qualquer-situacao","status":"publish","type":"post","link":"https:\/\/psol50.org.br\/camara-retoma-debate-sobre-emenda-que-restringe-aborto-em-qualquer-situacao\/","title":{"rendered":"C\u00e2mara retoma debate sobre emenda que restringe aborto em qualquer situa\u00e7\u00e3o"},"content":{"rendered":"<p>Na tentativa de tornar ainda mais restritiva a legisla\u00e7\u00e3o sobre o aborto, deputados fundamentalistas pretendem aprovar, em comiss\u00e3o especial, a Proposta de Emenda \u00e0 Constitui\u00e7\u00e3o (PEC) 181\/15, definindo que a vida come\u00e7a na concep\u00e7\u00e3o. A PEC prop\u00f5e duas altera\u00e7\u00f5es constitucionais, numa tentativa de \u201cproteger o feto\u201d, impedindo o aborto em qualquer momento da gesta\u00e7\u00e3o e at\u00e9 mesmo nos casos j\u00e1 previstos.<\/p>\n<p>O relator do projeto, deputado Tadeu Mudalen (DEM-SP), sugere que o artigo 1\u00ba da Constitui\u00e7\u00e3o, que trata dos fundamentos do Estado, passe a ter a express\u00e3o &#8220;desde a concep\u00e7\u00e3o&#8221; quando trata da &#8220;dignidade da pessoa humana&#8221;. O mesmo termo seria inclu\u00eddo no artigo 5\u00ba, que passaria a garantir &#8220;a inviolabilidade do direito \u00e0 vida desde a concep\u00e7\u00e3o&#8221;.<\/p>\n<p>A proposta \u00e9 uma manobra da ala conservadora do Congresso, uma vez que o texto original, que partiu do Senado, propunha algo completamente diferente: o aumento da licen\u00e7a maternidade em partos prematuros \u2013 um benef\u00edcio trabalhista importante e necess\u00e1rio. \u201c\u00c9 um golpe. Estamos chamando de Cavalo de Troia, porque aproveitaram de algo positivo para aprovar um projeto do Eduardo Cunha que estava parado\u201d, afirma Talita Victor, assessora da lideran\u00e7a do PSOL na C\u00e2mara e militante feminista.<\/p>\n<p>A \u201cemenda Cunha\u201d, como est\u00e1 sendo chamada, \u00e9 um retrocesso ao C\u00f3digo Penal, de 1940, que j\u00e1 \u00e9 defasado por si s\u00f3. Assim, pretendem extinguir o direito ao aborto nos casos hoje permitidos \u2013 gravidez com risco de vida da gestante ou resultante de estupro \u2013 e pela recente decis\u00e3o do Supremo, nos casos de anencefalia.<\/p>\n<p>A Comiss\u00e3o para analisar a PEC foi criada em dezembro do ano passado, numa rea\u00e7\u00e3o da bancada evang\u00e9lica ao julgamento do ministro do STF Lu\u00eds Roberto Barroso, que <span style=\"color: #0000ff;\"><a href=\"http:\/\/www.psol50.org.br\/debate-sobre-descriminalizacao-do-aborto-ganha-forca-no-stf\/\" target=\"_blank\" rel=\"noopener\"><strong><span style=\"color: #0000ff;\">havia definido que o\u00a0aborto n\u00e3o deveria ser considerado crime<\/span><\/strong><\/a><\/span>\u00a0no primeiro trimestre da gravidez.<\/p>\n<p>O relator afirma que o STF extrapolou sua compet\u00eancia nesse caso, e que a decis\u00e3o deveria vir do Legislativo. O deputado tamb\u00e9m foi relator do \u00faltimo projeto de revoga\u00e7\u00e3o da criminaliza\u00e7\u00e3o do aborto do c\u00f3digo penal, em 2007, e rejeitou o projeto \u2013 usando a B\u00edblia como argumento.<\/p>\n<p>Dos 35 membros da comiss\u00e3o, pelo menos 26 s\u00e3o vinculados \u00e0 bancada religiosa extremista \u201cpr\u00f3-fam\u00edlia\u201d e \u201cpr\u00f3-vida\u201d. Luiza Erundina (SP) \u00e9 a \u00fanica representante do PSOL, tendo Jean Wyllys (RJ) como suplente. O PSOL \u00e9 contra o parecer do relator, que defende a vida a partir da concep\u00e7\u00e3o, e a favor da proposta original, que trata sobre licen\u00e7a maternidade em casos de parto prematuro.<\/p>\n<p>Em mar\u00e7o deste ano, o PSOL e a Anis &#8211; Instituto de Bio\u00e9tica<a href=\"http:\/\/www.psol50.org.br\/pela-vida-das-mulheres-psol-protocola-acao-no-stf-contra-criminalizacao-do-aborto\/\" target=\"_blank\" rel=\"noopener\"><span style=\"color: #0000ff;\"> <strong>p<\/strong><strong>rotocolaram no STF uma a\u00e7\u00e3o para descriminalizar o aborto<\/strong><\/span><\/a> at\u00e9 a 12\u00aa semana de gravidez, defendendo os direitos sexuais e reprodutivos das mulheres. A a\u00e7\u00e3o aguarda a relatoria da ministra Rosa Weber e deve ser <a href=\"http:\/\/www.psol50.org.br\/stf-fara-audiencia-publica-sobre-acao-do-psol-contra-criminalizacao-do-aborto-2\/\" target=\"_blank\" rel=\"noopener\"><span style=\"color: #0000ff;\"><strong>discutida em audi\u00eancias p\u00fablicas<\/strong><\/span><\/a> ainda este ano. &#8220;\u00c9 o nosso foco de resist\u00eancia&#8221;, afirma Talita.<\/p>\n<p>Em 2015, Jean Wyllys apresentou o <a href=\"http:\/\/www.camara.gov.br\/proposicoesWeb\/fichadetramitacao?idProposicao=1050889\" target=\"_blank\" rel=\"noopener\"><span style=\"color: #0000ff;\"><strong>Projeto de Lei n\u00ba 882<\/strong><\/span><\/a>,\u00a0que &#8220;estabelece as pol\u00edticas p\u00fablicas no \u00e2mbito da sa\u00fade sexual e dos direitos reprodutivos&#8221;, definindo, com isso, a descriminaliza\u00e7\u00e3o do aborto. &#8220;Toda a mulher tem o direito a realizar a interrup\u00e7\u00e3o volunt\u00e1ria da gravidez, realizada por m\u00e9dico e condicionada ao consentimento livre e esclarecido da gestante, nos servi\u00e7os do SUS e na rede privada nas condi\u00e7\u00f5es que determina a presente Lei&#8221;, afirma o artigo 10\u00ba do PL, que est\u00e1 na\u00a0Comiss\u00e3o de Seguridade Social e Fam\u00edlia.<strong>\u00a0<\/strong><\/p>\n<p>A PEC 181 est\u00e1 na Comiss\u00e3o Especial e precisa ser aprovada por maioria simples antes de ir para o plen\u00e1rio da C\u00e2mara dos Deputados, onde precisa passar por dois turnos. Depois, deve retornar para aprecia\u00e7\u00e3o do Senado.<\/p>\n","protected":false},"excerpt":{"rendered":"<p>Na tentativa de tornar ainda mais restritiva a legisla\u00e7\u00e3o sobre o aborto, deputados fundamentalistas pretendem aprovar, em comiss\u00e3o especial, a Proposta de Emenda \u00e0 Constitui\u00e7\u00e3o (PEC) 181\/15, definindo que a vida come\u00e7a na concep\u00e7\u00e3o. A PEC prop\u00f5e duas altera\u00e7\u00f5es constitucionais, numa tentativa de \u201cproteger o feto\u201d, impedindo o aborto em qualquer momento da gesta\u00e7\u00e3o e [&hellip;]<\/p>\n","protected":false},"author":2,"featured_media":17869,"comment_status":"open","ping_status":"open","sticky":false,"template":"","format":"standard","meta":{"_acf_changed":false,"footnotes":""},"categories":[1882,6],"tags":[824,3534,218,979,30,4,3535,45,3488],"class_list":{"0":"post-17866","1":"post","2":"type-post","3":"status-publish","4":"format-standard","5":"has-post-thumbnail","7":"category-brasil","8":"category-noticias","9":"tag-aborto","10":"tag-bancada-evangelica","11":"tag-comissao","12":"tag-descriminalizacao","13":"tag-feminismo","14":"tag-mulheres","15":"tag-pec-181","16":"tag-stf","17":"tag-vida"},"acf":[],"yoast_head":"<!-- This site is optimized with the Yoast SEO plugin v26.5 - https:\/\/yoast.com\/wordpress\/plugins\/seo\/ -->\n<title>C\u00e2mara retoma debate sobre emenda que restringe aborto em qualquer situa\u00e7\u00e3o - PSOL 50<\/title>\n<meta name=\"robots\" content=\"index, follow, max-snippet:-1, max-image-preview:large, max-video-preview:-1\" \/>\n<link rel=\"canonical\" href=\"https:\/\/psol50.org.br\/camara-retoma-debate-sobre-emenda-que-restringe-aborto-em-qualquer-situacao\/\" \/>\n<meta property=\"og:locale\" content=\"pt_BR\" \/>\n<meta property=\"og:type\" content=\"article\" \/>\n<meta property=\"og:title\" content=\"C\u00e2mara retoma debate sobre emenda que restringe aborto em qualquer situa\u00e7\u00e3o - PSOL 50\" \/>\n<meta property=\"og:description\" content=\"Na tentativa de tornar ainda mais restritiva a legisla\u00e7\u00e3o sobre o aborto, deputados fundamentalistas pretendem aprovar, em comiss\u00e3o especial, a Proposta de Emenda \u00e0 Constitui\u00e7\u00e3o (PEC) 181\/15, definindo que a vida come\u00e7a na concep\u00e7\u00e3o. A PEC prop\u00f5e duas altera\u00e7\u00f5es constitucionais, numa tentativa de \u201cproteger o feto\u201d, impedindo o aborto em qualquer momento da gesta\u00e7\u00e3o e [&hellip;]\" \/>\n<meta property=\"og:url\" content=\"https:\/\/psol50.org.br\/camara-retoma-debate-sobre-emenda-que-restringe-aborto-em-qualquer-situacao\/\" \/>\n<meta property=\"og:site_name\" content=\"PSOL 50\" \/>\n<meta property=\"article:publisher\" content=\"https:\/\/www.facebook.com\/psol50\" \/>\n<meta property=\"article:published_time\" content=\"2017-08-30T15:40:22+00:00\" \/>\n<meta property=\"og:image\" content=\"https:\/\/psol50.org.br\/inc\/uploads\/2017\/08\/abortoo-midia-ninja.jpeg\" \/>\n\t<meta property=\"og:image:width\" content=\"1350\" \/>\n\t<meta property=\"og:image:height\" content=\"900\" \/>\n\t<meta property=\"og:image:type\" content=\"image\/jpeg\" \/>\n<meta name=\"author\" content=\"Comunica\u00e7\u00e3o PSOL\" \/>\n<meta name=\"twitter:card\" content=\"summary_large_image\" \/>\n<meta name=\"twitter:creator\" content=\"@psol50\" \/>\n<meta name=\"twitter:site\" content=\"@psol50\" \/>\n<meta name=\"twitter:label1\" content=\"Escrito por\" \/>\n\t<meta name=\"twitter:data1\" content=\"Comunica\u00e7\u00e3o PSOL\" \/>\n\t<meta name=\"twitter:label2\" content=\"Est. tempo de leitura\" \/>\n\t<meta name=\"twitter:data2\" content=\"3 minutos\" \/>\n<script type=\"application\/ld+json\" class=\"yoast-schema-graph\">{\"@context\":\"https:\/\/schema.org\",\"@graph\":[{\"@type\":\"Article\",\"@id\":\"https:\/\/psol50.org.br\/camara-retoma-debate-sobre-emenda-que-restringe-aborto-em-qualquer-situacao\/#article\",\"isPartOf\":{\"@id\":\"https:\/\/psol50.org.br\/camara-retoma-debate-sobre-emenda-que-restringe-aborto-em-qualquer-situacao\/\"},\"author\":{\"name\":\"Comunica\u00e7\u00e3o PSOL\",\"@id\":\"https:\/\/psol50.org.br\/#\/schema\/person\/475dfa57d0b815993c714c2e96491fcd\"},\"headline\":\"C\u00e2mara retoma debate sobre emenda que restringe aborto em qualquer situa\u00e7\u00e3o\",\"datePublished\":\"2017-08-30T15:40:22+00:00\",\"mainEntityOfPage\":{\"@id\":\"https:\/\/psol50.org.br\/camara-retoma-debate-sobre-emenda-que-restringe-aborto-em-qualquer-situacao\/\"},\"wordCount\":641,\"commentCount\":0,\"publisher\":{\"@id\":\"https:\/\/psol50.org.br\/#organization\"},\"image\":{\"@id\":\"https:\/\/psol50.org.br\/camara-retoma-debate-sobre-emenda-que-restringe-aborto-em-qualquer-situacao\/#primaryimage\"},\"thumbnailUrl\":\"https:\/\/psol50.org.br\/inc\/uploads\/2017\/08\/abortoo-midia-ninja.jpeg\",\"keywords\":[\"aborto\",\"bancada evang\u00e9lica\",\"comiss\u00e3o\",\"descriminaliza\u00e7\u00e3o\",\"feminismo\",\"mulheres\",\"pec 181\",\"STF\",\"vida\"],\"articleSection\":[\"Brasil\",\"Not\u00edcias\"],\"inLanguage\":\"pt-BR\",\"potentialAction\":[{\"@type\":\"CommentAction\",\"name\":\"Comment\",\"target\":[\"https:\/\/psol50.org.br\/camara-retoma-debate-sobre-emenda-que-restringe-aborto-em-qualquer-situacao\/#respond\"]}]},{\"@type\":\"WebPage\",\"@id\":\"https:\/\/psol50.org.br\/camara-retoma-debate-sobre-emenda-que-restringe-aborto-em-qualquer-situacao\/\",\"url\":\"https:\/\/psol50.org.br\/camara-retoma-debate-sobre-emenda-que-restringe-aborto-em-qualquer-situacao\/\",\"name\":\"C\u00e2mara retoma debate sobre emenda que restringe aborto em qualquer situa\u00e7\u00e3o - PSOL 50\",\"isPartOf\":{\"@id\":\"https:\/\/psol50.org.br\/#website\"},\"primaryImageOfPage\":{\"@id\":\"https:\/\/psol50.org.br\/camara-retoma-debate-sobre-emenda-que-restringe-aborto-em-qualquer-situacao\/#primaryimage\"},\"image\":{\"@id\":\"https:\/\/psol50.org.br\/camara-retoma-debate-sobre-emenda-que-restringe-aborto-em-qualquer-situacao\/#primaryimage\"},\"thumbnailUrl\":\"https:\/\/psol50.org.br\/inc\/uploads\/2017\/08\/abortoo-midia-ninja.jpeg\",\"datePublished\":\"2017-08-30T15:40:22+00:00\",\"breadcrumb\":{\"@id\":\"https:\/\/psol50.org.br\/camara-retoma-debate-sobre-emenda-que-restringe-aborto-em-qualquer-situacao\/#breadcrumb\"},\"inLanguage\":\"pt-BR\",\"potentialAction\":[{\"@type\":\"ReadAction\",\"target\":[\"https:\/\/psol50.org.br\/camara-retoma-debate-sobre-emenda-que-restringe-aborto-em-qualquer-situacao\/\"]}]},{\"@type\":\"ImageObject\",\"inLanguage\":\"pt-BR\",\"@id\":\"https:\/\/psol50.org.br\/camara-retoma-debate-sobre-emenda-que-restringe-aborto-em-qualquer-situacao\/#primaryimage\",\"url\":\"https:\/\/psol50.org.br\/inc\/uploads\/2017\/08\/abortoo-midia-ninja.jpeg\",\"contentUrl\":\"https:\/\/psol50.org.br\/inc\/uploads\/2017\/08\/abortoo-midia-ninja.jpeg\",\"width\":1350,\"height\":900},{\"@type\":\"BreadcrumbList\",\"@id\":\"https:\/\/psol50.org.br\/camara-retoma-debate-sobre-emenda-que-restringe-aborto-em-qualquer-situacao\/#breadcrumb\",\"itemListElement\":[{\"@type\":\"ListItem\",\"position\":1,\"name\":\"In\u00edcio\",\"item\":\"https:\/\/psol50.org.br\/\"},{\"@type\":\"ListItem\",\"position\":2,\"name\":\"C\u00e2mara retoma debate sobre emenda que restringe aborto em qualquer situa\u00e7\u00e3o\"}]},{\"@type\":\"WebSite\",\"@id\":\"https:\/\/psol50.org.br\/#website\",\"url\":\"https:\/\/psol50.org.br\/\",\"name\":\"PSOL 50\",\"description\":\"Site oficial do Partido Socialismo e Liberdade\",\"publisher\":{\"@id\":\"https:\/\/psol50.org.br\/#organization\"},\"alternateName\":\"PSOL50\",\"potentialAction\":[{\"@type\":\"SearchAction\",\"target\":{\"@type\":\"EntryPoint\",\"urlTemplate\":\"https:\/\/psol50.org.br\/?s={search_term_string}\"},\"query-input\":{\"@type\":\"PropertyValueSpecification\",\"valueRequired\":true,\"valueName\":\"search_term_string\"}}],\"inLanguage\":\"pt-BR\"},{\"@type\":\"Organization\",\"@id\":\"https:\/\/psol50.org.br\/#organization\",\"name\":\"PSOL 50\",\"alternateName\":\"PSOL 50\",\"url\":\"https:\/\/psol50.org.br\/\",\"logo\":{\"@type\":\"ImageObject\",\"inLanguage\":\"pt-BR\",\"@id\":\"https:\/\/psol50.org.br\/#\/schema\/logo\/image\/\",\"url\":\"https:\/\/psol50.org.br\/inc\/uploads\/2018\/07\/capa.png\",\"contentUrl\":\"https:\/\/psol50.org.br\/inc\/uploads\/2018\/07\/capa.png\",\"width\":1350,\"height\":900,\"caption\":\"PSOL 50\"},\"image\":{\"@id\":\"https:\/\/psol50.org.br\/#\/schema\/logo\/image\/\"},\"sameAs\":[\"https:\/\/www.facebook.com\/psol50\",\"https:\/\/x.com\/psol50\",\"https:\/\/www.instagram.com\/psol50\/\",\"https:\/\/www.youtube.com\/channel\/UC7SnJS5o1os7a6CaiNabzcg\"]},{\"@type\":\"Person\",\"@id\":\"https:\/\/psol50.org.br\/#\/schema\/person\/475dfa57d0b815993c714c2e96491fcd\",\"name\":\"Comunica\u00e7\u00e3o PSOL\",\"image\":{\"@type\":\"ImageObject\",\"inLanguage\":\"pt-BR\",\"@id\":\"https:\/\/psol50.org.br\/#\/schema\/person\/image\/\",\"url\":\"https:\/\/secure.gravatar.com\/avatar\/b34fc4f4e468a4e51785917065a3db57b841f5c95dba6ad8c73aaf8f66f8f9bf?s=96&d=mm&r=g\",\"contentUrl\":\"https:\/\/secure.gravatar.com\/avatar\/b34fc4f4e468a4e51785917065a3db57b841f5c95dba6ad8c73aaf8f66f8f9bf?s=96&d=mm&r=g\",\"caption\":\"Comunica\u00e7\u00e3o PSOL\"}}]}<\/script>\n<!-- \/ Yoast SEO plugin. -->","yoast_head_json":{"title":"C\u00e2mara retoma debate sobre emenda que restringe aborto em qualquer situa\u00e7\u00e3o - PSOL 50","robots":{"index":"index","follow":"follow","max-snippet":"max-snippet:-1","max-image-preview":"max-image-preview:large","max-video-preview":"max-video-preview:-1"},"canonical":"https:\/\/psol50.org.br\/camara-retoma-debate-sobre-emenda-que-restringe-aborto-em-qualquer-situacao\/","og_locale":"pt_BR","og_type":"article","og_title":"C\u00e2mara retoma debate sobre emenda que restringe aborto em qualquer situa\u00e7\u00e3o - PSOL 50","og_description":"Na tentativa de tornar ainda mais restritiva a legisla\u00e7\u00e3o sobre o aborto, deputados fundamentalistas pretendem aprovar, em comiss\u00e3o especial, a Proposta de Emenda \u00e0 Constitui\u00e7\u00e3o (PEC) 181\/15, definindo que a vida come\u00e7a na concep\u00e7\u00e3o. A PEC prop\u00f5e duas altera\u00e7\u00f5es constitucionais, numa tentativa de \u201cproteger o feto\u201d, impedindo o aborto em qualquer momento da gesta\u00e7\u00e3o e [&hellip;]","og_url":"https:\/\/psol50.org.br\/camara-retoma-debate-sobre-emenda-que-restringe-aborto-em-qualquer-situacao\/","og_site_name":"PSOL 50","article_publisher":"https:\/\/www.facebook.com\/psol50","article_published_time":"2017-08-30T15:40:22+00:00","og_image":[{"width":1350,"height":900,"url":"https:\/\/psol50.org.br\/inc\/uploads\/2017\/08\/abortoo-midia-ninja.jpeg","type":"image\/jpeg"}],"author":"Comunica\u00e7\u00e3o PSOL","twitter_card":"summary_large_image","twitter_creator":"@psol50","twitter_site":"@psol50","twitter_misc":{"Escrito por":"Comunica\u00e7\u00e3o PSOL","Est. tempo de leitura":"3 minutos"},"schema":{"@context":"https:\/\/schema.org","@graph":[{"@type":"Article","@id":"https:\/\/psol50.org.br\/camara-retoma-debate-sobre-emenda-que-restringe-aborto-em-qualquer-situacao\/#article","isPartOf":{"@id":"https:\/\/psol50.org.br\/camara-retoma-debate-sobre-emenda-que-restringe-aborto-em-qualquer-situacao\/"},"author":{"name":"Comunica\u00e7\u00e3o PSOL","@id":"https:\/\/psol50.org.br\/#\/schema\/person\/475dfa57d0b815993c714c2e96491fcd"},"headline":"C\u00e2mara retoma debate sobre emenda que restringe aborto em qualquer situa\u00e7\u00e3o","datePublished":"2017-08-30T15:40:22+00:00","mainEntityOfPage":{"@id":"https:\/\/psol50.org.br\/camara-retoma-debate-sobre-emenda-que-restringe-aborto-em-qualquer-situacao\/"},"wordCount":641,"commentCount":0,"publisher":{"@id":"https:\/\/psol50.org.br\/#organization"},"image":{"@id":"https:\/\/psol50.org.br\/camara-retoma-debate-sobre-emenda-que-restringe-aborto-em-qualquer-situacao\/#primaryimage"},"thumbnailUrl":"https:\/\/psol50.org.br\/inc\/uploads\/2017\/08\/abortoo-midia-ninja.jpeg","keywords":["aborto","bancada evang\u00e9lica","comiss\u00e3o","descriminaliza\u00e7\u00e3o","feminismo","mulheres","pec 181","STF","vida"],"articleSection":["Brasil","Not\u00edcias"],"inLanguage":"pt-BR","potentialAction":[{"@type":"CommentAction","name":"Comment","target":["https:\/\/psol50.org.br\/camara-retoma-debate-sobre-emenda-que-restringe-aborto-em-qualquer-situacao\/#respond"]}]},{"@type":"WebPage","@id":"https:\/\/psol50.org.br\/camara-retoma-debate-sobre-emenda-que-restringe-aborto-em-qualquer-situacao\/","url":"https:\/\/psol50.org.br\/camara-retoma-debate-sobre-emenda-que-restringe-aborto-em-qualquer-situacao\/","name":"C\u00e2mara retoma debate sobre emenda que restringe aborto em qualquer situa\u00e7\u00e3o - PSOL 50","isPartOf":{"@id":"https:\/\/psol50.org.br\/#website"},"primaryImageOfPage":{"@id":"https:\/\/psol50.org.br\/camara-retoma-debate-sobre-emenda-que-restringe-aborto-em-qualquer-situacao\/#primaryimage"},"image":{"@id":"https:\/\/psol50.org.br\/camara-retoma-debate-sobre-emenda-que-restringe-aborto-em-qualquer-situacao\/#primaryimage"},"thumbnailUrl":"https:\/\/psol50.org.br\/inc\/uploads\/2017\/08\/abortoo-midia-ninja.jpeg","datePublished":"2017-08-30T15:40:22+00:00","breadcrumb":{"@id":"https:\/\/psol50.org.br\/camara-retoma-debate-sobre-emenda-que-restringe-aborto-em-qualquer-situacao\/#breadcrumb"},"inLanguage":"pt-BR","potentialAction":[{"@type":"ReadAction","target":["https:\/\/psol50.org.br\/camara-retoma-debate-sobre-emenda-que-restringe-aborto-em-qualquer-situacao\/"]}]},{"@type":"ImageObject","inLanguage":"pt-BR","@id":"https:\/\/psol50.org.br\/camara-retoma-debate-sobre-emenda-que-restringe-aborto-em-qualquer-situacao\/#primaryimage","url":"https:\/\/psol50.org.br\/inc\/uploads\/2017\/08\/abortoo-midia-ninja.jpeg","contentUrl":"https:\/\/psol50.org.br\/inc\/uploads\/2017\/08\/abortoo-midia-ninja.jpeg","width":1350,"height":900},{"@type":"BreadcrumbList","@id":"https:\/\/psol50.org.br\/camara-retoma-debate-sobre-emenda-que-restringe-aborto-em-qualquer-situacao\/#breadcrumb","itemListElement":[{"@type":"ListItem","position":1,"name":"In\u00edcio","item":"https:\/\/psol50.org.br\/"},{"@type":"ListItem","position":2,"name":"C\u00e2mara retoma debate sobre emenda que restringe aborto em qualquer situa\u00e7\u00e3o"}]},{"@type":"WebSite","@id":"https:\/\/psol50.org.br\/#website","url":"https:\/\/psol50.org.br\/","name":"PSOL 50","description":"Site oficial do Partido Socialismo e Liberdade","publisher":{"@id":"https:\/\/psol50.org.br\/#organization"},"alternateName":"PSOL50","potentialAction":[{"@type":"SearchAction","target":{"@type":"EntryPoint","urlTemplate":"https:\/\/psol50.org.br\/?s={search_term_string}"},"query-input":{"@type":"PropertyValueSpecification","valueRequired":true,"valueName":"search_term_string"}}],"inLanguage":"pt-BR"},{"@type":"Organization","@id":"https:\/\/psol50.org.br\/#organization","name":"PSOL 50","alternateName":"PSOL 50","url":"https:\/\/psol50.org.br\/","logo":{"@type":"ImageObject","inLanguage":"pt-BR","@id":"https:\/\/psol50.org.br\/#\/schema\/logo\/image\/","url":"https:\/\/psol50.org.br\/inc\/uploads\/2018\/07\/capa.png","contentUrl":"https:\/\/psol50.org.br\/inc\/uploads\/2018\/07\/capa.png","width":1350,"height":900,"caption":"PSOL 50"},"image":{"@id":"https:\/\/psol50.org.br\/#\/schema\/logo\/image\/"},"sameAs":["https:\/\/www.facebook.com\/psol50","https:\/\/x.com\/psol50","https:\/\/www.instagram.com\/psol50\/","https:\/\/www.youtube.com\/channel\/UC7SnJS5o1os7a6CaiNabzcg"]},{"@type":"Person","@id":"https:\/\/psol50.org.br\/#\/schema\/person\/475dfa57d0b815993c714c2e96491fcd","name":"Comunica\u00e7\u00e3o PSOL","image":{"@type":"ImageObject","inLanguage":"pt-BR","@id":"https:\/\/psol50.org.br\/#\/schema\/person\/image\/","url":"https:\/\/secure.gravatar.com\/avatar\/b34fc4f4e468a4e51785917065a3db57b841f5c95dba6ad8c73aaf8f66f8f9bf?s=96&d=mm&r=g","contentUrl":"https:\/\/secure.gravatar.com\/avatar\/b34fc4f4e468a4e51785917065a3db57b841f5c95dba6ad8c73aaf8f66f8f9bf?s=96&d=mm&r=g","caption":"Comunica\u00e7\u00e3o PSOL"}}]}},"_links":{"self":[{"href":"https:\/\/psol50.org.br\/rest\/wp\/v2\/posts\/17866","targetHints":{"allow":["GET"]}}],"collection":[{"href":"https:\/\/psol50.org.br\/rest\/wp\/v2\/posts"}],"about":[{"href":"https:\/\/psol50.org.br\/rest\/wp\/v2\/types\/post"}],"author":[{"embeddable":true,"href":"https:\/\/psol50.org.br\/rest\/wp\/v2\/users\/2"}],"replies":[{"embeddable":true,"href":"https:\/\/psol50.org.br\/rest\/wp\/v2\/comments?post=17866"}],"version-history":[{"count":0,"href":"https:\/\/psol50.org.br\/rest\/wp\/v2\/posts\/17866\/revisions"}],"wp:featuredmedia":[{"embeddable":true,"href":"https:\/\/psol50.org.br\/rest\/wp\/v2\/media\/17869"}],"wp:attachment":[{"href":"https:\/\/psol50.org.br\/rest\/wp\/v2\/media?parent=17866"}],"wp:term":[{"taxonomy":"category","embeddable":true,"href":"https:\/\/psol50.org.br\/rest\/wp\/v2\/categories?post=17866"},{"taxonomy":"post_tag","embeddable":true,"href":"https:\/\/psol50.org.br\/rest\/wp\/v2\/tags?post=17866"}],"curies":[{"name":"wp","href":"https:\/\/api.w.org\/{rel}","templated":true}]}}