{"id":17884,"date":"2017-08-30T12:23:48","date_gmt":"2017-08-30T15:23:48","guid":{"rendered":"http:\/\/www.psol50.org.br\/?p=17884"},"modified":"2017-08-30T12:23:48","modified_gmt":"2017-08-30T15:23:48","slug":"decreto-de-temer-que-extingue-reserva-na-amazonia-contraria-parecer-do-ministerio-do-meio-ambiente","status":"publish","type":"post","link":"https:\/\/psol50.org.br\/decreto-de-temer-que-extingue-reserva-na-amazonia-contraria-parecer-do-ministerio-do-meio-ambiente\/","title":{"rendered":"Decreto de Temer que extingue reserva na Amaz\u00f4nia contraria parecer do Minist\u00e9rio do Meio Ambiente"},"content":{"rendered":"<p>A <span style=\"color: #000000;\">decis\u00e3o do presidente Michel Temer de extinguir a Reserva Nacional de Cobre e Associados<\/span> (Renca), localizada em uma \u00e1rea entre os Estados do Par\u00e1 e do Amap\u00e1, passou por cima at\u00e9 mesmo de orienta\u00e7\u00e3o do Minist\u00e9rio do Meio Ambiente. Em parecer, emitido ainda em junho deste ano, o \u00f3rg\u00e3o pedia a manuten\u00e7\u00e3o da reserva mineral, dizendo que a sua extin\u00e7\u00e3o poderia acarretar no aumento do desmatamento e na \u201cabertura de uma nova frente de convers\u00e3o\u201d da floresta amaz\u00f4nica na regi\u00e3o.<\/p>\n<p>A Reserva Nacional de Cobre e Associados determinava o monop\u00f3lio do governo sobre qualquer atividade mineral em sua \u00e1rea, de 46.501 quil\u00f4metros quadrados (o tamanho do Esp\u00edrito Santo). O entendimento do Servi\u00e7o Geol\u00f3gico do Brasil sempre foi pelo bloqueio da \u00e1rea, de forma que empresas privadas nunca puderam minerar ali. Sua extin\u00e7\u00e3o era uma demanda antiga do setor, de olho nas reservas de ouro, ni\u00f3bio e outros metais na regi\u00e3o.<\/p>\n<p>O decreto de extin\u00e7\u00e3o foi publicado no dia 24 e revogado na \u00faltima segunda-feira (28), <a href=\"http:\/\/www.psol50.org.br\/todospelaamazonia-campanha-contra-medida-de-temer-que-extingue-reserva-na-amazonia-toma-conta-das-redes\/\" target=\"_blank\" rel=\"noopener\"><strong><span style=\"color: #0000ff;\">ap\u00f3s intensa press\u00e3o da opini\u00e3o p\u00fablica, de artistas e ambientalista<\/span><\/strong><\/a>s, que acusavam o governo de estar \u201cvendendo a Amaz\u00f4nia\u201d. No entanto, o novo decreto mant\u00e9m a extin\u00e7\u00e3o da Reserva.<\/p>\n<p>Em nota oficial do dia 24, a Secretaria de Comunica\u00e7\u00e3o da Presid\u00eancia afirma:\u201cA Renca n\u00e3o \u00e9 um para\u00edso, como querem fazer parecer, erroneamente, alguns. Hoje, infelizmente, territ\u00f3rios da Renca\u00a0 original est\u00e3o submetidos \u00e0 degrada\u00e7\u00e3o provocada pelo garimpo clandestino de ouro,\u00a0 que, al\u00e9m de espoliar\u00a0 as\u00a0 riquezas nacionais,\u00a0 destr\u00f3i a natureza e polui os cursos d \u2018\u00e1gua com merc\u00fario.\u201d<\/p>\n<p>Segundo o parecer do MMA, a atividade de garimpo existe \u201ch\u00e1 d\u00e9cadas\u201d na Renca e \u00e9 de \u201cpequena escala\u201d. \u201cA exist\u00eancia de garimpeiros pequenos e locais n\u00e3o deve servir de argumento para justificar altera\u00e7\u00f5es no decreto que acarretem perdas ambientais\u201d, diz a nota t\u00e9cnica.<\/p>\n<p>Nesta ter\u00e7a-feira (29\/08), o deputado do PSOL do Par\u00e1,\u00a0<span style=\"color: #0000ff;\"><a href=\"https:\/\/www.facebook.com\/edmilsonpsol\/\" target=\"_blank\" rel=\"noopener\"><strong>Edmilson Rodrigues<\/strong><\/a>,<\/span> <a href=\"http:\/\/www.psol50.org.br\/edmilson-rodrigues-pede-revogacao-de-decreto-de-temer-que-extingue-reserva-na-amazonia\/\" target=\"_blank\" rel=\"noopener\"><strong><span style=\"color: #0000ff;\">protocolou<\/span><\/strong><\/a> um\u00a0<a href=\"http:\/\/www.psol50.org.br\/inc\/uploads\/2017\/08\/PDC_Edmilson_Amaz\u00f4nia.pdf\" target=\"_blank\" rel=\"noopener\"><span style=\"color: #0000ff;\"><strong>Projeto de Decreto Legislativo<\/strong><\/span><\/a>\u00a0em defesa da Amaz\u00f4nia e contra a extin\u00e7\u00e3o da Renca.\u00a0O PDL, de autoria tamb\u00e9m da deputada Janete Capiberibe (PSB-AP) e subscrito pelos demais integrantes da bancada do\u00a0<a href=\"https:\/\/www.facebook.com\/psolnacamara\/\" target=\"_blank\" rel=\"noopener\"><span style=\"color: #0000ff;\"><strong>PSOL na C\u00e2mara<\/strong><\/span><\/a>, pede a anula\u00e7\u00e3o do decreto de Temer.<\/p>\n<p><span style=\"color: #0000ff;\"><a href=\"http:\/\/www.observatoriodoclima.eco.br\/meio-ambiente-foi-contra-extincao-de-reserva-mineral-na-amazonia\/\" target=\"_blank\" rel=\"noopener\"><strong>Leia mais no Observat\u00f3rio do Clima<\/strong><\/a><span style=\"color: #000000;\">.<\/span><\/span><\/p>\n","protected":false},"excerpt":{"rendered":"<p>A decis\u00e3o do presidente Michel Temer de extinguir a Reserva Nacional de Cobre e Associados (Renca), localizada em uma \u00e1rea entre os Estados do Par\u00e1 e do Amap\u00e1, passou por cima at\u00e9 mesmo de orienta\u00e7\u00e3o do Minist\u00e9rio do Meio Ambiente. Em parecer, emitido ainda em junho deste ano, o \u00f3rg\u00e3o pedia a manuten\u00e7\u00e3o da reserva [&hellip;]<\/p>\n","protected":false},"author":2,"featured_media":17887,"comment_status":"open","ping_status":"open","sticky":false,"template":"","format":"standard","meta":{"_acf_changed":false,"footnotes":""},"categories":[1882,6],"tags":[1040,973,226,1748,2576,2083,2836,3517,3536],"class_list":{"0":"post-17884","1":"post","2":"type-post","3":"status-publish","4":"format-standard","5":"has-post-thumbnail","7":"category-brasil","8":"category-noticias","9":"tag-decreto","10":"tag-edmilson-rodrigues","11":"tag-garimpo","12":"tag-michel-temer","13":"tag-minerio","14":"tag-ministerio-do-meio-ambiente","15":"tag-parecer","16":"tag-renca","17":"tag-reserva-nacional-de-cobre-e-associados"},"acf":[],"yoast_head":"<!-- This site is optimized with the Yoast SEO plugin v26.5 - https:\/\/yoast.com\/wordpress\/plugins\/seo\/ -->\n<title>Decreto de Temer que extingue reserva na Amaz\u00f4nia contraria parecer do Minist\u00e9rio do Meio Ambiente - PSOL 50<\/title>\n<meta name=\"robots\" content=\"index, follow, max-snippet:-1, max-image-preview:large, max-video-preview:-1\" \/>\n<link rel=\"canonical\" href=\"https:\/\/psol50.org.br\/decreto-de-temer-que-extingue-reserva-na-amazonia-contraria-parecer-do-ministerio-do-meio-ambiente\/\" \/>\n<meta property=\"og:locale\" content=\"pt_BR\" \/>\n<meta property=\"og:type\" content=\"article\" \/>\n<meta property=\"og:title\" content=\"Decreto de Temer que extingue reserva na Amaz\u00f4nia contraria parecer do Minist\u00e9rio do Meio Ambiente - PSOL 50\" \/>\n<meta property=\"og:description\" content=\"A decis\u00e3o do presidente Michel Temer de extinguir a Reserva Nacional de Cobre e Associados (Renca), localizada em uma \u00e1rea entre os Estados do Par\u00e1 e do Amap\u00e1, passou por cima at\u00e9 mesmo de orienta\u00e7\u00e3o do Minist\u00e9rio do Meio Ambiente. Em parecer, emitido ainda em junho deste ano, o \u00f3rg\u00e3o pedia a manuten\u00e7\u00e3o da reserva [&hellip;]\" \/>\n<meta property=\"og:url\" content=\"https:\/\/psol50.org.br\/decreto-de-temer-que-extingue-reserva-na-amazonia-contraria-parecer-do-ministerio-do-meio-ambiente\/\" \/>\n<meta property=\"og:site_name\" content=\"PSOL 50\" \/>\n<meta property=\"article:publisher\" content=\"https:\/\/www.facebook.com\/psol50\" \/>\n<meta property=\"article:published_time\" content=\"2017-08-30T15:23:48+00:00\" \/>\n<meta property=\"og:image\" content=\"https:\/\/psol50.org.br\/inc\/uploads\/2018\/07\/capa.png\" \/>\n\t<meta property=\"og:image:width\" content=\"1350\" \/>\n\t<meta property=\"og:image:height\" content=\"900\" \/>\n\t<meta property=\"og:image:type\" content=\"image\/png\" \/>\n<meta name=\"author\" content=\"Comunica\u00e7\u00e3o PSOL\" \/>\n<meta name=\"twitter:card\" content=\"summary_large_image\" \/>\n<meta name=\"twitter:creator\" content=\"@psol50\" \/>\n<meta name=\"twitter:site\" content=\"@psol50\" \/>\n<meta name=\"twitter:label1\" content=\"Escrito por\" \/>\n\t<meta name=\"twitter:data1\" content=\"Comunica\u00e7\u00e3o PSOL\" \/>\n\t<meta name=\"twitter:label2\" content=\"Est. tempo de leitura\" \/>\n\t<meta name=\"twitter:data2\" content=\"2 minutos\" \/>\n<script type=\"application\/ld+json\" class=\"yoast-schema-graph\">{\"@context\":\"https:\/\/schema.org\",\"@graph\":[{\"@type\":\"Article\",\"@id\":\"https:\/\/psol50.org.br\/decreto-de-temer-que-extingue-reserva-na-amazonia-contraria-parecer-do-ministerio-do-meio-ambiente\/#article\",\"isPartOf\":{\"@id\":\"https:\/\/psol50.org.br\/decreto-de-temer-que-extingue-reserva-na-amazonia-contraria-parecer-do-ministerio-do-meio-ambiente\/\"},\"author\":{\"name\":\"Comunica\u00e7\u00e3o PSOL\",\"@id\":\"https:\/\/psol50.org.br\/#\/schema\/person\/475dfa57d0b815993c714c2e96491fcd\"},\"headline\":\"Decreto de Temer que extingue reserva na Amaz\u00f4nia contraria parecer do Minist\u00e9rio do Meio Ambiente\",\"datePublished\":\"2017-08-30T15:23:48+00:00\",\"mainEntityOfPage\":{\"@id\":\"https:\/\/psol50.org.br\/decreto-de-temer-que-extingue-reserva-na-amazonia-contraria-parecer-do-ministerio-do-meio-ambiente\/\"},\"wordCount\":416,\"commentCount\":0,\"publisher\":{\"@id\":\"https:\/\/psol50.org.br\/#organization\"},\"image\":{\"@id\":\"https:\/\/psol50.org.br\/decreto-de-temer-que-extingue-reserva-na-amazonia-contraria-parecer-do-ministerio-do-meio-ambiente\/#primaryimage\"},\"thumbnailUrl\":\"\",\"keywords\":[\"decreto\",\"Edmilson Rodrigues\",\"garimpo\",\"Michel Temer\",\"min\u00e9rio\",\"Minist\u00e9rio do Meio Ambiente\",\"parecer\",\"renca\",\"Reserva Nacional de Cobre e Associados\"],\"articleSection\":[\"Brasil\",\"Not\u00edcias\"],\"inLanguage\":\"pt-BR\",\"potentialAction\":[{\"@type\":\"CommentAction\",\"name\":\"Comment\",\"target\":[\"https:\/\/psol50.org.br\/decreto-de-temer-que-extingue-reserva-na-amazonia-contraria-parecer-do-ministerio-do-meio-ambiente\/#respond\"]}]},{\"@type\":\"WebPage\",\"@id\":\"https:\/\/psol50.org.br\/decreto-de-temer-que-extingue-reserva-na-amazonia-contraria-parecer-do-ministerio-do-meio-ambiente\/\",\"url\":\"https:\/\/psol50.org.br\/decreto-de-temer-que-extingue-reserva-na-amazonia-contraria-parecer-do-ministerio-do-meio-ambiente\/\",\"name\":\"Decreto de Temer que extingue reserva na Amaz\u00f4nia contraria parecer do Minist\u00e9rio do Meio Ambiente - PSOL 50\",\"isPartOf\":{\"@id\":\"https:\/\/psol50.org.br\/#website\"},\"primaryImageOfPage\":{\"@id\":\"https:\/\/psol50.org.br\/decreto-de-temer-que-extingue-reserva-na-amazonia-contraria-parecer-do-ministerio-do-meio-ambiente\/#primaryimage\"},\"image\":{\"@id\":\"https:\/\/psol50.org.br\/decreto-de-temer-que-extingue-reserva-na-amazonia-contraria-parecer-do-ministerio-do-meio-ambiente\/#primaryimage\"},\"thumbnailUrl\":\"\",\"datePublished\":\"2017-08-30T15:23:48+00:00\",\"breadcrumb\":{\"@id\":\"https:\/\/psol50.org.br\/decreto-de-temer-que-extingue-reserva-na-amazonia-contraria-parecer-do-ministerio-do-meio-ambiente\/#breadcrumb\"},\"inLanguage\":\"pt-BR\",\"potentialAction\":[{\"@type\":\"ReadAction\",\"target\":[\"https:\/\/psol50.org.br\/decreto-de-temer-que-extingue-reserva-na-amazonia-contraria-parecer-do-ministerio-do-meio-ambiente\/\"]}]},{\"@type\":\"ImageObject\",\"inLanguage\":\"pt-BR\",\"@id\":\"https:\/\/psol50.org.br\/decreto-de-temer-que-extingue-reserva-na-amazonia-contraria-parecer-do-ministerio-do-meio-ambiente\/#primaryimage\",\"url\":\"\",\"contentUrl\":\"\"},{\"@type\":\"BreadcrumbList\",\"@id\":\"https:\/\/psol50.org.br\/decreto-de-temer-que-extingue-reserva-na-amazonia-contraria-parecer-do-ministerio-do-meio-ambiente\/#breadcrumb\",\"itemListElement\":[{\"@type\":\"ListItem\",\"position\":1,\"name\":\"In\u00edcio\",\"item\":\"https:\/\/psol50.org.br\/\"},{\"@type\":\"ListItem\",\"position\":2,\"name\":\"Decreto de Temer que extingue reserva na Amaz\u00f4nia contraria parecer do Minist\u00e9rio do Meio Ambiente\"}]},{\"@type\":\"WebSite\",\"@id\":\"https:\/\/psol50.org.br\/#website\",\"url\":\"https:\/\/psol50.org.br\/\",\"name\":\"PSOL 50\",\"description\":\"Site oficial do Partido Socialismo e Liberdade\",\"publisher\":{\"@id\":\"https:\/\/psol50.org.br\/#organization\"},\"alternateName\":\"PSOL50\",\"potentialAction\":[{\"@type\":\"SearchAction\",\"target\":{\"@type\":\"EntryPoint\",\"urlTemplate\":\"https:\/\/psol50.org.br\/?s={search_term_string}\"},\"query-input\":{\"@type\":\"PropertyValueSpecification\",\"valueRequired\":true,\"valueName\":\"search_term_string\"}}],\"inLanguage\":\"pt-BR\"},{\"@type\":\"Organization\",\"@id\":\"https:\/\/psol50.org.br\/#organization\",\"name\":\"PSOL 50\",\"alternateName\":\"PSOL 50\",\"url\":\"https:\/\/psol50.org.br\/\",\"logo\":{\"@type\":\"ImageObject\",\"inLanguage\":\"pt-BR\",\"@id\":\"https:\/\/psol50.org.br\/#\/schema\/logo\/image\/\",\"url\":\"https:\/\/psol50.org.br\/inc\/uploads\/2018\/07\/capa.png\",\"contentUrl\":\"https:\/\/psol50.org.br\/inc\/uploads\/2018\/07\/capa.png\",\"width\":1350,\"height\":900,\"caption\":\"PSOL 50\"},\"image\":{\"@id\":\"https:\/\/psol50.org.br\/#\/schema\/logo\/image\/\"},\"sameAs\":[\"https:\/\/www.facebook.com\/psol50\",\"https:\/\/x.com\/psol50\",\"https:\/\/www.instagram.com\/psol50\/\",\"https:\/\/www.youtube.com\/channel\/UC7SnJS5o1os7a6CaiNabzcg\"]},{\"@type\":\"Person\",\"@id\":\"https:\/\/psol50.org.br\/#\/schema\/person\/475dfa57d0b815993c714c2e96491fcd\",\"name\":\"Comunica\u00e7\u00e3o PSOL\",\"image\":{\"@type\":\"ImageObject\",\"inLanguage\":\"pt-BR\",\"@id\":\"https:\/\/psol50.org.br\/#\/schema\/person\/image\/\",\"url\":\"https:\/\/secure.gravatar.com\/avatar\/b34fc4f4e468a4e51785917065a3db57b841f5c95dba6ad8c73aaf8f66f8f9bf?s=96&d=mm&r=g\",\"contentUrl\":\"https:\/\/secure.gravatar.com\/avatar\/b34fc4f4e468a4e51785917065a3db57b841f5c95dba6ad8c73aaf8f66f8f9bf?s=96&d=mm&r=g\",\"caption\":\"Comunica\u00e7\u00e3o PSOL\"}}]}<\/script>\n<!-- \/ Yoast SEO plugin. -->","yoast_head_json":{"title":"Decreto de Temer que extingue reserva na Amaz\u00f4nia contraria parecer do Minist\u00e9rio do Meio Ambiente - PSOL 50","robots":{"index":"index","follow":"follow","max-snippet":"max-snippet:-1","max-image-preview":"max-image-preview:large","max-video-preview":"max-video-preview:-1"},"canonical":"https:\/\/psol50.org.br\/decreto-de-temer-que-extingue-reserva-na-amazonia-contraria-parecer-do-ministerio-do-meio-ambiente\/","og_locale":"pt_BR","og_type":"article","og_title":"Decreto de Temer que extingue reserva na Amaz\u00f4nia contraria parecer do Minist\u00e9rio do Meio Ambiente - PSOL 50","og_description":"A decis\u00e3o do presidente Michel Temer de extinguir a Reserva Nacional de Cobre e Associados (Renca), localizada em uma \u00e1rea entre os Estados do Par\u00e1 e do Amap\u00e1, passou por cima at\u00e9 mesmo de orienta\u00e7\u00e3o do Minist\u00e9rio do Meio Ambiente. Em parecer, emitido ainda em junho deste ano, o \u00f3rg\u00e3o pedia a manuten\u00e7\u00e3o da reserva [&hellip;]","og_url":"https:\/\/psol50.org.br\/decreto-de-temer-que-extingue-reserva-na-amazonia-contraria-parecer-do-ministerio-do-meio-ambiente\/","og_site_name":"PSOL 50","article_publisher":"https:\/\/www.facebook.com\/psol50","article_published_time":"2017-08-30T15:23:48+00:00","og_image":[{"width":1350,"height":900,"url":"https:\/\/psol50.org.br\/inc\/uploads\/2018\/07\/capa.png","type":"image\/png"}],"author":"Comunica\u00e7\u00e3o PSOL","twitter_card":"summary_large_image","twitter_creator":"@psol50","twitter_site":"@psol50","twitter_misc":{"Escrito por":"Comunica\u00e7\u00e3o PSOL","Est. tempo de leitura":"2 minutos"},"schema":{"@context":"https:\/\/schema.org","@graph":[{"@type":"Article","@id":"https:\/\/psol50.org.br\/decreto-de-temer-que-extingue-reserva-na-amazonia-contraria-parecer-do-ministerio-do-meio-ambiente\/#article","isPartOf":{"@id":"https:\/\/psol50.org.br\/decreto-de-temer-que-extingue-reserva-na-amazonia-contraria-parecer-do-ministerio-do-meio-ambiente\/"},"author":{"name":"Comunica\u00e7\u00e3o PSOL","@id":"https:\/\/psol50.org.br\/#\/schema\/person\/475dfa57d0b815993c714c2e96491fcd"},"headline":"Decreto de Temer que extingue reserva na Amaz\u00f4nia contraria parecer do Minist\u00e9rio do Meio Ambiente","datePublished":"2017-08-30T15:23:48+00:00","mainEntityOfPage":{"@id":"https:\/\/psol50.org.br\/decreto-de-temer-que-extingue-reserva-na-amazonia-contraria-parecer-do-ministerio-do-meio-ambiente\/"},"wordCount":416,"commentCount":0,"publisher":{"@id":"https:\/\/psol50.org.br\/#organization"},"image":{"@id":"https:\/\/psol50.org.br\/decreto-de-temer-que-extingue-reserva-na-amazonia-contraria-parecer-do-ministerio-do-meio-ambiente\/#primaryimage"},"thumbnailUrl":"","keywords":["decreto","Edmilson Rodrigues","garimpo","Michel Temer","min\u00e9rio","Minist\u00e9rio do Meio Ambiente","parecer","renca","Reserva Nacional de Cobre e Associados"],"articleSection":["Brasil","Not\u00edcias"],"inLanguage":"pt-BR","potentialAction":[{"@type":"CommentAction","name":"Comment","target":["https:\/\/psol50.org.br\/decreto-de-temer-que-extingue-reserva-na-amazonia-contraria-parecer-do-ministerio-do-meio-ambiente\/#respond"]}]},{"@type":"WebPage","@id":"https:\/\/psol50.org.br\/decreto-de-temer-que-extingue-reserva-na-amazonia-contraria-parecer-do-ministerio-do-meio-ambiente\/","url":"https:\/\/psol50.org.br\/decreto-de-temer-que-extingue-reserva-na-amazonia-contraria-parecer-do-ministerio-do-meio-ambiente\/","name":"Decreto de Temer que extingue reserva na Amaz\u00f4nia contraria parecer do Minist\u00e9rio do Meio Ambiente - PSOL 50","isPartOf":{"@id":"https:\/\/psol50.org.br\/#website"},"primaryImageOfPage":{"@id":"https:\/\/psol50.org.br\/decreto-de-temer-que-extingue-reserva-na-amazonia-contraria-parecer-do-ministerio-do-meio-ambiente\/#primaryimage"},"image":{"@id":"https:\/\/psol50.org.br\/decreto-de-temer-que-extingue-reserva-na-amazonia-contraria-parecer-do-ministerio-do-meio-ambiente\/#primaryimage"},"thumbnailUrl":"","datePublished":"2017-08-30T15:23:48+00:00","breadcrumb":{"@id":"https:\/\/psol50.org.br\/decreto-de-temer-que-extingue-reserva-na-amazonia-contraria-parecer-do-ministerio-do-meio-ambiente\/#breadcrumb"},"inLanguage":"pt-BR","potentialAction":[{"@type":"ReadAction","target":["https:\/\/psol50.org.br\/decreto-de-temer-que-extingue-reserva-na-amazonia-contraria-parecer-do-ministerio-do-meio-ambiente\/"]}]},{"@type":"ImageObject","inLanguage":"pt-BR","@id":"https:\/\/psol50.org.br\/decreto-de-temer-que-extingue-reserva-na-amazonia-contraria-parecer-do-ministerio-do-meio-ambiente\/#primaryimage","url":"","contentUrl":""},{"@type":"BreadcrumbList","@id":"https:\/\/psol50.org.br\/decreto-de-temer-que-extingue-reserva-na-amazonia-contraria-parecer-do-ministerio-do-meio-ambiente\/#breadcrumb","itemListElement":[{"@type":"ListItem","position":1,"name":"In\u00edcio","item":"https:\/\/psol50.org.br\/"},{"@type":"ListItem","position":2,"name":"Decreto de Temer que extingue reserva na Amaz\u00f4nia contraria parecer do Minist\u00e9rio do Meio Ambiente"}]},{"@type":"WebSite","@id":"https:\/\/psol50.org.br\/#website","url":"https:\/\/psol50.org.br\/","name":"PSOL 50","description":"Site oficial do Partido Socialismo e Liberdade","publisher":{"@id":"https:\/\/psol50.org.br\/#organization"},"alternateName":"PSOL50","potentialAction":[{"@type":"SearchAction","target":{"@type":"EntryPoint","urlTemplate":"https:\/\/psol50.org.br\/?s={search_term_string}"},"query-input":{"@type":"PropertyValueSpecification","valueRequired":true,"valueName":"search_term_string"}}],"inLanguage":"pt-BR"},{"@type":"Organization","@id":"https:\/\/psol50.org.br\/#organization","name":"PSOL 50","alternateName":"PSOL 50","url":"https:\/\/psol50.org.br\/","logo":{"@type":"ImageObject","inLanguage":"pt-BR","@id":"https:\/\/psol50.org.br\/#\/schema\/logo\/image\/","url":"https:\/\/psol50.org.br\/inc\/uploads\/2018\/07\/capa.png","contentUrl":"https:\/\/psol50.org.br\/inc\/uploads\/2018\/07\/capa.png","width":1350,"height":900,"caption":"PSOL 50"},"image":{"@id":"https:\/\/psol50.org.br\/#\/schema\/logo\/image\/"},"sameAs":["https:\/\/www.facebook.com\/psol50","https:\/\/x.com\/psol50","https:\/\/www.instagram.com\/psol50\/","https:\/\/www.youtube.com\/channel\/UC7SnJS5o1os7a6CaiNabzcg"]},{"@type":"Person","@id":"https:\/\/psol50.org.br\/#\/schema\/person\/475dfa57d0b815993c714c2e96491fcd","name":"Comunica\u00e7\u00e3o PSOL","image":{"@type":"ImageObject","inLanguage":"pt-BR","@id":"https:\/\/psol50.org.br\/#\/schema\/person\/image\/","url":"https:\/\/secure.gravatar.com\/avatar\/b34fc4f4e468a4e51785917065a3db57b841f5c95dba6ad8c73aaf8f66f8f9bf?s=96&d=mm&r=g","contentUrl":"https:\/\/secure.gravatar.com\/avatar\/b34fc4f4e468a4e51785917065a3db57b841f5c95dba6ad8c73aaf8f66f8f9bf?s=96&d=mm&r=g","caption":"Comunica\u00e7\u00e3o PSOL"}}]}},"_links":{"self":[{"href":"https:\/\/psol50.org.br\/rest\/wp\/v2\/posts\/17884","targetHints":{"allow":["GET"]}}],"collection":[{"href":"https:\/\/psol50.org.br\/rest\/wp\/v2\/posts"}],"about":[{"href":"https:\/\/psol50.org.br\/rest\/wp\/v2\/types\/post"}],"author":[{"embeddable":true,"href":"https:\/\/psol50.org.br\/rest\/wp\/v2\/users\/2"}],"replies":[{"embeddable":true,"href":"https:\/\/psol50.org.br\/rest\/wp\/v2\/comments?post=17884"}],"version-history":[{"count":0,"href":"https:\/\/psol50.org.br\/rest\/wp\/v2\/posts\/17884\/revisions"}],"wp:featuredmedia":[{"embeddable":true,"href":"https:\/\/psol50.org.br\/rest\/"}],"wp:attachment":[{"href":"https:\/\/psol50.org.br\/rest\/wp\/v2\/media?parent=17884"}],"wp:term":[{"taxonomy":"category","embeddable":true,"href":"https:\/\/psol50.org.br\/rest\/wp\/v2\/categories?post=17884"},{"taxonomy":"post_tag","embeddable":true,"href":"https:\/\/psol50.org.br\/rest\/wp\/v2\/tags?post=17884"}],"curies":[{"name":"wp","href":"https:\/\/api.w.org\/{rel}","templated":true}]}}