{"id":1790,"date":"2012-08-26T00:00:00","date_gmt":"2012-08-26T00:00:00","guid":{"rendered":"http:\/\/psol50.org.br\/arquivo\/2012\/08\/26\/rs-jauri-oliveira-e-fulvio-petracco-ex-presidente-de-honra-do-psb-aderem-ao-psol\/"},"modified":"2012-08-26T00:00:00","modified_gmt":"2012-08-26T00:00:00","slug":"rs-jauri-oliveira-e-fulvio-petracco-ex-presidente-de-honra-do-psb-aderem-ao-psol","status":"publish","type":"post","link":"https:\/\/psol50.org.br\/rs-jauri-oliveira-e-fulvio-petracco-ex-presidente-de-honra-do-psb-aderem-ao-psol\/","title":{"rendered":"RS: Jauri Oliveira e Fulvio Petracco, ex-presidente de honra do PSB, aderem ao PSOL"},"content":{"rendered":"<p>Ontem (19\/08) \u00e0 noite tivemos um momento hist\u00f3rico na pol\u00edtica da esquerda ga\u00facha. Creio que sua import\u00e2ncia \u00e9 ainda maior, n\u00e3o apenas regional. Trata-se da incorpora\u00e7\u00e3o no PSOL de l\u00edderes hist\u00f3ricos do PSB, fundadores deste partido. A atividade programada era a filia\u00e7\u00e3o de Jauri Oliveira. Jauri, com 81 anos, foi tr\u00eas vezes prefeito de S\u00e3o Luiz Gonzaga e ex-deputado estadual. Foi um combatente incans\u00e1vel contra a ditadura militar, um homem de extrema coragem e integridade. Foi al\u00e9m disso o pai do Zezinho, fundador do PT e militante ativo da IV Internacional que faleceu em 1991, com apenas 31 anos. Zezinho foi o fundador do sindicatos dos metrovi\u00e1rios e na campanha eleitoral de 1982 foi candidato a vereador com uma campanha revolucion\u00e1ria na juventude com o slogan DESOBEDE\u00c7A. Jauri, desde sua cidade nas miss\u00f5es do Rio Grande do Sul, h\u00e1 algum tempo estudava o PSOL e finalmente decidiu se filiar. Seu ingresso n\u00e3o foi uma ades\u00e3o qualquer.<\/p>\n<p>No ato de filia\u00e7\u00e3o de Jauri no PSOL estavam presentes, al\u00e9m de seus filhos, netos e sobrinhas, o m\u00e9dico Bruno Costa, que foi brutalmente torturado durante a ditadura, e F\u00falvio Petracco, na condi\u00e7\u00e3o de fundador do PSB e presidente de honra do partido. Havia a\u00ed j\u00e1 uma situa\u00e7\u00e3o muito singular: o presidente de honra do PSB prestigiando a filia\u00e7\u00e3o de Jauri em outro partido, o PSOL. Esta situa\u00e7\u00e3o se explicara pela liga\u00e7\u00e3o entre os dois. Mas era mais que isso. A proximidade pol\u00edtica estava evidente antes do ato. Jauri Oliveira j\u00e1 estava militando pelo PSOL. No seu discurso de filia\u00e7\u00e3o disse que assumia a posi\u00e7\u00e3o de tarefeiro. De construtor. Petracco estava ali para provar. Depois dos discursos de Pedro Ruas, meu e de Luciana Genro \u2013 que estava imensamente emocionada (seu av\u00f4 at\u00e9 a morte foi presidente de honra do PSB no Estado e apoiou ativamente a Luciana quanto ela estava sendo expulsa do PT), foi a vez de Jauri. Em seguida falou Bruno Costa e logo depois a palavra foi para Petracco. Por recomenda\u00e7\u00e3o m\u00e9dica comunicada por um telefonema da filha, Petracco n\u00e3o poderia nem falar nem muito menos se emocionar. Mas ele falou. E se emocionou, porque era imposs\u00edvel n\u00e3o se emocionar.<\/p>\n<p>Come\u00e7ou contando do telefonema da filha e dizendo que iria falar pausadamente e buscar fugir da emo\u00e7\u00e3o. Seguiu dizendo, olhando para mim, que n\u00e3o via nenhum problema que me acusassem de radical. Que ele foi muitas vezes acusado assim por aqueles que tentavam sair do debate de conte\u00fado para os adjetivos; mas dizia sempre que sentia muito orgulho de tomar as coisas pela raiz. A for\u00e7a de suas palavras fazia o sil\u00eancio tomar conta da sede do partido. Est\u00e1vamos todos atentos, compenetrados em cada gesto. Fez uma an\u00e1lise l\u00facida da pol\u00edtica, mostrando a import\u00e2ncia da esquerda, lembrando o av\u00f4 de Luciana e a import\u00e2ncia de Jauri Oliveira. Seguiu dizendo que para ele era muito dif\u00edcil sair do PSB. Com seus atuais 76 anos, tinha entrado no partido com 17 anos e nunca havia mudado de partido. Era este um dos seus grandes orgulhos. Estava respondendo diretamente a minha fala que fui expl\u00edcito e convidei-o para que ingressasse no PSOL, que seguisse os passos de Jauri. Convidei a ele e ao m\u00e9dico Bruno Costa. E sua fala continuou. Ele seguiu dizendo que teve coragem ao longo da vida e que agora, neste momento de sua vida, n\u00e3o perderia a coragem. E ainda que, assim como foi um jovem de coragem (Petracco foi o principal l\u00edder estudantil da luta pela legalidade, em 1961), queria morrer com coragem. Quando finalmente anunciou que iria se filiar ao PSOL a sala explodiu de alegria. E ainda acrescentou. Me filio hoje mesmo, e Jauri creio que pode abonar minha ficha, disse o guerreiro socialista, e os militantes do PSOL explodiram numa alegria que se misturou com l\u00e1grimas.<\/p>\n<p>Foi um momento de afirma\u00e7\u00e3o das possibilidades do partido, de sua viabilidade, de seu car\u00e1ter de esquerda e socialista. Petracco at\u00e9 ontem era o presidente de honra de um partido que est\u00e1 na chapa que est\u00e1 entre os primeiros lugares na disputa pela prefeitura de Porto Alegre (at\u00e9 o momento, pelas pesquisas). Um partido que tem o vice governador do Estado. Mas Petracco n\u00e3o \u00e9 um pol\u00edtico que busca cargos nem muito menos o poder pelo poder. S\u00e3o anos de tradi\u00e7\u00e3o na esquerda. Petracco percebeu quem est\u00e3o empunhando a bandeira de esquerda. Depois de sua filia\u00e7\u00e3o se filiaram ainda sua esposa Am\u00e9lia, e v\u00e1rios outros militantes seguiram o exemplo.<\/p>\n<p>Em seguida, novamente Petracco se dirigiu ao p\u00fablico. Deixou claro que assumia a campanha para que o PSOL ganhe a prefeitura de Porto Alegre. E disse de modo claro que o Petracco neles, marca de sua campanha eleitoral para o governo do RS (um slogan que ficou famoso em 1986 e marcou a todos que acompanham mais ou menos bem a pol\u00edtica e que hoje tem um pouco mais de 40 anos) agora se completa, nestas elei\u00e7\u00f5es, com o Roberto Neles. Meu orgulho n\u00e3o poderia ser maior. Jauri Oliveira e Fulvio Petracco s\u00e3o exemplos de vida e de combate militante.<\/p>\n<p>Segunda-feira, 20 de agosto de 2012<\/p>\n<p>Roberto Robaina \u00e9 presidente da Funda\u00e7\u00e3o Lauro Campos<\/p>\n","protected":false},"excerpt":{"rendered":"<p>Ontem (19\/08) \u00e0 noite tivemos um momento hist\u00f3rico na pol\u00edtica da esquerda ga\u00facha. Creio que sua import\u00e2ncia \u00e9 ainda maior, n\u00e3o apenas regional. Trata-se da incorpora\u00e7\u00e3o no PSOL de l\u00edderes hist\u00f3ricos do PSB, fundadores deste partido. A atividade programada era a filia\u00e7\u00e3o de Jauri Oliveira. Jauri, com 81 anos, foi tr\u00eas vezes prefeito de S\u00e3o [&hellip;]<\/p>\n","protected":false},"author":2,"featured_media":0,"comment_status":"open","ping_status":"open","sticky":false,"template":"","format":"standard","meta":{"_acf_changed":false,"footnotes":""},"categories":[4766,4974],"tags":[4975,22],"class_list":{"0":"post-1790","1":"post","2":"type-post","3":"status-publish","4":"format-standard","6":"category-arquivo","7":"category-eleicoes-2012","8":"tag-eleicoes-2012","9":"tag-psol"},"acf":[],"yoast_head":"<!-- This site is optimized with the Yoast SEO plugin v26.5 - https:\/\/yoast.com\/wordpress\/plugins\/seo\/ -->\n<title>RS: Jauri Oliveira e Fulvio Petracco, ex-presidente de honra do PSB, aderem ao PSOL - PSOL 50<\/title>\n<meta name=\"robots\" content=\"index, follow, max-snippet:-1, max-image-preview:large, max-video-preview:-1\" \/>\n<link rel=\"canonical\" href=\"https:\/\/psol50.org.br\/rs-jauri-oliveira-e-fulvio-petracco-ex-presidente-de-honra-do-psb-aderem-ao-psol\/\" \/>\n<meta property=\"og:locale\" content=\"pt_BR\" \/>\n<meta property=\"og:type\" content=\"article\" \/>\n<meta property=\"og:title\" content=\"RS: Jauri Oliveira e Fulvio Petracco, ex-presidente de honra do PSB, aderem ao PSOL - PSOL 50\" \/>\n<meta property=\"og:description\" content=\"Ontem (19\/08) \u00e0 noite tivemos um momento hist\u00f3rico na pol\u00edtica da esquerda ga\u00facha. Creio que sua import\u00e2ncia \u00e9 ainda maior, n\u00e3o apenas regional. Trata-se da incorpora\u00e7\u00e3o no PSOL de l\u00edderes hist\u00f3ricos do PSB, fundadores deste partido. A atividade programada era a filia\u00e7\u00e3o de Jauri Oliveira. Jauri, com 81 anos, foi tr\u00eas vezes prefeito de S\u00e3o [&hellip;]\" \/>\n<meta property=\"og:url\" content=\"https:\/\/psol50.org.br\/rs-jauri-oliveira-e-fulvio-petracco-ex-presidente-de-honra-do-psb-aderem-ao-psol\/\" \/>\n<meta property=\"og:site_name\" content=\"PSOL 50\" \/>\n<meta property=\"article:publisher\" content=\"https:\/\/www.facebook.com\/psol50\" \/>\n<meta property=\"article:published_time\" content=\"2012-08-26T00:00:00+00:00\" \/>\n<meta property=\"og:image\" content=\"https:\/\/psol50.org.br\/inc\/uploads\/2018\/07\/capa.png\" \/>\n\t<meta property=\"og:image:width\" content=\"1350\" \/>\n\t<meta property=\"og:image:height\" content=\"900\" \/>\n\t<meta property=\"og:image:type\" content=\"image\/png\" \/>\n<meta name=\"author\" content=\"Comunica\u00e7\u00e3o PSOL\" \/>\n<meta name=\"twitter:card\" content=\"summary_large_image\" \/>\n<meta name=\"twitter:creator\" content=\"@psol50\" \/>\n<meta name=\"twitter:site\" content=\"@psol50\" \/>\n<meta name=\"twitter:label1\" content=\"Escrito por\" \/>\n\t<meta name=\"twitter:data1\" content=\"Comunica\u00e7\u00e3o PSOL\" \/>\n\t<meta name=\"twitter:label2\" content=\"Est. tempo de leitura\" \/>\n\t<meta name=\"twitter:data2\" content=\"5 minutos\" \/>\n<script type=\"application\/ld+json\" class=\"yoast-schema-graph\">{\"@context\":\"https:\/\/schema.org\",\"@graph\":[{\"@type\":\"Article\",\"@id\":\"https:\/\/psol50.org.br\/rs-jauri-oliveira-e-fulvio-petracco-ex-presidente-de-honra-do-psb-aderem-ao-psol\/#article\",\"isPartOf\":{\"@id\":\"https:\/\/psol50.org.br\/rs-jauri-oliveira-e-fulvio-petracco-ex-presidente-de-honra-do-psb-aderem-ao-psol\/\"},\"author\":{\"name\":\"Comunica\u00e7\u00e3o PSOL\",\"@id\":\"https:\/\/psol50.org.br\/#\/schema\/person\/475dfa57d0b815993c714c2e96491fcd\"},\"headline\":\"RS: Jauri Oliveira e Fulvio Petracco, ex-presidente de honra do PSB, aderem ao PSOL\",\"datePublished\":\"2012-08-26T00:00:00+00:00\",\"mainEntityOfPage\":{\"@id\":\"https:\/\/psol50.org.br\/rs-jauri-oliveira-e-fulvio-petracco-ex-presidente-de-honra-do-psb-aderem-ao-psol\/\"},\"wordCount\":921,\"commentCount\":0,\"publisher\":{\"@id\":\"https:\/\/psol50.org.br\/#organization\"},\"keywords\":[\"Elei\u00e7\u00f5es 2012\",\"PSOL\"],\"articleSection\":[\"Arquivo\",\"ELEI\u00c7\u00d5ES 2012\"],\"inLanguage\":\"pt-BR\",\"potentialAction\":[{\"@type\":\"CommentAction\",\"name\":\"Comment\",\"target\":[\"https:\/\/psol50.org.br\/rs-jauri-oliveira-e-fulvio-petracco-ex-presidente-de-honra-do-psb-aderem-ao-psol\/#respond\"]}]},{\"@type\":\"WebPage\",\"@id\":\"https:\/\/psol50.org.br\/rs-jauri-oliveira-e-fulvio-petracco-ex-presidente-de-honra-do-psb-aderem-ao-psol\/\",\"url\":\"https:\/\/psol50.org.br\/rs-jauri-oliveira-e-fulvio-petracco-ex-presidente-de-honra-do-psb-aderem-ao-psol\/\",\"name\":\"RS: Jauri Oliveira e Fulvio Petracco, ex-presidente de honra do PSB, aderem ao PSOL - PSOL 50\",\"isPartOf\":{\"@id\":\"https:\/\/psol50.org.br\/#website\"},\"datePublished\":\"2012-08-26T00:00:00+00:00\",\"breadcrumb\":{\"@id\":\"https:\/\/psol50.org.br\/rs-jauri-oliveira-e-fulvio-petracco-ex-presidente-de-honra-do-psb-aderem-ao-psol\/#breadcrumb\"},\"inLanguage\":\"pt-BR\",\"potentialAction\":[{\"@type\":\"ReadAction\",\"target\":[\"https:\/\/psol50.org.br\/rs-jauri-oliveira-e-fulvio-petracco-ex-presidente-de-honra-do-psb-aderem-ao-psol\/\"]}]},{\"@type\":\"BreadcrumbList\",\"@id\":\"https:\/\/psol50.org.br\/rs-jauri-oliveira-e-fulvio-petracco-ex-presidente-de-honra-do-psb-aderem-ao-psol\/#breadcrumb\",\"itemListElement\":[{\"@type\":\"ListItem\",\"position\":1,\"name\":\"In\u00edcio\",\"item\":\"https:\/\/psol50.org.br\/\"},{\"@type\":\"ListItem\",\"position\":2,\"name\":\"RS: Jauri Oliveira e Fulvio Petracco, ex-presidente de honra do PSB, aderem ao PSOL\"}]},{\"@type\":\"WebSite\",\"@id\":\"https:\/\/psol50.org.br\/#website\",\"url\":\"https:\/\/psol50.org.br\/\",\"name\":\"PSOL 50\",\"description\":\"Site oficial do Partido Socialismo e Liberdade\",\"publisher\":{\"@id\":\"https:\/\/psol50.org.br\/#organization\"},\"alternateName\":\"PSOL50\",\"potentialAction\":[{\"@type\":\"SearchAction\",\"target\":{\"@type\":\"EntryPoint\",\"urlTemplate\":\"https:\/\/psol50.org.br\/?s={search_term_string}\"},\"query-input\":{\"@type\":\"PropertyValueSpecification\",\"valueRequired\":true,\"valueName\":\"search_term_string\"}}],\"inLanguage\":\"pt-BR\"},{\"@type\":\"Organization\",\"@id\":\"https:\/\/psol50.org.br\/#organization\",\"name\":\"PSOL 50\",\"alternateName\":\"PSOL 50\",\"url\":\"https:\/\/psol50.org.br\/\",\"logo\":{\"@type\":\"ImageObject\",\"inLanguage\":\"pt-BR\",\"@id\":\"https:\/\/psol50.org.br\/#\/schema\/logo\/image\/\",\"url\":\"https:\/\/psol50.org.br\/inc\/uploads\/2018\/07\/capa.png\",\"contentUrl\":\"https:\/\/psol50.org.br\/inc\/uploads\/2018\/07\/capa.png\",\"width\":1350,\"height\":900,\"caption\":\"PSOL 50\"},\"image\":{\"@id\":\"https:\/\/psol50.org.br\/#\/schema\/logo\/image\/\"},\"sameAs\":[\"https:\/\/www.facebook.com\/psol50\",\"https:\/\/x.com\/psol50\",\"https:\/\/www.instagram.com\/psol50\/\",\"https:\/\/www.youtube.com\/channel\/UC7SnJS5o1os7a6CaiNabzcg\"]},{\"@type\":\"Person\",\"@id\":\"https:\/\/psol50.org.br\/#\/schema\/person\/475dfa57d0b815993c714c2e96491fcd\",\"name\":\"Comunica\u00e7\u00e3o PSOL\",\"image\":{\"@type\":\"ImageObject\",\"inLanguage\":\"pt-BR\",\"@id\":\"https:\/\/psol50.org.br\/#\/schema\/person\/image\/\",\"url\":\"https:\/\/secure.gravatar.com\/avatar\/b34fc4f4e468a4e51785917065a3db57b841f5c95dba6ad8c73aaf8f66f8f9bf?s=96&d=mm&r=g\",\"contentUrl\":\"https:\/\/secure.gravatar.com\/avatar\/b34fc4f4e468a4e51785917065a3db57b841f5c95dba6ad8c73aaf8f66f8f9bf?s=96&d=mm&r=g\",\"caption\":\"Comunica\u00e7\u00e3o PSOL\"}}]}<\/script>\n<!-- \/ Yoast SEO plugin. -->","yoast_head_json":{"title":"RS: Jauri Oliveira e Fulvio Petracco, ex-presidente de honra do PSB, aderem ao PSOL - PSOL 50","robots":{"index":"index","follow":"follow","max-snippet":"max-snippet:-1","max-image-preview":"max-image-preview:large","max-video-preview":"max-video-preview:-1"},"canonical":"https:\/\/psol50.org.br\/rs-jauri-oliveira-e-fulvio-petracco-ex-presidente-de-honra-do-psb-aderem-ao-psol\/","og_locale":"pt_BR","og_type":"article","og_title":"RS: Jauri Oliveira e Fulvio Petracco, ex-presidente de honra do PSB, aderem ao PSOL - PSOL 50","og_description":"Ontem (19\/08) \u00e0 noite tivemos um momento hist\u00f3rico na pol\u00edtica da esquerda ga\u00facha. Creio que sua import\u00e2ncia \u00e9 ainda maior, n\u00e3o apenas regional. Trata-se da incorpora\u00e7\u00e3o no PSOL de l\u00edderes hist\u00f3ricos do PSB, fundadores deste partido. A atividade programada era a filia\u00e7\u00e3o de Jauri Oliveira. Jauri, com 81 anos, foi tr\u00eas vezes prefeito de S\u00e3o [&hellip;]","og_url":"https:\/\/psol50.org.br\/rs-jauri-oliveira-e-fulvio-petracco-ex-presidente-de-honra-do-psb-aderem-ao-psol\/","og_site_name":"PSOL 50","article_publisher":"https:\/\/www.facebook.com\/psol50","article_published_time":"2012-08-26T00:00:00+00:00","og_image":[{"width":1350,"height":900,"url":"https:\/\/psol50.org.br\/inc\/uploads\/2018\/07\/capa.png","type":"image\/png"}],"author":"Comunica\u00e7\u00e3o PSOL","twitter_card":"summary_large_image","twitter_creator":"@psol50","twitter_site":"@psol50","twitter_misc":{"Escrito por":"Comunica\u00e7\u00e3o PSOL","Est. tempo de leitura":"5 minutos"},"schema":{"@context":"https:\/\/schema.org","@graph":[{"@type":"Article","@id":"https:\/\/psol50.org.br\/rs-jauri-oliveira-e-fulvio-petracco-ex-presidente-de-honra-do-psb-aderem-ao-psol\/#article","isPartOf":{"@id":"https:\/\/psol50.org.br\/rs-jauri-oliveira-e-fulvio-petracco-ex-presidente-de-honra-do-psb-aderem-ao-psol\/"},"author":{"name":"Comunica\u00e7\u00e3o PSOL","@id":"https:\/\/psol50.org.br\/#\/schema\/person\/475dfa57d0b815993c714c2e96491fcd"},"headline":"RS: Jauri Oliveira e Fulvio Petracco, ex-presidente de honra do PSB, aderem ao PSOL","datePublished":"2012-08-26T00:00:00+00:00","mainEntityOfPage":{"@id":"https:\/\/psol50.org.br\/rs-jauri-oliveira-e-fulvio-petracco-ex-presidente-de-honra-do-psb-aderem-ao-psol\/"},"wordCount":921,"commentCount":0,"publisher":{"@id":"https:\/\/psol50.org.br\/#organization"},"keywords":["Elei\u00e7\u00f5es 2012","PSOL"],"articleSection":["Arquivo","ELEI\u00c7\u00d5ES 2012"],"inLanguage":"pt-BR","potentialAction":[{"@type":"CommentAction","name":"Comment","target":["https:\/\/psol50.org.br\/rs-jauri-oliveira-e-fulvio-petracco-ex-presidente-de-honra-do-psb-aderem-ao-psol\/#respond"]}]},{"@type":"WebPage","@id":"https:\/\/psol50.org.br\/rs-jauri-oliveira-e-fulvio-petracco-ex-presidente-de-honra-do-psb-aderem-ao-psol\/","url":"https:\/\/psol50.org.br\/rs-jauri-oliveira-e-fulvio-petracco-ex-presidente-de-honra-do-psb-aderem-ao-psol\/","name":"RS: Jauri Oliveira e Fulvio Petracco, ex-presidente de honra do PSB, aderem ao PSOL - PSOL 50","isPartOf":{"@id":"https:\/\/psol50.org.br\/#website"},"datePublished":"2012-08-26T00:00:00+00:00","breadcrumb":{"@id":"https:\/\/psol50.org.br\/rs-jauri-oliveira-e-fulvio-petracco-ex-presidente-de-honra-do-psb-aderem-ao-psol\/#breadcrumb"},"inLanguage":"pt-BR","potentialAction":[{"@type":"ReadAction","target":["https:\/\/psol50.org.br\/rs-jauri-oliveira-e-fulvio-petracco-ex-presidente-de-honra-do-psb-aderem-ao-psol\/"]}]},{"@type":"BreadcrumbList","@id":"https:\/\/psol50.org.br\/rs-jauri-oliveira-e-fulvio-petracco-ex-presidente-de-honra-do-psb-aderem-ao-psol\/#breadcrumb","itemListElement":[{"@type":"ListItem","position":1,"name":"In\u00edcio","item":"https:\/\/psol50.org.br\/"},{"@type":"ListItem","position":2,"name":"RS: Jauri Oliveira e Fulvio Petracco, ex-presidente de honra do PSB, aderem ao PSOL"}]},{"@type":"WebSite","@id":"https:\/\/psol50.org.br\/#website","url":"https:\/\/psol50.org.br\/","name":"PSOL 50","description":"Site oficial do Partido Socialismo e Liberdade","publisher":{"@id":"https:\/\/psol50.org.br\/#organization"},"alternateName":"PSOL50","potentialAction":[{"@type":"SearchAction","target":{"@type":"EntryPoint","urlTemplate":"https:\/\/psol50.org.br\/?s={search_term_string}"},"query-input":{"@type":"PropertyValueSpecification","valueRequired":true,"valueName":"search_term_string"}}],"inLanguage":"pt-BR"},{"@type":"Organization","@id":"https:\/\/psol50.org.br\/#organization","name":"PSOL 50","alternateName":"PSOL 50","url":"https:\/\/psol50.org.br\/","logo":{"@type":"ImageObject","inLanguage":"pt-BR","@id":"https:\/\/psol50.org.br\/#\/schema\/logo\/image\/","url":"https:\/\/psol50.org.br\/inc\/uploads\/2018\/07\/capa.png","contentUrl":"https:\/\/psol50.org.br\/inc\/uploads\/2018\/07\/capa.png","width":1350,"height":900,"caption":"PSOL 50"},"image":{"@id":"https:\/\/psol50.org.br\/#\/schema\/logo\/image\/"},"sameAs":["https:\/\/www.facebook.com\/psol50","https:\/\/x.com\/psol50","https:\/\/www.instagram.com\/psol50\/","https:\/\/www.youtube.com\/channel\/UC7SnJS5o1os7a6CaiNabzcg"]},{"@type":"Person","@id":"https:\/\/psol50.org.br\/#\/schema\/person\/475dfa57d0b815993c714c2e96491fcd","name":"Comunica\u00e7\u00e3o PSOL","image":{"@type":"ImageObject","inLanguage":"pt-BR","@id":"https:\/\/psol50.org.br\/#\/schema\/person\/image\/","url":"https:\/\/secure.gravatar.com\/avatar\/b34fc4f4e468a4e51785917065a3db57b841f5c95dba6ad8c73aaf8f66f8f9bf?s=96&d=mm&r=g","contentUrl":"https:\/\/secure.gravatar.com\/avatar\/b34fc4f4e468a4e51785917065a3db57b841f5c95dba6ad8c73aaf8f66f8f9bf?s=96&d=mm&r=g","caption":"Comunica\u00e7\u00e3o PSOL"}}]}},"_links":{"self":[{"href":"https:\/\/psol50.org.br\/rest\/wp\/v2\/posts\/1790","targetHints":{"allow":["GET"]}}],"collection":[{"href":"https:\/\/psol50.org.br\/rest\/wp\/v2\/posts"}],"about":[{"href":"https:\/\/psol50.org.br\/rest\/wp\/v2\/types\/post"}],"author":[{"embeddable":true,"href":"https:\/\/psol50.org.br\/rest\/wp\/v2\/users\/2"}],"replies":[{"embeddable":true,"href":"https:\/\/psol50.org.br\/rest\/wp\/v2\/comments?post=1790"}],"version-history":[{"count":0,"href":"https:\/\/psol50.org.br\/rest\/wp\/v2\/posts\/1790\/revisions"}],"wp:attachment":[{"href":"https:\/\/psol50.org.br\/rest\/wp\/v2\/media?parent=1790"}],"wp:term":[{"taxonomy":"category","embeddable":true,"href":"https:\/\/psol50.org.br\/rest\/wp\/v2\/categories?post=1790"},{"taxonomy":"post_tag","embeddable":true,"href":"https:\/\/psol50.org.br\/rest\/wp\/v2\/tags?post=1790"}],"curies":[{"name":"wp","href":"https:\/\/api.w.org\/{rel}","templated":true}]}}