{"id":17901,"date":"2017-08-30T14:17:49","date_gmt":"2017-08-30T17:17:49","guid":{"rendered":"http:\/\/www.psol50.org.br\/?p=17901"},"modified":"2017-08-30T14:17:49","modified_gmt":"2017-08-30T17:17:49","slug":"psol-entra-com-mandado-de-seguranca-contra-decreto-de-temer-sobre-reserva-na-amazonia","status":"publish","type":"post","link":"https:\/\/psol50.org.br\/psol-entra-com-mandado-de-seguranca-contra-decreto-de-temer-sobre-reserva-na-amazonia\/","title":{"rendered":"PSOL entra com mandado de seguran\u00e7a contra decreto de Temer sobre reserva na Amaz\u00f4nia"},"content":{"rendered":"<p>O PSOL protocolou, nesta quarta-feira (30\/08), no Supremo Tribunal Federal (STF), um mandado de seguran\u00e7a contra os decretos que acabam com a Reserva Nacional de Cobre (Renca) ao permitirem a explora\u00e7\u00e3o mineral na regi\u00e3o, nos <span class=\"text_exposed_show\">estados do Par\u00e1 e Amap\u00e1. Para o partido, h\u00e1 uma clara viola\u00e7\u00e3o de compet\u00eancia exclusiva do Congresso Nacional.<\/span><\/p>\n<p><span class=\"text_exposed_show\">O documento, assinado pelo l\u00edder do PSOL na C\u00e2mara, Glauber Braga (RJ), pede a imediata suspens\u00e3o dos efeitos do Decreto 9.147, segundo de Temer sobre o caso, que revogou o primeiro mas manteve a possibilidade explora\u00e7\u00e3o de min\u00e9rio na regi\u00e3o. <\/span><\/p>\n<p><span class=\"text_exposed_show\">Apesar de a Justi\u00e7a Federal do Distrito Federal ter <a href=\"http:\/\/www.psol50.org.br\/justica-federal-do-df-suspende-decreto-que-extingue-reserva-na-amazonia\/\"><strong><span style=\"color: #3366ff;\">determinado a suspens\u00e3o imediata<\/span><\/strong><\/a> de &#8220;todo e qualquer ato administrativo&#8221;, a Advocacia Geral da Uni\u00e3o j\u00e1 anunciou que ir\u00e1 recorrer. Para o PSOL, o Executivo viola a Constitui\u00e7\u00e3o Federal nos artigos 48, 49 e 225.<\/span><\/p>\n<p><span class=\"text_exposed_show\">No mandado de seguran\u00e7a, o partido argumenta que a extin\u00e7\u00e3o da Renca tem um simbolismo muito grande, porque demonstra de forma inequ\u00edvoca que o governo federal est\u00e1 dando aten\u00e7\u00e3o \u00e0 atividade econ\u00f4mica da minera\u00e7\u00e3o. Al\u00e9m disso, \u00e9 ineg\u00e1vel que a libera\u00e7\u00e3o para a minera\u00e7\u00e3o representa a invas\u00e3o de terras ind\u00edgenas, viola\u00e7\u00e3o dos direitos da popula\u00e7\u00e3o tradicional e amea\u00e7a \u00e0 diversidade biol\u00f3gica, ao ambiente natural, a integridade das unidades de conserva\u00e7\u00e3o federal e estadual.<\/span><\/p>\n<p><span class=\"text_exposed_show\">\u201c\u00c9 evidente que expedi\u00e7\u00e3o do decreto impugnado enseja press\u00e3o sobre as Terras Ind\u00edgenas sobrepostas \u00e0 ora extinta Renca, para pesquisa, explora\u00e7\u00e3o e lavra mineral. Assim, h\u00e1 dissimula\u00e7\u00e3o patrocinada pelo referido Decreto que provoca viola\u00e7\u00e3o ao direito parlamentar, a saber, deliberar sobre explora\u00e7\u00e3o mineral em terras ind\u00edgenas\u201d, explicita o PSOL.<\/span><\/p>\n<p><span class=\"text_exposed_show\">Ontem, os deputados amaz\u00f4nidas Edmilson Rodrigues (PA) e Janete Capiberibe (PSB\/AM), juntamente com Glauber Braga, Jean Wyllys (RJ), Chico Alencar (RJ), Luiza Erundina (SP) e Ivan Valente (SP), protocolaram na C\u00e2mara Projeto de Decreto Legislativo 751 para sustar os efeitos dos decretos.<\/span><\/p>\n","protected":false},"excerpt":{"rendered":"<p>O PSOL protocolou, nesta quarta-feira (30\/08), no Supremo Tribunal Federal (STF), um mandado de seguran\u00e7a contra os decretos que acabam com a Reserva Nacional de Cobre (Renca) ao permitirem a explora\u00e7\u00e3o mineral na regi\u00e3o, nos estados do Par\u00e1 e Amap\u00e1. Para o partido, h\u00e1 uma clara viola\u00e7\u00e3o de compet\u00eancia exclusiva do Congresso Nacional. O documento, [&hellip;]<\/p>\n","protected":false},"author":2,"featured_media":17761,"comment_status":"open","ping_status":"open","sticky":false,"template":"","format":"standard","meta":{"_acf_changed":false,"footnotes":""},"categories":[10,1882],"tags":[96,2169,1191,1748,417,3517],"class_list":{"0":"post-17901","1":"post","2":"type-post","3":"status-publish","4":"format-standard","5":"has-post-thumbnail","7":"category-acao-parlamentares","8":"category-brasil","9":"tag-amazonia","10":"tag-fora-temer","11":"tag-glauber-braga","12":"tag-michel-temer","13":"tag-psol-na-camara","14":"tag-renca"},"acf":[],"yoast_head":"<!-- This site is optimized with the Yoast SEO plugin v26.5 - https:\/\/yoast.com\/wordpress\/plugins\/seo\/ -->\n<title>PSOL entra com mandado de seguran\u00e7a contra decreto de Temer sobre reserva na Amaz\u00f4nia - PSOL 50<\/title>\n<meta name=\"robots\" content=\"index, follow, max-snippet:-1, max-image-preview:large, max-video-preview:-1\" \/>\n<link rel=\"canonical\" href=\"https:\/\/psol50.org.br\/psol-entra-com-mandado-de-seguranca-contra-decreto-de-temer-sobre-reserva-na-amazonia\/\" \/>\n<meta property=\"og:locale\" content=\"pt_BR\" \/>\n<meta property=\"og:type\" content=\"article\" \/>\n<meta property=\"og:title\" content=\"PSOL entra com mandado de seguran\u00e7a contra decreto de Temer sobre reserva na Amaz\u00f4nia - PSOL 50\" \/>\n<meta property=\"og:description\" content=\"O PSOL protocolou, nesta quarta-feira (30\/08), no Supremo Tribunal Federal (STF), um mandado de seguran\u00e7a contra os decretos que acabam com a Reserva Nacional de Cobre (Renca) ao permitirem a explora\u00e7\u00e3o mineral na regi\u00e3o, nos estados do Par\u00e1 e Amap\u00e1. Para o partido, h\u00e1 uma clara viola\u00e7\u00e3o de compet\u00eancia exclusiva do Congresso Nacional. O documento, [&hellip;]\" \/>\n<meta property=\"og:url\" content=\"https:\/\/psol50.org.br\/psol-entra-com-mandado-de-seguranca-contra-decreto-de-temer-sobre-reserva-na-amazonia\/\" \/>\n<meta property=\"og:site_name\" content=\"PSOL 50\" \/>\n<meta property=\"article:publisher\" content=\"https:\/\/www.facebook.com\/psol50\" \/>\n<meta property=\"article:published_time\" content=\"2017-08-30T17:17:49+00:00\" \/>\n<meta property=\"og:image\" content=\"https:\/\/psol50.org.br\/inc\/uploads\/2018\/07\/capa.png\" \/>\n\t<meta property=\"og:image:width\" content=\"1350\" \/>\n\t<meta property=\"og:image:height\" content=\"900\" \/>\n\t<meta property=\"og:image:type\" content=\"image\/png\" \/>\n<meta name=\"author\" content=\"Comunica\u00e7\u00e3o PSOL\" \/>\n<meta name=\"twitter:card\" content=\"summary_large_image\" \/>\n<meta name=\"twitter:creator\" content=\"@psol50\" \/>\n<meta name=\"twitter:site\" content=\"@psol50\" \/>\n<meta name=\"twitter:label1\" content=\"Escrito por\" \/>\n\t<meta name=\"twitter:data1\" content=\"Comunica\u00e7\u00e3o PSOL\" \/>\n\t<meta name=\"twitter:label2\" content=\"Est. tempo de leitura\" \/>\n\t<meta name=\"twitter:data2\" content=\"2 minutos\" \/>\n<script type=\"application\/ld+json\" class=\"yoast-schema-graph\">{\"@context\":\"https:\/\/schema.org\",\"@graph\":[{\"@type\":\"Article\",\"@id\":\"https:\/\/psol50.org.br\/psol-entra-com-mandado-de-seguranca-contra-decreto-de-temer-sobre-reserva-na-amazonia\/#article\",\"isPartOf\":{\"@id\":\"https:\/\/psol50.org.br\/psol-entra-com-mandado-de-seguranca-contra-decreto-de-temer-sobre-reserva-na-amazonia\/\"},\"author\":{\"name\":\"Comunica\u00e7\u00e3o PSOL\",\"@id\":\"https:\/\/psol50.org.br\/#\/schema\/person\/475dfa57d0b815993c714c2e96491fcd\"},\"headline\":\"PSOL entra com mandado de seguran\u00e7a contra decreto de Temer sobre reserva na Amaz\u00f4nia\",\"datePublished\":\"2017-08-30T17:17:49+00:00\",\"mainEntityOfPage\":{\"@id\":\"https:\/\/psol50.org.br\/psol-entra-com-mandado-de-seguranca-contra-decreto-de-temer-sobre-reserva-na-amazonia\/\"},\"wordCount\":349,\"commentCount\":0,\"publisher\":{\"@id\":\"https:\/\/psol50.org.br\/#organization\"},\"image\":{\"@id\":\"https:\/\/psol50.org.br\/psol-entra-com-mandado-de-seguranca-contra-decreto-de-temer-sobre-reserva-na-amazonia\/#primaryimage\"},\"thumbnailUrl\":\"\",\"keywords\":[\"Amaz\u00f4nia\",\"Fora Temer\",\"Glauber Braga\",\"Michel Temer\",\"PSOL na C\u00e2mara\",\"renca\"],\"articleSection\":[\"A\u00e7\u00e3o Parlamentar\",\"Brasil\"],\"inLanguage\":\"pt-BR\",\"potentialAction\":[{\"@type\":\"CommentAction\",\"name\":\"Comment\",\"target\":[\"https:\/\/psol50.org.br\/psol-entra-com-mandado-de-seguranca-contra-decreto-de-temer-sobre-reserva-na-amazonia\/#respond\"]}]},{\"@type\":\"WebPage\",\"@id\":\"https:\/\/psol50.org.br\/psol-entra-com-mandado-de-seguranca-contra-decreto-de-temer-sobre-reserva-na-amazonia\/\",\"url\":\"https:\/\/psol50.org.br\/psol-entra-com-mandado-de-seguranca-contra-decreto-de-temer-sobre-reserva-na-amazonia\/\",\"name\":\"PSOL entra com mandado de seguran\u00e7a contra decreto de Temer sobre reserva na Amaz\u00f4nia - PSOL 50\",\"isPartOf\":{\"@id\":\"https:\/\/psol50.org.br\/#website\"},\"primaryImageOfPage\":{\"@id\":\"https:\/\/psol50.org.br\/psol-entra-com-mandado-de-seguranca-contra-decreto-de-temer-sobre-reserva-na-amazonia\/#primaryimage\"},\"image\":{\"@id\":\"https:\/\/psol50.org.br\/psol-entra-com-mandado-de-seguranca-contra-decreto-de-temer-sobre-reserva-na-amazonia\/#primaryimage\"},\"thumbnailUrl\":\"\",\"datePublished\":\"2017-08-30T17:17:49+00:00\",\"breadcrumb\":{\"@id\":\"https:\/\/psol50.org.br\/psol-entra-com-mandado-de-seguranca-contra-decreto-de-temer-sobre-reserva-na-amazonia\/#breadcrumb\"},\"inLanguage\":\"pt-BR\",\"potentialAction\":[{\"@type\":\"ReadAction\",\"target\":[\"https:\/\/psol50.org.br\/psol-entra-com-mandado-de-seguranca-contra-decreto-de-temer-sobre-reserva-na-amazonia\/\"]}]},{\"@type\":\"ImageObject\",\"inLanguage\":\"pt-BR\",\"@id\":\"https:\/\/psol50.org.br\/psol-entra-com-mandado-de-seguranca-contra-decreto-de-temer-sobre-reserva-na-amazonia\/#primaryimage\",\"url\":\"\",\"contentUrl\":\"\"},{\"@type\":\"BreadcrumbList\",\"@id\":\"https:\/\/psol50.org.br\/psol-entra-com-mandado-de-seguranca-contra-decreto-de-temer-sobre-reserva-na-amazonia\/#breadcrumb\",\"itemListElement\":[{\"@type\":\"ListItem\",\"position\":1,\"name\":\"In\u00edcio\",\"item\":\"https:\/\/psol50.org.br\/\"},{\"@type\":\"ListItem\",\"position\":2,\"name\":\"PSOL entra com mandado de seguran\u00e7a contra decreto de Temer sobre reserva na Amaz\u00f4nia\"}]},{\"@type\":\"WebSite\",\"@id\":\"https:\/\/psol50.org.br\/#website\",\"url\":\"https:\/\/psol50.org.br\/\",\"name\":\"PSOL 50\",\"description\":\"Site oficial do Partido Socialismo e Liberdade\",\"publisher\":{\"@id\":\"https:\/\/psol50.org.br\/#organization\"},\"alternateName\":\"PSOL50\",\"potentialAction\":[{\"@type\":\"SearchAction\",\"target\":{\"@type\":\"EntryPoint\",\"urlTemplate\":\"https:\/\/psol50.org.br\/?s={search_term_string}\"},\"query-input\":{\"@type\":\"PropertyValueSpecification\",\"valueRequired\":true,\"valueName\":\"search_term_string\"}}],\"inLanguage\":\"pt-BR\"},{\"@type\":\"Organization\",\"@id\":\"https:\/\/psol50.org.br\/#organization\",\"name\":\"PSOL 50\",\"alternateName\":\"PSOL 50\",\"url\":\"https:\/\/psol50.org.br\/\",\"logo\":{\"@type\":\"ImageObject\",\"inLanguage\":\"pt-BR\",\"@id\":\"https:\/\/psol50.org.br\/#\/schema\/logo\/image\/\",\"url\":\"https:\/\/psol50.org.br\/inc\/uploads\/2018\/07\/capa.png\",\"contentUrl\":\"https:\/\/psol50.org.br\/inc\/uploads\/2018\/07\/capa.png\",\"width\":1350,\"height\":900,\"caption\":\"PSOL 50\"},\"image\":{\"@id\":\"https:\/\/psol50.org.br\/#\/schema\/logo\/image\/\"},\"sameAs\":[\"https:\/\/www.facebook.com\/psol50\",\"https:\/\/x.com\/psol50\",\"https:\/\/www.instagram.com\/psol50\/\",\"https:\/\/www.youtube.com\/channel\/UC7SnJS5o1os7a6CaiNabzcg\"]},{\"@type\":\"Person\",\"@id\":\"https:\/\/psol50.org.br\/#\/schema\/person\/475dfa57d0b815993c714c2e96491fcd\",\"name\":\"Comunica\u00e7\u00e3o PSOL\",\"image\":{\"@type\":\"ImageObject\",\"inLanguage\":\"pt-BR\",\"@id\":\"https:\/\/psol50.org.br\/#\/schema\/person\/image\/\",\"url\":\"https:\/\/secure.gravatar.com\/avatar\/b34fc4f4e468a4e51785917065a3db57b841f5c95dba6ad8c73aaf8f66f8f9bf?s=96&d=mm&r=g\",\"contentUrl\":\"https:\/\/secure.gravatar.com\/avatar\/b34fc4f4e468a4e51785917065a3db57b841f5c95dba6ad8c73aaf8f66f8f9bf?s=96&d=mm&r=g\",\"caption\":\"Comunica\u00e7\u00e3o PSOL\"}}]}<\/script>\n<!-- \/ Yoast SEO plugin. -->","yoast_head_json":{"title":"PSOL entra com mandado de seguran\u00e7a contra decreto de Temer sobre reserva na Amaz\u00f4nia - PSOL 50","robots":{"index":"index","follow":"follow","max-snippet":"max-snippet:-1","max-image-preview":"max-image-preview:large","max-video-preview":"max-video-preview:-1"},"canonical":"https:\/\/psol50.org.br\/psol-entra-com-mandado-de-seguranca-contra-decreto-de-temer-sobre-reserva-na-amazonia\/","og_locale":"pt_BR","og_type":"article","og_title":"PSOL entra com mandado de seguran\u00e7a contra decreto de Temer sobre reserva na Amaz\u00f4nia - PSOL 50","og_description":"O PSOL protocolou, nesta quarta-feira (30\/08), no Supremo Tribunal Federal (STF), um mandado de seguran\u00e7a contra os decretos que acabam com a Reserva Nacional de Cobre (Renca) ao permitirem a explora\u00e7\u00e3o mineral na regi\u00e3o, nos estados do Par\u00e1 e Amap\u00e1. Para o partido, h\u00e1 uma clara viola\u00e7\u00e3o de compet\u00eancia exclusiva do Congresso Nacional. O documento, [&hellip;]","og_url":"https:\/\/psol50.org.br\/psol-entra-com-mandado-de-seguranca-contra-decreto-de-temer-sobre-reserva-na-amazonia\/","og_site_name":"PSOL 50","article_publisher":"https:\/\/www.facebook.com\/psol50","article_published_time":"2017-08-30T17:17:49+00:00","og_image":[{"width":1350,"height":900,"url":"https:\/\/psol50.org.br\/inc\/uploads\/2018\/07\/capa.png","type":"image\/png"}],"author":"Comunica\u00e7\u00e3o PSOL","twitter_card":"summary_large_image","twitter_creator":"@psol50","twitter_site":"@psol50","twitter_misc":{"Escrito por":"Comunica\u00e7\u00e3o PSOL","Est. tempo de leitura":"2 minutos"},"schema":{"@context":"https:\/\/schema.org","@graph":[{"@type":"Article","@id":"https:\/\/psol50.org.br\/psol-entra-com-mandado-de-seguranca-contra-decreto-de-temer-sobre-reserva-na-amazonia\/#article","isPartOf":{"@id":"https:\/\/psol50.org.br\/psol-entra-com-mandado-de-seguranca-contra-decreto-de-temer-sobre-reserva-na-amazonia\/"},"author":{"name":"Comunica\u00e7\u00e3o PSOL","@id":"https:\/\/psol50.org.br\/#\/schema\/person\/475dfa57d0b815993c714c2e96491fcd"},"headline":"PSOL entra com mandado de seguran\u00e7a contra decreto de Temer sobre reserva na Amaz\u00f4nia","datePublished":"2017-08-30T17:17:49+00:00","mainEntityOfPage":{"@id":"https:\/\/psol50.org.br\/psol-entra-com-mandado-de-seguranca-contra-decreto-de-temer-sobre-reserva-na-amazonia\/"},"wordCount":349,"commentCount":0,"publisher":{"@id":"https:\/\/psol50.org.br\/#organization"},"image":{"@id":"https:\/\/psol50.org.br\/psol-entra-com-mandado-de-seguranca-contra-decreto-de-temer-sobre-reserva-na-amazonia\/#primaryimage"},"thumbnailUrl":"","keywords":["Amaz\u00f4nia","Fora Temer","Glauber Braga","Michel Temer","PSOL na C\u00e2mara","renca"],"articleSection":["A\u00e7\u00e3o Parlamentar","Brasil"],"inLanguage":"pt-BR","potentialAction":[{"@type":"CommentAction","name":"Comment","target":["https:\/\/psol50.org.br\/psol-entra-com-mandado-de-seguranca-contra-decreto-de-temer-sobre-reserva-na-amazonia\/#respond"]}]},{"@type":"WebPage","@id":"https:\/\/psol50.org.br\/psol-entra-com-mandado-de-seguranca-contra-decreto-de-temer-sobre-reserva-na-amazonia\/","url":"https:\/\/psol50.org.br\/psol-entra-com-mandado-de-seguranca-contra-decreto-de-temer-sobre-reserva-na-amazonia\/","name":"PSOL entra com mandado de seguran\u00e7a contra decreto de Temer sobre reserva na Amaz\u00f4nia - PSOL 50","isPartOf":{"@id":"https:\/\/psol50.org.br\/#website"},"primaryImageOfPage":{"@id":"https:\/\/psol50.org.br\/psol-entra-com-mandado-de-seguranca-contra-decreto-de-temer-sobre-reserva-na-amazonia\/#primaryimage"},"image":{"@id":"https:\/\/psol50.org.br\/psol-entra-com-mandado-de-seguranca-contra-decreto-de-temer-sobre-reserva-na-amazonia\/#primaryimage"},"thumbnailUrl":"","datePublished":"2017-08-30T17:17:49+00:00","breadcrumb":{"@id":"https:\/\/psol50.org.br\/psol-entra-com-mandado-de-seguranca-contra-decreto-de-temer-sobre-reserva-na-amazonia\/#breadcrumb"},"inLanguage":"pt-BR","potentialAction":[{"@type":"ReadAction","target":["https:\/\/psol50.org.br\/psol-entra-com-mandado-de-seguranca-contra-decreto-de-temer-sobre-reserva-na-amazonia\/"]}]},{"@type":"ImageObject","inLanguage":"pt-BR","@id":"https:\/\/psol50.org.br\/psol-entra-com-mandado-de-seguranca-contra-decreto-de-temer-sobre-reserva-na-amazonia\/#primaryimage","url":"","contentUrl":""},{"@type":"BreadcrumbList","@id":"https:\/\/psol50.org.br\/psol-entra-com-mandado-de-seguranca-contra-decreto-de-temer-sobre-reserva-na-amazonia\/#breadcrumb","itemListElement":[{"@type":"ListItem","position":1,"name":"In\u00edcio","item":"https:\/\/psol50.org.br\/"},{"@type":"ListItem","position":2,"name":"PSOL entra com mandado de seguran\u00e7a contra decreto de Temer sobre reserva na Amaz\u00f4nia"}]},{"@type":"WebSite","@id":"https:\/\/psol50.org.br\/#website","url":"https:\/\/psol50.org.br\/","name":"PSOL 50","description":"Site oficial do Partido Socialismo e Liberdade","publisher":{"@id":"https:\/\/psol50.org.br\/#organization"},"alternateName":"PSOL50","potentialAction":[{"@type":"SearchAction","target":{"@type":"EntryPoint","urlTemplate":"https:\/\/psol50.org.br\/?s={search_term_string}"},"query-input":{"@type":"PropertyValueSpecification","valueRequired":true,"valueName":"search_term_string"}}],"inLanguage":"pt-BR"},{"@type":"Organization","@id":"https:\/\/psol50.org.br\/#organization","name":"PSOL 50","alternateName":"PSOL 50","url":"https:\/\/psol50.org.br\/","logo":{"@type":"ImageObject","inLanguage":"pt-BR","@id":"https:\/\/psol50.org.br\/#\/schema\/logo\/image\/","url":"https:\/\/psol50.org.br\/inc\/uploads\/2018\/07\/capa.png","contentUrl":"https:\/\/psol50.org.br\/inc\/uploads\/2018\/07\/capa.png","width":1350,"height":900,"caption":"PSOL 50"},"image":{"@id":"https:\/\/psol50.org.br\/#\/schema\/logo\/image\/"},"sameAs":["https:\/\/www.facebook.com\/psol50","https:\/\/x.com\/psol50","https:\/\/www.instagram.com\/psol50\/","https:\/\/www.youtube.com\/channel\/UC7SnJS5o1os7a6CaiNabzcg"]},{"@type":"Person","@id":"https:\/\/psol50.org.br\/#\/schema\/person\/475dfa57d0b815993c714c2e96491fcd","name":"Comunica\u00e7\u00e3o PSOL","image":{"@type":"ImageObject","inLanguage":"pt-BR","@id":"https:\/\/psol50.org.br\/#\/schema\/person\/image\/","url":"https:\/\/secure.gravatar.com\/avatar\/b34fc4f4e468a4e51785917065a3db57b841f5c95dba6ad8c73aaf8f66f8f9bf?s=96&d=mm&r=g","contentUrl":"https:\/\/secure.gravatar.com\/avatar\/b34fc4f4e468a4e51785917065a3db57b841f5c95dba6ad8c73aaf8f66f8f9bf?s=96&d=mm&r=g","caption":"Comunica\u00e7\u00e3o PSOL"}}]}},"_links":{"self":[{"href":"https:\/\/psol50.org.br\/rest\/wp\/v2\/posts\/17901","targetHints":{"allow":["GET"]}}],"collection":[{"href":"https:\/\/psol50.org.br\/rest\/wp\/v2\/posts"}],"about":[{"href":"https:\/\/psol50.org.br\/rest\/wp\/v2\/types\/post"}],"author":[{"embeddable":true,"href":"https:\/\/psol50.org.br\/rest\/wp\/v2\/users\/2"}],"replies":[{"embeddable":true,"href":"https:\/\/psol50.org.br\/rest\/wp\/v2\/comments?post=17901"}],"version-history":[{"count":0,"href":"https:\/\/psol50.org.br\/rest\/wp\/v2\/posts\/17901\/revisions"}],"wp:featuredmedia":[{"embeddable":true,"href":"https:\/\/psol50.org.br\/rest\/"}],"wp:attachment":[{"href":"https:\/\/psol50.org.br\/rest\/wp\/v2\/media?parent=17901"}],"wp:term":[{"taxonomy":"category","embeddable":true,"href":"https:\/\/psol50.org.br\/rest\/wp\/v2\/categories?post=17901"},{"taxonomy":"post_tag","embeddable":true,"href":"https:\/\/psol50.org.br\/rest\/wp\/v2\/tags?post=17901"}],"curies":[{"name":"wp","href":"https:\/\/api.w.org\/{rel}","templated":true}]}}