{"id":17908,"date":"2017-08-30T19:21:30","date_gmt":"2017-08-30T22:21:30","guid":{"rendered":"http:\/\/www.psol50.org.br\/?p=17908"},"modified":"2017-08-30T19:21:30","modified_gmt":"2017-08-30T22:21:30","slug":"no-rj-deputados-mantem-supersalarios-de-secretarios-e-negam-reducao-para-governador-e-vice","status":"publish","type":"post","link":"https:\/\/psol50.org.br\/no-rj-deputados-mantem-supersalarios-de-secretarios-e-negam-reducao-para-governador-e-vice\/","title":{"rendered":"No Rio de Janeiro, deputados mant\u00eam supersal\u00e1rios de secret\u00e1rios"},"content":{"rendered":"<p>Em vota\u00e7\u00e3o nesta quarta-feira (30\/08), a Assembleia Legislativa do Rio de Janeiro (Alerj) manteve o veto do governador Luiz Fernando Pez\u00e3o (PMDB) ao projeto que cortava em 30% os sal\u00e1rios dos chefes do executivo e impossibilitava o pagamento de &#8220;supersal\u00e1rios&#8221; acima do teto constitucional.<\/p>\n<p>Foram 26 votos favor\u00e1veis ao veto e 21 contr\u00e1rios. A bancada do PSOL votou para derrub\u00e1-lo.<\/p>\n<p>O esc\u00e1rnio do caso \u00e9 grande. Em 2016, em meio \u00e0 grave crise que j\u00e1 atingia o estado, o governador Pez\u00e3o pediu \u00e0 Alerj que aprovasse um projeto reduzindo seu pr\u00f3prio sal\u00e1rio, bem como o do vice-governador, Francisco Dornelles (PP), em 30%.<\/p>\n<p>Os deputados aprovaram isso e ainda acrescentaram a proibi\u00e7\u00e3o ao pagamento dos supersal\u00e1rios aos secret\u00e1rios de governo, que acontece principalmente quando s\u00e3o cedidos de outros \u00f3rg\u00e3os ou empresas estatais e acumulam as remunera\u00e7\u00f5es. H\u00e1 quem custe cerca de R$100 mil a cada m\u00eas.<\/p>\n<p>O secret\u00e1rio de Educa\u00e7\u00e3o Wagner Victer, por exemplo, recebeu em 2016 R$894 mil. E o estado ainda pagou R$4 mil em juros \u00e0 Petrobras, da qual ele \u00e9 servidor de carreira, por ter atrasado seu sal\u00e1rio. Enquanto isso, os servidores p\u00fablicos est\u00e3o \u00e0 m\u00edngua com sal\u00e1rios atrasados h\u00e1 meses. A descoberta foi feita pelo deputado estadual Eliomar Coelho, do PSOL.<\/p>\n<p>Ap\u00f3s a aprova\u00e7\u00e3o pela Alerj, por\u00e9m, Pez\u00e3o resolveu voltar atr\u00e1s e vetou o projeto na \u00edntegra, derrubando n\u00e3o apenas a proibi\u00e7\u00e3o dos supersal\u00e1rios, como tamb\u00e9m a redu\u00e7\u00e3o de sua pr\u00f3pria remunera\u00e7\u00e3o e outros itens, como o que reduzia em 70% a verba para viagens a\u00e9reas (inclusive em jatinhos e helic\u00f3pteros).<\/p>\n<p>Seu argumento foi estapaf\u00fardio: para a decis\u00e3o sobre o seu sal\u00e1rio ser levada a efeito, era necess\u00e1rio que todos os servidores p\u00fablicos fossem penalizados, com contribui\u00e7\u00e3o previdenci\u00e1ria de 30%.<\/p>\n<p>Veja a lista de quem votou a favor do veto de Pez\u00e3o:<\/p>\n<p><a href=\"https:\/\/www.facebook.com\/eliomarcoelho\/photos\/a.458709430830745.92883.442179582483730\/1437981862903492\/?type=3\">https:\/\/www.facebook.com\/eliomarcoelho\/photos\/a.458709430830745.92883.442179582483730\/1437981862903492\/?type=3<\/a><\/p>\n","protected":false},"excerpt":{"rendered":"<p>Em vota\u00e7\u00e3o nesta quarta-feira (30\/08), a Assembleia Legislativa do Rio de Janeiro (Alerj) manteve o veto do governador Luiz Fernando Pez\u00e3o (PMDB) ao projeto que cortava em 30% os sal\u00e1rios dos chefes do executivo e impossibilitava o pagamento de &#8220;supersal\u00e1rios&#8221; acima do teto constitucional. Foram 26 votos favor\u00e1veis ao veto e 21 contr\u00e1rios. A bancada [&hellip;]<\/p>\n","protected":false},"author":2,"featured_media":17909,"comment_status":"open","ping_status":"open","sticky":false,"template":"","format":"standard","meta":{"_acf_changed":false,"footnotes":""},"categories":[10,654,6],"tags":[1031,3539,3381,161,2311,162,729,3540],"class_list":{"0":"post-17908","1":"post","2":"type-post","3":"status-publish","4":"format-standard","5":"has-post-thumbnail","7":"category-acao-parlamentares","8":"category-estados","9":"category-noticias","10":"tag-alerj","11":"tag-dornelles","12":"tag-eliomar-coelho","13":"tag-marcelo-freixo","14":"tag-pezao","15":"tag-rio-de-janeiro","16":"tag-rj","17":"tag-supersalarios"},"acf":[],"yoast_head":"<!-- This site is optimized with the Yoast SEO plugin v26.5 - https:\/\/yoast.com\/wordpress\/plugins\/seo\/ -->\n<title>No Rio de Janeiro, deputados mant\u00eam supersal\u00e1rios de secret\u00e1rios - PSOL 50<\/title>\n<meta name=\"robots\" content=\"index, follow, max-snippet:-1, max-image-preview:large, max-video-preview:-1\" \/>\n<link rel=\"canonical\" href=\"https:\/\/psol50.org.br\/no-rj-deputados-mantem-supersalarios-de-secretarios-e-negam-reducao-para-governador-e-vice\/\" \/>\n<meta property=\"og:locale\" content=\"pt_BR\" \/>\n<meta property=\"og:type\" content=\"article\" \/>\n<meta property=\"og:title\" content=\"No Rio de Janeiro, deputados mant\u00eam supersal\u00e1rios de secret\u00e1rios - PSOL 50\" \/>\n<meta property=\"og:description\" content=\"Em vota\u00e7\u00e3o nesta quarta-feira (30\/08), a Assembleia Legislativa do Rio de Janeiro (Alerj) manteve o veto do governador Luiz Fernando Pez\u00e3o (PMDB) ao projeto que cortava em 30% os sal\u00e1rios dos chefes do executivo e impossibilitava o pagamento de &#8220;supersal\u00e1rios&#8221; acima do teto constitucional. Foram 26 votos favor\u00e1veis ao veto e 21 contr\u00e1rios. A bancada [&hellip;]\" \/>\n<meta property=\"og:url\" content=\"https:\/\/psol50.org.br\/no-rj-deputados-mantem-supersalarios-de-secretarios-e-negam-reducao-para-governador-e-vice\/\" \/>\n<meta property=\"og:site_name\" content=\"PSOL 50\" \/>\n<meta property=\"article:publisher\" content=\"https:\/\/www.facebook.com\/psol50\" \/>\n<meta property=\"article:published_time\" content=\"2017-08-30T22:21:30+00:00\" \/>\n<meta property=\"og:image\" content=\"https:\/\/psol50.org.br\/inc\/uploads\/2017\/08\/1085149-tnrgo_abr_280717_edt_28071705623.jpg\" \/>\n\t<meta property=\"og:image:width\" content=\"1350\" \/>\n\t<meta property=\"og:image:height\" content=\"900\" \/>\n\t<meta property=\"og:image:type\" content=\"image\/jpeg\" \/>\n<meta name=\"author\" content=\"Comunica\u00e7\u00e3o PSOL\" \/>\n<meta name=\"twitter:card\" content=\"summary_large_image\" \/>\n<meta name=\"twitter:creator\" content=\"@psol50\" \/>\n<meta name=\"twitter:site\" content=\"@psol50\" \/>\n<meta name=\"twitter:label1\" content=\"Escrito por\" \/>\n\t<meta name=\"twitter:data1\" content=\"Comunica\u00e7\u00e3o PSOL\" \/>\n\t<meta name=\"twitter:label2\" content=\"Est. tempo de leitura\" \/>\n\t<meta name=\"twitter:data2\" content=\"2 minutos\" \/>\n<script type=\"application\/ld+json\" class=\"yoast-schema-graph\">{\"@context\":\"https:\/\/schema.org\",\"@graph\":[{\"@type\":\"Article\",\"@id\":\"https:\/\/psol50.org.br\/no-rj-deputados-mantem-supersalarios-de-secretarios-e-negam-reducao-para-governador-e-vice\/#article\",\"isPartOf\":{\"@id\":\"https:\/\/psol50.org.br\/no-rj-deputados-mantem-supersalarios-de-secretarios-e-negam-reducao-para-governador-e-vice\/\"},\"author\":{\"name\":\"Comunica\u00e7\u00e3o PSOL\",\"@id\":\"https:\/\/psol50.org.br\/#\/schema\/person\/475dfa57d0b815993c714c2e96491fcd\"},\"headline\":\"No Rio de Janeiro, deputados mant\u00eam supersal\u00e1rios de secret\u00e1rios\",\"datePublished\":\"2017-08-30T22:21:30+00:00\",\"mainEntityOfPage\":{\"@id\":\"https:\/\/psol50.org.br\/no-rj-deputados-mantem-supersalarios-de-secretarios-e-negam-reducao-para-governador-e-vice\/\"},\"wordCount\":350,\"commentCount\":0,\"publisher\":{\"@id\":\"https:\/\/psol50.org.br\/#organization\"},\"image\":{\"@id\":\"https:\/\/psol50.org.br\/no-rj-deputados-mantem-supersalarios-de-secretarios-e-negam-reducao-para-governador-e-vice\/#primaryimage\"},\"thumbnailUrl\":\"https:\/\/psol50.org.br\/inc\/uploads\/2017\/08\/1085149-tnrgo_abr_280717_edt_28071705623.jpg\",\"keywords\":[\"Alerj\",\"Dornelles\",\"Eliomar Coelho\",\"Marcelo Freixo\",\"Pez\u00e3o\",\"Rio de Janeiro\",\"RJ\",\"Supersal\u00e1rios\"],\"articleSection\":[\"A\u00e7\u00e3o Parlamentar\",\"Estados\",\"Not\u00edcias\"],\"inLanguage\":\"pt-BR\",\"potentialAction\":[{\"@type\":\"CommentAction\",\"name\":\"Comment\",\"target\":[\"https:\/\/psol50.org.br\/no-rj-deputados-mantem-supersalarios-de-secretarios-e-negam-reducao-para-governador-e-vice\/#respond\"]}]},{\"@type\":\"WebPage\",\"@id\":\"https:\/\/psol50.org.br\/no-rj-deputados-mantem-supersalarios-de-secretarios-e-negam-reducao-para-governador-e-vice\/\",\"url\":\"https:\/\/psol50.org.br\/no-rj-deputados-mantem-supersalarios-de-secretarios-e-negam-reducao-para-governador-e-vice\/\",\"name\":\"No Rio de Janeiro, deputados mant\u00eam supersal\u00e1rios de secret\u00e1rios - PSOL 50\",\"isPartOf\":{\"@id\":\"https:\/\/psol50.org.br\/#website\"},\"primaryImageOfPage\":{\"@id\":\"https:\/\/psol50.org.br\/no-rj-deputados-mantem-supersalarios-de-secretarios-e-negam-reducao-para-governador-e-vice\/#primaryimage\"},\"image\":{\"@id\":\"https:\/\/psol50.org.br\/no-rj-deputados-mantem-supersalarios-de-secretarios-e-negam-reducao-para-governador-e-vice\/#primaryimage\"},\"thumbnailUrl\":\"https:\/\/psol50.org.br\/inc\/uploads\/2017\/08\/1085149-tnrgo_abr_280717_edt_28071705623.jpg\",\"datePublished\":\"2017-08-30T22:21:30+00:00\",\"breadcrumb\":{\"@id\":\"https:\/\/psol50.org.br\/no-rj-deputados-mantem-supersalarios-de-secretarios-e-negam-reducao-para-governador-e-vice\/#breadcrumb\"},\"inLanguage\":\"pt-BR\",\"potentialAction\":[{\"@type\":\"ReadAction\",\"target\":[\"https:\/\/psol50.org.br\/no-rj-deputados-mantem-supersalarios-de-secretarios-e-negam-reducao-para-governador-e-vice\/\"]}]},{\"@type\":\"ImageObject\",\"inLanguage\":\"pt-BR\",\"@id\":\"https:\/\/psol50.org.br\/no-rj-deputados-mantem-supersalarios-de-secretarios-e-negam-reducao-para-governador-e-vice\/#primaryimage\",\"url\":\"https:\/\/psol50.org.br\/inc\/uploads\/2017\/08\/1085149-tnrgo_abr_280717_edt_28071705623.jpg\",\"contentUrl\":\"https:\/\/psol50.org.br\/inc\/uploads\/2017\/08\/1085149-tnrgo_abr_280717_edt_28071705623.jpg\",\"width\":1350,\"height\":900},{\"@type\":\"BreadcrumbList\",\"@id\":\"https:\/\/psol50.org.br\/no-rj-deputados-mantem-supersalarios-de-secretarios-e-negam-reducao-para-governador-e-vice\/#breadcrumb\",\"itemListElement\":[{\"@type\":\"ListItem\",\"position\":1,\"name\":\"In\u00edcio\",\"item\":\"https:\/\/psol50.org.br\/\"},{\"@type\":\"ListItem\",\"position\":2,\"name\":\"No Rio de Janeiro, deputados mant\u00eam supersal\u00e1rios de secret\u00e1rios\"}]},{\"@type\":\"WebSite\",\"@id\":\"https:\/\/psol50.org.br\/#website\",\"url\":\"https:\/\/psol50.org.br\/\",\"name\":\"PSOL 50\",\"description\":\"Site oficial do Partido Socialismo e Liberdade\",\"publisher\":{\"@id\":\"https:\/\/psol50.org.br\/#organization\"},\"alternateName\":\"PSOL50\",\"potentialAction\":[{\"@type\":\"SearchAction\",\"target\":{\"@type\":\"EntryPoint\",\"urlTemplate\":\"https:\/\/psol50.org.br\/?s={search_term_string}\"},\"query-input\":{\"@type\":\"PropertyValueSpecification\",\"valueRequired\":true,\"valueName\":\"search_term_string\"}}],\"inLanguage\":\"pt-BR\"},{\"@type\":\"Organization\",\"@id\":\"https:\/\/psol50.org.br\/#organization\",\"name\":\"PSOL 50\",\"alternateName\":\"PSOL 50\",\"url\":\"https:\/\/psol50.org.br\/\",\"logo\":{\"@type\":\"ImageObject\",\"inLanguage\":\"pt-BR\",\"@id\":\"https:\/\/psol50.org.br\/#\/schema\/logo\/image\/\",\"url\":\"https:\/\/psol50.org.br\/inc\/uploads\/2018\/07\/capa.png\",\"contentUrl\":\"https:\/\/psol50.org.br\/inc\/uploads\/2018\/07\/capa.png\",\"width\":1350,\"height\":900,\"caption\":\"PSOL 50\"},\"image\":{\"@id\":\"https:\/\/psol50.org.br\/#\/schema\/logo\/image\/\"},\"sameAs\":[\"https:\/\/www.facebook.com\/psol50\",\"https:\/\/x.com\/psol50\",\"https:\/\/www.instagram.com\/psol50\/\",\"https:\/\/www.youtube.com\/channel\/UC7SnJS5o1os7a6CaiNabzcg\"]},{\"@type\":\"Person\",\"@id\":\"https:\/\/psol50.org.br\/#\/schema\/person\/475dfa57d0b815993c714c2e96491fcd\",\"name\":\"Comunica\u00e7\u00e3o PSOL\",\"image\":{\"@type\":\"ImageObject\",\"inLanguage\":\"pt-BR\",\"@id\":\"https:\/\/psol50.org.br\/#\/schema\/person\/image\/\",\"url\":\"https:\/\/secure.gravatar.com\/avatar\/b34fc4f4e468a4e51785917065a3db57b841f5c95dba6ad8c73aaf8f66f8f9bf?s=96&d=mm&r=g\",\"contentUrl\":\"https:\/\/secure.gravatar.com\/avatar\/b34fc4f4e468a4e51785917065a3db57b841f5c95dba6ad8c73aaf8f66f8f9bf?s=96&d=mm&r=g\",\"caption\":\"Comunica\u00e7\u00e3o PSOL\"}}]}<\/script>\n<!-- \/ Yoast SEO plugin. -->","yoast_head_json":{"title":"No Rio de Janeiro, deputados mant\u00eam supersal\u00e1rios de secret\u00e1rios - PSOL 50","robots":{"index":"index","follow":"follow","max-snippet":"max-snippet:-1","max-image-preview":"max-image-preview:large","max-video-preview":"max-video-preview:-1"},"canonical":"https:\/\/psol50.org.br\/no-rj-deputados-mantem-supersalarios-de-secretarios-e-negam-reducao-para-governador-e-vice\/","og_locale":"pt_BR","og_type":"article","og_title":"No Rio de Janeiro, deputados mant\u00eam supersal\u00e1rios de secret\u00e1rios - PSOL 50","og_description":"Em vota\u00e7\u00e3o nesta quarta-feira (30\/08), a Assembleia Legislativa do Rio de Janeiro (Alerj) manteve o veto do governador Luiz Fernando Pez\u00e3o (PMDB) ao projeto que cortava em 30% os sal\u00e1rios dos chefes do executivo e impossibilitava o pagamento de &#8220;supersal\u00e1rios&#8221; acima do teto constitucional. Foram 26 votos favor\u00e1veis ao veto e 21 contr\u00e1rios. A bancada [&hellip;]","og_url":"https:\/\/psol50.org.br\/no-rj-deputados-mantem-supersalarios-de-secretarios-e-negam-reducao-para-governador-e-vice\/","og_site_name":"PSOL 50","article_publisher":"https:\/\/www.facebook.com\/psol50","article_published_time":"2017-08-30T22:21:30+00:00","og_image":[{"width":1350,"height":900,"url":"https:\/\/psol50.org.br\/inc\/uploads\/2017\/08\/1085149-tnrgo_abr_280717_edt_28071705623.jpg","type":"image\/jpeg"}],"author":"Comunica\u00e7\u00e3o PSOL","twitter_card":"summary_large_image","twitter_creator":"@psol50","twitter_site":"@psol50","twitter_misc":{"Escrito por":"Comunica\u00e7\u00e3o PSOL","Est. tempo de leitura":"2 minutos"},"schema":{"@context":"https:\/\/schema.org","@graph":[{"@type":"Article","@id":"https:\/\/psol50.org.br\/no-rj-deputados-mantem-supersalarios-de-secretarios-e-negam-reducao-para-governador-e-vice\/#article","isPartOf":{"@id":"https:\/\/psol50.org.br\/no-rj-deputados-mantem-supersalarios-de-secretarios-e-negam-reducao-para-governador-e-vice\/"},"author":{"name":"Comunica\u00e7\u00e3o PSOL","@id":"https:\/\/psol50.org.br\/#\/schema\/person\/475dfa57d0b815993c714c2e96491fcd"},"headline":"No Rio de Janeiro, deputados mant\u00eam supersal\u00e1rios de secret\u00e1rios","datePublished":"2017-08-30T22:21:30+00:00","mainEntityOfPage":{"@id":"https:\/\/psol50.org.br\/no-rj-deputados-mantem-supersalarios-de-secretarios-e-negam-reducao-para-governador-e-vice\/"},"wordCount":350,"commentCount":0,"publisher":{"@id":"https:\/\/psol50.org.br\/#organization"},"image":{"@id":"https:\/\/psol50.org.br\/no-rj-deputados-mantem-supersalarios-de-secretarios-e-negam-reducao-para-governador-e-vice\/#primaryimage"},"thumbnailUrl":"https:\/\/psol50.org.br\/inc\/uploads\/2017\/08\/1085149-tnrgo_abr_280717_edt_28071705623.jpg","keywords":["Alerj","Dornelles","Eliomar Coelho","Marcelo Freixo","Pez\u00e3o","Rio de Janeiro","RJ","Supersal\u00e1rios"],"articleSection":["A\u00e7\u00e3o Parlamentar","Estados","Not\u00edcias"],"inLanguage":"pt-BR","potentialAction":[{"@type":"CommentAction","name":"Comment","target":["https:\/\/psol50.org.br\/no-rj-deputados-mantem-supersalarios-de-secretarios-e-negam-reducao-para-governador-e-vice\/#respond"]}]},{"@type":"WebPage","@id":"https:\/\/psol50.org.br\/no-rj-deputados-mantem-supersalarios-de-secretarios-e-negam-reducao-para-governador-e-vice\/","url":"https:\/\/psol50.org.br\/no-rj-deputados-mantem-supersalarios-de-secretarios-e-negam-reducao-para-governador-e-vice\/","name":"No Rio de Janeiro, deputados mant\u00eam supersal\u00e1rios de secret\u00e1rios - PSOL 50","isPartOf":{"@id":"https:\/\/psol50.org.br\/#website"},"primaryImageOfPage":{"@id":"https:\/\/psol50.org.br\/no-rj-deputados-mantem-supersalarios-de-secretarios-e-negam-reducao-para-governador-e-vice\/#primaryimage"},"image":{"@id":"https:\/\/psol50.org.br\/no-rj-deputados-mantem-supersalarios-de-secretarios-e-negam-reducao-para-governador-e-vice\/#primaryimage"},"thumbnailUrl":"https:\/\/psol50.org.br\/inc\/uploads\/2017\/08\/1085149-tnrgo_abr_280717_edt_28071705623.jpg","datePublished":"2017-08-30T22:21:30+00:00","breadcrumb":{"@id":"https:\/\/psol50.org.br\/no-rj-deputados-mantem-supersalarios-de-secretarios-e-negam-reducao-para-governador-e-vice\/#breadcrumb"},"inLanguage":"pt-BR","potentialAction":[{"@type":"ReadAction","target":["https:\/\/psol50.org.br\/no-rj-deputados-mantem-supersalarios-de-secretarios-e-negam-reducao-para-governador-e-vice\/"]}]},{"@type":"ImageObject","inLanguage":"pt-BR","@id":"https:\/\/psol50.org.br\/no-rj-deputados-mantem-supersalarios-de-secretarios-e-negam-reducao-para-governador-e-vice\/#primaryimage","url":"https:\/\/psol50.org.br\/inc\/uploads\/2017\/08\/1085149-tnrgo_abr_280717_edt_28071705623.jpg","contentUrl":"https:\/\/psol50.org.br\/inc\/uploads\/2017\/08\/1085149-tnrgo_abr_280717_edt_28071705623.jpg","width":1350,"height":900},{"@type":"BreadcrumbList","@id":"https:\/\/psol50.org.br\/no-rj-deputados-mantem-supersalarios-de-secretarios-e-negam-reducao-para-governador-e-vice\/#breadcrumb","itemListElement":[{"@type":"ListItem","position":1,"name":"In\u00edcio","item":"https:\/\/psol50.org.br\/"},{"@type":"ListItem","position":2,"name":"No Rio de Janeiro, deputados mant\u00eam supersal\u00e1rios de secret\u00e1rios"}]},{"@type":"WebSite","@id":"https:\/\/psol50.org.br\/#website","url":"https:\/\/psol50.org.br\/","name":"PSOL 50","description":"Site oficial do Partido Socialismo e Liberdade","publisher":{"@id":"https:\/\/psol50.org.br\/#organization"},"alternateName":"PSOL50","potentialAction":[{"@type":"SearchAction","target":{"@type":"EntryPoint","urlTemplate":"https:\/\/psol50.org.br\/?s={search_term_string}"},"query-input":{"@type":"PropertyValueSpecification","valueRequired":true,"valueName":"search_term_string"}}],"inLanguage":"pt-BR"},{"@type":"Organization","@id":"https:\/\/psol50.org.br\/#organization","name":"PSOL 50","alternateName":"PSOL 50","url":"https:\/\/psol50.org.br\/","logo":{"@type":"ImageObject","inLanguage":"pt-BR","@id":"https:\/\/psol50.org.br\/#\/schema\/logo\/image\/","url":"https:\/\/psol50.org.br\/inc\/uploads\/2018\/07\/capa.png","contentUrl":"https:\/\/psol50.org.br\/inc\/uploads\/2018\/07\/capa.png","width":1350,"height":900,"caption":"PSOL 50"},"image":{"@id":"https:\/\/psol50.org.br\/#\/schema\/logo\/image\/"},"sameAs":["https:\/\/www.facebook.com\/psol50","https:\/\/x.com\/psol50","https:\/\/www.instagram.com\/psol50\/","https:\/\/www.youtube.com\/channel\/UC7SnJS5o1os7a6CaiNabzcg"]},{"@type":"Person","@id":"https:\/\/psol50.org.br\/#\/schema\/person\/475dfa57d0b815993c714c2e96491fcd","name":"Comunica\u00e7\u00e3o PSOL","image":{"@type":"ImageObject","inLanguage":"pt-BR","@id":"https:\/\/psol50.org.br\/#\/schema\/person\/image\/","url":"https:\/\/secure.gravatar.com\/avatar\/b34fc4f4e468a4e51785917065a3db57b841f5c95dba6ad8c73aaf8f66f8f9bf?s=96&d=mm&r=g","contentUrl":"https:\/\/secure.gravatar.com\/avatar\/b34fc4f4e468a4e51785917065a3db57b841f5c95dba6ad8c73aaf8f66f8f9bf?s=96&d=mm&r=g","caption":"Comunica\u00e7\u00e3o PSOL"}}]}},"_links":{"self":[{"href":"https:\/\/psol50.org.br\/rest\/wp\/v2\/posts\/17908","targetHints":{"allow":["GET"]}}],"collection":[{"href":"https:\/\/psol50.org.br\/rest\/wp\/v2\/posts"}],"about":[{"href":"https:\/\/psol50.org.br\/rest\/wp\/v2\/types\/post"}],"author":[{"embeddable":true,"href":"https:\/\/psol50.org.br\/rest\/wp\/v2\/users\/2"}],"replies":[{"embeddable":true,"href":"https:\/\/psol50.org.br\/rest\/wp\/v2\/comments?post=17908"}],"version-history":[{"count":0,"href":"https:\/\/psol50.org.br\/rest\/wp\/v2\/posts\/17908\/revisions"}],"wp:featuredmedia":[{"embeddable":true,"href":"https:\/\/psol50.org.br\/rest\/wp\/v2\/media\/17909"}],"wp:attachment":[{"href":"https:\/\/psol50.org.br\/rest\/wp\/v2\/media?parent=17908"}],"wp:term":[{"taxonomy":"category","embeddable":true,"href":"https:\/\/psol50.org.br\/rest\/wp\/v2\/categories?post=17908"},{"taxonomy":"post_tag","embeddable":true,"href":"https:\/\/psol50.org.br\/rest\/wp\/v2\/tags?post=17908"}],"curies":[{"name":"wp","href":"https:\/\/api.w.org\/{rel}","templated":true}]}}