{"id":1791,"date":"2012-10-05T00:00:00","date_gmt":"2012-10-05T00:00:00","guid":{"rendered":"http:\/\/psol50.org.br\/arquivo\/2012\/10\/05\/nota-publica-da-executiva-nacional-do-psol-sobre-ameacas-a-candidato-a-vereador-do-partido-em-sp\/"},"modified":"2012-10-05T00:00:00","modified_gmt":"2012-10-05T00:00:00","slug":"nota-publica-da-executiva-nacional-do-psol-sobre-ameacas-a-candidato-a-vereador-do-partido-em-sp","status":"publish","type":"post","link":"https:\/\/psol50.org.br\/nota-publica-da-executiva-nacional-do-psol-sobre-ameacas-a-candidato-a-vereador-do-partido-em-sp\/","title":{"rendered":"Nota P\u00fablica da Executiva Nacional do PSOL sobre amea\u00e7as \u00e0 candidato a vereador do partido em SP"},"content":{"rendered":"<div>Em ato de necess\u00e1rio enfrentamento e contesta\u00e7\u00e3o ao processo de militariza\u00e7\u00e3o do poder conduzido na cidade de S\u00e3o Paulo, o candidato a vereador pelo Partido Socialismo e Liberdade &#8211; PSOL, Givanildo Manoel, o Giva, apresentou no Tribunal Regional Eleitoral representa\u00e7\u00e3o em face do Coronel Paulo Telhada (PSDB) , tamb\u00e9m candidato \u00e0 verean\u00e7a, pelo uso indevido de ins\u00edgnias e uniformes da ROTA (Rondas Ostensivas \u201cTobias de Aguiar\u201d) em sua propaganda eleitoral, o que \u00e9 vedado pela lei e caracterizado como crime.<\/div>\n<div><\/div>\n<div>Por conta de sua iniciativa \u2013 respaldada pela legisla\u00e7\u00e3o eleitoral e pelas normativas do Tribunal Superior Eleitoral \u2013, passou a receber uma s\u00e9rie de amea\u00e7as de pretensos eleitores, correligion\u00e1rios e simpatizantes do policial militar reformado. O pr\u00f3prio Coronel Telhada, em depoimento dado a \u00f3rg\u00e3o da grande m\u00eddia, atacou o candidato do PSOL.<\/div>\n<div><\/div>\n<div>As atitudes de hostilidade, manifestadas por in\u00fameras mensagens recebidas por Giva, colocam n\u00e3o s\u00f3 a integridade f\u00edsica e moral do militante e candidato em amea\u00e7a, como tamb\u00e9m denotam de forma sintom\u00e1tica o ascenso conservador na cidade de S\u00e3o Paulo, que mostra sua face por meio dos ataques cotidianos \u00e0 popula\u00e7\u00e3o pobre das periferias, aos sem teto, \u00e0s mulheres, a jovens negros(as), \u00e0 popula\u00e7\u00e3o LGBT, dentre muitos outros alvos da politica de segrega\u00e7\u00e3o e repress\u00e3o vigentes na capital.<\/div>\n<div><\/div>\n<div>Assim, denunciamos estas inaceit\u00e1veis amea\u00e7as, exigimos provid\u00eancias do poder p\u00fablico no sentido de garantir a integridade e a vida do companheiro Givanildo Manoel, exigimos a puni\u00e7\u00e3o daqueles que amea\u00e7am os que levantam a voz para combater a criminaliza\u00e7\u00e3o e o exterm\u00ednio da juventude &#8212; perfil esse que \u00e9 parte da constru\u00e7\u00e3o do nosso partido, como se verifica na candidatura do companheiro Marcelo Freixo no Rio de Janeiro. Manifestamos tamb\u00e9m a nossa solidariedade ao companheiro Givanildo Manoel.<\/div>\n<div><\/div>\n<div><em><strong>Executiva Nacional do PSOL<\/strong><\/em><\/div>\n<div><em><strong>4 de outubro de 2012<\/strong><\/em><\/div>\n","protected":false},"excerpt":{"rendered":"<p>Em ato de necess\u00e1rio enfrentamento e contesta\u00e7\u00e3o ao processo de militariza\u00e7\u00e3o do poder conduzido na cidade de S\u00e3o Paulo, o candidato a vereador pelo Partido Socialismo e Liberdade &#8211; PSOL, Givanildo Manoel, o Giva, apresentou no Tribunal Regional Eleitoral representa\u00e7\u00e3o em face do Coronel Paulo Telhada (PSDB) , tamb\u00e9m candidato \u00e0 verean\u00e7a, pelo uso indevido [&hellip;]<\/p>\n","protected":false},"author":2,"featured_media":0,"comment_status":"open","ping_status":"open","sticky":false,"template":"","format":"standard","meta":{"_acf_changed":false,"footnotes":""},"categories":[4766,4974],"tags":[4975,22],"class_list":{"0":"post-1791","1":"post","2":"type-post","3":"status-publish","4":"format-standard","6":"category-arquivo","7":"category-eleicoes-2012","8":"tag-eleicoes-2012","9":"tag-psol"},"acf":[],"yoast_head":"<!-- This site is optimized with the Yoast SEO plugin v26.5 - https:\/\/yoast.com\/wordpress\/plugins\/seo\/ -->\n<title>Nota P\u00fablica da Executiva Nacional do PSOL sobre amea\u00e7as \u00e0 candidato a vereador do partido em SP - PSOL 50<\/title>\n<meta name=\"robots\" content=\"index, follow, max-snippet:-1, max-image-preview:large, max-video-preview:-1\" \/>\n<link rel=\"canonical\" href=\"https:\/\/psol50.org.br\/nota-publica-da-executiva-nacional-do-psol-sobre-ameacas-a-candidato-a-vereador-do-partido-em-sp\/\" \/>\n<meta property=\"og:locale\" content=\"pt_BR\" \/>\n<meta property=\"og:type\" content=\"article\" \/>\n<meta property=\"og:title\" content=\"Nota P\u00fablica da Executiva Nacional do PSOL sobre amea\u00e7as \u00e0 candidato a vereador do partido em SP - PSOL 50\" \/>\n<meta property=\"og:description\" content=\"Em ato de necess\u00e1rio enfrentamento e contesta\u00e7\u00e3o ao processo de militariza\u00e7\u00e3o do poder conduzido na cidade de S\u00e3o Paulo, o candidato a vereador pelo Partido Socialismo e Liberdade &#8211; PSOL, Givanildo Manoel, o Giva, apresentou no Tribunal Regional Eleitoral representa\u00e7\u00e3o em face do Coronel Paulo Telhada (PSDB) , tamb\u00e9m candidato \u00e0 verean\u00e7a, pelo uso indevido [&hellip;]\" \/>\n<meta property=\"og:url\" content=\"https:\/\/psol50.org.br\/nota-publica-da-executiva-nacional-do-psol-sobre-ameacas-a-candidato-a-vereador-do-partido-em-sp\/\" \/>\n<meta property=\"og:site_name\" content=\"PSOL 50\" \/>\n<meta property=\"article:publisher\" content=\"https:\/\/www.facebook.com\/psol50\" \/>\n<meta property=\"article:published_time\" content=\"2012-10-05T00:00:00+00:00\" \/>\n<meta property=\"og:image\" content=\"https:\/\/psol50.org.br\/inc\/uploads\/2018\/07\/capa.png\" \/>\n\t<meta property=\"og:image:width\" content=\"1350\" \/>\n\t<meta property=\"og:image:height\" content=\"900\" \/>\n\t<meta property=\"og:image:type\" content=\"image\/png\" \/>\n<meta name=\"author\" content=\"Comunica\u00e7\u00e3o PSOL\" \/>\n<meta name=\"twitter:card\" content=\"summary_large_image\" \/>\n<meta name=\"twitter:creator\" content=\"@psol50\" \/>\n<meta name=\"twitter:site\" content=\"@psol50\" \/>\n<meta name=\"twitter:label1\" content=\"Escrito por\" \/>\n\t<meta name=\"twitter:data1\" content=\"Comunica\u00e7\u00e3o PSOL\" \/>\n\t<meta name=\"twitter:label2\" content=\"Est. tempo de leitura\" \/>\n\t<meta name=\"twitter:data2\" content=\"2 minutos\" \/>\n<script type=\"application\/ld+json\" class=\"yoast-schema-graph\">{\"@context\":\"https:\/\/schema.org\",\"@graph\":[{\"@type\":\"Article\",\"@id\":\"https:\/\/psol50.org.br\/nota-publica-da-executiva-nacional-do-psol-sobre-ameacas-a-candidato-a-vereador-do-partido-em-sp\/#article\",\"isPartOf\":{\"@id\":\"https:\/\/psol50.org.br\/nota-publica-da-executiva-nacional-do-psol-sobre-ameacas-a-candidato-a-vereador-do-partido-em-sp\/\"},\"author\":{\"name\":\"Comunica\u00e7\u00e3o PSOL\",\"@id\":\"https:\/\/psol50.org.br\/#\/schema\/person\/475dfa57d0b815993c714c2e96491fcd\"},\"headline\":\"Nota P\u00fablica da Executiva Nacional do PSOL sobre amea\u00e7as \u00e0 candidato a vereador do partido em SP\",\"datePublished\":\"2012-10-05T00:00:00+00:00\",\"mainEntityOfPage\":{\"@id\":\"https:\/\/psol50.org.br\/nota-publica-da-executiva-nacional-do-psol-sobre-ameacas-a-candidato-a-vereador-do-partido-em-sp\/\"},\"wordCount\":339,\"commentCount\":0,\"publisher\":{\"@id\":\"https:\/\/psol50.org.br\/#organization\"},\"keywords\":[\"Elei\u00e7\u00f5es 2012\",\"PSOL\"],\"articleSection\":[\"Arquivo\",\"ELEI\u00c7\u00d5ES 2012\"],\"inLanguage\":\"pt-BR\",\"potentialAction\":[{\"@type\":\"CommentAction\",\"name\":\"Comment\",\"target\":[\"https:\/\/psol50.org.br\/nota-publica-da-executiva-nacional-do-psol-sobre-ameacas-a-candidato-a-vereador-do-partido-em-sp\/#respond\"]}]},{\"@type\":\"WebPage\",\"@id\":\"https:\/\/psol50.org.br\/nota-publica-da-executiva-nacional-do-psol-sobre-ameacas-a-candidato-a-vereador-do-partido-em-sp\/\",\"url\":\"https:\/\/psol50.org.br\/nota-publica-da-executiva-nacional-do-psol-sobre-ameacas-a-candidato-a-vereador-do-partido-em-sp\/\",\"name\":\"Nota P\u00fablica da Executiva Nacional do PSOL sobre amea\u00e7as \u00e0 candidato a vereador do partido em SP - PSOL 50\",\"isPartOf\":{\"@id\":\"https:\/\/psol50.org.br\/#website\"},\"datePublished\":\"2012-10-05T00:00:00+00:00\",\"breadcrumb\":{\"@id\":\"https:\/\/psol50.org.br\/nota-publica-da-executiva-nacional-do-psol-sobre-ameacas-a-candidato-a-vereador-do-partido-em-sp\/#breadcrumb\"},\"inLanguage\":\"pt-BR\",\"potentialAction\":[{\"@type\":\"ReadAction\",\"target\":[\"https:\/\/psol50.org.br\/nota-publica-da-executiva-nacional-do-psol-sobre-ameacas-a-candidato-a-vereador-do-partido-em-sp\/\"]}]},{\"@type\":\"BreadcrumbList\",\"@id\":\"https:\/\/psol50.org.br\/nota-publica-da-executiva-nacional-do-psol-sobre-ameacas-a-candidato-a-vereador-do-partido-em-sp\/#breadcrumb\",\"itemListElement\":[{\"@type\":\"ListItem\",\"position\":1,\"name\":\"In\u00edcio\",\"item\":\"https:\/\/psol50.org.br\/\"},{\"@type\":\"ListItem\",\"position\":2,\"name\":\"Nota P\u00fablica da Executiva Nacional do PSOL sobre amea\u00e7as \u00e0 candidato a vereador do partido em SP\"}]},{\"@type\":\"WebSite\",\"@id\":\"https:\/\/psol50.org.br\/#website\",\"url\":\"https:\/\/psol50.org.br\/\",\"name\":\"PSOL 50\",\"description\":\"Site oficial do Partido Socialismo e Liberdade\",\"publisher\":{\"@id\":\"https:\/\/psol50.org.br\/#organization\"},\"alternateName\":\"PSOL50\",\"potentialAction\":[{\"@type\":\"SearchAction\",\"target\":{\"@type\":\"EntryPoint\",\"urlTemplate\":\"https:\/\/psol50.org.br\/?s={search_term_string}\"},\"query-input\":{\"@type\":\"PropertyValueSpecification\",\"valueRequired\":true,\"valueName\":\"search_term_string\"}}],\"inLanguage\":\"pt-BR\"},{\"@type\":\"Organization\",\"@id\":\"https:\/\/psol50.org.br\/#organization\",\"name\":\"PSOL 50\",\"alternateName\":\"PSOL 50\",\"url\":\"https:\/\/psol50.org.br\/\",\"logo\":{\"@type\":\"ImageObject\",\"inLanguage\":\"pt-BR\",\"@id\":\"https:\/\/psol50.org.br\/#\/schema\/logo\/image\/\",\"url\":\"https:\/\/psol50.org.br\/inc\/uploads\/2018\/07\/capa.png\",\"contentUrl\":\"https:\/\/psol50.org.br\/inc\/uploads\/2018\/07\/capa.png\",\"width\":1350,\"height\":900,\"caption\":\"PSOL 50\"},\"image\":{\"@id\":\"https:\/\/psol50.org.br\/#\/schema\/logo\/image\/\"},\"sameAs\":[\"https:\/\/www.facebook.com\/psol50\",\"https:\/\/x.com\/psol50\",\"https:\/\/www.instagram.com\/psol50\/\",\"https:\/\/www.youtube.com\/channel\/UC7SnJS5o1os7a6CaiNabzcg\"]},{\"@type\":\"Person\",\"@id\":\"https:\/\/psol50.org.br\/#\/schema\/person\/475dfa57d0b815993c714c2e96491fcd\",\"name\":\"Comunica\u00e7\u00e3o PSOL\",\"image\":{\"@type\":\"ImageObject\",\"inLanguage\":\"pt-BR\",\"@id\":\"https:\/\/psol50.org.br\/#\/schema\/person\/image\/\",\"url\":\"https:\/\/secure.gravatar.com\/avatar\/b34fc4f4e468a4e51785917065a3db57b841f5c95dba6ad8c73aaf8f66f8f9bf?s=96&d=mm&r=g\",\"contentUrl\":\"https:\/\/secure.gravatar.com\/avatar\/b34fc4f4e468a4e51785917065a3db57b841f5c95dba6ad8c73aaf8f66f8f9bf?s=96&d=mm&r=g\",\"caption\":\"Comunica\u00e7\u00e3o PSOL\"}}]}<\/script>\n<!-- \/ Yoast SEO plugin. -->","yoast_head_json":{"title":"Nota P\u00fablica da Executiva Nacional do PSOL sobre amea\u00e7as \u00e0 candidato a vereador do partido em SP - PSOL 50","robots":{"index":"index","follow":"follow","max-snippet":"max-snippet:-1","max-image-preview":"max-image-preview:large","max-video-preview":"max-video-preview:-1"},"canonical":"https:\/\/psol50.org.br\/nota-publica-da-executiva-nacional-do-psol-sobre-ameacas-a-candidato-a-vereador-do-partido-em-sp\/","og_locale":"pt_BR","og_type":"article","og_title":"Nota P\u00fablica da Executiva Nacional do PSOL sobre amea\u00e7as \u00e0 candidato a vereador do partido em SP - PSOL 50","og_description":"Em ato de necess\u00e1rio enfrentamento e contesta\u00e7\u00e3o ao processo de militariza\u00e7\u00e3o do poder conduzido na cidade de S\u00e3o Paulo, o candidato a vereador pelo Partido Socialismo e Liberdade &#8211; PSOL, Givanildo Manoel, o Giva, apresentou no Tribunal Regional Eleitoral representa\u00e7\u00e3o em face do Coronel Paulo Telhada (PSDB) , tamb\u00e9m candidato \u00e0 verean\u00e7a, pelo uso indevido [&hellip;]","og_url":"https:\/\/psol50.org.br\/nota-publica-da-executiva-nacional-do-psol-sobre-ameacas-a-candidato-a-vereador-do-partido-em-sp\/","og_site_name":"PSOL 50","article_publisher":"https:\/\/www.facebook.com\/psol50","article_published_time":"2012-10-05T00:00:00+00:00","og_image":[{"width":1350,"height":900,"url":"https:\/\/psol50.org.br\/inc\/uploads\/2018\/07\/capa.png","type":"image\/png"}],"author":"Comunica\u00e7\u00e3o PSOL","twitter_card":"summary_large_image","twitter_creator":"@psol50","twitter_site":"@psol50","twitter_misc":{"Escrito por":"Comunica\u00e7\u00e3o PSOL","Est. tempo de leitura":"2 minutos"},"schema":{"@context":"https:\/\/schema.org","@graph":[{"@type":"Article","@id":"https:\/\/psol50.org.br\/nota-publica-da-executiva-nacional-do-psol-sobre-ameacas-a-candidato-a-vereador-do-partido-em-sp\/#article","isPartOf":{"@id":"https:\/\/psol50.org.br\/nota-publica-da-executiva-nacional-do-psol-sobre-ameacas-a-candidato-a-vereador-do-partido-em-sp\/"},"author":{"name":"Comunica\u00e7\u00e3o PSOL","@id":"https:\/\/psol50.org.br\/#\/schema\/person\/475dfa57d0b815993c714c2e96491fcd"},"headline":"Nota P\u00fablica da Executiva Nacional do PSOL sobre amea\u00e7as \u00e0 candidato a vereador do partido em SP","datePublished":"2012-10-05T00:00:00+00:00","mainEntityOfPage":{"@id":"https:\/\/psol50.org.br\/nota-publica-da-executiva-nacional-do-psol-sobre-ameacas-a-candidato-a-vereador-do-partido-em-sp\/"},"wordCount":339,"commentCount":0,"publisher":{"@id":"https:\/\/psol50.org.br\/#organization"},"keywords":["Elei\u00e7\u00f5es 2012","PSOL"],"articleSection":["Arquivo","ELEI\u00c7\u00d5ES 2012"],"inLanguage":"pt-BR","potentialAction":[{"@type":"CommentAction","name":"Comment","target":["https:\/\/psol50.org.br\/nota-publica-da-executiva-nacional-do-psol-sobre-ameacas-a-candidato-a-vereador-do-partido-em-sp\/#respond"]}]},{"@type":"WebPage","@id":"https:\/\/psol50.org.br\/nota-publica-da-executiva-nacional-do-psol-sobre-ameacas-a-candidato-a-vereador-do-partido-em-sp\/","url":"https:\/\/psol50.org.br\/nota-publica-da-executiva-nacional-do-psol-sobre-ameacas-a-candidato-a-vereador-do-partido-em-sp\/","name":"Nota P\u00fablica da Executiva Nacional do PSOL sobre amea\u00e7as \u00e0 candidato a vereador do partido em SP - PSOL 50","isPartOf":{"@id":"https:\/\/psol50.org.br\/#website"},"datePublished":"2012-10-05T00:00:00+00:00","breadcrumb":{"@id":"https:\/\/psol50.org.br\/nota-publica-da-executiva-nacional-do-psol-sobre-ameacas-a-candidato-a-vereador-do-partido-em-sp\/#breadcrumb"},"inLanguage":"pt-BR","potentialAction":[{"@type":"ReadAction","target":["https:\/\/psol50.org.br\/nota-publica-da-executiva-nacional-do-psol-sobre-ameacas-a-candidato-a-vereador-do-partido-em-sp\/"]}]},{"@type":"BreadcrumbList","@id":"https:\/\/psol50.org.br\/nota-publica-da-executiva-nacional-do-psol-sobre-ameacas-a-candidato-a-vereador-do-partido-em-sp\/#breadcrumb","itemListElement":[{"@type":"ListItem","position":1,"name":"In\u00edcio","item":"https:\/\/psol50.org.br\/"},{"@type":"ListItem","position":2,"name":"Nota P\u00fablica da Executiva Nacional do PSOL sobre amea\u00e7as \u00e0 candidato a vereador do partido em SP"}]},{"@type":"WebSite","@id":"https:\/\/psol50.org.br\/#website","url":"https:\/\/psol50.org.br\/","name":"PSOL 50","description":"Site oficial do Partido Socialismo e Liberdade","publisher":{"@id":"https:\/\/psol50.org.br\/#organization"},"alternateName":"PSOL50","potentialAction":[{"@type":"SearchAction","target":{"@type":"EntryPoint","urlTemplate":"https:\/\/psol50.org.br\/?s={search_term_string}"},"query-input":{"@type":"PropertyValueSpecification","valueRequired":true,"valueName":"search_term_string"}}],"inLanguage":"pt-BR"},{"@type":"Organization","@id":"https:\/\/psol50.org.br\/#organization","name":"PSOL 50","alternateName":"PSOL 50","url":"https:\/\/psol50.org.br\/","logo":{"@type":"ImageObject","inLanguage":"pt-BR","@id":"https:\/\/psol50.org.br\/#\/schema\/logo\/image\/","url":"https:\/\/psol50.org.br\/inc\/uploads\/2018\/07\/capa.png","contentUrl":"https:\/\/psol50.org.br\/inc\/uploads\/2018\/07\/capa.png","width":1350,"height":900,"caption":"PSOL 50"},"image":{"@id":"https:\/\/psol50.org.br\/#\/schema\/logo\/image\/"},"sameAs":["https:\/\/www.facebook.com\/psol50","https:\/\/x.com\/psol50","https:\/\/www.instagram.com\/psol50\/","https:\/\/www.youtube.com\/channel\/UC7SnJS5o1os7a6CaiNabzcg"]},{"@type":"Person","@id":"https:\/\/psol50.org.br\/#\/schema\/person\/475dfa57d0b815993c714c2e96491fcd","name":"Comunica\u00e7\u00e3o PSOL","image":{"@type":"ImageObject","inLanguage":"pt-BR","@id":"https:\/\/psol50.org.br\/#\/schema\/person\/image\/","url":"https:\/\/secure.gravatar.com\/avatar\/b34fc4f4e468a4e51785917065a3db57b841f5c95dba6ad8c73aaf8f66f8f9bf?s=96&d=mm&r=g","contentUrl":"https:\/\/secure.gravatar.com\/avatar\/b34fc4f4e468a4e51785917065a3db57b841f5c95dba6ad8c73aaf8f66f8f9bf?s=96&d=mm&r=g","caption":"Comunica\u00e7\u00e3o PSOL"}}]}},"_links":{"self":[{"href":"https:\/\/psol50.org.br\/rest\/wp\/v2\/posts\/1791","targetHints":{"allow":["GET"]}}],"collection":[{"href":"https:\/\/psol50.org.br\/rest\/wp\/v2\/posts"}],"about":[{"href":"https:\/\/psol50.org.br\/rest\/wp\/v2\/types\/post"}],"author":[{"embeddable":true,"href":"https:\/\/psol50.org.br\/rest\/wp\/v2\/users\/2"}],"replies":[{"embeddable":true,"href":"https:\/\/psol50.org.br\/rest\/wp\/v2\/comments?post=1791"}],"version-history":[{"count":0,"href":"https:\/\/psol50.org.br\/rest\/wp\/v2\/posts\/1791\/revisions"}],"wp:attachment":[{"href":"https:\/\/psol50.org.br\/rest\/wp\/v2\/media?parent=1791"}],"wp:term":[{"taxonomy":"category","embeddable":true,"href":"https:\/\/psol50.org.br\/rest\/wp\/v2\/categories?post=1791"},{"taxonomy":"post_tag","embeddable":true,"href":"https:\/\/psol50.org.br\/rest\/wp\/v2\/tags?post=1791"}],"curies":[{"name":"wp","href":"https:\/\/api.w.org\/{rel}","templated":true}]}}