{"id":17927,"date":"2017-08-31T18:57:47","date_gmt":"2017-08-31T21:57:47","guid":{"rendered":"http:\/\/www.psol50.org.br\/?p=17927"},"modified":"2017-08-31T18:57:47","modified_gmt":"2017-08-31T21:57:47","slug":"365-dias-de-golpe-e-a-vida-das-mulheres","status":"publish","type":"post","link":"https:\/\/psol50.org.br\/365-dias-de-golpe-e-a-vida-das-mulheres\/","title":{"rendered":"365 dias de golpe e a vida das mulheres"},"content":{"rendered":"<p><em>Por Setorial Nacional de Mulheres do PSOL<\/em><\/p>\n<p><span style=\"font-weight: 400;\">Vamos combinar que um processo presidido por Eduardo Cunha, legitimado por centenas de parlamentares brancos, homens e que est\u00e3o h\u00e1 anos reproduzindo a velha pol\u00edtica excludente, n\u00e3o poderia colher bons frutos no seu 1\u00ba anivers\u00e1rio. <\/span><\/p>\n<p><span style=\"font-weight: 400;\">N\u00f3s, mulheres, estamos exaustas. Se a classe trabalhadora n\u00e3o teve tr\u00e9guas ap\u00f3s o golpe, n\u00f3s, as mais vulner\u00e1veis dessa classe, muito menos. Logo no in\u00edcio do desgoverno de Michel Temer, a reforma ministerial rendeu o fim da pasta de pol\u00edticas p\u00fablicas para as mulheres e uma nova composi\u00e7\u00e3o dos minist\u00e9rios formada apenas por homens, o que significa, em se tratando de aliados golpistas, um total de zero pol\u00edticas p\u00fablicas voltadas para n\u00f3s.<\/span><\/p>\n<p><span style=\"font-weight: 400;\">Ainda em 2016, no final do ano, a C\u00e2mara dos Deputados e o Senado aprovaram a proposta de emenda constitucional que cria um teto para os gastos p\u00fablicos, a PEC 241 ou PEC 55, a depender da Casa legislativa, que congela as despesas do Governo Federal por at\u00e9 20 anos. Essa medida abocanha mais de 40% dos gastos p\u00fablicos obrigat\u00f3rios e s\u00f3 poder\u00e1 ser revisada, se houver interesse, daqui a 10 anos. Mas e da\u00ed? E da\u00ed que mesmo a economia voltando a crescer, a aplica\u00e7\u00e3o de recursos em setores fundamentais, como sa\u00fade, educa\u00e7\u00e3o e moradia, permanecer\u00e3o congelados. Vale dizer aqui que isso nunca aconteceu em nenhum lugar do mundo. N\u00f3s, mulheres, armamos uma forte resist\u00eancia contra essa medida, juntamente com os estudantes secundaristas que realizaram ocupa\u00e7\u00f5es de escolas por todo o Brasil &#8211; com grande parte de suas lideran\u00e7as formada por mulheres, meninas que sonham com o futuro e batalham por ele no presente. <\/span><\/p>\n<p><span style=\"font-weight: 400;\">As mulheres s\u00e3o as principais usu\u00e1rias do Sistema \u00danico de Sa\u00fade (SUS), representando 58,1% dos usu\u00e1rios. O analfabetismo entre as mulheres negras \u00e9 duas vezes maior do que entre mulheres brancas. A evas\u00e3o nas universidades tem sido maior entre as mulheres pela falta de pol\u00edticas de perman\u00eancia que entendam nossas especificidades e tamb\u00e9m pela press\u00e3o social machista que nos imp\u00f5e tarefas que n\u00e3o deveriam ser atribu\u00eddas majoritariamente \u00e0s mulheres. O desmonte da pol\u00edtica de ensino b\u00e1sico e fundamental impede a amplia\u00e7\u00e3o de vagas em creches e escolas p\u00fablicas, impactando diretamente a vida das mulheres, uma vez que n\u00e3o ter\u00e3o contrapartida do Estado para cuidarem de seus filhos. As maiores benefici\u00e1rias dos programas de moradia tamb\u00e9m s\u00e3o as mulheres. Em resumo: retirar direitos fundamentais previstos na Constitui\u00e7\u00e3o Federal \u00e9 tamb\u00e9m negar \u00e0s mulheres o direito \u00e0 vida digna.<\/span><\/p>\n<p><span style=\"font-weight: 400;\">J\u00e1 seria ataque suficiente se parasse por a\u00ed, n\u00e9? Mas os golpistas discordam. O que puderem fazer para manter o privil\u00e9gio do 1% e intensificar as desigualdades sociais, far\u00e3o sem d\u00f3. Tanto \u00e9 que as reformas que cortam direitos conquistados com muito suor pelo povo brasileiro foram colocadas como pautas urgentes a serem aprovadas, com o argumento de sempre, \u201cvamos salvar a economia\u201d, j\u00e1 desmontado por uma s\u00e9rie de especialistas. Importante falar sobre as reformas, vamos l\u00e1.<\/span><\/p>\n<p><span style=\"font-weight: 400;\">Recentemente aprovada no Senado, a Reforma Trabalhista, que beneficia os que sempre foram beneficiados nas rela\u00e7\u00f5es trabalhistas, autoriza que as negocia\u00e7\u00f5es entre patr\u00f5es e empregados se sobreponham \u00e0 lei, ainda que isso possa prejudicar a classe trabalhadora. Mas pode isso, se sobrepor \u00e0 lei? Agora pode. Pausa: em um pa\u00eds com 13,3 milh\u00f5es de desempregados, qual \u00e9 o poder de negocia\u00e7\u00e3o do trabalhador ao pautar condi\u00e7\u00f5es de trabalho, f\u00e9rias, carga hor\u00e1ria, entre outros? Baixa. E se for mulher? Fica ainda pior. A nova reforma autoriza que gr\u00e1vidas e lactantes trabalhem em locais insalubres e n\u00f3s, que estamos sujeitas a todo tipo de ass\u00e9dio e discrimina\u00e7\u00e3o exclusivamente por sermos mulheres, encontramos ainda mais dificuldade. Vamos exemplificar com os dois p\u00e9s na realidade: o trabalho dom\u00e9stico remunerado \u00e9 a terceira principal atividade econ\u00f4mica exercida pelas brasileiras, 63,4% das mulheres negras (RASEAM 2015) t\u00eam esse emprego e apenas 32,3% (Pnad 2015) com carteira assinada. Os direitos rec\u00e9m conquistados por elas se esvaem ralo abaixo uma vez que historicamente estiveram expostas aos abusos dos patr\u00f5es.<\/span><\/p>\n<p><span style=\"font-weight: 400;\">Em pleno s\u00e9culo XXI, o sal\u00e1rio da brasileira m\u00e9dia representa aproximadamente 65% do masculino no mercado informal e 75% no formal, diferen\u00e7a que cresce ao comparar os rendimentos de uma mulher negra aos de um homem branco. Tamb\u00e9m neste s\u00e9culo, dados do Pnad 2014 apontam que 88% das mulheres ocupadas com mais de 16 anos realizam trabalhos dom\u00e9sticos. J\u00e1 entre os homens, a estat\u00edstica \u00e9 de apenas 46%. N\u00f3s passamos 20,6 horas semanais lavando, passando, cozinhando, cuidando dos filhos e os homens apenas 9,8 horas, em m\u00e9dia, para as mesmas tarefas. Ao final da semana, se juntarmos trabalho remunerado com trabalho dom\u00e9stico, os homens trabalham aproximadamente 5 horas a menos que as mulheres.<\/span><\/p>\n<p><span style=\"font-weight: 400;\">E apesar disso, tramita na C\u00e2mara dos Deputados a Reforma da Previd\u00eancia que ignora essa diferen\u00e7a brutal e colocar\u00e1 fim na diferen\u00e7a de idade para que homens e mulheres se aposentem. A realidade das mulheres do campo vai ser ainda mais perversa, pois das que se dedicam \u00e0 atividade agr\u00edcola, 97,6% realizam afazeres dom\u00e9sticos, enquanto os homens, apenas 48,22%. Elas dedicam, em m\u00e9dia, 28,01 horas semanais a esse trabalho. \u00c9 quase um ter\u00e7o a mais que a m\u00e9dia das mulheres da cidade e quase tr\u00eas vezes mais que os homens na mesma atividade econ\u00f4mica.<\/span><\/p>\n<p><span style=\"font-weight: 400;\">Agora deu, n\u00e9? J\u00e1 s\u00e3o muitas lutas para travarmos contra e garantirmos nossos direitos. Parece que n\u00e3o. A ofensiva contra os direitos sexuais e reprodutivos das mulheres est\u00e1 sendo orquestrada a todo vapor.<\/span><\/p>\n<p><span style=\"font-weight: 400;\">O Estatuto do Nascituro (PL 478\/2007), que privilegia os direitos do feto desde o momento da concep\u00e7\u00e3o e que transforma o aborto em crime hediondo, teve parecer favor\u00e1vel na Comiss\u00e3o de Constitui\u00e7\u00e3o e Justi\u00e7a e de Cidadania na C\u00e2mara e est\u00e1 pronto para ser votado no plen\u00e1rio. N\u00e3o sendo suficiente esse projeto, come\u00e7ou a ser debatida em comiss\u00e3o especial tamb\u00e9m na C\u00e2mara a PEC 181\/2015, que a princ\u00edpio seria positiva para as mulheres ao garantir a extens\u00e3o da licen\u00e7a maternidade em casos de beb\u00eas prematuros, por\u00e9m uma emenda ser\u00e1 aplicada defendendo a vida desde a concep\u00e7\u00e3o. Eu ouvi golpe? Sim, golpe. Concordamos que essas discuss\u00f5es n\u00e3o deveriam nem rondar um espa\u00e7o como o Congresso Nacional, afinal, que propriedade eles t\u00eam para decidir sobre nossos corpos? <\/span><\/p>\n<p><span style=\"font-weight: 400;\">Imaginem que caso qualquer um desses projetos seja aprovado, poderemos ter o fim da p\u00edlula do dia seguinte e de aborto em caso de estupro. Esses s\u00e3os os que se dizem pr\u00f3-vida, mas ignoram que mais de 1 milh\u00e3o de brasileiras interrompem a gesta\u00e7\u00e3o anualmente e que muitas delas, principalmente negras e pobres, morrem em decorr\u00eancia de procedimentos inseguros. Toda e qualquer resist\u00eancia ser\u00e1 mais do que necess\u00e1ria, por nenhuma a mais nas pris\u00f5es e por nenhuma a menos na sociedade.<\/span><\/p>\n<p><span style=\"font-weight: 400;\">Por falar em nenhuma a menos, estamos sendo bombardeadas por not\u00edcias de aumento nos \u00edndices viol\u00eancia de g\u00eanero, principalmente estupro, estupro coletivo e casos de feminic\u00eddio espalhados pelos quatro cantos do pa\u00eds. Em contrapartida n\u00e3o vemos nenhum parecer dos governos sobre as viol\u00eancias cometidas contra n\u00f3s, mulheres, e nenhuma alternativa voltada para pol\u00edticas p\u00fablicas que nos garantam autonomia e liberdade para continuarmos existindo. E sim, estamos falando tamb\u00e9m da Justi\u00e7a de um pa\u00eds extremamente punitivista, mas que concede sem constrangimento crimes contra as mulheres. Vivemos com medo, sofremos a dor em cada not\u00edcia lida porque sabemos que poderia ser qualquer uma de n\u00f3s, mas aquela mulher violentada tem hist\u00f3ria e foi reduzida mais uma vez a um n\u00famero. Estamos extremamente cansadas de sermos estat\u00edstica em um Brasil que nega debates t\u00e3o fundamentais como o de g\u00eanero nas escolas, e por consequ\u00eancia parece naturalizar o fato de sermos o 5\u00ba pa\u00eds que mais mata mulheres no mundo. Esse modelo de sociedade n\u00e3o nos serve e \u00e9 nisso que vamos nos pautar.<\/span><\/p>\n<p><span style=\"font-weight: 400;\">A for\u00e7a das mulheres n\u00e3o tem limites, nem fronteiras. N\u00f3s estamos constantemente em alerta e construindo a resist\u00eancia por mais dura que pare\u00e7a a realidade. A verdade \u00e9 que estamos, sim, fartas de tantas atrocidades, mas nos reconhecemos umas nas outras e transformaremos nossa consci\u00eancia de oprimidas em uma grande fortaleza que reinventar\u00e1 a pol\u00edtica e a sociedade. Por mim, por voc\u00ea, por n\u00f3s e por elas: nenhuma a menos!<\/span><\/p>\n<p>&nbsp;<\/p>\n","protected":false},"excerpt":{"rendered":"<p>Por Setorial Nacional de Mulheres do PSOL Vamos combinar que um processo presidido por Eduardo Cunha, legitimado por centenas de parlamentares brancos, homens e que est\u00e3o h\u00e1 anos reproduzindo a velha pol\u00edtica excludente, n\u00e3o poderia colher bons frutos no seu 1\u00ba anivers\u00e1rio. N\u00f3s, mulheres, estamos exaustas. Se a classe trabalhadora n\u00e3o teve tr\u00e9guas ap\u00f3s o [&hellip;]<\/p>\n","protected":false},"author":2,"featured_media":17928,"comment_status":"open","ping_status":"open","sticky":false,"template":"","format":"standard","meta":{"_acf_changed":false,"footnotes":""},"categories":[1882,1104,6,14],"tags":[2169,151,1748,4,39,1669,1096],"class_list":{"0":"post-17927","1":"post","2":"type-post","3":"status-publish","4":"format-standard","5":"has-post-thumbnail","7":"category-brasil","8":"category-movimento","9":"category-noticias","10":"category-partido","11":"tag-fora-temer","12":"tag-golpe","13":"tag-michel-temer","14":"tag-mulheres","15":"tag-reforma-da-previdencia","16":"tag-reforma-trabalhista","17":"tag-setorial-nacional-de-mulheres-do-psol"},"acf":[],"yoast_head":"<!-- This site is optimized with the Yoast SEO plugin v26.5 - https:\/\/yoast.com\/wordpress\/plugins\/seo\/ -->\n<title>365 dias de golpe e a vida das mulheres - PSOL 50<\/title>\n<meta name=\"robots\" content=\"index, follow, max-snippet:-1, max-image-preview:large, max-video-preview:-1\" \/>\n<link rel=\"canonical\" href=\"https:\/\/psol50.org.br\/365-dias-de-golpe-e-a-vida-das-mulheres\/\" \/>\n<meta property=\"og:locale\" content=\"pt_BR\" \/>\n<meta property=\"og:type\" content=\"article\" \/>\n<meta property=\"og:title\" content=\"365 dias de golpe e a vida das mulheres - PSOL 50\" \/>\n<meta property=\"og:description\" content=\"Por Setorial Nacional de Mulheres do PSOL Vamos combinar que um processo presidido por Eduardo Cunha, legitimado por centenas de parlamentares brancos, homens e que est\u00e3o h\u00e1 anos reproduzindo a velha pol\u00edtica excludente, n\u00e3o poderia colher bons frutos no seu 1\u00ba anivers\u00e1rio. N\u00f3s, mulheres, estamos exaustas. Se a classe trabalhadora n\u00e3o teve tr\u00e9guas ap\u00f3s o [&hellip;]\" \/>\n<meta property=\"og:url\" content=\"https:\/\/psol50.org.br\/365-dias-de-golpe-e-a-vida-das-mulheres\/\" \/>\n<meta property=\"og:site_name\" content=\"PSOL 50\" \/>\n<meta property=\"article:publisher\" content=\"https:\/\/www.facebook.com\/psol50\" \/>\n<meta property=\"article:published_time\" content=\"2017-08-31T21:57:47+00:00\" \/>\n<meta property=\"og:image\" content=\"https:\/\/psol50.org.br\/inc\/uploads\/2018\/07\/capa.png\" \/>\n\t<meta property=\"og:image:width\" content=\"1350\" \/>\n\t<meta property=\"og:image:height\" content=\"900\" \/>\n\t<meta property=\"og:image:type\" content=\"image\/png\" \/>\n<meta name=\"author\" content=\"Comunica\u00e7\u00e3o PSOL\" \/>\n<meta name=\"twitter:card\" content=\"summary_large_image\" \/>\n<meta name=\"twitter:creator\" content=\"@psol50\" \/>\n<meta name=\"twitter:site\" content=\"@psol50\" \/>\n<meta name=\"twitter:label1\" content=\"Escrito por\" \/>\n\t<meta name=\"twitter:data1\" content=\"Comunica\u00e7\u00e3o PSOL\" \/>\n\t<meta name=\"twitter:label2\" content=\"Est. tempo de leitura\" \/>\n\t<meta name=\"twitter:data2\" content=\"7 minutos\" \/>\n<script type=\"application\/ld+json\" class=\"yoast-schema-graph\">{\"@context\":\"https:\/\/schema.org\",\"@graph\":[{\"@type\":\"Article\",\"@id\":\"https:\/\/psol50.org.br\/365-dias-de-golpe-e-a-vida-das-mulheres\/#article\",\"isPartOf\":{\"@id\":\"https:\/\/psol50.org.br\/365-dias-de-golpe-e-a-vida-das-mulheres\/\"},\"author\":{\"name\":\"Comunica\u00e7\u00e3o PSOL\",\"@id\":\"https:\/\/psol50.org.br\/#\/schema\/person\/475dfa57d0b815993c714c2e96491fcd\"},\"headline\":\"365 dias de golpe e a vida das mulheres\",\"datePublished\":\"2017-08-31T21:57:47+00:00\",\"mainEntityOfPage\":{\"@id\":\"https:\/\/psol50.org.br\/365-dias-de-golpe-e-a-vida-das-mulheres\/\"},\"wordCount\":1467,\"commentCount\":0,\"publisher\":{\"@id\":\"https:\/\/psol50.org.br\/#organization\"},\"image\":{\"@id\":\"https:\/\/psol50.org.br\/365-dias-de-golpe-e-a-vida-das-mulheres\/#primaryimage\"},\"thumbnailUrl\":\"\",\"keywords\":[\"Fora Temer\",\"golpe\",\"Michel Temer\",\"mulheres\",\"reforma da previd\u00eancia\",\"reforma trabalhista\",\"Setorial Nacional de Mulheres do PSOL\"],\"articleSection\":[\"Brasil\",\"Movimento\",\"Not\u00edcias\",\"Partido\"],\"inLanguage\":\"pt-BR\",\"potentialAction\":[{\"@type\":\"CommentAction\",\"name\":\"Comment\",\"target\":[\"https:\/\/psol50.org.br\/365-dias-de-golpe-e-a-vida-das-mulheres\/#respond\"]}]},{\"@type\":\"WebPage\",\"@id\":\"https:\/\/psol50.org.br\/365-dias-de-golpe-e-a-vida-das-mulheres\/\",\"url\":\"https:\/\/psol50.org.br\/365-dias-de-golpe-e-a-vida-das-mulheres\/\",\"name\":\"365 dias de golpe e a vida das mulheres - PSOL 50\",\"isPartOf\":{\"@id\":\"https:\/\/psol50.org.br\/#website\"},\"primaryImageOfPage\":{\"@id\":\"https:\/\/psol50.org.br\/365-dias-de-golpe-e-a-vida-das-mulheres\/#primaryimage\"},\"image\":{\"@id\":\"https:\/\/psol50.org.br\/365-dias-de-golpe-e-a-vida-das-mulheres\/#primaryimage\"},\"thumbnailUrl\":\"\",\"datePublished\":\"2017-08-31T21:57:47+00:00\",\"breadcrumb\":{\"@id\":\"https:\/\/psol50.org.br\/365-dias-de-golpe-e-a-vida-das-mulheres\/#breadcrumb\"},\"inLanguage\":\"pt-BR\",\"potentialAction\":[{\"@type\":\"ReadAction\",\"target\":[\"https:\/\/psol50.org.br\/365-dias-de-golpe-e-a-vida-das-mulheres\/\"]}]},{\"@type\":\"ImageObject\",\"inLanguage\":\"pt-BR\",\"@id\":\"https:\/\/psol50.org.br\/365-dias-de-golpe-e-a-vida-das-mulheres\/#primaryimage\",\"url\":\"\",\"contentUrl\":\"\"},{\"@type\":\"BreadcrumbList\",\"@id\":\"https:\/\/psol50.org.br\/365-dias-de-golpe-e-a-vida-das-mulheres\/#breadcrumb\",\"itemListElement\":[{\"@type\":\"ListItem\",\"position\":1,\"name\":\"In\u00edcio\",\"item\":\"https:\/\/psol50.org.br\/\"},{\"@type\":\"ListItem\",\"position\":2,\"name\":\"365 dias de golpe e a vida das mulheres\"}]},{\"@type\":\"WebSite\",\"@id\":\"https:\/\/psol50.org.br\/#website\",\"url\":\"https:\/\/psol50.org.br\/\",\"name\":\"PSOL 50\",\"description\":\"Site oficial do Partido Socialismo e Liberdade\",\"publisher\":{\"@id\":\"https:\/\/psol50.org.br\/#organization\"},\"alternateName\":\"PSOL50\",\"potentialAction\":[{\"@type\":\"SearchAction\",\"target\":{\"@type\":\"EntryPoint\",\"urlTemplate\":\"https:\/\/psol50.org.br\/?s={search_term_string}\"},\"query-input\":{\"@type\":\"PropertyValueSpecification\",\"valueRequired\":true,\"valueName\":\"search_term_string\"}}],\"inLanguage\":\"pt-BR\"},{\"@type\":\"Organization\",\"@id\":\"https:\/\/psol50.org.br\/#organization\",\"name\":\"PSOL 50\",\"alternateName\":\"PSOL 50\",\"url\":\"https:\/\/psol50.org.br\/\",\"logo\":{\"@type\":\"ImageObject\",\"inLanguage\":\"pt-BR\",\"@id\":\"https:\/\/psol50.org.br\/#\/schema\/logo\/image\/\",\"url\":\"https:\/\/psol50.org.br\/inc\/uploads\/2018\/07\/capa.png\",\"contentUrl\":\"https:\/\/psol50.org.br\/inc\/uploads\/2018\/07\/capa.png\",\"width\":1350,\"height\":900,\"caption\":\"PSOL 50\"},\"image\":{\"@id\":\"https:\/\/psol50.org.br\/#\/schema\/logo\/image\/\"},\"sameAs\":[\"https:\/\/www.facebook.com\/psol50\",\"https:\/\/x.com\/psol50\",\"https:\/\/www.instagram.com\/psol50\/\",\"https:\/\/www.youtube.com\/channel\/UC7SnJS5o1os7a6CaiNabzcg\"]},{\"@type\":\"Person\",\"@id\":\"https:\/\/psol50.org.br\/#\/schema\/person\/475dfa57d0b815993c714c2e96491fcd\",\"name\":\"Comunica\u00e7\u00e3o PSOL\",\"image\":{\"@type\":\"ImageObject\",\"inLanguage\":\"pt-BR\",\"@id\":\"https:\/\/psol50.org.br\/#\/schema\/person\/image\/\",\"url\":\"https:\/\/secure.gravatar.com\/avatar\/b34fc4f4e468a4e51785917065a3db57b841f5c95dba6ad8c73aaf8f66f8f9bf?s=96&d=mm&r=g\",\"contentUrl\":\"https:\/\/secure.gravatar.com\/avatar\/b34fc4f4e468a4e51785917065a3db57b841f5c95dba6ad8c73aaf8f66f8f9bf?s=96&d=mm&r=g\",\"caption\":\"Comunica\u00e7\u00e3o PSOL\"}}]}<\/script>\n<!-- \/ Yoast SEO plugin. -->","yoast_head_json":{"title":"365 dias de golpe e a vida das mulheres - PSOL 50","robots":{"index":"index","follow":"follow","max-snippet":"max-snippet:-1","max-image-preview":"max-image-preview:large","max-video-preview":"max-video-preview:-1"},"canonical":"https:\/\/psol50.org.br\/365-dias-de-golpe-e-a-vida-das-mulheres\/","og_locale":"pt_BR","og_type":"article","og_title":"365 dias de golpe e a vida das mulheres - PSOL 50","og_description":"Por Setorial Nacional de Mulheres do PSOL Vamos combinar que um processo presidido por Eduardo Cunha, legitimado por centenas de parlamentares brancos, homens e que est\u00e3o h\u00e1 anos reproduzindo a velha pol\u00edtica excludente, n\u00e3o poderia colher bons frutos no seu 1\u00ba anivers\u00e1rio. N\u00f3s, mulheres, estamos exaustas. Se a classe trabalhadora n\u00e3o teve tr\u00e9guas ap\u00f3s o [&hellip;]","og_url":"https:\/\/psol50.org.br\/365-dias-de-golpe-e-a-vida-das-mulheres\/","og_site_name":"PSOL 50","article_publisher":"https:\/\/www.facebook.com\/psol50","article_published_time":"2017-08-31T21:57:47+00:00","og_image":[{"width":1350,"height":900,"url":"https:\/\/psol50.org.br\/inc\/uploads\/2018\/07\/capa.png","type":"image\/png"}],"author":"Comunica\u00e7\u00e3o PSOL","twitter_card":"summary_large_image","twitter_creator":"@psol50","twitter_site":"@psol50","twitter_misc":{"Escrito por":"Comunica\u00e7\u00e3o PSOL","Est. tempo de leitura":"7 minutos"},"schema":{"@context":"https:\/\/schema.org","@graph":[{"@type":"Article","@id":"https:\/\/psol50.org.br\/365-dias-de-golpe-e-a-vida-das-mulheres\/#article","isPartOf":{"@id":"https:\/\/psol50.org.br\/365-dias-de-golpe-e-a-vida-das-mulheres\/"},"author":{"name":"Comunica\u00e7\u00e3o PSOL","@id":"https:\/\/psol50.org.br\/#\/schema\/person\/475dfa57d0b815993c714c2e96491fcd"},"headline":"365 dias de golpe e a vida das mulheres","datePublished":"2017-08-31T21:57:47+00:00","mainEntityOfPage":{"@id":"https:\/\/psol50.org.br\/365-dias-de-golpe-e-a-vida-das-mulheres\/"},"wordCount":1467,"commentCount":0,"publisher":{"@id":"https:\/\/psol50.org.br\/#organization"},"image":{"@id":"https:\/\/psol50.org.br\/365-dias-de-golpe-e-a-vida-das-mulheres\/#primaryimage"},"thumbnailUrl":"","keywords":["Fora Temer","golpe","Michel Temer","mulheres","reforma da previd\u00eancia","reforma trabalhista","Setorial Nacional de Mulheres do PSOL"],"articleSection":["Brasil","Movimento","Not\u00edcias","Partido"],"inLanguage":"pt-BR","potentialAction":[{"@type":"CommentAction","name":"Comment","target":["https:\/\/psol50.org.br\/365-dias-de-golpe-e-a-vida-das-mulheres\/#respond"]}]},{"@type":"WebPage","@id":"https:\/\/psol50.org.br\/365-dias-de-golpe-e-a-vida-das-mulheres\/","url":"https:\/\/psol50.org.br\/365-dias-de-golpe-e-a-vida-das-mulheres\/","name":"365 dias de golpe e a vida das mulheres - PSOL 50","isPartOf":{"@id":"https:\/\/psol50.org.br\/#website"},"primaryImageOfPage":{"@id":"https:\/\/psol50.org.br\/365-dias-de-golpe-e-a-vida-das-mulheres\/#primaryimage"},"image":{"@id":"https:\/\/psol50.org.br\/365-dias-de-golpe-e-a-vida-das-mulheres\/#primaryimage"},"thumbnailUrl":"","datePublished":"2017-08-31T21:57:47+00:00","breadcrumb":{"@id":"https:\/\/psol50.org.br\/365-dias-de-golpe-e-a-vida-das-mulheres\/#breadcrumb"},"inLanguage":"pt-BR","potentialAction":[{"@type":"ReadAction","target":["https:\/\/psol50.org.br\/365-dias-de-golpe-e-a-vida-das-mulheres\/"]}]},{"@type":"ImageObject","inLanguage":"pt-BR","@id":"https:\/\/psol50.org.br\/365-dias-de-golpe-e-a-vida-das-mulheres\/#primaryimage","url":"","contentUrl":""},{"@type":"BreadcrumbList","@id":"https:\/\/psol50.org.br\/365-dias-de-golpe-e-a-vida-das-mulheres\/#breadcrumb","itemListElement":[{"@type":"ListItem","position":1,"name":"In\u00edcio","item":"https:\/\/psol50.org.br\/"},{"@type":"ListItem","position":2,"name":"365 dias de golpe e a vida das mulheres"}]},{"@type":"WebSite","@id":"https:\/\/psol50.org.br\/#website","url":"https:\/\/psol50.org.br\/","name":"PSOL 50","description":"Site oficial do Partido Socialismo e Liberdade","publisher":{"@id":"https:\/\/psol50.org.br\/#organization"},"alternateName":"PSOL50","potentialAction":[{"@type":"SearchAction","target":{"@type":"EntryPoint","urlTemplate":"https:\/\/psol50.org.br\/?s={search_term_string}"},"query-input":{"@type":"PropertyValueSpecification","valueRequired":true,"valueName":"search_term_string"}}],"inLanguage":"pt-BR"},{"@type":"Organization","@id":"https:\/\/psol50.org.br\/#organization","name":"PSOL 50","alternateName":"PSOL 50","url":"https:\/\/psol50.org.br\/","logo":{"@type":"ImageObject","inLanguage":"pt-BR","@id":"https:\/\/psol50.org.br\/#\/schema\/logo\/image\/","url":"https:\/\/psol50.org.br\/inc\/uploads\/2018\/07\/capa.png","contentUrl":"https:\/\/psol50.org.br\/inc\/uploads\/2018\/07\/capa.png","width":1350,"height":900,"caption":"PSOL 50"},"image":{"@id":"https:\/\/psol50.org.br\/#\/schema\/logo\/image\/"},"sameAs":["https:\/\/www.facebook.com\/psol50","https:\/\/x.com\/psol50","https:\/\/www.instagram.com\/psol50\/","https:\/\/www.youtube.com\/channel\/UC7SnJS5o1os7a6CaiNabzcg"]},{"@type":"Person","@id":"https:\/\/psol50.org.br\/#\/schema\/person\/475dfa57d0b815993c714c2e96491fcd","name":"Comunica\u00e7\u00e3o PSOL","image":{"@type":"ImageObject","inLanguage":"pt-BR","@id":"https:\/\/psol50.org.br\/#\/schema\/person\/image\/","url":"https:\/\/secure.gravatar.com\/avatar\/b34fc4f4e468a4e51785917065a3db57b841f5c95dba6ad8c73aaf8f66f8f9bf?s=96&d=mm&r=g","contentUrl":"https:\/\/secure.gravatar.com\/avatar\/b34fc4f4e468a4e51785917065a3db57b841f5c95dba6ad8c73aaf8f66f8f9bf?s=96&d=mm&r=g","caption":"Comunica\u00e7\u00e3o PSOL"}}]}},"_links":{"self":[{"href":"https:\/\/psol50.org.br\/rest\/wp\/v2\/posts\/17927","targetHints":{"allow":["GET"]}}],"collection":[{"href":"https:\/\/psol50.org.br\/rest\/wp\/v2\/posts"}],"about":[{"href":"https:\/\/psol50.org.br\/rest\/wp\/v2\/types\/post"}],"author":[{"embeddable":true,"href":"https:\/\/psol50.org.br\/rest\/wp\/v2\/users\/2"}],"replies":[{"embeddable":true,"href":"https:\/\/psol50.org.br\/rest\/wp\/v2\/comments?post=17927"}],"version-history":[{"count":0,"href":"https:\/\/psol50.org.br\/rest\/wp\/v2\/posts\/17927\/revisions"}],"wp:featuredmedia":[{"embeddable":true,"href":"https:\/\/psol50.org.br\/rest\/"}],"wp:attachment":[{"href":"https:\/\/psol50.org.br\/rest\/wp\/v2\/media?parent=17927"}],"wp:term":[{"taxonomy":"category","embeddable":true,"href":"https:\/\/psol50.org.br\/rest\/wp\/v2\/categories?post=17927"},{"taxonomy":"post_tag","embeddable":true,"href":"https:\/\/psol50.org.br\/rest\/wp\/v2\/tags?post=17927"}],"curies":[{"name":"wp","href":"https:\/\/api.w.org\/{rel}","templated":true}]}}