{"id":17930,"date":"2017-09-01T10:56:19","date_gmt":"2017-09-01T13:56:19","guid":{"rendered":"http:\/\/www.psol50.org.br\/?p=17930"},"modified":"2017-09-01T10:56:19","modified_gmt":"2017-09-01T13:56:19","slug":"de-iniciativa-do-psol-audiencia-publica-debatera-pauta-de-privatizacoes-do-governo","status":"publish","type":"post","link":"https:\/\/psol50.org.br\/de-iniciativa-do-psol-audiencia-publica-debatera-pauta-de-privatizacoes-do-governo\/","title":{"rendered":"Audi\u00eancia p\u00fablica debater\u00e1 pauta de privatiza\u00e7\u00f5es do governo"},"content":{"rendered":"<p>Nesta quarta-feira (13\/09), ser\u00e1 realizada, no audit\u00f3rio Nereu Ramos da C\u00e2mara dos Deputados, audi\u00eancia p\u00fablica para debater as privatiza\u00e7\u00f5es propostas pelo governo federal neste segundo semestre. De iniciativa do <a href=\"https:\/\/www.facebook.com\/psolnacamara\/\" target=\"_blank\" rel=\"noopener\"><strong><span style=\"color: #0000ff;\">PSOL na C\u00e2mara<\/span><\/strong><\/a>, o evento \u00e9 aberto ao p\u00fablico e<span class=\"text_exposed_show\">\u00a0contar\u00e1 com a participa\u00e7\u00e3o de representantes das principais entidades de classe, sindicatos, federa\u00e7\u00f5es, associa\u00e7\u00f5es, que re\u00fanem desde bombeiros a engenheiros, professores, petroleiros, servidores p\u00fablicos de \u00f3rg\u00e3os diversos e trabalhadores em geral.<\/span><br \/>\n<span class=\"text_exposed_show\"><br \/>\nO governo federal vem ampliando insidiosamente suas iniciativas para desmontar o Estado brasileiro e vender empresas p\u00fablicas ligadas a setores estrat\u00e9gicos como transportes, energia, portos e aeroportos, comprometendo a soberania nacional. O pretexto \u00e9 o d\u00e9ficit de mais de R$ 150 bilh\u00f5es, que est\u00e1 relacionado \u00e0 equivocada pol\u00edtica de austeridade encampada pelo governo golpista de Michel Temer.<\/span><\/p>\n<p>Entre essas empresas, <a href=\"http:\/\/www.psol50.org.br\/brasil-em-liquidacao-temer-quer-privatizar-14-aeroportos-casa-da-moeda-e-eletrobras\/\" target=\"_blank\" rel=\"noopener\"><strong><span style=\"color: #0000ff;\">est\u00e3o a Eletrobras e a pr\u00f3pria Casa da Moeda do Brasil (CMB<\/span>)<\/strong><\/a>, empresa p\u00fablica fundada em 1694 e composta por um corpo t\u00e9cnico de profissionais altamente qualificados e de reconhecimento mundial, e respons\u00e1vel pela fabrica\u00e7\u00e3o do dinheiro brasileiro e de documentos como os passaportes, entre outros produtos essenciais.<\/p>\n<p>\u201cPrivatizar a Casa da Moeda \u00e9 simplesmente renegar o patrim\u00f4nio hist\u00f3rico e abrir m\u00e3o da seguran\u00e7a nacional, entregando a terceiros a responsabilidade de fabricar c\u00e9dulas nacionais e demais servi\u00e7os de seguran\u00e7a\u201d, denuncia o l\u00edder do PSOL, deputado\u00a0<a href=\"https:\/\/www.facebook.com\/glauber.braga1\/\" target=\"_blank\" rel=\"noopener\"><span style=\"color: #0000ff;\"><strong>Glauber Braga<\/strong><\/span><\/a>\u00a0(PSOL\/RJ).<\/p>\n<p><strong>Coloque na agenda e participe:<\/strong><br \/>\n<strong>Audi\u00eancia p\u00fablica sobre as privatiza\u00e7\u00f5es propostas pelo governo<\/strong><br \/>\nData e hora: Dia 13\/09, \u00e0s 13h<br \/>\nLocal: Audit\u00f3rio Nereu Ramos da C\u00e2mara dos Deputados<br \/>\nIniciativa: Bancada do PSOL<\/p>\n<p>&nbsp;<\/p>\n<p><img loading=\"lazy\" decoding=\"async\" class=\"size-medium wp-image-17931 aligncenter\" src=\"http:\/\/www.psol50.org.br\/inc\/uploads\/2017\/09\/21192918_1195178997252996_5635015551762145261_n-600x600.png\" alt=\"\" width=\"600\" height=\"600\" \/><\/p>\n","protected":false},"excerpt":{"rendered":"<p>Nesta quarta-feira (13\/09), ser\u00e1 realizada, no audit\u00f3rio Nereu Ramos da C\u00e2mara dos Deputados, audi\u00eancia p\u00fablica para debater as privatiza\u00e7\u00f5es propostas pelo governo federal neste segundo semestre. De iniciativa do PSOL na C\u00e2mara, o evento \u00e9 aberto ao p\u00fablico e\u00a0contar\u00e1 com a participa\u00e7\u00e3o de representantes das principais entidades de classe, sindicatos, federa\u00e7\u00f5es, associa\u00e7\u00f5es, que re\u00fanem desde [&hellip;]<\/p>\n","protected":false},"author":2,"featured_media":17932,"comment_status":"open","ping_status":"open","sticky":false,"template":"","format":"standard","meta":{"_acf_changed":false,"footnotes":""},"categories":[10,1882,6],"tags":[3546,1802,3547,1417,3548,2204,387,1748,3549,3550,417,1414],"class_list":{"0":"post-17930","1":"post","2":"type-post","3":"status-publish","4":"format-standard","5":"has-post-thumbnail","7":"category-acao-parlamentares","8":"category-brasil","9":"category-noticias","10":"tag-aeroportos","11":"tag-audiencia-publica","12":"tag-casa-da-moeda","13":"tag-eletrobras","14":"tag-empresas-publicos","15":"tag-estado","16":"tag-governo","17":"tag-michel-temer","18":"tag-portos","19":"tag-privatizacoes","20":"tag-psol-na-camara","21":"tag-soberania-nacional"},"acf":[],"yoast_head":"<!-- This site is optimized with the Yoast SEO plugin v26.5 - https:\/\/yoast.com\/wordpress\/plugins\/seo\/ -->\n<title>Audi\u00eancia p\u00fablica debater\u00e1 pauta de privatiza\u00e7\u00f5es do governo - PSOL 50<\/title>\n<meta name=\"robots\" content=\"index, follow, max-snippet:-1, max-image-preview:large, max-video-preview:-1\" \/>\n<link rel=\"canonical\" href=\"https:\/\/psol50.org.br\/de-iniciativa-do-psol-audiencia-publica-debatera-pauta-de-privatizacoes-do-governo\/\" \/>\n<meta property=\"og:locale\" content=\"pt_BR\" \/>\n<meta property=\"og:type\" content=\"article\" \/>\n<meta property=\"og:title\" content=\"Audi\u00eancia p\u00fablica debater\u00e1 pauta de privatiza\u00e7\u00f5es do governo - PSOL 50\" \/>\n<meta property=\"og:description\" content=\"Nesta quarta-feira (13\/09), ser\u00e1 realizada, no audit\u00f3rio Nereu Ramos da C\u00e2mara dos Deputados, audi\u00eancia p\u00fablica para debater as privatiza\u00e7\u00f5es propostas pelo governo federal neste segundo semestre. De iniciativa do PSOL na C\u00e2mara, o evento \u00e9 aberto ao p\u00fablico e\u00a0contar\u00e1 com a participa\u00e7\u00e3o de representantes das principais entidades de classe, sindicatos, federa\u00e7\u00f5es, associa\u00e7\u00f5es, que re\u00fanem desde [&hellip;]\" \/>\n<meta property=\"og:url\" content=\"https:\/\/psol50.org.br\/de-iniciativa-do-psol-audiencia-publica-debatera-pauta-de-privatizacoes-do-governo\/\" \/>\n<meta property=\"og:site_name\" content=\"PSOL 50\" \/>\n<meta property=\"article:publisher\" content=\"https:\/\/www.facebook.com\/psol50\" \/>\n<meta property=\"article:published_time\" content=\"2017-09-01T13:56:19+00:00\" \/>\n<meta property=\"og:image\" content=\"https:\/\/psol50.org.br\/inc\/uploads\/2018\/07\/capa.png\" \/>\n\t<meta property=\"og:image:width\" content=\"1350\" \/>\n\t<meta property=\"og:image:height\" content=\"900\" \/>\n\t<meta property=\"og:image:type\" content=\"image\/png\" \/>\n<meta name=\"author\" content=\"Comunica\u00e7\u00e3o PSOL\" \/>\n<meta name=\"twitter:card\" content=\"summary_large_image\" \/>\n<meta name=\"twitter:creator\" content=\"@psol50\" \/>\n<meta name=\"twitter:site\" content=\"@psol50\" \/>\n<meta name=\"twitter:label1\" content=\"Escrito por\" \/>\n\t<meta name=\"twitter:data1\" content=\"Comunica\u00e7\u00e3o PSOL\" \/>\n\t<meta name=\"twitter:label2\" content=\"Est. tempo de leitura\" \/>\n\t<meta name=\"twitter:data2\" content=\"1 minuto\" \/>\n<script type=\"application\/ld+json\" class=\"yoast-schema-graph\">{\"@context\":\"https:\/\/schema.org\",\"@graph\":[{\"@type\":\"Article\",\"@id\":\"https:\/\/psol50.org.br\/de-iniciativa-do-psol-audiencia-publica-debatera-pauta-de-privatizacoes-do-governo\/#article\",\"isPartOf\":{\"@id\":\"https:\/\/psol50.org.br\/de-iniciativa-do-psol-audiencia-publica-debatera-pauta-de-privatizacoes-do-governo\/\"},\"author\":{\"name\":\"Comunica\u00e7\u00e3o PSOL\",\"@id\":\"https:\/\/psol50.org.br\/#\/schema\/person\/475dfa57d0b815993c714c2e96491fcd\"},\"headline\":\"Audi\u00eancia p\u00fablica debater\u00e1 pauta de privatiza\u00e7\u00f5es do governo\",\"datePublished\":\"2017-09-01T13:56:19+00:00\",\"mainEntityOfPage\":{\"@id\":\"https:\/\/psol50.org.br\/de-iniciativa-do-psol-audiencia-publica-debatera-pauta-de-privatizacoes-do-governo\/\"},\"wordCount\":292,\"commentCount\":0,\"publisher\":{\"@id\":\"https:\/\/psol50.org.br\/#organization\"},\"image\":{\"@id\":\"https:\/\/psol50.org.br\/de-iniciativa-do-psol-audiencia-publica-debatera-pauta-de-privatizacoes-do-governo\/#primaryimage\"},\"thumbnailUrl\":\"\",\"keywords\":[\"aeroportos\",\"audi\u00eancia p\u00fablica\",\"Casa da Moeda\",\"Eletrobras\",\"empresas p\u00fablicos\",\"Estado\",\"governo\",\"Michel Temer\",\"portos\",\"privatiza\u00e7\u00f5es\",\"PSOL na C\u00e2mara\",\"soberania nacional\"],\"articleSection\":[\"A\u00e7\u00e3o Parlamentar\",\"Brasil\",\"Not\u00edcias\"],\"inLanguage\":\"pt-BR\",\"potentialAction\":[{\"@type\":\"CommentAction\",\"name\":\"Comment\",\"target\":[\"https:\/\/psol50.org.br\/de-iniciativa-do-psol-audiencia-publica-debatera-pauta-de-privatizacoes-do-governo\/#respond\"]}]},{\"@type\":\"WebPage\",\"@id\":\"https:\/\/psol50.org.br\/de-iniciativa-do-psol-audiencia-publica-debatera-pauta-de-privatizacoes-do-governo\/\",\"url\":\"https:\/\/psol50.org.br\/de-iniciativa-do-psol-audiencia-publica-debatera-pauta-de-privatizacoes-do-governo\/\",\"name\":\"Audi\u00eancia p\u00fablica debater\u00e1 pauta de privatiza\u00e7\u00f5es do governo - PSOL 50\",\"isPartOf\":{\"@id\":\"https:\/\/psol50.org.br\/#website\"},\"primaryImageOfPage\":{\"@id\":\"https:\/\/psol50.org.br\/de-iniciativa-do-psol-audiencia-publica-debatera-pauta-de-privatizacoes-do-governo\/#primaryimage\"},\"image\":{\"@id\":\"https:\/\/psol50.org.br\/de-iniciativa-do-psol-audiencia-publica-debatera-pauta-de-privatizacoes-do-governo\/#primaryimage\"},\"thumbnailUrl\":\"\",\"datePublished\":\"2017-09-01T13:56:19+00:00\",\"breadcrumb\":{\"@id\":\"https:\/\/psol50.org.br\/de-iniciativa-do-psol-audiencia-publica-debatera-pauta-de-privatizacoes-do-governo\/#breadcrumb\"},\"inLanguage\":\"pt-BR\",\"potentialAction\":[{\"@type\":\"ReadAction\",\"target\":[\"https:\/\/psol50.org.br\/de-iniciativa-do-psol-audiencia-publica-debatera-pauta-de-privatizacoes-do-governo\/\"]}]},{\"@type\":\"ImageObject\",\"inLanguage\":\"pt-BR\",\"@id\":\"https:\/\/psol50.org.br\/de-iniciativa-do-psol-audiencia-publica-debatera-pauta-de-privatizacoes-do-governo\/#primaryimage\",\"url\":\"\",\"contentUrl\":\"\"},{\"@type\":\"BreadcrumbList\",\"@id\":\"https:\/\/psol50.org.br\/de-iniciativa-do-psol-audiencia-publica-debatera-pauta-de-privatizacoes-do-governo\/#breadcrumb\",\"itemListElement\":[{\"@type\":\"ListItem\",\"position\":1,\"name\":\"In\u00edcio\",\"item\":\"https:\/\/psol50.org.br\/\"},{\"@type\":\"ListItem\",\"position\":2,\"name\":\"Audi\u00eancia p\u00fablica debater\u00e1 pauta de privatiza\u00e7\u00f5es do governo\"}]},{\"@type\":\"WebSite\",\"@id\":\"https:\/\/psol50.org.br\/#website\",\"url\":\"https:\/\/psol50.org.br\/\",\"name\":\"PSOL 50\",\"description\":\"Site oficial do Partido Socialismo e Liberdade\",\"publisher\":{\"@id\":\"https:\/\/psol50.org.br\/#organization\"},\"alternateName\":\"PSOL50\",\"potentialAction\":[{\"@type\":\"SearchAction\",\"target\":{\"@type\":\"EntryPoint\",\"urlTemplate\":\"https:\/\/psol50.org.br\/?s={search_term_string}\"},\"query-input\":{\"@type\":\"PropertyValueSpecification\",\"valueRequired\":true,\"valueName\":\"search_term_string\"}}],\"inLanguage\":\"pt-BR\"},{\"@type\":\"Organization\",\"@id\":\"https:\/\/psol50.org.br\/#organization\",\"name\":\"PSOL 50\",\"alternateName\":\"PSOL 50\",\"url\":\"https:\/\/psol50.org.br\/\",\"logo\":{\"@type\":\"ImageObject\",\"inLanguage\":\"pt-BR\",\"@id\":\"https:\/\/psol50.org.br\/#\/schema\/logo\/image\/\",\"url\":\"https:\/\/psol50.org.br\/inc\/uploads\/2018\/07\/capa.png\",\"contentUrl\":\"https:\/\/psol50.org.br\/inc\/uploads\/2018\/07\/capa.png\",\"width\":1350,\"height\":900,\"caption\":\"PSOL 50\"},\"image\":{\"@id\":\"https:\/\/psol50.org.br\/#\/schema\/logo\/image\/\"},\"sameAs\":[\"https:\/\/www.facebook.com\/psol50\",\"https:\/\/x.com\/psol50\",\"https:\/\/www.instagram.com\/psol50\/\",\"https:\/\/www.youtube.com\/channel\/UC7SnJS5o1os7a6CaiNabzcg\"]},{\"@type\":\"Person\",\"@id\":\"https:\/\/psol50.org.br\/#\/schema\/person\/475dfa57d0b815993c714c2e96491fcd\",\"name\":\"Comunica\u00e7\u00e3o PSOL\",\"image\":{\"@type\":\"ImageObject\",\"inLanguage\":\"pt-BR\",\"@id\":\"https:\/\/psol50.org.br\/#\/schema\/person\/image\/\",\"url\":\"https:\/\/secure.gravatar.com\/avatar\/b34fc4f4e468a4e51785917065a3db57b841f5c95dba6ad8c73aaf8f66f8f9bf?s=96&d=mm&r=g\",\"contentUrl\":\"https:\/\/secure.gravatar.com\/avatar\/b34fc4f4e468a4e51785917065a3db57b841f5c95dba6ad8c73aaf8f66f8f9bf?s=96&d=mm&r=g\",\"caption\":\"Comunica\u00e7\u00e3o PSOL\"}}]}<\/script>\n<!-- \/ Yoast SEO plugin. -->","yoast_head_json":{"title":"Audi\u00eancia p\u00fablica debater\u00e1 pauta de privatiza\u00e7\u00f5es do governo - PSOL 50","robots":{"index":"index","follow":"follow","max-snippet":"max-snippet:-1","max-image-preview":"max-image-preview:large","max-video-preview":"max-video-preview:-1"},"canonical":"https:\/\/psol50.org.br\/de-iniciativa-do-psol-audiencia-publica-debatera-pauta-de-privatizacoes-do-governo\/","og_locale":"pt_BR","og_type":"article","og_title":"Audi\u00eancia p\u00fablica debater\u00e1 pauta de privatiza\u00e7\u00f5es do governo - PSOL 50","og_description":"Nesta quarta-feira (13\/09), ser\u00e1 realizada, no audit\u00f3rio Nereu Ramos da C\u00e2mara dos Deputados, audi\u00eancia p\u00fablica para debater as privatiza\u00e7\u00f5es propostas pelo governo federal neste segundo semestre. De iniciativa do PSOL na C\u00e2mara, o evento \u00e9 aberto ao p\u00fablico e\u00a0contar\u00e1 com a participa\u00e7\u00e3o de representantes das principais entidades de classe, sindicatos, federa\u00e7\u00f5es, associa\u00e7\u00f5es, que re\u00fanem desde [&hellip;]","og_url":"https:\/\/psol50.org.br\/de-iniciativa-do-psol-audiencia-publica-debatera-pauta-de-privatizacoes-do-governo\/","og_site_name":"PSOL 50","article_publisher":"https:\/\/www.facebook.com\/psol50","article_published_time":"2017-09-01T13:56:19+00:00","og_image":[{"width":1350,"height":900,"url":"https:\/\/psol50.org.br\/inc\/uploads\/2018\/07\/capa.png","type":"image\/png"}],"author":"Comunica\u00e7\u00e3o PSOL","twitter_card":"summary_large_image","twitter_creator":"@psol50","twitter_site":"@psol50","twitter_misc":{"Escrito por":"Comunica\u00e7\u00e3o PSOL","Est. tempo de leitura":"1 minuto"},"schema":{"@context":"https:\/\/schema.org","@graph":[{"@type":"Article","@id":"https:\/\/psol50.org.br\/de-iniciativa-do-psol-audiencia-publica-debatera-pauta-de-privatizacoes-do-governo\/#article","isPartOf":{"@id":"https:\/\/psol50.org.br\/de-iniciativa-do-psol-audiencia-publica-debatera-pauta-de-privatizacoes-do-governo\/"},"author":{"name":"Comunica\u00e7\u00e3o PSOL","@id":"https:\/\/psol50.org.br\/#\/schema\/person\/475dfa57d0b815993c714c2e96491fcd"},"headline":"Audi\u00eancia p\u00fablica debater\u00e1 pauta de privatiza\u00e7\u00f5es do governo","datePublished":"2017-09-01T13:56:19+00:00","mainEntityOfPage":{"@id":"https:\/\/psol50.org.br\/de-iniciativa-do-psol-audiencia-publica-debatera-pauta-de-privatizacoes-do-governo\/"},"wordCount":292,"commentCount":0,"publisher":{"@id":"https:\/\/psol50.org.br\/#organization"},"image":{"@id":"https:\/\/psol50.org.br\/de-iniciativa-do-psol-audiencia-publica-debatera-pauta-de-privatizacoes-do-governo\/#primaryimage"},"thumbnailUrl":"","keywords":["aeroportos","audi\u00eancia p\u00fablica","Casa da Moeda","Eletrobras","empresas p\u00fablicos","Estado","governo","Michel Temer","portos","privatiza\u00e7\u00f5es","PSOL na C\u00e2mara","soberania nacional"],"articleSection":["A\u00e7\u00e3o Parlamentar","Brasil","Not\u00edcias"],"inLanguage":"pt-BR","potentialAction":[{"@type":"CommentAction","name":"Comment","target":["https:\/\/psol50.org.br\/de-iniciativa-do-psol-audiencia-publica-debatera-pauta-de-privatizacoes-do-governo\/#respond"]}]},{"@type":"WebPage","@id":"https:\/\/psol50.org.br\/de-iniciativa-do-psol-audiencia-publica-debatera-pauta-de-privatizacoes-do-governo\/","url":"https:\/\/psol50.org.br\/de-iniciativa-do-psol-audiencia-publica-debatera-pauta-de-privatizacoes-do-governo\/","name":"Audi\u00eancia p\u00fablica debater\u00e1 pauta de privatiza\u00e7\u00f5es do governo - PSOL 50","isPartOf":{"@id":"https:\/\/psol50.org.br\/#website"},"primaryImageOfPage":{"@id":"https:\/\/psol50.org.br\/de-iniciativa-do-psol-audiencia-publica-debatera-pauta-de-privatizacoes-do-governo\/#primaryimage"},"image":{"@id":"https:\/\/psol50.org.br\/de-iniciativa-do-psol-audiencia-publica-debatera-pauta-de-privatizacoes-do-governo\/#primaryimage"},"thumbnailUrl":"","datePublished":"2017-09-01T13:56:19+00:00","breadcrumb":{"@id":"https:\/\/psol50.org.br\/de-iniciativa-do-psol-audiencia-publica-debatera-pauta-de-privatizacoes-do-governo\/#breadcrumb"},"inLanguage":"pt-BR","potentialAction":[{"@type":"ReadAction","target":["https:\/\/psol50.org.br\/de-iniciativa-do-psol-audiencia-publica-debatera-pauta-de-privatizacoes-do-governo\/"]}]},{"@type":"ImageObject","inLanguage":"pt-BR","@id":"https:\/\/psol50.org.br\/de-iniciativa-do-psol-audiencia-publica-debatera-pauta-de-privatizacoes-do-governo\/#primaryimage","url":"","contentUrl":""},{"@type":"BreadcrumbList","@id":"https:\/\/psol50.org.br\/de-iniciativa-do-psol-audiencia-publica-debatera-pauta-de-privatizacoes-do-governo\/#breadcrumb","itemListElement":[{"@type":"ListItem","position":1,"name":"In\u00edcio","item":"https:\/\/psol50.org.br\/"},{"@type":"ListItem","position":2,"name":"Audi\u00eancia p\u00fablica debater\u00e1 pauta de privatiza\u00e7\u00f5es do governo"}]},{"@type":"WebSite","@id":"https:\/\/psol50.org.br\/#website","url":"https:\/\/psol50.org.br\/","name":"PSOL 50","description":"Site oficial do Partido Socialismo e Liberdade","publisher":{"@id":"https:\/\/psol50.org.br\/#organization"},"alternateName":"PSOL50","potentialAction":[{"@type":"SearchAction","target":{"@type":"EntryPoint","urlTemplate":"https:\/\/psol50.org.br\/?s={search_term_string}"},"query-input":{"@type":"PropertyValueSpecification","valueRequired":true,"valueName":"search_term_string"}}],"inLanguage":"pt-BR"},{"@type":"Organization","@id":"https:\/\/psol50.org.br\/#organization","name":"PSOL 50","alternateName":"PSOL 50","url":"https:\/\/psol50.org.br\/","logo":{"@type":"ImageObject","inLanguage":"pt-BR","@id":"https:\/\/psol50.org.br\/#\/schema\/logo\/image\/","url":"https:\/\/psol50.org.br\/inc\/uploads\/2018\/07\/capa.png","contentUrl":"https:\/\/psol50.org.br\/inc\/uploads\/2018\/07\/capa.png","width":1350,"height":900,"caption":"PSOL 50"},"image":{"@id":"https:\/\/psol50.org.br\/#\/schema\/logo\/image\/"},"sameAs":["https:\/\/www.facebook.com\/psol50","https:\/\/x.com\/psol50","https:\/\/www.instagram.com\/psol50\/","https:\/\/www.youtube.com\/channel\/UC7SnJS5o1os7a6CaiNabzcg"]},{"@type":"Person","@id":"https:\/\/psol50.org.br\/#\/schema\/person\/475dfa57d0b815993c714c2e96491fcd","name":"Comunica\u00e7\u00e3o PSOL","image":{"@type":"ImageObject","inLanguage":"pt-BR","@id":"https:\/\/psol50.org.br\/#\/schema\/person\/image\/","url":"https:\/\/secure.gravatar.com\/avatar\/b34fc4f4e468a4e51785917065a3db57b841f5c95dba6ad8c73aaf8f66f8f9bf?s=96&d=mm&r=g","contentUrl":"https:\/\/secure.gravatar.com\/avatar\/b34fc4f4e468a4e51785917065a3db57b841f5c95dba6ad8c73aaf8f66f8f9bf?s=96&d=mm&r=g","caption":"Comunica\u00e7\u00e3o PSOL"}}]}},"_links":{"self":[{"href":"https:\/\/psol50.org.br\/rest\/wp\/v2\/posts\/17930","targetHints":{"allow":["GET"]}}],"collection":[{"href":"https:\/\/psol50.org.br\/rest\/wp\/v2\/posts"}],"about":[{"href":"https:\/\/psol50.org.br\/rest\/wp\/v2\/types\/post"}],"author":[{"embeddable":true,"href":"https:\/\/psol50.org.br\/rest\/wp\/v2\/users\/2"}],"replies":[{"embeddable":true,"href":"https:\/\/psol50.org.br\/rest\/wp\/v2\/comments?post=17930"}],"version-history":[{"count":0,"href":"https:\/\/psol50.org.br\/rest\/wp\/v2\/posts\/17930\/revisions"}],"wp:featuredmedia":[{"embeddable":true,"href":"https:\/\/psol50.org.br\/rest\/"}],"wp:attachment":[{"href":"https:\/\/psol50.org.br\/rest\/wp\/v2\/media?parent=17930"}],"wp:term":[{"taxonomy":"category","embeddable":true,"href":"https:\/\/psol50.org.br\/rest\/wp\/v2\/categories?post=17930"},{"taxonomy":"post_tag","embeddable":true,"href":"https:\/\/psol50.org.br\/rest\/wp\/v2\/tags?post=17930"}],"curies":[{"name":"wp","href":"https:\/\/api.w.org\/{rel}","templated":true}]}}