{"id":17939,"date":"2017-09-01T13:37:19","date_gmt":"2017-09-01T16:37:19","guid":{"rendered":"http:\/\/www.psol50.org.br\/?p=17939"},"modified":"2017-09-01T13:37:19","modified_gmt":"2017-09-01T16:37:19","slug":"jean-wyllys-um-ano-de-golpe","status":"publish","type":"post","link":"https:\/\/psol50.org.br\/jean-wyllys-um-ano-de-golpe\/","title":{"rendered":"Jean Wyllys | Um ano de golpe"},"content":{"rendered":"<p>H\u00e1 um ano, marcado nesta quinta-feira (31\/08), o Senado Federal cassava o mandato da presidenta Dilma Rousseff por suposto cometimento de crime de responsabilidade que jamais existiu, como ficou provado durante o pr\u00f3prio processo. O mesmo Senado que destituiu a presidenta eleita, apenas dois dias depois, declarou em lei federal a legalidade daquilo que afirmara ser crime: abrir cr\u00e9ditos suplementares sem autoriza\u00e7\u00e3o do Congresso passou a ser permitido, com o voto dos mesmos parlamentares que condenaram a presidenta Dilma sob essa alega\u00e7\u00e3o.<\/p>\n<p>H\u00e1 um ano, um golpe institucional concretizou a \u201cprofecia\u201d de Romero Juc\u00e1, de colocar Michel Temer em um grande acordo nacional, &#8220;com o Supremo, com tudo&#8221;, sob o argumento de retomada da economia e fim da crise pol\u00edtica.<\/p>\n<p>Um ano depois, a economia n\u00e3o demonstra rea\u00e7\u00e3o (ainda que, para agradar rentistas, o ileg\u00edtimo governo Temer tenha congelado despesas com educa\u00e7\u00e3o e sa\u00fade p\u00fablica por vinte anos, penalizando a popula\u00e7\u00e3o em benef\u00edcio do pagamento de juros ao mercado financeiro), a carga tribut\u00e1ria penaliza ainda mais severamente a popula\u00e7\u00e3o e o governo tenta recortar direitos trabalhistas e acabar com a Previd\u00eancia. O desemprego cresceu a ponto de em 21% dos lares (um em cada cinco!) n\u00e3o existir renda proveniente de emprego formal ou informal, porque absolutamente todos os membros n\u00e3o encontram coloca\u00e7\u00e3o no mercado de trabalho. E agora querem privatizar tudo, vendendo empresas p\u00fablicas a pre\u00e7o de banana para solucionar o d\u00e9ficit fiscal.<\/p>\n<p>A crise pol\u00edtica tamb\u00e9m se aprofundou e o ataque a direitos e garantias da popula\u00e7\u00e3o \u00e9 tocado com muito dinheiro p\u00fablico entregue aos deputados da base governista! O presidente ilegitimo foi gravado negociando propina e compra do sil\u00eancio do seu ex-aliado Cunha (o organizador do golpe, hoje preso por ladr\u00e3o) em reuni\u00e3o secreta no por\u00e3o do Pal\u00e1cio do Jaburu, \u00e0 meia-noite, com um empres\u00e1rio corrupto. Seu aliado A\u00e9cio tamb\u00e9m foi gravado pedindo 2 milh\u00f5es de reais ao mesmo empres\u00e1rio. As provas da corrup\u00e7\u00e3o da quadrilha que est\u00e1 no poder s\u00e3o gigantescas, mas uma presidenta democr\u00e1tica foi derrubada por eles por &#8220;pedaladas fiscais&#8221;.<\/p>\n<p>H\u00e1 um ano, Temer vem estabelecendo uma curiosa rela\u00e7\u00e3o de parceria com Gilmar Mendes (o Supremo?), em encontros fora da agenda, na intimidade do lar presidencial. A amizade n\u00e3o se restringe \u00e0s conversas privadas, e j\u00e1 deu origem a um suspeit\u00edssimo projeto de instaura\u00e7\u00e3o do parlamentarismo no Brasil, o que daria, de vez, o poder ao partido de Temer sem precisar vencer uma elei\u00e7\u00e3o presidencial, e \u00e0 tentativa de adotar o sistema eleitoral do Afeganist\u00e3o e da Jord\u00e2nia. A quem n\u00e3o ganha uma elei\u00e7\u00e3o no voto majorit\u00e1rio, s\u00f3 resta o tapet\u00e3o (e o tapet\u00e3o vai virando regra!).<\/p>\n<p>Falando em Juc\u00e1 &#8211; que acumula mais tr\u00eas den\u00fancias por corrup\u00e7\u00e3o em casos relativos \u00e0 Odebrecht, Transpetro e Gerdau &#8211; , sua filha, Marina Juc\u00e1, \u00e9 justamente a maior beneficiada com a extin\u00e7\u00e3o da Reserva Nacional do Cobre, tentada por Temer com um decreto (&#8220;misteriosamente&#8221; vazado meses antes ao mercado de minera\u00e7\u00e3o. Sim, fui ir\u00f4nico!) que viola o disposto na pr\u00f3pria Constitui\u00e7\u00e3o. Marina Juc\u00e1 \u00e9 s\u00f3cia majorit\u00e1ria da Boa Vista Minera\u00e7\u00e3o, e j\u00e1 havia declarado seu interesse em uma fatia de 90 mil hectares naquela regi\u00e3o. Coincid\u00eancia?<\/p>\n<p>H\u00e1 um ano o golpe foi confirmado. Aqueles movimentos, &#8220;boquinhas livres&#8221;, financiados por baixo dos panos pelo PMDB, PSDB, Democratas e Solidariedade, fugiram das ruas. Nem mesmo a possibilidade de dar sequ\u00eancia \u00e0 investiga\u00e7\u00e3o dos grav\u00edssimos crimes pelos quais Temer fora denunciado os motivou a qualquer coisa sen\u00e3o alguns protestos gen\u00e9ricos e vazios. A popula\u00e7\u00e3o sequer lhes deu apoio, diante de tamanha desfa\u00e7atez!<\/p>\n<p>E ainda h\u00e1 quem diga que n\u00e3o foi golpe&#8230; seria vergonha de assumir que foi enganado ou incapacidade de ver qualquer coisa para al\u00e9m do seu \u00f3dio \u00e0 esquerda?<\/p>\n","protected":false},"excerpt":{"rendered":"<p>H\u00e1 um ano, marcado nesta quinta-feira (31\/08), o Senado Federal cassava o mandato da presidenta Dilma Rousseff por suposto cometimento de crime de responsabilidade que jamais existiu, como ficou provado durante o pr\u00f3prio processo. O mesmo Senado que destituiu a presidenta eleita, apenas dois dias depois, declarou em lei federal a legalidade daquilo que afirmara [&hellip;]<\/p>\n","protected":false},"author":2,"featured_media":17940,"comment_status":"open","ping_status":"open","sticky":false,"template":"","format":"standard","meta":{"_acf_changed":false,"footnotes":""},"categories":[10,3,1882],"tags":[496,2792,406,2890,3107,151,220,1748,39,3167,45],"class_list":{"0":"post-17939","1":"post","2":"type-post","3":"status-publish","4":"format-standard","5":"has-post-thumbnail","7":"category-acao-parlamentares","8":"category-artigos-e-entrevistas","9":"category-brasil","10":"tag-congresso-nacional","11":"tag-dilma-rousseff","12":"tag-direitos","13":"tag-eduardo-cunha","14":"tag-gilmar-mendes","15":"tag-golpe","16":"tag-impeachment","17":"tag-michel-temer","18":"tag-reforma-da-previdencia","19":"tag-romero-juca","20":"tag-stf"},"acf":[],"yoast_head":"<!-- This site is optimized with the Yoast SEO plugin v26.5 - https:\/\/yoast.com\/wordpress\/plugins\/seo\/ -->\n<title>Jean Wyllys | Um ano de golpe - PSOL 50<\/title>\n<meta name=\"robots\" content=\"index, follow, max-snippet:-1, max-image-preview:large, max-video-preview:-1\" \/>\n<link rel=\"canonical\" href=\"https:\/\/psol50.org.br\/jean-wyllys-um-ano-de-golpe\/\" \/>\n<meta property=\"og:locale\" content=\"pt_BR\" \/>\n<meta property=\"og:type\" content=\"article\" \/>\n<meta property=\"og:title\" content=\"Jean Wyllys | Um ano de golpe - PSOL 50\" \/>\n<meta property=\"og:description\" content=\"H\u00e1 um ano, marcado nesta quinta-feira (31\/08), o Senado Federal cassava o mandato da presidenta Dilma Rousseff por suposto cometimento de crime de responsabilidade que jamais existiu, como ficou provado durante o pr\u00f3prio processo. O mesmo Senado que destituiu a presidenta eleita, apenas dois dias depois, declarou em lei federal a legalidade daquilo que afirmara [&hellip;]\" \/>\n<meta property=\"og:url\" content=\"https:\/\/psol50.org.br\/jean-wyllys-um-ano-de-golpe\/\" \/>\n<meta property=\"og:site_name\" content=\"PSOL 50\" \/>\n<meta property=\"article:publisher\" content=\"https:\/\/www.facebook.com\/psol50\" \/>\n<meta property=\"article:published_time\" content=\"2017-09-01T16:37:19+00:00\" \/>\n<meta property=\"og:image\" content=\"https:\/\/psol50.org.br\/inc\/uploads\/2018\/07\/capa.png\" \/>\n\t<meta property=\"og:image:width\" content=\"1350\" \/>\n\t<meta property=\"og:image:height\" content=\"900\" \/>\n\t<meta property=\"og:image:type\" content=\"image\/png\" \/>\n<meta name=\"author\" content=\"Comunica\u00e7\u00e3o PSOL\" \/>\n<meta name=\"twitter:card\" content=\"summary_large_image\" \/>\n<meta name=\"twitter:creator\" content=\"@psol50\" \/>\n<meta name=\"twitter:site\" content=\"@psol50\" \/>\n<meta name=\"twitter:label1\" content=\"Escrito por\" \/>\n\t<meta name=\"twitter:data1\" content=\"Comunica\u00e7\u00e3o PSOL\" \/>\n\t<meta name=\"twitter:label2\" content=\"Est. tempo de leitura\" \/>\n\t<meta name=\"twitter:data2\" content=\"3 minutos\" \/>\n<script type=\"application\/ld+json\" class=\"yoast-schema-graph\">{\"@context\":\"https:\/\/schema.org\",\"@graph\":[{\"@type\":\"Article\",\"@id\":\"https:\/\/psol50.org.br\/jean-wyllys-um-ano-de-golpe\/#article\",\"isPartOf\":{\"@id\":\"https:\/\/psol50.org.br\/jean-wyllys-um-ano-de-golpe\/\"},\"author\":{\"name\":\"Comunica\u00e7\u00e3o PSOL\",\"@id\":\"https:\/\/psol50.org.br\/#\/schema\/person\/475dfa57d0b815993c714c2e96491fcd\"},\"headline\":\"Jean Wyllys | Um ano de golpe\",\"datePublished\":\"2017-09-01T16:37:19+00:00\",\"mainEntityOfPage\":{\"@id\":\"https:\/\/psol50.org.br\/jean-wyllys-um-ano-de-golpe\/\"},\"wordCount\":677,\"commentCount\":0,\"publisher\":{\"@id\":\"https:\/\/psol50.org.br\/#organization\"},\"image\":{\"@id\":\"https:\/\/psol50.org.br\/jean-wyllys-um-ano-de-golpe\/#primaryimage\"},\"thumbnailUrl\":\"\",\"keywords\":[\"Congresso Nacional\",\"Dilma Rousseff\",\"direitos\",\"Eduardo Cunha\",\"Gilmar Mendes\",\"golpe\",\"impeachment\",\"Michel Temer\",\"reforma da previd\u00eancia\",\"Romero Juc\u00e1\",\"STF\"],\"articleSection\":[\"A\u00e7\u00e3o Parlamentar\",\"Artigos\",\"Brasil\"],\"inLanguage\":\"pt-BR\",\"potentialAction\":[{\"@type\":\"CommentAction\",\"name\":\"Comment\",\"target\":[\"https:\/\/psol50.org.br\/jean-wyllys-um-ano-de-golpe\/#respond\"]}]},{\"@type\":\"WebPage\",\"@id\":\"https:\/\/psol50.org.br\/jean-wyllys-um-ano-de-golpe\/\",\"url\":\"https:\/\/psol50.org.br\/jean-wyllys-um-ano-de-golpe\/\",\"name\":\"Jean Wyllys | Um ano de golpe - PSOL 50\",\"isPartOf\":{\"@id\":\"https:\/\/psol50.org.br\/#website\"},\"primaryImageOfPage\":{\"@id\":\"https:\/\/psol50.org.br\/jean-wyllys-um-ano-de-golpe\/#primaryimage\"},\"image\":{\"@id\":\"https:\/\/psol50.org.br\/jean-wyllys-um-ano-de-golpe\/#primaryimage\"},\"thumbnailUrl\":\"\",\"datePublished\":\"2017-09-01T16:37:19+00:00\",\"breadcrumb\":{\"@id\":\"https:\/\/psol50.org.br\/jean-wyllys-um-ano-de-golpe\/#breadcrumb\"},\"inLanguage\":\"pt-BR\",\"potentialAction\":[{\"@type\":\"ReadAction\",\"target\":[\"https:\/\/psol50.org.br\/jean-wyllys-um-ano-de-golpe\/\"]}]},{\"@type\":\"ImageObject\",\"inLanguage\":\"pt-BR\",\"@id\":\"https:\/\/psol50.org.br\/jean-wyllys-um-ano-de-golpe\/#primaryimage\",\"url\":\"\",\"contentUrl\":\"\"},{\"@type\":\"BreadcrumbList\",\"@id\":\"https:\/\/psol50.org.br\/jean-wyllys-um-ano-de-golpe\/#breadcrumb\",\"itemListElement\":[{\"@type\":\"ListItem\",\"position\":1,\"name\":\"In\u00edcio\",\"item\":\"https:\/\/psol50.org.br\/\"},{\"@type\":\"ListItem\",\"position\":2,\"name\":\"Jean Wyllys | Um ano de golpe\"}]},{\"@type\":\"WebSite\",\"@id\":\"https:\/\/psol50.org.br\/#website\",\"url\":\"https:\/\/psol50.org.br\/\",\"name\":\"PSOL 50\",\"description\":\"Site oficial do Partido Socialismo e Liberdade\",\"publisher\":{\"@id\":\"https:\/\/psol50.org.br\/#organization\"},\"alternateName\":\"PSOL50\",\"potentialAction\":[{\"@type\":\"SearchAction\",\"target\":{\"@type\":\"EntryPoint\",\"urlTemplate\":\"https:\/\/psol50.org.br\/?s={search_term_string}\"},\"query-input\":{\"@type\":\"PropertyValueSpecification\",\"valueRequired\":true,\"valueName\":\"search_term_string\"}}],\"inLanguage\":\"pt-BR\"},{\"@type\":\"Organization\",\"@id\":\"https:\/\/psol50.org.br\/#organization\",\"name\":\"PSOL 50\",\"alternateName\":\"PSOL 50\",\"url\":\"https:\/\/psol50.org.br\/\",\"logo\":{\"@type\":\"ImageObject\",\"inLanguage\":\"pt-BR\",\"@id\":\"https:\/\/psol50.org.br\/#\/schema\/logo\/image\/\",\"url\":\"https:\/\/psol50.org.br\/inc\/uploads\/2018\/07\/capa.png\",\"contentUrl\":\"https:\/\/psol50.org.br\/inc\/uploads\/2018\/07\/capa.png\",\"width\":1350,\"height\":900,\"caption\":\"PSOL 50\"},\"image\":{\"@id\":\"https:\/\/psol50.org.br\/#\/schema\/logo\/image\/\"},\"sameAs\":[\"https:\/\/www.facebook.com\/psol50\",\"https:\/\/x.com\/psol50\",\"https:\/\/www.instagram.com\/psol50\/\",\"https:\/\/www.youtube.com\/channel\/UC7SnJS5o1os7a6CaiNabzcg\"]},{\"@type\":\"Person\",\"@id\":\"https:\/\/psol50.org.br\/#\/schema\/person\/475dfa57d0b815993c714c2e96491fcd\",\"name\":\"Comunica\u00e7\u00e3o PSOL\",\"image\":{\"@type\":\"ImageObject\",\"inLanguage\":\"pt-BR\",\"@id\":\"https:\/\/psol50.org.br\/#\/schema\/person\/image\/\",\"url\":\"https:\/\/secure.gravatar.com\/avatar\/b34fc4f4e468a4e51785917065a3db57b841f5c95dba6ad8c73aaf8f66f8f9bf?s=96&d=mm&r=g\",\"contentUrl\":\"https:\/\/secure.gravatar.com\/avatar\/b34fc4f4e468a4e51785917065a3db57b841f5c95dba6ad8c73aaf8f66f8f9bf?s=96&d=mm&r=g\",\"caption\":\"Comunica\u00e7\u00e3o PSOL\"}}]}<\/script>\n<!-- \/ Yoast SEO plugin. -->","yoast_head_json":{"title":"Jean Wyllys | Um ano de golpe - PSOL 50","robots":{"index":"index","follow":"follow","max-snippet":"max-snippet:-1","max-image-preview":"max-image-preview:large","max-video-preview":"max-video-preview:-1"},"canonical":"https:\/\/psol50.org.br\/jean-wyllys-um-ano-de-golpe\/","og_locale":"pt_BR","og_type":"article","og_title":"Jean Wyllys | Um ano de golpe - PSOL 50","og_description":"H\u00e1 um ano, marcado nesta quinta-feira (31\/08), o Senado Federal cassava o mandato da presidenta Dilma Rousseff por suposto cometimento de crime de responsabilidade que jamais existiu, como ficou provado durante o pr\u00f3prio processo. O mesmo Senado que destituiu a presidenta eleita, apenas dois dias depois, declarou em lei federal a legalidade daquilo que afirmara [&hellip;]","og_url":"https:\/\/psol50.org.br\/jean-wyllys-um-ano-de-golpe\/","og_site_name":"PSOL 50","article_publisher":"https:\/\/www.facebook.com\/psol50","article_published_time":"2017-09-01T16:37:19+00:00","og_image":[{"width":1350,"height":900,"url":"https:\/\/psol50.org.br\/inc\/uploads\/2018\/07\/capa.png","type":"image\/png"}],"author":"Comunica\u00e7\u00e3o PSOL","twitter_card":"summary_large_image","twitter_creator":"@psol50","twitter_site":"@psol50","twitter_misc":{"Escrito por":"Comunica\u00e7\u00e3o PSOL","Est. tempo de leitura":"3 minutos"},"schema":{"@context":"https:\/\/schema.org","@graph":[{"@type":"Article","@id":"https:\/\/psol50.org.br\/jean-wyllys-um-ano-de-golpe\/#article","isPartOf":{"@id":"https:\/\/psol50.org.br\/jean-wyllys-um-ano-de-golpe\/"},"author":{"name":"Comunica\u00e7\u00e3o PSOL","@id":"https:\/\/psol50.org.br\/#\/schema\/person\/475dfa57d0b815993c714c2e96491fcd"},"headline":"Jean Wyllys | Um ano de golpe","datePublished":"2017-09-01T16:37:19+00:00","mainEntityOfPage":{"@id":"https:\/\/psol50.org.br\/jean-wyllys-um-ano-de-golpe\/"},"wordCount":677,"commentCount":0,"publisher":{"@id":"https:\/\/psol50.org.br\/#organization"},"image":{"@id":"https:\/\/psol50.org.br\/jean-wyllys-um-ano-de-golpe\/#primaryimage"},"thumbnailUrl":"","keywords":["Congresso Nacional","Dilma Rousseff","direitos","Eduardo Cunha","Gilmar Mendes","golpe","impeachment","Michel Temer","reforma da previd\u00eancia","Romero Juc\u00e1","STF"],"articleSection":["A\u00e7\u00e3o Parlamentar","Artigos","Brasil"],"inLanguage":"pt-BR","potentialAction":[{"@type":"CommentAction","name":"Comment","target":["https:\/\/psol50.org.br\/jean-wyllys-um-ano-de-golpe\/#respond"]}]},{"@type":"WebPage","@id":"https:\/\/psol50.org.br\/jean-wyllys-um-ano-de-golpe\/","url":"https:\/\/psol50.org.br\/jean-wyllys-um-ano-de-golpe\/","name":"Jean Wyllys | Um ano de golpe - PSOL 50","isPartOf":{"@id":"https:\/\/psol50.org.br\/#website"},"primaryImageOfPage":{"@id":"https:\/\/psol50.org.br\/jean-wyllys-um-ano-de-golpe\/#primaryimage"},"image":{"@id":"https:\/\/psol50.org.br\/jean-wyllys-um-ano-de-golpe\/#primaryimage"},"thumbnailUrl":"","datePublished":"2017-09-01T16:37:19+00:00","breadcrumb":{"@id":"https:\/\/psol50.org.br\/jean-wyllys-um-ano-de-golpe\/#breadcrumb"},"inLanguage":"pt-BR","potentialAction":[{"@type":"ReadAction","target":["https:\/\/psol50.org.br\/jean-wyllys-um-ano-de-golpe\/"]}]},{"@type":"ImageObject","inLanguage":"pt-BR","@id":"https:\/\/psol50.org.br\/jean-wyllys-um-ano-de-golpe\/#primaryimage","url":"","contentUrl":""},{"@type":"BreadcrumbList","@id":"https:\/\/psol50.org.br\/jean-wyllys-um-ano-de-golpe\/#breadcrumb","itemListElement":[{"@type":"ListItem","position":1,"name":"In\u00edcio","item":"https:\/\/psol50.org.br\/"},{"@type":"ListItem","position":2,"name":"Jean Wyllys | Um ano de golpe"}]},{"@type":"WebSite","@id":"https:\/\/psol50.org.br\/#website","url":"https:\/\/psol50.org.br\/","name":"PSOL 50","description":"Site oficial do Partido Socialismo e Liberdade","publisher":{"@id":"https:\/\/psol50.org.br\/#organization"},"alternateName":"PSOL50","potentialAction":[{"@type":"SearchAction","target":{"@type":"EntryPoint","urlTemplate":"https:\/\/psol50.org.br\/?s={search_term_string}"},"query-input":{"@type":"PropertyValueSpecification","valueRequired":true,"valueName":"search_term_string"}}],"inLanguage":"pt-BR"},{"@type":"Organization","@id":"https:\/\/psol50.org.br\/#organization","name":"PSOL 50","alternateName":"PSOL 50","url":"https:\/\/psol50.org.br\/","logo":{"@type":"ImageObject","inLanguage":"pt-BR","@id":"https:\/\/psol50.org.br\/#\/schema\/logo\/image\/","url":"https:\/\/psol50.org.br\/inc\/uploads\/2018\/07\/capa.png","contentUrl":"https:\/\/psol50.org.br\/inc\/uploads\/2018\/07\/capa.png","width":1350,"height":900,"caption":"PSOL 50"},"image":{"@id":"https:\/\/psol50.org.br\/#\/schema\/logo\/image\/"},"sameAs":["https:\/\/www.facebook.com\/psol50","https:\/\/x.com\/psol50","https:\/\/www.instagram.com\/psol50\/","https:\/\/www.youtube.com\/channel\/UC7SnJS5o1os7a6CaiNabzcg"]},{"@type":"Person","@id":"https:\/\/psol50.org.br\/#\/schema\/person\/475dfa57d0b815993c714c2e96491fcd","name":"Comunica\u00e7\u00e3o PSOL","image":{"@type":"ImageObject","inLanguage":"pt-BR","@id":"https:\/\/psol50.org.br\/#\/schema\/person\/image\/","url":"https:\/\/secure.gravatar.com\/avatar\/b34fc4f4e468a4e51785917065a3db57b841f5c95dba6ad8c73aaf8f66f8f9bf?s=96&d=mm&r=g","contentUrl":"https:\/\/secure.gravatar.com\/avatar\/b34fc4f4e468a4e51785917065a3db57b841f5c95dba6ad8c73aaf8f66f8f9bf?s=96&d=mm&r=g","caption":"Comunica\u00e7\u00e3o PSOL"}}]}},"_links":{"self":[{"href":"https:\/\/psol50.org.br\/rest\/wp\/v2\/posts\/17939","targetHints":{"allow":["GET"]}}],"collection":[{"href":"https:\/\/psol50.org.br\/rest\/wp\/v2\/posts"}],"about":[{"href":"https:\/\/psol50.org.br\/rest\/wp\/v2\/types\/post"}],"author":[{"embeddable":true,"href":"https:\/\/psol50.org.br\/rest\/wp\/v2\/users\/2"}],"replies":[{"embeddable":true,"href":"https:\/\/psol50.org.br\/rest\/wp\/v2\/comments?post=17939"}],"version-history":[{"count":0,"href":"https:\/\/psol50.org.br\/rest\/wp\/v2\/posts\/17939\/revisions"}],"wp:featuredmedia":[{"embeddable":true,"href":"https:\/\/psol50.org.br\/rest\/"}],"wp:attachment":[{"href":"https:\/\/psol50.org.br\/rest\/wp\/v2\/media?parent=17939"}],"wp:term":[{"taxonomy":"category","embeddable":true,"href":"https:\/\/psol50.org.br\/rest\/wp\/v2\/categories?post=17939"},{"taxonomy":"post_tag","embeddable":true,"href":"https:\/\/psol50.org.br\/rest\/wp\/v2\/tags?post=17939"}],"curies":[{"name":"wp","href":"https:\/\/api.w.org\/{rel}","templated":true}]}}