{"id":17942,"date":"2017-09-02T16:44:14","date_gmt":"2017-09-02T19:44:14","guid":{"rendered":"http:\/\/www.psol50.org.br\/?p=17942"},"modified":"2017-09-02T16:44:14","modified_gmt":"2017-09-02T19:44:14","slug":"farc-e-a-esperanca-de-luta-renovada","status":"publish","type":"post","link":"https:\/\/psol50.org.br\/farc-e-a-esperanca-de-luta-renovada\/","title":{"rendered":"FARC e a esperan\u00e7a de luta renovada"},"content":{"rendered":"<p><em>Por Secretaria de Rela\u00e7\u00f5es Internacionais do PSOL<\/em><\/p>\n<p>Entre os dias 26 e 31 de agosto, aconteceu o congresso de funda\u00e7\u00e3o do partido pol\u00edtico das FARC-EP, na cidade de Bogot\u00e1 (Col\u00f4mbia), com a presen\u00e7a de 1246 delegados de todas as regi\u00f5es do pa\u00eds e v\u00e1rios observadores internacionais, entre os quais o PSOL.<\/p>\n<p>Nasce um partido novo com uma organiza\u00e7\u00e3o pol\u00edtica e ideol\u00f3gica de 53 anos que viveram como guerrilheiros, na defesa do ide\u00e1rio socialista e contra a desigualdade que vive a popula\u00e7\u00e3o colombiana.<\/p>\n<p>Ocorreram v\u00e1rios debates pol\u00edticos, principalmente sobre programa e atua\u00e7\u00e3o partid\u00e1ria, j\u00e1 que essa transforma\u00e7\u00e3o de forma de luta com armas para a luta pol\u00edtica institucional \u00e9 uma mudan\u00e7a radical para alcan\u00e7ar os objetivos sempre perseguidos de justi\u00e7a social.<\/p>\n<p>1\u00ba de setembro de 2017 \u00e9 a data hist\u00f3rica de lan\u00e7amento do partido, que manteve a mesma sigla, agora com o nome For\u00e7a Alternativa Revolucion\u00e1ria del Comum &#8211; FARC. Seu s\u00edmbolo \u00e9 uma rosa, representando a morte de muitos que lutaram e n\u00e3o est\u00e3o presentes neste momento, mas tamb\u00e9m um sinal de afeto e carinho para toda a Col\u00f4mbia na renova\u00e7\u00e3o das esperan\u00e7as por um pa\u00eds igualit\u00e1rio, fraterno e sem injusti\u00e7a social.<\/p>\n<p>Francisvaldo Mendes, secret\u00e1rio de Rela\u00e7\u00f5es Internacionais do PSOL, levou uma mensagem de apoio e solidariedade \u00e0 constru\u00e7\u00e3o dessa nova ferramenta pol\u00edtica para o povo colombiano e para toda Am\u00e9rica Latina, destacou o formid\u00e1vel debate pol\u00edtico e o entendimento pol\u00edtico e ideol\u00f3gico dos ataques que eles ir\u00e3o sofrer da onda conservadora que avassala o mundo. Foram debatidos, tamb\u00e9m, os ataques que a classe trabalhadora est\u00e1 sofrendo em todo mundo e a necessidade de esclarecer isso para toda a popula\u00e7\u00e3o, haja visto o papel dos meios de comunica\u00e7\u00e3o de corromper ideologicamente a mente da popula\u00e7\u00e3o de maneira geral.<\/p>\n<p>A esperan\u00e7a que se renova com a cria\u00e7\u00e3o do partido FARC e que somente a organiza\u00e7\u00e3o pol\u00edtico ideol\u00f3gica de esquerda poder\u00e1 barrar o ataque ideol\u00f3gico do individualismo, da desesperan\u00e7a, do cretinismo pol\u00edtico , da dissimula\u00e7\u00e3o e do cinismo e da roubalheira existente nos dias atuais.<\/p>\n<p>A legaliza\u00e7\u00e3o da FARC como partido pol\u00edtico depois de muito tempo negociando reacende em todos os lutadores a for\u00e7a de transforma\u00e7\u00e3o para construir os sonhos de uma Am\u00e9rica Latina justa, fraterna e socialista.<\/p>\n","protected":false},"excerpt":{"rendered":"<p>Por Secretaria de Rela\u00e7\u00f5es Internacionais do PSOL Entre os dias 26 e 31 de agosto, aconteceu o congresso de funda\u00e7\u00e3o do partido pol\u00edtico das FARC-EP, na cidade de Bogot\u00e1 (Col\u00f4mbia), com a presen\u00e7a de 1246 delegados de todas as regi\u00f5es do pa\u00eds e v\u00e1rios observadores internacionais, entre os quais o PSOL. Nasce um partido novo [&hellip;]<\/p>\n","protected":false},"author":2,"featured_media":17943,"comment_status":"open","ping_status":"open","sticky":false,"template":"","format":"standard","meta":{"_acf_changed":false,"footnotes":""},"categories":[836],"tags":[3551,1566,3552,1216,2397],"class_list":{"0":"post-17942","1":"post","2":"type-post","3":"status-publish","4":"format-standard","5":"has-post-thumbnail","7":"category-internacional","8":"tag-bogota","9":"tag-colombia","10":"tag-farc","11":"tag-internacional","12":"tag-secretaria-de-relacoes-internacionais-do-psol"},"acf":[],"yoast_head":"<!-- This site is optimized with the Yoast SEO plugin v26.5 - https:\/\/yoast.com\/wordpress\/plugins\/seo\/ -->\n<title>FARC e a esperan\u00e7a de luta renovada - PSOL 50<\/title>\n<meta name=\"robots\" content=\"index, follow, max-snippet:-1, max-image-preview:large, max-video-preview:-1\" \/>\n<link rel=\"canonical\" href=\"https:\/\/psol50.org.br\/farc-e-a-esperanca-de-luta-renovada\/\" \/>\n<meta property=\"og:locale\" content=\"pt_BR\" \/>\n<meta property=\"og:type\" content=\"article\" \/>\n<meta property=\"og:title\" content=\"FARC e a esperan\u00e7a de luta renovada - PSOL 50\" \/>\n<meta property=\"og:description\" content=\"Por Secretaria de Rela\u00e7\u00f5es Internacionais do PSOL Entre os dias 26 e 31 de agosto, aconteceu o congresso de funda\u00e7\u00e3o do partido pol\u00edtico das FARC-EP, na cidade de Bogot\u00e1 (Col\u00f4mbia), com a presen\u00e7a de 1246 delegados de todas as regi\u00f5es do pa\u00eds e v\u00e1rios observadores internacionais, entre os quais o PSOL. Nasce um partido novo [&hellip;]\" \/>\n<meta property=\"og:url\" content=\"https:\/\/psol50.org.br\/farc-e-a-esperanca-de-luta-renovada\/\" \/>\n<meta property=\"og:site_name\" content=\"PSOL 50\" \/>\n<meta property=\"article:publisher\" content=\"https:\/\/www.facebook.com\/psol50\" \/>\n<meta property=\"article:published_time\" content=\"2017-09-02T19:44:14+00:00\" \/>\n<meta property=\"og:image\" content=\"https:\/\/psol50.org.br\/inc\/uploads\/2018\/07\/capa.png\" \/>\n\t<meta property=\"og:image:width\" content=\"1350\" \/>\n\t<meta property=\"og:image:height\" content=\"900\" \/>\n\t<meta property=\"og:image:type\" content=\"image\/png\" \/>\n<meta name=\"author\" content=\"Comunica\u00e7\u00e3o PSOL\" \/>\n<meta name=\"twitter:card\" content=\"summary_large_image\" \/>\n<meta name=\"twitter:creator\" content=\"@psol50\" \/>\n<meta name=\"twitter:site\" content=\"@psol50\" \/>\n<meta name=\"twitter:label1\" content=\"Escrito por\" \/>\n\t<meta name=\"twitter:data1\" content=\"Comunica\u00e7\u00e3o PSOL\" \/>\n\t<meta name=\"twitter:label2\" content=\"Est. tempo de leitura\" \/>\n\t<meta name=\"twitter:data2\" content=\"2 minutos\" \/>\n<script type=\"application\/ld+json\" class=\"yoast-schema-graph\">{\"@context\":\"https:\/\/schema.org\",\"@graph\":[{\"@type\":\"Article\",\"@id\":\"https:\/\/psol50.org.br\/farc-e-a-esperanca-de-luta-renovada\/#article\",\"isPartOf\":{\"@id\":\"https:\/\/psol50.org.br\/farc-e-a-esperanca-de-luta-renovada\/\"},\"author\":{\"name\":\"Comunica\u00e7\u00e3o PSOL\",\"@id\":\"https:\/\/psol50.org.br\/#\/schema\/person\/475dfa57d0b815993c714c2e96491fcd\"},\"headline\":\"FARC e a esperan\u00e7a de luta renovada\",\"datePublished\":\"2017-09-02T19:44:14+00:00\",\"mainEntityOfPage\":{\"@id\":\"https:\/\/psol50.org.br\/farc-e-a-esperanca-de-luta-renovada\/\"},\"wordCount\":427,\"commentCount\":0,\"publisher\":{\"@id\":\"https:\/\/psol50.org.br\/#organization\"},\"image\":{\"@id\":\"https:\/\/psol50.org.br\/farc-e-a-esperanca-de-luta-renovada\/#primaryimage\"},\"thumbnailUrl\":\"\",\"keywords\":[\"bogot\u00e1\",\"Col\u00f4mbia\",\"FARC\",\"Internacional\",\"Secretaria de Rela\u00e7\u00f5es Internacionais do PSOL\"],\"articleSection\":[\"Internacional\"],\"inLanguage\":\"pt-BR\",\"potentialAction\":[{\"@type\":\"CommentAction\",\"name\":\"Comment\",\"target\":[\"https:\/\/psol50.org.br\/farc-e-a-esperanca-de-luta-renovada\/#respond\"]}]},{\"@type\":\"WebPage\",\"@id\":\"https:\/\/psol50.org.br\/farc-e-a-esperanca-de-luta-renovada\/\",\"url\":\"https:\/\/psol50.org.br\/farc-e-a-esperanca-de-luta-renovada\/\",\"name\":\"FARC e a esperan\u00e7a de luta renovada - PSOL 50\",\"isPartOf\":{\"@id\":\"https:\/\/psol50.org.br\/#website\"},\"primaryImageOfPage\":{\"@id\":\"https:\/\/psol50.org.br\/farc-e-a-esperanca-de-luta-renovada\/#primaryimage\"},\"image\":{\"@id\":\"https:\/\/psol50.org.br\/farc-e-a-esperanca-de-luta-renovada\/#primaryimage\"},\"thumbnailUrl\":\"\",\"datePublished\":\"2017-09-02T19:44:14+00:00\",\"breadcrumb\":{\"@id\":\"https:\/\/psol50.org.br\/farc-e-a-esperanca-de-luta-renovada\/#breadcrumb\"},\"inLanguage\":\"pt-BR\",\"potentialAction\":[{\"@type\":\"ReadAction\",\"target\":[\"https:\/\/psol50.org.br\/farc-e-a-esperanca-de-luta-renovada\/\"]}]},{\"@type\":\"ImageObject\",\"inLanguage\":\"pt-BR\",\"@id\":\"https:\/\/psol50.org.br\/farc-e-a-esperanca-de-luta-renovada\/#primaryimage\",\"url\":\"\",\"contentUrl\":\"\"},{\"@type\":\"BreadcrumbList\",\"@id\":\"https:\/\/psol50.org.br\/farc-e-a-esperanca-de-luta-renovada\/#breadcrumb\",\"itemListElement\":[{\"@type\":\"ListItem\",\"position\":1,\"name\":\"In\u00edcio\",\"item\":\"https:\/\/psol50.org.br\/\"},{\"@type\":\"ListItem\",\"position\":2,\"name\":\"FARC e a esperan\u00e7a de luta renovada\"}]},{\"@type\":\"WebSite\",\"@id\":\"https:\/\/psol50.org.br\/#website\",\"url\":\"https:\/\/psol50.org.br\/\",\"name\":\"PSOL 50\",\"description\":\"Site oficial do Partido Socialismo e Liberdade\",\"publisher\":{\"@id\":\"https:\/\/psol50.org.br\/#organization\"},\"alternateName\":\"PSOL50\",\"potentialAction\":[{\"@type\":\"SearchAction\",\"target\":{\"@type\":\"EntryPoint\",\"urlTemplate\":\"https:\/\/psol50.org.br\/?s={search_term_string}\"},\"query-input\":{\"@type\":\"PropertyValueSpecification\",\"valueRequired\":true,\"valueName\":\"search_term_string\"}}],\"inLanguage\":\"pt-BR\"},{\"@type\":\"Organization\",\"@id\":\"https:\/\/psol50.org.br\/#organization\",\"name\":\"PSOL 50\",\"alternateName\":\"PSOL 50\",\"url\":\"https:\/\/psol50.org.br\/\",\"logo\":{\"@type\":\"ImageObject\",\"inLanguage\":\"pt-BR\",\"@id\":\"https:\/\/psol50.org.br\/#\/schema\/logo\/image\/\",\"url\":\"https:\/\/psol50.org.br\/inc\/uploads\/2018\/07\/capa.png\",\"contentUrl\":\"https:\/\/psol50.org.br\/inc\/uploads\/2018\/07\/capa.png\",\"width\":1350,\"height\":900,\"caption\":\"PSOL 50\"},\"image\":{\"@id\":\"https:\/\/psol50.org.br\/#\/schema\/logo\/image\/\"},\"sameAs\":[\"https:\/\/www.facebook.com\/psol50\",\"https:\/\/x.com\/psol50\",\"https:\/\/www.instagram.com\/psol50\/\",\"https:\/\/www.youtube.com\/channel\/UC7SnJS5o1os7a6CaiNabzcg\"]},{\"@type\":\"Person\",\"@id\":\"https:\/\/psol50.org.br\/#\/schema\/person\/475dfa57d0b815993c714c2e96491fcd\",\"name\":\"Comunica\u00e7\u00e3o PSOL\",\"image\":{\"@type\":\"ImageObject\",\"inLanguage\":\"pt-BR\",\"@id\":\"https:\/\/psol50.org.br\/#\/schema\/person\/image\/\",\"url\":\"https:\/\/secure.gravatar.com\/avatar\/b34fc4f4e468a4e51785917065a3db57b841f5c95dba6ad8c73aaf8f66f8f9bf?s=96&d=mm&r=g\",\"contentUrl\":\"https:\/\/secure.gravatar.com\/avatar\/b34fc4f4e468a4e51785917065a3db57b841f5c95dba6ad8c73aaf8f66f8f9bf?s=96&d=mm&r=g\",\"caption\":\"Comunica\u00e7\u00e3o PSOL\"}}]}<\/script>\n<!-- \/ Yoast SEO plugin. -->","yoast_head_json":{"title":"FARC e a esperan\u00e7a de luta renovada - PSOL 50","robots":{"index":"index","follow":"follow","max-snippet":"max-snippet:-1","max-image-preview":"max-image-preview:large","max-video-preview":"max-video-preview:-1"},"canonical":"https:\/\/psol50.org.br\/farc-e-a-esperanca-de-luta-renovada\/","og_locale":"pt_BR","og_type":"article","og_title":"FARC e a esperan\u00e7a de luta renovada - PSOL 50","og_description":"Por Secretaria de Rela\u00e7\u00f5es Internacionais do PSOL Entre os dias 26 e 31 de agosto, aconteceu o congresso de funda\u00e7\u00e3o do partido pol\u00edtico das FARC-EP, na cidade de Bogot\u00e1 (Col\u00f4mbia), com a presen\u00e7a de 1246 delegados de todas as regi\u00f5es do pa\u00eds e v\u00e1rios observadores internacionais, entre os quais o PSOL. Nasce um partido novo [&hellip;]","og_url":"https:\/\/psol50.org.br\/farc-e-a-esperanca-de-luta-renovada\/","og_site_name":"PSOL 50","article_publisher":"https:\/\/www.facebook.com\/psol50","article_published_time":"2017-09-02T19:44:14+00:00","og_image":[{"width":1350,"height":900,"url":"https:\/\/psol50.org.br\/inc\/uploads\/2018\/07\/capa.png","type":"image\/png"}],"author":"Comunica\u00e7\u00e3o PSOL","twitter_card":"summary_large_image","twitter_creator":"@psol50","twitter_site":"@psol50","twitter_misc":{"Escrito por":"Comunica\u00e7\u00e3o PSOL","Est. tempo de leitura":"2 minutos"},"schema":{"@context":"https:\/\/schema.org","@graph":[{"@type":"Article","@id":"https:\/\/psol50.org.br\/farc-e-a-esperanca-de-luta-renovada\/#article","isPartOf":{"@id":"https:\/\/psol50.org.br\/farc-e-a-esperanca-de-luta-renovada\/"},"author":{"name":"Comunica\u00e7\u00e3o PSOL","@id":"https:\/\/psol50.org.br\/#\/schema\/person\/475dfa57d0b815993c714c2e96491fcd"},"headline":"FARC e a esperan\u00e7a de luta renovada","datePublished":"2017-09-02T19:44:14+00:00","mainEntityOfPage":{"@id":"https:\/\/psol50.org.br\/farc-e-a-esperanca-de-luta-renovada\/"},"wordCount":427,"commentCount":0,"publisher":{"@id":"https:\/\/psol50.org.br\/#organization"},"image":{"@id":"https:\/\/psol50.org.br\/farc-e-a-esperanca-de-luta-renovada\/#primaryimage"},"thumbnailUrl":"","keywords":["bogot\u00e1","Col\u00f4mbia","FARC","Internacional","Secretaria de Rela\u00e7\u00f5es Internacionais do PSOL"],"articleSection":["Internacional"],"inLanguage":"pt-BR","potentialAction":[{"@type":"CommentAction","name":"Comment","target":["https:\/\/psol50.org.br\/farc-e-a-esperanca-de-luta-renovada\/#respond"]}]},{"@type":"WebPage","@id":"https:\/\/psol50.org.br\/farc-e-a-esperanca-de-luta-renovada\/","url":"https:\/\/psol50.org.br\/farc-e-a-esperanca-de-luta-renovada\/","name":"FARC e a esperan\u00e7a de luta renovada - PSOL 50","isPartOf":{"@id":"https:\/\/psol50.org.br\/#website"},"primaryImageOfPage":{"@id":"https:\/\/psol50.org.br\/farc-e-a-esperanca-de-luta-renovada\/#primaryimage"},"image":{"@id":"https:\/\/psol50.org.br\/farc-e-a-esperanca-de-luta-renovada\/#primaryimage"},"thumbnailUrl":"","datePublished":"2017-09-02T19:44:14+00:00","breadcrumb":{"@id":"https:\/\/psol50.org.br\/farc-e-a-esperanca-de-luta-renovada\/#breadcrumb"},"inLanguage":"pt-BR","potentialAction":[{"@type":"ReadAction","target":["https:\/\/psol50.org.br\/farc-e-a-esperanca-de-luta-renovada\/"]}]},{"@type":"ImageObject","inLanguage":"pt-BR","@id":"https:\/\/psol50.org.br\/farc-e-a-esperanca-de-luta-renovada\/#primaryimage","url":"","contentUrl":""},{"@type":"BreadcrumbList","@id":"https:\/\/psol50.org.br\/farc-e-a-esperanca-de-luta-renovada\/#breadcrumb","itemListElement":[{"@type":"ListItem","position":1,"name":"In\u00edcio","item":"https:\/\/psol50.org.br\/"},{"@type":"ListItem","position":2,"name":"FARC e a esperan\u00e7a de luta renovada"}]},{"@type":"WebSite","@id":"https:\/\/psol50.org.br\/#website","url":"https:\/\/psol50.org.br\/","name":"PSOL 50","description":"Site oficial do Partido Socialismo e Liberdade","publisher":{"@id":"https:\/\/psol50.org.br\/#organization"},"alternateName":"PSOL50","potentialAction":[{"@type":"SearchAction","target":{"@type":"EntryPoint","urlTemplate":"https:\/\/psol50.org.br\/?s={search_term_string}"},"query-input":{"@type":"PropertyValueSpecification","valueRequired":true,"valueName":"search_term_string"}}],"inLanguage":"pt-BR"},{"@type":"Organization","@id":"https:\/\/psol50.org.br\/#organization","name":"PSOL 50","alternateName":"PSOL 50","url":"https:\/\/psol50.org.br\/","logo":{"@type":"ImageObject","inLanguage":"pt-BR","@id":"https:\/\/psol50.org.br\/#\/schema\/logo\/image\/","url":"https:\/\/psol50.org.br\/inc\/uploads\/2018\/07\/capa.png","contentUrl":"https:\/\/psol50.org.br\/inc\/uploads\/2018\/07\/capa.png","width":1350,"height":900,"caption":"PSOL 50"},"image":{"@id":"https:\/\/psol50.org.br\/#\/schema\/logo\/image\/"},"sameAs":["https:\/\/www.facebook.com\/psol50","https:\/\/x.com\/psol50","https:\/\/www.instagram.com\/psol50\/","https:\/\/www.youtube.com\/channel\/UC7SnJS5o1os7a6CaiNabzcg"]},{"@type":"Person","@id":"https:\/\/psol50.org.br\/#\/schema\/person\/475dfa57d0b815993c714c2e96491fcd","name":"Comunica\u00e7\u00e3o PSOL","image":{"@type":"ImageObject","inLanguage":"pt-BR","@id":"https:\/\/psol50.org.br\/#\/schema\/person\/image\/","url":"https:\/\/secure.gravatar.com\/avatar\/b34fc4f4e468a4e51785917065a3db57b841f5c95dba6ad8c73aaf8f66f8f9bf?s=96&d=mm&r=g","contentUrl":"https:\/\/secure.gravatar.com\/avatar\/b34fc4f4e468a4e51785917065a3db57b841f5c95dba6ad8c73aaf8f66f8f9bf?s=96&d=mm&r=g","caption":"Comunica\u00e7\u00e3o PSOL"}}]}},"_links":{"self":[{"href":"https:\/\/psol50.org.br\/rest\/wp\/v2\/posts\/17942","targetHints":{"allow":["GET"]}}],"collection":[{"href":"https:\/\/psol50.org.br\/rest\/wp\/v2\/posts"}],"about":[{"href":"https:\/\/psol50.org.br\/rest\/wp\/v2\/types\/post"}],"author":[{"embeddable":true,"href":"https:\/\/psol50.org.br\/rest\/wp\/v2\/users\/2"}],"replies":[{"embeddable":true,"href":"https:\/\/psol50.org.br\/rest\/wp\/v2\/comments?post=17942"}],"version-history":[{"count":0,"href":"https:\/\/psol50.org.br\/rest\/wp\/v2\/posts\/17942\/revisions"}],"wp:featuredmedia":[{"embeddable":true,"href":"https:\/\/psol50.org.br\/rest\/"}],"wp:attachment":[{"href":"https:\/\/psol50.org.br\/rest\/wp\/v2\/media?parent=17942"}],"wp:term":[{"taxonomy":"category","embeddable":true,"href":"https:\/\/psol50.org.br\/rest\/wp\/v2\/categories?post=17942"},{"taxonomy":"post_tag","embeddable":true,"href":"https:\/\/psol50.org.br\/rest\/wp\/v2\/tags?post=17942"}],"curies":[{"name":"wp","href":"https:\/\/api.w.org\/{rel}","templated":true}]}}