{"id":17947,"date":"2017-09-04T11:31:12","date_gmt":"2017-09-04T14:31:12","guid":{"rendered":"http:\/\/www.psol50.org.br\/?p=17947"},"modified":"2017-09-04T11:31:12","modified_gmt":"2017-09-04T14:31:12","slug":"ivan-valente-canetada-de-temer-nao-pode-devastar-a-amazonia","status":"publish","type":"post","link":"https:\/\/psol50.org.br\/ivan-valente-canetada-de-temer-nao-pode-devastar-a-amazonia\/","title":{"rendered":"Ivan Valente | Canetada de Temer n\u00e3o pode devastar a Amaz\u00f4nia"},"content":{"rendered":"<p>Temos, como resultado de um golpe parlamentar, um presidente imerso em corrup\u00e7\u00e3o, acossado pela PGR, que negocia explicitamente com o Congresso e com setores da elite pela sua sobreviv\u00eancia. Uma das principais moedas de troca \u00e9 o meio ambiente, e o pre\u00e7o cobrado \u00e9 alt\u00edssimo. No balc\u00e3o est\u00e1 uma profunda flexibiliza\u00e7\u00e3o do licenciamento ambiental, que permitir\u00e1 desmatamento, polui\u00e7\u00e3o dos rios e aumento do risco de novas trag\u00e9dias como a da barragem de Mariana.<\/p>\n<p>Tamb\u00e9m est\u00e3o sendo negociadas generosas isen\u00e7\u00f5es fiscais para o agroneg\u00f3cio, como os R$ 10 bilh\u00f5es que a Uni\u00e3o perder\u00e1 com a mudan\u00e7a na al\u00edquota do Funrural e o Refis. A Floresta do Jamanxim, no Par\u00e1, tamb\u00e9m est\u00e1 sendo entregue de bandeja. O Ibama e a Funai est\u00e3o sendo propositalmente enfraquecidos para diminuir a resist\u00eancia a todo esse processo. E, mais recentemente, temos o deplor\u00e1vel decreto que extingue a Renca \u2013 Reserva Nacional de Cobre e Associados.<\/p>\n<p>No dia 28 de agosto, Temer anunciou um decreto novo que dissimula a inten\u00e7\u00e3o do decreto do dia 23, mas a ningu\u00e9m engana. Tanto no primeiro quanto no segundo texto, est\u00e1 bem claro que a canetada do presidente golpista visa acabar com a reserva criada em 1984. A \u00e1rea do tamanho aproximado da Dinamarca foi criada no final do regime militar por quest\u00f5es estrat\u00e9gicas e abriga duas reservas ind\u00edgenas e sete unidades de conserva\u00e7\u00e3o. Por mais que o novo texto disfarce, as mineradoras agradecem, pois liquida com a Renca sem consulta \u00e0 popula\u00e7\u00e3o e sem sequer passar pelo Congresso.<\/p>\n<p>A legisla\u00e7\u00e3o de 1984 sobre a Renca j\u00e1 permitia a explora\u00e7\u00e3o mineral, por\u00e9m de maneira controlada, obedecendo a regras bem claras e aos crit\u00e9rios da Companhia de Pesquisa de Recursos Minerais (CPRM). O que se quer fazer agora \u00e9 escancarar a explora\u00e7\u00e3o, inclusive para estrangeiros. Uma vez aberta a porteira, ser\u00e1 imposs\u00edvel fazer com que a atividade das mineradoras ocorra dentro da legisla\u00e7\u00e3o ambiental, com fiscaliza\u00e7\u00e3o adequada. A desfa\u00e7atez \u00e9 tanta que uma das benefici\u00e1rias pela canetada de Temer \u00e9 a filha do Romero Juc\u00e1, s\u00f3cia de uma empresa dona de 90 mil hectares na reserva. N\u00e3o h\u00e1 como esconder a farsa.<\/p>\n<p>A amea\u00e7a \u00e0 Amaz\u00f4nia n\u00e3o passa despercebida. O ataque \u00e0 Renca provoca como\u00e7\u00e3o no mundo todo, para entidades como WWF, Greenpeace e ISA, para artistas e celebridades como a Gisele Bundchen e milh\u00f5es de pessoas que est\u00e3o acompanhando as not\u00edcias. N\u00f3s, do PSOL, entramos com um PDL, Projeto de Decreto Legislativo contra mais esse abuso de Michel Temer, pedindo para que o decreto de Temer seja sustado. N\u00e3o aceitaremos que Temer passe a motosserra \u00e0 revelia da sociedade, gerando conflitos com os ind\u00edgenas, ferindo o patrim\u00f4nio nacional e agredindo o meio ambiente. A press\u00e3o pela defesa da Amaz\u00f4nia dar\u00e1 novo f\u00f4lego aos gritos de Fora Temer.<\/p>\n","protected":false},"excerpt":{"rendered":"<p>Temos, como resultado de um golpe parlamentar, um presidente imerso em corrup\u00e7\u00e3o, acossado pela PGR, que negocia explicitamente com o Congresso e com setores da elite pela sua sobreviv\u00eancia. Uma das principais moedas de troca \u00e9 o meio ambiente, e o pre\u00e7o cobrado \u00e9 alt\u00edssimo. No balc\u00e3o est\u00e1 uma profunda flexibiliza\u00e7\u00e3o do licenciamento ambiental, que [&hellip;]<\/p>\n","protected":false},"author":2,"featured_media":17948,"comment_status":"open","ping_status":"open","sticky":false,"template":"","format":"standard","meta":{"_acf_changed":false,"footnotes":""},"categories":[10,3,1882],"tags":[1073,96,1040,552,1748,509,1706,22,3517,3536],"class_list":{"0":"post-17947","1":"post","2":"type-post","3":"status-publish","4":"format-standard","5":"has-post-thumbnail","7":"category-acao-parlamentares","8":"category-artigos-e-entrevistas","9":"category-brasil","10":"tag-agronegocio","11":"tag-amazonia","12":"tag-decreto","13":"tag-ivan-valente","14":"tag-michel-temer","15":"tag-pdl","16":"tag-projeto-de-decreto-legislativo","17":"tag-psol","18":"tag-renca","19":"tag-reserva-nacional-de-cobre-e-associados"},"acf":[],"yoast_head":"<!-- This site is optimized with the Yoast SEO plugin v26.5 - https:\/\/yoast.com\/wordpress\/plugins\/seo\/ -->\n<title>Ivan Valente | Canetada de Temer n\u00e3o pode devastar a Amaz\u00f4nia - PSOL 50<\/title>\n<meta name=\"robots\" content=\"index, follow, max-snippet:-1, max-image-preview:large, max-video-preview:-1\" \/>\n<link rel=\"canonical\" href=\"https:\/\/psol50.org.br\/ivan-valente-canetada-de-temer-nao-pode-devastar-a-amazonia\/\" \/>\n<meta property=\"og:locale\" content=\"pt_BR\" \/>\n<meta property=\"og:type\" content=\"article\" \/>\n<meta property=\"og:title\" content=\"Ivan Valente | Canetada de Temer n\u00e3o pode devastar a Amaz\u00f4nia - PSOL 50\" \/>\n<meta property=\"og:description\" content=\"Temos, como resultado de um golpe parlamentar, um presidente imerso em corrup\u00e7\u00e3o, acossado pela PGR, que negocia explicitamente com o Congresso e com setores da elite pela sua sobreviv\u00eancia. Uma das principais moedas de troca \u00e9 o meio ambiente, e o pre\u00e7o cobrado \u00e9 alt\u00edssimo. No balc\u00e3o est\u00e1 uma profunda flexibiliza\u00e7\u00e3o do licenciamento ambiental, que [&hellip;]\" \/>\n<meta property=\"og:url\" content=\"https:\/\/psol50.org.br\/ivan-valente-canetada-de-temer-nao-pode-devastar-a-amazonia\/\" \/>\n<meta property=\"og:site_name\" content=\"PSOL 50\" \/>\n<meta property=\"article:publisher\" content=\"https:\/\/www.facebook.com\/psol50\" \/>\n<meta property=\"article:published_time\" content=\"2017-09-04T14:31:12+00:00\" \/>\n<meta property=\"og:image\" content=\"https:\/\/psol50.org.br\/inc\/uploads\/2018\/07\/capa.png\" \/>\n\t<meta property=\"og:image:width\" content=\"1350\" \/>\n\t<meta property=\"og:image:height\" content=\"900\" \/>\n\t<meta property=\"og:image:type\" content=\"image\/png\" \/>\n<meta name=\"author\" content=\"Comunica\u00e7\u00e3o PSOL\" \/>\n<meta name=\"twitter:card\" content=\"summary_large_image\" \/>\n<meta name=\"twitter:creator\" content=\"@psol50\" \/>\n<meta name=\"twitter:site\" content=\"@psol50\" \/>\n<meta name=\"twitter:label1\" content=\"Escrito por\" \/>\n\t<meta name=\"twitter:data1\" content=\"Comunica\u00e7\u00e3o PSOL\" \/>\n\t<meta name=\"twitter:label2\" content=\"Est. tempo de leitura\" \/>\n\t<meta name=\"twitter:data2\" content=\"2 minutos\" \/>\n<script type=\"application\/ld+json\" class=\"yoast-schema-graph\">{\"@context\":\"https:\/\/schema.org\",\"@graph\":[{\"@type\":\"Article\",\"@id\":\"https:\/\/psol50.org.br\/ivan-valente-canetada-de-temer-nao-pode-devastar-a-amazonia\/#article\",\"isPartOf\":{\"@id\":\"https:\/\/psol50.org.br\/ivan-valente-canetada-de-temer-nao-pode-devastar-a-amazonia\/\"},\"author\":{\"name\":\"Comunica\u00e7\u00e3o PSOL\",\"@id\":\"https:\/\/psol50.org.br\/#\/schema\/person\/475dfa57d0b815993c714c2e96491fcd\"},\"headline\":\"Ivan Valente | Canetada de Temer n\u00e3o pode devastar a Amaz\u00f4nia\",\"datePublished\":\"2017-09-04T14:31:12+00:00\",\"mainEntityOfPage\":{\"@id\":\"https:\/\/psol50.org.br\/ivan-valente-canetada-de-temer-nao-pode-devastar-a-amazonia\/\"},\"wordCount\":505,\"commentCount\":0,\"publisher\":{\"@id\":\"https:\/\/psol50.org.br\/#organization\"},\"image\":{\"@id\":\"https:\/\/psol50.org.br\/ivan-valente-canetada-de-temer-nao-pode-devastar-a-amazonia\/#primaryimage\"},\"thumbnailUrl\":\"\",\"keywords\":[\"agroneg\u00f3cio\",\"Amaz\u00f4nia\",\"decreto\",\"Ivan Valente\",\"Michel Temer\",\"PDL\",\"projeto de decreto legislativo\",\"PSOL\",\"renca\",\"Reserva Nacional de Cobre e Associados\"],\"articleSection\":[\"A\u00e7\u00e3o Parlamentar\",\"Artigos\",\"Brasil\"],\"inLanguage\":\"pt-BR\",\"potentialAction\":[{\"@type\":\"CommentAction\",\"name\":\"Comment\",\"target\":[\"https:\/\/psol50.org.br\/ivan-valente-canetada-de-temer-nao-pode-devastar-a-amazonia\/#respond\"]}]},{\"@type\":\"WebPage\",\"@id\":\"https:\/\/psol50.org.br\/ivan-valente-canetada-de-temer-nao-pode-devastar-a-amazonia\/\",\"url\":\"https:\/\/psol50.org.br\/ivan-valente-canetada-de-temer-nao-pode-devastar-a-amazonia\/\",\"name\":\"Ivan Valente | Canetada de Temer n\u00e3o pode devastar a Amaz\u00f4nia - PSOL 50\",\"isPartOf\":{\"@id\":\"https:\/\/psol50.org.br\/#website\"},\"primaryImageOfPage\":{\"@id\":\"https:\/\/psol50.org.br\/ivan-valente-canetada-de-temer-nao-pode-devastar-a-amazonia\/#primaryimage\"},\"image\":{\"@id\":\"https:\/\/psol50.org.br\/ivan-valente-canetada-de-temer-nao-pode-devastar-a-amazonia\/#primaryimage\"},\"thumbnailUrl\":\"\",\"datePublished\":\"2017-09-04T14:31:12+00:00\",\"breadcrumb\":{\"@id\":\"https:\/\/psol50.org.br\/ivan-valente-canetada-de-temer-nao-pode-devastar-a-amazonia\/#breadcrumb\"},\"inLanguage\":\"pt-BR\",\"potentialAction\":[{\"@type\":\"ReadAction\",\"target\":[\"https:\/\/psol50.org.br\/ivan-valente-canetada-de-temer-nao-pode-devastar-a-amazonia\/\"]}]},{\"@type\":\"ImageObject\",\"inLanguage\":\"pt-BR\",\"@id\":\"https:\/\/psol50.org.br\/ivan-valente-canetada-de-temer-nao-pode-devastar-a-amazonia\/#primaryimage\",\"url\":\"\",\"contentUrl\":\"\"},{\"@type\":\"BreadcrumbList\",\"@id\":\"https:\/\/psol50.org.br\/ivan-valente-canetada-de-temer-nao-pode-devastar-a-amazonia\/#breadcrumb\",\"itemListElement\":[{\"@type\":\"ListItem\",\"position\":1,\"name\":\"In\u00edcio\",\"item\":\"https:\/\/psol50.org.br\/\"},{\"@type\":\"ListItem\",\"position\":2,\"name\":\"Ivan Valente | Canetada de Temer n\u00e3o pode devastar a Amaz\u00f4nia\"}]},{\"@type\":\"WebSite\",\"@id\":\"https:\/\/psol50.org.br\/#website\",\"url\":\"https:\/\/psol50.org.br\/\",\"name\":\"PSOL 50\",\"description\":\"Site oficial do Partido Socialismo e Liberdade\",\"publisher\":{\"@id\":\"https:\/\/psol50.org.br\/#organization\"},\"alternateName\":\"PSOL50\",\"potentialAction\":[{\"@type\":\"SearchAction\",\"target\":{\"@type\":\"EntryPoint\",\"urlTemplate\":\"https:\/\/psol50.org.br\/?s={search_term_string}\"},\"query-input\":{\"@type\":\"PropertyValueSpecification\",\"valueRequired\":true,\"valueName\":\"search_term_string\"}}],\"inLanguage\":\"pt-BR\"},{\"@type\":\"Organization\",\"@id\":\"https:\/\/psol50.org.br\/#organization\",\"name\":\"PSOL 50\",\"alternateName\":\"PSOL 50\",\"url\":\"https:\/\/psol50.org.br\/\",\"logo\":{\"@type\":\"ImageObject\",\"inLanguage\":\"pt-BR\",\"@id\":\"https:\/\/psol50.org.br\/#\/schema\/logo\/image\/\",\"url\":\"https:\/\/psol50.org.br\/inc\/uploads\/2018\/07\/capa.png\",\"contentUrl\":\"https:\/\/psol50.org.br\/inc\/uploads\/2018\/07\/capa.png\",\"width\":1350,\"height\":900,\"caption\":\"PSOL 50\"},\"image\":{\"@id\":\"https:\/\/psol50.org.br\/#\/schema\/logo\/image\/\"},\"sameAs\":[\"https:\/\/www.facebook.com\/psol50\",\"https:\/\/x.com\/psol50\",\"https:\/\/www.instagram.com\/psol50\/\",\"https:\/\/www.youtube.com\/channel\/UC7SnJS5o1os7a6CaiNabzcg\"]},{\"@type\":\"Person\",\"@id\":\"https:\/\/psol50.org.br\/#\/schema\/person\/475dfa57d0b815993c714c2e96491fcd\",\"name\":\"Comunica\u00e7\u00e3o PSOL\",\"image\":{\"@type\":\"ImageObject\",\"inLanguage\":\"pt-BR\",\"@id\":\"https:\/\/psol50.org.br\/#\/schema\/person\/image\/\",\"url\":\"https:\/\/secure.gravatar.com\/avatar\/b34fc4f4e468a4e51785917065a3db57b841f5c95dba6ad8c73aaf8f66f8f9bf?s=96&d=mm&r=g\",\"contentUrl\":\"https:\/\/secure.gravatar.com\/avatar\/b34fc4f4e468a4e51785917065a3db57b841f5c95dba6ad8c73aaf8f66f8f9bf?s=96&d=mm&r=g\",\"caption\":\"Comunica\u00e7\u00e3o PSOL\"}}]}<\/script>\n<!-- \/ Yoast SEO plugin. -->","yoast_head_json":{"title":"Ivan Valente | Canetada de Temer n\u00e3o pode devastar a Amaz\u00f4nia - PSOL 50","robots":{"index":"index","follow":"follow","max-snippet":"max-snippet:-1","max-image-preview":"max-image-preview:large","max-video-preview":"max-video-preview:-1"},"canonical":"https:\/\/psol50.org.br\/ivan-valente-canetada-de-temer-nao-pode-devastar-a-amazonia\/","og_locale":"pt_BR","og_type":"article","og_title":"Ivan Valente | Canetada de Temer n\u00e3o pode devastar a Amaz\u00f4nia - PSOL 50","og_description":"Temos, como resultado de um golpe parlamentar, um presidente imerso em corrup\u00e7\u00e3o, acossado pela PGR, que negocia explicitamente com o Congresso e com setores da elite pela sua sobreviv\u00eancia. Uma das principais moedas de troca \u00e9 o meio ambiente, e o pre\u00e7o cobrado \u00e9 alt\u00edssimo. No balc\u00e3o est\u00e1 uma profunda flexibiliza\u00e7\u00e3o do licenciamento ambiental, que [&hellip;]","og_url":"https:\/\/psol50.org.br\/ivan-valente-canetada-de-temer-nao-pode-devastar-a-amazonia\/","og_site_name":"PSOL 50","article_publisher":"https:\/\/www.facebook.com\/psol50","article_published_time":"2017-09-04T14:31:12+00:00","og_image":[{"width":1350,"height":900,"url":"https:\/\/psol50.org.br\/inc\/uploads\/2018\/07\/capa.png","type":"image\/png"}],"author":"Comunica\u00e7\u00e3o PSOL","twitter_card":"summary_large_image","twitter_creator":"@psol50","twitter_site":"@psol50","twitter_misc":{"Escrito por":"Comunica\u00e7\u00e3o PSOL","Est. tempo de leitura":"2 minutos"},"schema":{"@context":"https:\/\/schema.org","@graph":[{"@type":"Article","@id":"https:\/\/psol50.org.br\/ivan-valente-canetada-de-temer-nao-pode-devastar-a-amazonia\/#article","isPartOf":{"@id":"https:\/\/psol50.org.br\/ivan-valente-canetada-de-temer-nao-pode-devastar-a-amazonia\/"},"author":{"name":"Comunica\u00e7\u00e3o PSOL","@id":"https:\/\/psol50.org.br\/#\/schema\/person\/475dfa57d0b815993c714c2e96491fcd"},"headline":"Ivan Valente | Canetada de Temer n\u00e3o pode devastar a Amaz\u00f4nia","datePublished":"2017-09-04T14:31:12+00:00","mainEntityOfPage":{"@id":"https:\/\/psol50.org.br\/ivan-valente-canetada-de-temer-nao-pode-devastar-a-amazonia\/"},"wordCount":505,"commentCount":0,"publisher":{"@id":"https:\/\/psol50.org.br\/#organization"},"image":{"@id":"https:\/\/psol50.org.br\/ivan-valente-canetada-de-temer-nao-pode-devastar-a-amazonia\/#primaryimage"},"thumbnailUrl":"","keywords":["agroneg\u00f3cio","Amaz\u00f4nia","decreto","Ivan Valente","Michel Temer","PDL","projeto de decreto legislativo","PSOL","renca","Reserva Nacional de Cobre e Associados"],"articleSection":["A\u00e7\u00e3o Parlamentar","Artigos","Brasil"],"inLanguage":"pt-BR","potentialAction":[{"@type":"CommentAction","name":"Comment","target":["https:\/\/psol50.org.br\/ivan-valente-canetada-de-temer-nao-pode-devastar-a-amazonia\/#respond"]}]},{"@type":"WebPage","@id":"https:\/\/psol50.org.br\/ivan-valente-canetada-de-temer-nao-pode-devastar-a-amazonia\/","url":"https:\/\/psol50.org.br\/ivan-valente-canetada-de-temer-nao-pode-devastar-a-amazonia\/","name":"Ivan Valente | Canetada de Temer n\u00e3o pode devastar a Amaz\u00f4nia - PSOL 50","isPartOf":{"@id":"https:\/\/psol50.org.br\/#website"},"primaryImageOfPage":{"@id":"https:\/\/psol50.org.br\/ivan-valente-canetada-de-temer-nao-pode-devastar-a-amazonia\/#primaryimage"},"image":{"@id":"https:\/\/psol50.org.br\/ivan-valente-canetada-de-temer-nao-pode-devastar-a-amazonia\/#primaryimage"},"thumbnailUrl":"","datePublished":"2017-09-04T14:31:12+00:00","breadcrumb":{"@id":"https:\/\/psol50.org.br\/ivan-valente-canetada-de-temer-nao-pode-devastar-a-amazonia\/#breadcrumb"},"inLanguage":"pt-BR","potentialAction":[{"@type":"ReadAction","target":["https:\/\/psol50.org.br\/ivan-valente-canetada-de-temer-nao-pode-devastar-a-amazonia\/"]}]},{"@type":"ImageObject","inLanguage":"pt-BR","@id":"https:\/\/psol50.org.br\/ivan-valente-canetada-de-temer-nao-pode-devastar-a-amazonia\/#primaryimage","url":"","contentUrl":""},{"@type":"BreadcrumbList","@id":"https:\/\/psol50.org.br\/ivan-valente-canetada-de-temer-nao-pode-devastar-a-amazonia\/#breadcrumb","itemListElement":[{"@type":"ListItem","position":1,"name":"In\u00edcio","item":"https:\/\/psol50.org.br\/"},{"@type":"ListItem","position":2,"name":"Ivan Valente | Canetada de Temer n\u00e3o pode devastar a Amaz\u00f4nia"}]},{"@type":"WebSite","@id":"https:\/\/psol50.org.br\/#website","url":"https:\/\/psol50.org.br\/","name":"PSOL 50","description":"Site oficial do Partido Socialismo e Liberdade","publisher":{"@id":"https:\/\/psol50.org.br\/#organization"},"alternateName":"PSOL50","potentialAction":[{"@type":"SearchAction","target":{"@type":"EntryPoint","urlTemplate":"https:\/\/psol50.org.br\/?s={search_term_string}"},"query-input":{"@type":"PropertyValueSpecification","valueRequired":true,"valueName":"search_term_string"}}],"inLanguage":"pt-BR"},{"@type":"Organization","@id":"https:\/\/psol50.org.br\/#organization","name":"PSOL 50","alternateName":"PSOL 50","url":"https:\/\/psol50.org.br\/","logo":{"@type":"ImageObject","inLanguage":"pt-BR","@id":"https:\/\/psol50.org.br\/#\/schema\/logo\/image\/","url":"https:\/\/psol50.org.br\/inc\/uploads\/2018\/07\/capa.png","contentUrl":"https:\/\/psol50.org.br\/inc\/uploads\/2018\/07\/capa.png","width":1350,"height":900,"caption":"PSOL 50"},"image":{"@id":"https:\/\/psol50.org.br\/#\/schema\/logo\/image\/"},"sameAs":["https:\/\/www.facebook.com\/psol50","https:\/\/x.com\/psol50","https:\/\/www.instagram.com\/psol50\/","https:\/\/www.youtube.com\/channel\/UC7SnJS5o1os7a6CaiNabzcg"]},{"@type":"Person","@id":"https:\/\/psol50.org.br\/#\/schema\/person\/475dfa57d0b815993c714c2e96491fcd","name":"Comunica\u00e7\u00e3o PSOL","image":{"@type":"ImageObject","inLanguage":"pt-BR","@id":"https:\/\/psol50.org.br\/#\/schema\/person\/image\/","url":"https:\/\/secure.gravatar.com\/avatar\/b34fc4f4e468a4e51785917065a3db57b841f5c95dba6ad8c73aaf8f66f8f9bf?s=96&d=mm&r=g","contentUrl":"https:\/\/secure.gravatar.com\/avatar\/b34fc4f4e468a4e51785917065a3db57b841f5c95dba6ad8c73aaf8f66f8f9bf?s=96&d=mm&r=g","caption":"Comunica\u00e7\u00e3o PSOL"}}]}},"_links":{"self":[{"href":"https:\/\/psol50.org.br\/rest\/wp\/v2\/posts\/17947","targetHints":{"allow":["GET"]}}],"collection":[{"href":"https:\/\/psol50.org.br\/rest\/wp\/v2\/posts"}],"about":[{"href":"https:\/\/psol50.org.br\/rest\/wp\/v2\/types\/post"}],"author":[{"embeddable":true,"href":"https:\/\/psol50.org.br\/rest\/wp\/v2\/users\/2"}],"replies":[{"embeddable":true,"href":"https:\/\/psol50.org.br\/rest\/wp\/v2\/comments?post=17947"}],"version-history":[{"count":0,"href":"https:\/\/psol50.org.br\/rest\/wp\/v2\/posts\/17947\/revisions"}],"wp:featuredmedia":[{"embeddable":true,"href":"https:\/\/psol50.org.br\/rest\/"}],"wp:attachment":[{"href":"https:\/\/psol50.org.br\/rest\/wp\/v2\/media?parent=17947"}],"wp:term":[{"taxonomy":"category","embeddable":true,"href":"https:\/\/psol50.org.br\/rest\/wp\/v2\/categories?post=17947"},{"taxonomy":"post_tag","embeddable":true,"href":"https:\/\/psol50.org.br\/rest\/wp\/v2\/tags?post=17947"}],"curies":[{"name":"wp","href":"https:\/\/api.w.org\/{rel}","templated":true}]}}