{"id":1795,"date":"2013-02-28T00:00:00","date_gmt":"2013-02-28T00:00:00","guid":{"rendered":"http:\/\/psol50.org.br\/arquivo\/2013\/02\/28\/deputado-jean-wyllys-apresenta-projeto-de-lei-que-garante-identidade-de-genero\/"},"modified":"2013-02-28T00:00:00","modified_gmt":"2013-02-28T00:00:00","slug":"deputado-jean-wyllys-apresenta-projeto-de-lei-que-garante-identidade-de-genero","status":"publish","type":"post","link":"https:\/\/psol50.org.br\/deputado-jean-wyllys-apresenta-projeto-de-lei-que-garante-identidade-de-genero\/","title":{"rendered":"Deputado Jean Wyllys apresenta Projeto de Lei que garante identidade de g\u00eanero"},"content":{"rendered":"<div style=\"text-align: justify;\">\n\t<em>Proposta homenageia o primeiro transhomem brasileiro<\/em><br \/>\n\t&nbsp;<br \/>\n\tO deputado federal do Rio de Janeiro pelo PSOL Jean Wyllys protocolou, na C\u00e2mara dos Deputados, um projeto de lei que garante qualquer pessoa a ser reconhecida e tratada pela sua identidade de g\u00eanero e, em particular, a ser identificada dessa maneira nos instrumentos que acreditem sua identidade pessoal a respeito do prenome, da imagem e do sexo com que \u00e9 registrada neles.<br \/>\n\t&nbsp;<br \/>\n\tBatizado de Jo\u00e3o W Nery em homenagem ao primeiro transhomem brasileiro, autor do livro autobiogr\u00e1fico \u201cViagem Solit\u00e1ria\u201d, as e os travestis, transexuais e transg\u00eaneros poder\u00e3o, com o projeto, solicitar a retifica\u00e7\u00e3o dos seus dados registrais e a emiss\u00e3o de uma nova carteira de identidade atrav\u00e9s de um tr\u00e2mite simples no cart\u00f3rio e sem necessidade de interven\u00e7\u00e3o do judici\u00e1rio.<br \/>\n\t&nbsp;<br \/>\n\tSegundo Wyllys, o projeto tamb\u00e9m tem um objetivo s\u00f3cio-educativo, pois boa parte da sociedade faz de conta que as travestis e transexuais n\u00e3o existem, ou que s\u00e3o pessoas destinadas a ficar \u00e0 margem de tudo: \u201cA palavra \u2018visibilidade\u2019 tem, para n\u00f3s, LGBT, uma conota\u00e7\u00e3o particular, mas, para transexuais e travestis \u00e9 bem diferente. Eles e elas n\u00e3o t\u00eam como ficar no arm\u00e1rio depois de certa idade, e por isso, em muitos casos, s\u00e3o expulsos e expulsas de casa, da escola, da fam\u00edlia, do bairro, at\u00e9 da cidade. A visibilidade, para aquele cuja identidade sexual est\u00e1 escrita no corpo, \u00e9 obrigat\u00f3ria e o preconceito e a viol\u00eancia que sofrem \u00e9 muito maior. Precisamos resgatar a dignidade desse segmento\u201d, diz.<br \/>\n\t&nbsp;<br \/>\n\tWyllys explica que apesar de j\u00e1 existir outro projeto (da deputada \u00c9rika Kokay), ele ainda exige demanda judicial para mudan\u00e7a de nome e n\u00e3o se posiciona em rela\u00e7\u00e3o aos laudos psicol\u00f3gicos exigidos para a mudan\u00e7a de sexo e de nome. \u201cErika e eu, depois de consultarmos com diversas organiza\u00e7\u00f5es e ativistas e, seguindo recomenda\u00e7\u00f5es, entre outras, da Associa\u00e7\u00e3o de Homens Trans, resolvemos protocolar, juntos, um projeto mais completo e que contemple todas as demandas necess\u00e1rias \u00e0 plena dignidade humana do segmento\u201d.<br \/>\n\t&nbsp;<br \/>\n\tO projeto recolhe a experi\u00eancia da Argentina, cuja lei \u00e9 a mais avan\u00e7ada do mundo, e foi feito tamb\u00e9m em parceria com ativistas e as deputadas que impulsionaram e conseguiram a aprova\u00e7\u00e3o da lei naquele pa\u00eds.<\/div>\n","protected":false},"excerpt":{"rendered":"<p>Proposta homenageia o primeiro transhomem brasileiro &nbsp; O deputado federal do Rio de Janeiro pelo PSOL Jean Wyllys protocolou, na C\u00e2mara dos Deputados, um projeto de lei que garante qualquer pessoa a ser reconhecida e tratada pela sua identidade de g\u00eanero e, em particular, a ser identificada dessa maneira nos instrumentos que acreditem sua identidade [&hellip;]<\/p>\n","protected":false},"author":2,"featured_media":0,"comment_status":"open","ping_status":"open","sticky":false,"template":"","format":"standard","meta":{"_acf_changed":false,"footnotes":""},"categories":[10,4766],"tags":[],"class_list":{"0":"post-1795","1":"post","2":"type-post","3":"status-publish","4":"format-standard","6":"category-acao-parlamentares","7":"category-arquivo"},"acf":[],"yoast_head":"<!-- This site is optimized with the Yoast SEO plugin v26.5 - https:\/\/yoast.com\/wordpress\/plugins\/seo\/ -->\n<title>Deputado Jean Wyllys apresenta Projeto de Lei que garante identidade de g\u00eanero - PSOL 50<\/title>\n<meta name=\"robots\" content=\"index, follow, max-snippet:-1, max-image-preview:large, max-video-preview:-1\" \/>\n<link rel=\"canonical\" href=\"https:\/\/psol50.org.br\/deputado-jean-wyllys-apresenta-projeto-de-lei-que-garante-identidade-de-genero\/\" \/>\n<meta property=\"og:locale\" content=\"pt_BR\" \/>\n<meta property=\"og:type\" content=\"article\" \/>\n<meta property=\"og:title\" content=\"Deputado Jean Wyllys apresenta Projeto de Lei que garante identidade de g\u00eanero - PSOL 50\" \/>\n<meta property=\"og:description\" content=\"Proposta homenageia o primeiro transhomem brasileiro &nbsp; O deputado federal do Rio de Janeiro pelo PSOL Jean Wyllys protocolou, na C\u00e2mara dos Deputados, um projeto de lei que garante qualquer pessoa a ser reconhecida e tratada pela sua identidade de g\u00eanero e, em particular, a ser identificada dessa maneira nos instrumentos que acreditem sua identidade [&hellip;]\" \/>\n<meta property=\"og:url\" content=\"https:\/\/psol50.org.br\/deputado-jean-wyllys-apresenta-projeto-de-lei-que-garante-identidade-de-genero\/\" \/>\n<meta property=\"og:site_name\" content=\"PSOL 50\" \/>\n<meta property=\"article:publisher\" content=\"https:\/\/www.facebook.com\/psol50\" \/>\n<meta property=\"article:published_time\" content=\"2013-02-28T00:00:00+00:00\" \/>\n<meta property=\"og:image\" content=\"https:\/\/psol50.org.br\/inc\/uploads\/2018\/07\/capa.png\" \/>\n\t<meta property=\"og:image:width\" content=\"1350\" \/>\n\t<meta property=\"og:image:height\" content=\"900\" \/>\n\t<meta property=\"og:image:type\" content=\"image\/png\" \/>\n<meta name=\"author\" content=\"Comunica\u00e7\u00e3o PSOL\" \/>\n<meta name=\"twitter:card\" content=\"summary_large_image\" \/>\n<meta name=\"twitter:creator\" content=\"@psol50\" \/>\n<meta name=\"twitter:site\" content=\"@psol50\" \/>\n<meta name=\"twitter:label1\" content=\"Escrito por\" \/>\n\t<meta name=\"twitter:data1\" content=\"Comunica\u00e7\u00e3o PSOL\" \/>\n\t<meta name=\"twitter:label2\" content=\"Est. tempo de leitura\" \/>\n\t<meta name=\"twitter:data2\" content=\"2 minutos\" \/>\n<script type=\"application\/ld+json\" class=\"yoast-schema-graph\">{\"@context\":\"https:\/\/schema.org\",\"@graph\":[{\"@type\":\"Article\",\"@id\":\"https:\/\/psol50.org.br\/deputado-jean-wyllys-apresenta-projeto-de-lei-que-garante-identidade-de-genero\/#article\",\"isPartOf\":{\"@id\":\"https:\/\/psol50.org.br\/deputado-jean-wyllys-apresenta-projeto-de-lei-que-garante-identidade-de-genero\/\"},\"author\":{\"name\":\"Comunica\u00e7\u00e3o PSOL\",\"@id\":\"https:\/\/psol50.org.br\/#\/schema\/person\/475dfa57d0b815993c714c2e96491fcd\"},\"headline\":\"Deputado Jean Wyllys apresenta Projeto de Lei que garante identidade de g\u00eanero\",\"datePublished\":\"2013-02-28T00:00:00+00:00\",\"mainEntityOfPage\":{\"@id\":\"https:\/\/psol50.org.br\/deputado-jean-wyllys-apresenta-projeto-de-lei-que-garante-identidade-de-genero\/\"},\"wordCount\":414,\"commentCount\":0,\"publisher\":{\"@id\":\"https:\/\/psol50.org.br\/#organization\"},\"articleSection\":[\"A\u00e7\u00e3o Parlamentar\",\"Arquivo\"],\"inLanguage\":\"pt-BR\",\"potentialAction\":[{\"@type\":\"CommentAction\",\"name\":\"Comment\",\"target\":[\"https:\/\/psol50.org.br\/deputado-jean-wyllys-apresenta-projeto-de-lei-que-garante-identidade-de-genero\/#respond\"]}]},{\"@type\":\"WebPage\",\"@id\":\"https:\/\/psol50.org.br\/deputado-jean-wyllys-apresenta-projeto-de-lei-que-garante-identidade-de-genero\/\",\"url\":\"https:\/\/psol50.org.br\/deputado-jean-wyllys-apresenta-projeto-de-lei-que-garante-identidade-de-genero\/\",\"name\":\"Deputado Jean Wyllys apresenta Projeto de Lei que garante identidade de g\u00eanero - PSOL 50\",\"isPartOf\":{\"@id\":\"https:\/\/psol50.org.br\/#website\"},\"datePublished\":\"2013-02-28T00:00:00+00:00\",\"breadcrumb\":{\"@id\":\"https:\/\/psol50.org.br\/deputado-jean-wyllys-apresenta-projeto-de-lei-que-garante-identidade-de-genero\/#breadcrumb\"},\"inLanguage\":\"pt-BR\",\"potentialAction\":[{\"@type\":\"ReadAction\",\"target\":[\"https:\/\/psol50.org.br\/deputado-jean-wyllys-apresenta-projeto-de-lei-que-garante-identidade-de-genero\/\"]}]},{\"@type\":\"BreadcrumbList\",\"@id\":\"https:\/\/psol50.org.br\/deputado-jean-wyllys-apresenta-projeto-de-lei-que-garante-identidade-de-genero\/#breadcrumb\",\"itemListElement\":[{\"@type\":\"ListItem\",\"position\":1,\"name\":\"In\u00edcio\",\"item\":\"https:\/\/psol50.org.br\/\"},{\"@type\":\"ListItem\",\"position\":2,\"name\":\"Deputado Jean Wyllys apresenta Projeto de Lei que garante identidade de g\u00eanero\"}]},{\"@type\":\"WebSite\",\"@id\":\"https:\/\/psol50.org.br\/#website\",\"url\":\"https:\/\/psol50.org.br\/\",\"name\":\"PSOL 50\",\"description\":\"Site oficial do Partido Socialismo e Liberdade\",\"publisher\":{\"@id\":\"https:\/\/psol50.org.br\/#organization\"},\"alternateName\":\"PSOL50\",\"potentialAction\":[{\"@type\":\"SearchAction\",\"target\":{\"@type\":\"EntryPoint\",\"urlTemplate\":\"https:\/\/psol50.org.br\/?s={search_term_string}\"},\"query-input\":{\"@type\":\"PropertyValueSpecification\",\"valueRequired\":true,\"valueName\":\"search_term_string\"}}],\"inLanguage\":\"pt-BR\"},{\"@type\":\"Organization\",\"@id\":\"https:\/\/psol50.org.br\/#organization\",\"name\":\"PSOL 50\",\"alternateName\":\"PSOL 50\",\"url\":\"https:\/\/psol50.org.br\/\",\"logo\":{\"@type\":\"ImageObject\",\"inLanguage\":\"pt-BR\",\"@id\":\"https:\/\/psol50.org.br\/#\/schema\/logo\/image\/\",\"url\":\"https:\/\/psol50.org.br\/inc\/uploads\/2018\/07\/capa.png\",\"contentUrl\":\"https:\/\/psol50.org.br\/inc\/uploads\/2018\/07\/capa.png\",\"width\":1350,\"height\":900,\"caption\":\"PSOL 50\"},\"image\":{\"@id\":\"https:\/\/psol50.org.br\/#\/schema\/logo\/image\/\"},\"sameAs\":[\"https:\/\/www.facebook.com\/psol50\",\"https:\/\/x.com\/psol50\",\"https:\/\/www.instagram.com\/psol50\/\",\"https:\/\/www.youtube.com\/channel\/UC7SnJS5o1os7a6CaiNabzcg\"]},{\"@type\":\"Person\",\"@id\":\"https:\/\/psol50.org.br\/#\/schema\/person\/475dfa57d0b815993c714c2e96491fcd\",\"name\":\"Comunica\u00e7\u00e3o PSOL\",\"image\":{\"@type\":\"ImageObject\",\"inLanguage\":\"pt-BR\",\"@id\":\"https:\/\/psol50.org.br\/#\/schema\/person\/image\/\",\"url\":\"https:\/\/secure.gravatar.com\/avatar\/b34fc4f4e468a4e51785917065a3db57b841f5c95dba6ad8c73aaf8f66f8f9bf?s=96&d=mm&r=g\",\"contentUrl\":\"https:\/\/secure.gravatar.com\/avatar\/b34fc4f4e468a4e51785917065a3db57b841f5c95dba6ad8c73aaf8f66f8f9bf?s=96&d=mm&r=g\",\"caption\":\"Comunica\u00e7\u00e3o PSOL\"}}]}<\/script>\n<!-- \/ Yoast SEO plugin. -->","yoast_head_json":{"title":"Deputado Jean Wyllys apresenta Projeto de Lei que garante identidade de g\u00eanero - PSOL 50","robots":{"index":"index","follow":"follow","max-snippet":"max-snippet:-1","max-image-preview":"max-image-preview:large","max-video-preview":"max-video-preview:-1"},"canonical":"https:\/\/psol50.org.br\/deputado-jean-wyllys-apresenta-projeto-de-lei-que-garante-identidade-de-genero\/","og_locale":"pt_BR","og_type":"article","og_title":"Deputado Jean Wyllys apresenta Projeto de Lei que garante identidade de g\u00eanero - PSOL 50","og_description":"Proposta homenageia o primeiro transhomem brasileiro &nbsp; O deputado federal do Rio de Janeiro pelo PSOL Jean Wyllys protocolou, na C\u00e2mara dos Deputados, um projeto de lei que garante qualquer pessoa a ser reconhecida e tratada pela sua identidade de g\u00eanero e, em particular, a ser identificada dessa maneira nos instrumentos que acreditem sua identidade [&hellip;]","og_url":"https:\/\/psol50.org.br\/deputado-jean-wyllys-apresenta-projeto-de-lei-que-garante-identidade-de-genero\/","og_site_name":"PSOL 50","article_publisher":"https:\/\/www.facebook.com\/psol50","article_published_time":"2013-02-28T00:00:00+00:00","og_image":[{"width":1350,"height":900,"url":"https:\/\/psol50.org.br\/inc\/uploads\/2018\/07\/capa.png","type":"image\/png"}],"author":"Comunica\u00e7\u00e3o PSOL","twitter_card":"summary_large_image","twitter_creator":"@psol50","twitter_site":"@psol50","twitter_misc":{"Escrito por":"Comunica\u00e7\u00e3o PSOL","Est. tempo de leitura":"2 minutos"},"schema":{"@context":"https:\/\/schema.org","@graph":[{"@type":"Article","@id":"https:\/\/psol50.org.br\/deputado-jean-wyllys-apresenta-projeto-de-lei-que-garante-identidade-de-genero\/#article","isPartOf":{"@id":"https:\/\/psol50.org.br\/deputado-jean-wyllys-apresenta-projeto-de-lei-que-garante-identidade-de-genero\/"},"author":{"name":"Comunica\u00e7\u00e3o PSOL","@id":"https:\/\/psol50.org.br\/#\/schema\/person\/475dfa57d0b815993c714c2e96491fcd"},"headline":"Deputado Jean Wyllys apresenta Projeto de Lei que garante identidade de g\u00eanero","datePublished":"2013-02-28T00:00:00+00:00","mainEntityOfPage":{"@id":"https:\/\/psol50.org.br\/deputado-jean-wyllys-apresenta-projeto-de-lei-que-garante-identidade-de-genero\/"},"wordCount":414,"commentCount":0,"publisher":{"@id":"https:\/\/psol50.org.br\/#organization"},"articleSection":["A\u00e7\u00e3o Parlamentar","Arquivo"],"inLanguage":"pt-BR","potentialAction":[{"@type":"CommentAction","name":"Comment","target":["https:\/\/psol50.org.br\/deputado-jean-wyllys-apresenta-projeto-de-lei-que-garante-identidade-de-genero\/#respond"]}]},{"@type":"WebPage","@id":"https:\/\/psol50.org.br\/deputado-jean-wyllys-apresenta-projeto-de-lei-que-garante-identidade-de-genero\/","url":"https:\/\/psol50.org.br\/deputado-jean-wyllys-apresenta-projeto-de-lei-que-garante-identidade-de-genero\/","name":"Deputado Jean Wyllys apresenta Projeto de Lei que garante identidade de g\u00eanero - PSOL 50","isPartOf":{"@id":"https:\/\/psol50.org.br\/#website"},"datePublished":"2013-02-28T00:00:00+00:00","breadcrumb":{"@id":"https:\/\/psol50.org.br\/deputado-jean-wyllys-apresenta-projeto-de-lei-que-garante-identidade-de-genero\/#breadcrumb"},"inLanguage":"pt-BR","potentialAction":[{"@type":"ReadAction","target":["https:\/\/psol50.org.br\/deputado-jean-wyllys-apresenta-projeto-de-lei-que-garante-identidade-de-genero\/"]}]},{"@type":"BreadcrumbList","@id":"https:\/\/psol50.org.br\/deputado-jean-wyllys-apresenta-projeto-de-lei-que-garante-identidade-de-genero\/#breadcrumb","itemListElement":[{"@type":"ListItem","position":1,"name":"In\u00edcio","item":"https:\/\/psol50.org.br\/"},{"@type":"ListItem","position":2,"name":"Deputado Jean Wyllys apresenta Projeto de Lei que garante identidade de g\u00eanero"}]},{"@type":"WebSite","@id":"https:\/\/psol50.org.br\/#website","url":"https:\/\/psol50.org.br\/","name":"PSOL 50","description":"Site oficial do Partido Socialismo e Liberdade","publisher":{"@id":"https:\/\/psol50.org.br\/#organization"},"alternateName":"PSOL50","potentialAction":[{"@type":"SearchAction","target":{"@type":"EntryPoint","urlTemplate":"https:\/\/psol50.org.br\/?s={search_term_string}"},"query-input":{"@type":"PropertyValueSpecification","valueRequired":true,"valueName":"search_term_string"}}],"inLanguage":"pt-BR"},{"@type":"Organization","@id":"https:\/\/psol50.org.br\/#organization","name":"PSOL 50","alternateName":"PSOL 50","url":"https:\/\/psol50.org.br\/","logo":{"@type":"ImageObject","inLanguage":"pt-BR","@id":"https:\/\/psol50.org.br\/#\/schema\/logo\/image\/","url":"https:\/\/psol50.org.br\/inc\/uploads\/2018\/07\/capa.png","contentUrl":"https:\/\/psol50.org.br\/inc\/uploads\/2018\/07\/capa.png","width":1350,"height":900,"caption":"PSOL 50"},"image":{"@id":"https:\/\/psol50.org.br\/#\/schema\/logo\/image\/"},"sameAs":["https:\/\/www.facebook.com\/psol50","https:\/\/x.com\/psol50","https:\/\/www.instagram.com\/psol50\/","https:\/\/www.youtube.com\/channel\/UC7SnJS5o1os7a6CaiNabzcg"]},{"@type":"Person","@id":"https:\/\/psol50.org.br\/#\/schema\/person\/475dfa57d0b815993c714c2e96491fcd","name":"Comunica\u00e7\u00e3o PSOL","image":{"@type":"ImageObject","inLanguage":"pt-BR","@id":"https:\/\/psol50.org.br\/#\/schema\/person\/image\/","url":"https:\/\/secure.gravatar.com\/avatar\/b34fc4f4e468a4e51785917065a3db57b841f5c95dba6ad8c73aaf8f66f8f9bf?s=96&d=mm&r=g","contentUrl":"https:\/\/secure.gravatar.com\/avatar\/b34fc4f4e468a4e51785917065a3db57b841f5c95dba6ad8c73aaf8f66f8f9bf?s=96&d=mm&r=g","caption":"Comunica\u00e7\u00e3o PSOL"}}]}},"_links":{"self":[{"href":"https:\/\/psol50.org.br\/rest\/wp\/v2\/posts\/1795","targetHints":{"allow":["GET"]}}],"collection":[{"href":"https:\/\/psol50.org.br\/rest\/wp\/v2\/posts"}],"about":[{"href":"https:\/\/psol50.org.br\/rest\/wp\/v2\/types\/post"}],"author":[{"embeddable":true,"href":"https:\/\/psol50.org.br\/rest\/wp\/v2\/users\/2"}],"replies":[{"embeddable":true,"href":"https:\/\/psol50.org.br\/rest\/wp\/v2\/comments?post=1795"}],"version-history":[{"count":0,"href":"https:\/\/psol50.org.br\/rest\/wp\/v2\/posts\/1795\/revisions"}],"wp:attachment":[{"href":"https:\/\/psol50.org.br\/rest\/wp\/v2\/media?parent=1795"}],"wp:term":[{"taxonomy":"category","embeddable":true,"href":"https:\/\/psol50.org.br\/rest\/wp\/v2\/categories?post=1795"},{"taxonomy":"post_tag","embeddable":true,"href":"https:\/\/psol50.org.br\/rest\/wp\/v2\/tags?post=1795"}],"curies":[{"name":"wp","href":"https:\/\/api.w.org\/{rel}","templated":true}]}}