{"id":1798,"date":"2013-02-28T00:00:00","date_gmt":"2013-02-28T00:00:00","guid":{"rendered":"http:\/\/psol50.org.br\/arquivo\/2013\/02\/28\/psol-retoma-luta-pelo-voto-aberto-no-congresso-nacional\/"},"modified":"2013-02-28T00:00:00","modified_gmt":"2013-02-28T00:00:00","slug":"psol-retoma-luta-pelo-voto-aberto-no-congresso-nacional","status":"publish","type":"post","link":"https:\/\/psol50.org.br\/psol-retoma-luta-pelo-voto-aberto-no-congresso-nacional\/","title":{"rendered":"PSOL retoma luta pelo voto aberto no Congresso Nacional"},"content":{"rendered":"<div style=\"text-align: justify;\">\n<p class=\"western\" style=\"margin-bottom: 0cm;\">\n\t\tO PSOL vai recome\u00e7ar nesta legislatura sua luta para implanta\u00e7\u00e3o do voto aberto para todas as vota\u00e7\u00f5es no Congresso Nacional. Para isso ser\u00e3o retomadas as atividades da Frente Parlamentar em Defesa do Voto Aberto, presidida pelo deputado Ivan Valente (PSOL\/SP).<\/p>\n<p>\t\t\u201cO momento de votar \u00e9 agora. A transpar\u00eancia \u00e9 necess\u00e1ria para que a popula\u00e7\u00e3o saiba sobre as decis\u00f5es de seus parlamentares. Isto s\u00f3 far\u00e1 aumentar a confian\u00e7a e a participa\u00e7\u00e3o popular\u201d, afirma Ivan Valente.<\/p>\n<p>\t\tDuas propostas que estabelecem o voto aberto tramitam na C\u00e2mara. Uma \u00e9 a Proposta de Emenda \u00e0 Constitui\u00e7\u00e3o (PEC)196\/2012, que estabelece o voto aberto somente nos processos de perda de mandato de parlamentar. J\u00e1 votada em dois turnos no Senado, a PEC aguarda vota\u00e7\u00e3o na Comiss\u00e3o de Constitui\u00e7\u00e3o e Justi\u00e7a, onde tem parecer favor\u00e1vel do relator, deputado Alessandro Molon (PT\/RJ).<\/p>\n<p class=\"western\" style=\"margin-bottom: 0cm;\">\n\t\tA outra proposta \u00e9 a PEC 349\/2001, que institui o voto aberto em todas as vota\u00e7\u00f5es do Congresso Nacional, incluindo vetos presidenciais, elei\u00e7\u00e3o da mesa diretora do Senado e da C\u00e2mara e escolha de ministros do Tribunal de Contas da Uni\u00e3o (TCU). A PEC foi votada em primeiro turno por unanimidade na C\u00e2mara, em 2006, precisa ser votada mais uma vez e mais dois turnos no Senado.<\/p>\n<p class=\"western\" style=\"margin-bottom: 0cm;\">\n\t\tNa avalia\u00e7\u00e3o do deputado Ivan Valente, a tend\u00eancia mais prov\u00e1vel \u00e9 que seja aprovada, no momento, a proposta para o voto aberto nos casos de cassa\u00e7\u00e3o. Segundo ele os casos de corrup\u00e7\u00e3o envolvendo deputados e senadores deixaram o parlamento vulner\u00e1vel para a opini\u00e3o p\u00fablica. Mas alertou que ainda h\u00e1 resist\u00eancia para aprova\u00e7\u00e3o.<\/p>\n<p class=\"western\" style=\"margin-bottom: 0cm;\">\n\t\tO deputado ressaltou, entretanto, que a luta da Frente Parlamentar em Defesa do Voto Aberto \u00e9 para que todas as vota\u00e7\u00f5es sejam com votos declarados e publicizados. \u201cQueremos que o parlamento brasileiro d\u00ea satisfa\u00e7\u00e3o ao povo em nome da democracia, da \u00e9tica e da transpar\u00eancia\u201d.<\/p>\n<\/div>\n","protected":false},"excerpt":{"rendered":"<p>O PSOL vai recome\u00e7ar nesta legislatura sua luta para implanta\u00e7\u00e3o do voto aberto para todas as vota\u00e7\u00f5es no Congresso Nacional. Para isso ser\u00e3o retomadas as atividades da Frente Parlamentar em Defesa do Voto Aberto, presidida pelo deputado Ivan Valente (PSOL\/SP). \u201cO momento de votar \u00e9 agora. A transpar\u00eancia \u00e9 necess\u00e1ria para que a popula\u00e7\u00e3o saiba [&hellip;]<\/p>\n","protected":false},"author":2,"featured_media":0,"comment_status":"open","ping_status":"open","sticky":false,"template":"","format":"standard","meta":{"_acf_changed":false,"footnotes":""},"categories":[4766],"tags":[22],"class_list":{"0":"post-1798","1":"post","2":"type-post","3":"status-publish","4":"format-standard","6":"category-arquivo","7":"tag-psol"},"acf":[],"yoast_head":"<!-- This site is optimized with the Yoast SEO plugin v26.5 - https:\/\/yoast.com\/wordpress\/plugins\/seo\/ -->\n<title>PSOL retoma luta pelo voto aberto no Congresso Nacional - PSOL 50<\/title>\n<meta name=\"robots\" content=\"index, follow, max-snippet:-1, max-image-preview:large, max-video-preview:-1\" \/>\n<link rel=\"canonical\" href=\"https:\/\/psol50.org.br\/psol-retoma-luta-pelo-voto-aberto-no-congresso-nacional\/\" \/>\n<meta property=\"og:locale\" content=\"pt_BR\" \/>\n<meta property=\"og:type\" content=\"article\" \/>\n<meta property=\"og:title\" content=\"PSOL retoma luta pelo voto aberto no Congresso Nacional - PSOL 50\" \/>\n<meta property=\"og:description\" content=\"O PSOL vai recome\u00e7ar nesta legislatura sua luta para implanta\u00e7\u00e3o do voto aberto para todas as vota\u00e7\u00f5es no Congresso Nacional. Para isso ser\u00e3o retomadas as atividades da Frente Parlamentar em Defesa do Voto Aberto, presidida pelo deputado Ivan Valente (PSOL\/SP). \u201cO momento de votar \u00e9 agora. A transpar\u00eancia \u00e9 necess\u00e1ria para que a popula\u00e7\u00e3o saiba [&hellip;]\" \/>\n<meta property=\"og:url\" content=\"https:\/\/psol50.org.br\/psol-retoma-luta-pelo-voto-aberto-no-congresso-nacional\/\" \/>\n<meta property=\"og:site_name\" content=\"PSOL 50\" \/>\n<meta property=\"article:publisher\" content=\"https:\/\/www.facebook.com\/psol50\" \/>\n<meta property=\"article:published_time\" content=\"2013-02-28T00:00:00+00:00\" \/>\n<meta property=\"og:image\" content=\"https:\/\/psol50.org.br\/inc\/uploads\/2018\/07\/capa.png\" \/>\n\t<meta property=\"og:image:width\" content=\"1350\" \/>\n\t<meta property=\"og:image:height\" content=\"900\" \/>\n\t<meta property=\"og:image:type\" content=\"image\/png\" \/>\n<meta name=\"author\" content=\"Comunica\u00e7\u00e3o PSOL\" \/>\n<meta name=\"twitter:card\" content=\"summary_large_image\" \/>\n<meta name=\"twitter:creator\" content=\"@psol50\" \/>\n<meta name=\"twitter:site\" content=\"@psol50\" \/>\n<meta name=\"twitter:label1\" content=\"Escrito por\" \/>\n\t<meta name=\"twitter:data1\" content=\"Comunica\u00e7\u00e3o PSOL\" \/>\n\t<meta name=\"twitter:label2\" content=\"Est. tempo de leitura\" \/>\n\t<meta name=\"twitter:data2\" content=\"2 minutos\" \/>\n<script type=\"application\/ld+json\" class=\"yoast-schema-graph\">{\"@context\":\"https:\/\/schema.org\",\"@graph\":[{\"@type\":\"Article\",\"@id\":\"https:\/\/psol50.org.br\/psol-retoma-luta-pelo-voto-aberto-no-congresso-nacional\/#article\",\"isPartOf\":{\"@id\":\"https:\/\/psol50.org.br\/psol-retoma-luta-pelo-voto-aberto-no-congresso-nacional\/\"},\"author\":{\"name\":\"Comunica\u00e7\u00e3o PSOL\",\"@id\":\"https:\/\/psol50.org.br\/#\/schema\/person\/475dfa57d0b815993c714c2e96491fcd\"},\"headline\":\"PSOL retoma luta pelo voto aberto no Congresso Nacional\",\"datePublished\":\"2013-02-28T00:00:00+00:00\",\"mainEntityOfPage\":{\"@id\":\"https:\/\/psol50.org.br\/psol-retoma-luta-pelo-voto-aberto-no-congresso-nacional\/\"},\"wordCount\":335,\"commentCount\":0,\"publisher\":{\"@id\":\"https:\/\/psol50.org.br\/#organization\"},\"keywords\":[\"PSOL\"],\"articleSection\":[\"Arquivo\"],\"inLanguage\":\"pt-BR\",\"potentialAction\":[{\"@type\":\"CommentAction\",\"name\":\"Comment\",\"target\":[\"https:\/\/psol50.org.br\/psol-retoma-luta-pelo-voto-aberto-no-congresso-nacional\/#respond\"]}]},{\"@type\":\"WebPage\",\"@id\":\"https:\/\/psol50.org.br\/psol-retoma-luta-pelo-voto-aberto-no-congresso-nacional\/\",\"url\":\"https:\/\/psol50.org.br\/psol-retoma-luta-pelo-voto-aberto-no-congresso-nacional\/\",\"name\":\"PSOL retoma luta pelo voto aberto no Congresso Nacional - PSOL 50\",\"isPartOf\":{\"@id\":\"https:\/\/psol50.org.br\/#website\"},\"datePublished\":\"2013-02-28T00:00:00+00:00\",\"breadcrumb\":{\"@id\":\"https:\/\/psol50.org.br\/psol-retoma-luta-pelo-voto-aberto-no-congresso-nacional\/#breadcrumb\"},\"inLanguage\":\"pt-BR\",\"potentialAction\":[{\"@type\":\"ReadAction\",\"target\":[\"https:\/\/psol50.org.br\/psol-retoma-luta-pelo-voto-aberto-no-congresso-nacional\/\"]}]},{\"@type\":\"BreadcrumbList\",\"@id\":\"https:\/\/psol50.org.br\/psol-retoma-luta-pelo-voto-aberto-no-congresso-nacional\/#breadcrumb\",\"itemListElement\":[{\"@type\":\"ListItem\",\"position\":1,\"name\":\"In\u00edcio\",\"item\":\"https:\/\/psol50.org.br\/\"},{\"@type\":\"ListItem\",\"position\":2,\"name\":\"PSOL retoma luta pelo voto aberto no Congresso Nacional\"}]},{\"@type\":\"WebSite\",\"@id\":\"https:\/\/psol50.org.br\/#website\",\"url\":\"https:\/\/psol50.org.br\/\",\"name\":\"PSOL 50\",\"description\":\"Site oficial do Partido Socialismo e Liberdade\",\"publisher\":{\"@id\":\"https:\/\/psol50.org.br\/#organization\"},\"alternateName\":\"PSOL50\",\"potentialAction\":[{\"@type\":\"SearchAction\",\"target\":{\"@type\":\"EntryPoint\",\"urlTemplate\":\"https:\/\/psol50.org.br\/?s={search_term_string}\"},\"query-input\":{\"@type\":\"PropertyValueSpecification\",\"valueRequired\":true,\"valueName\":\"search_term_string\"}}],\"inLanguage\":\"pt-BR\"},{\"@type\":\"Organization\",\"@id\":\"https:\/\/psol50.org.br\/#organization\",\"name\":\"PSOL 50\",\"alternateName\":\"PSOL 50\",\"url\":\"https:\/\/psol50.org.br\/\",\"logo\":{\"@type\":\"ImageObject\",\"inLanguage\":\"pt-BR\",\"@id\":\"https:\/\/psol50.org.br\/#\/schema\/logo\/image\/\",\"url\":\"https:\/\/psol50.org.br\/inc\/uploads\/2018\/07\/capa.png\",\"contentUrl\":\"https:\/\/psol50.org.br\/inc\/uploads\/2018\/07\/capa.png\",\"width\":1350,\"height\":900,\"caption\":\"PSOL 50\"},\"image\":{\"@id\":\"https:\/\/psol50.org.br\/#\/schema\/logo\/image\/\"},\"sameAs\":[\"https:\/\/www.facebook.com\/psol50\",\"https:\/\/x.com\/psol50\",\"https:\/\/www.instagram.com\/psol50\/\",\"https:\/\/www.youtube.com\/channel\/UC7SnJS5o1os7a6CaiNabzcg\"]},{\"@type\":\"Person\",\"@id\":\"https:\/\/psol50.org.br\/#\/schema\/person\/475dfa57d0b815993c714c2e96491fcd\",\"name\":\"Comunica\u00e7\u00e3o PSOL\",\"image\":{\"@type\":\"ImageObject\",\"inLanguage\":\"pt-BR\",\"@id\":\"https:\/\/psol50.org.br\/#\/schema\/person\/image\/\",\"url\":\"https:\/\/secure.gravatar.com\/avatar\/b34fc4f4e468a4e51785917065a3db57b841f5c95dba6ad8c73aaf8f66f8f9bf?s=96&d=mm&r=g\",\"contentUrl\":\"https:\/\/secure.gravatar.com\/avatar\/b34fc4f4e468a4e51785917065a3db57b841f5c95dba6ad8c73aaf8f66f8f9bf?s=96&d=mm&r=g\",\"caption\":\"Comunica\u00e7\u00e3o PSOL\"}}]}<\/script>\n<!-- \/ Yoast SEO plugin. -->","yoast_head_json":{"title":"PSOL retoma luta pelo voto aberto no Congresso Nacional - PSOL 50","robots":{"index":"index","follow":"follow","max-snippet":"max-snippet:-1","max-image-preview":"max-image-preview:large","max-video-preview":"max-video-preview:-1"},"canonical":"https:\/\/psol50.org.br\/psol-retoma-luta-pelo-voto-aberto-no-congresso-nacional\/","og_locale":"pt_BR","og_type":"article","og_title":"PSOL retoma luta pelo voto aberto no Congresso Nacional - PSOL 50","og_description":"O PSOL vai recome\u00e7ar nesta legislatura sua luta para implanta\u00e7\u00e3o do voto aberto para todas as vota\u00e7\u00f5es no Congresso Nacional. Para isso ser\u00e3o retomadas as atividades da Frente Parlamentar em Defesa do Voto Aberto, presidida pelo deputado Ivan Valente (PSOL\/SP). \u201cO momento de votar \u00e9 agora. A transpar\u00eancia \u00e9 necess\u00e1ria para que a popula\u00e7\u00e3o saiba [&hellip;]","og_url":"https:\/\/psol50.org.br\/psol-retoma-luta-pelo-voto-aberto-no-congresso-nacional\/","og_site_name":"PSOL 50","article_publisher":"https:\/\/www.facebook.com\/psol50","article_published_time":"2013-02-28T00:00:00+00:00","og_image":[{"width":1350,"height":900,"url":"https:\/\/psol50.org.br\/inc\/uploads\/2018\/07\/capa.png","type":"image\/png"}],"author":"Comunica\u00e7\u00e3o PSOL","twitter_card":"summary_large_image","twitter_creator":"@psol50","twitter_site":"@psol50","twitter_misc":{"Escrito por":"Comunica\u00e7\u00e3o PSOL","Est. tempo de leitura":"2 minutos"},"schema":{"@context":"https:\/\/schema.org","@graph":[{"@type":"Article","@id":"https:\/\/psol50.org.br\/psol-retoma-luta-pelo-voto-aberto-no-congresso-nacional\/#article","isPartOf":{"@id":"https:\/\/psol50.org.br\/psol-retoma-luta-pelo-voto-aberto-no-congresso-nacional\/"},"author":{"name":"Comunica\u00e7\u00e3o PSOL","@id":"https:\/\/psol50.org.br\/#\/schema\/person\/475dfa57d0b815993c714c2e96491fcd"},"headline":"PSOL retoma luta pelo voto aberto no Congresso Nacional","datePublished":"2013-02-28T00:00:00+00:00","mainEntityOfPage":{"@id":"https:\/\/psol50.org.br\/psol-retoma-luta-pelo-voto-aberto-no-congresso-nacional\/"},"wordCount":335,"commentCount":0,"publisher":{"@id":"https:\/\/psol50.org.br\/#organization"},"keywords":["PSOL"],"articleSection":["Arquivo"],"inLanguage":"pt-BR","potentialAction":[{"@type":"CommentAction","name":"Comment","target":["https:\/\/psol50.org.br\/psol-retoma-luta-pelo-voto-aberto-no-congresso-nacional\/#respond"]}]},{"@type":"WebPage","@id":"https:\/\/psol50.org.br\/psol-retoma-luta-pelo-voto-aberto-no-congresso-nacional\/","url":"https:\/\/psol50.org.br\/psol-retoma-luta-pelo-voto-aberto-no-congresso-nacional\/","name":"PSOL retoma luta pelo voto aberto no Congresso Nacional - PSOL 50","isPartOf":{"@id":"https:\/\/psol50.org.br\/#website"},"datePublished":"2013-02-28T00:00:00+00:00","breadcrumb":{"@id":"https:\/\/psol50.org.br\/psol-retoma-luta-pelo-voto-aberto-no-congresso-nacional\/#breadcrumb"},"inLanguage":"pt-BR","potentialAction":[{"@type":"ReadAction","target":["https:\/\/psol50.org.br\/psol-retoma-luta-pelo-voto-aberto-no-congresso-nacional\/"]}]},{"@type":"BreadcrumbList","@id":"https:\/\/psol50.org.br\/psol-retoma-luta-pelo-voto-aberto-no-congresso-nacional\/#breadcrumb","itemListElement":[{"@type":"ListItem","position":1,"name":"In\u00edcio","item":"https:\/\/psol50.org.br\/"},{"@type":"ListItem","position":2,"name":"PSOL retoma luta pelo voto aberto no Congresso Nacional"}]},{"@type":"WebSite","@id":"https:\/\/psol50.org.br\/#website","url":"https:\/\/psol50.org.br\/","name":"PSOL 50","description":"Site oficial do Partido Socialismo e Liberdade","publisher":{"@id":"https:\/\/psol50.org.br\/#organization"},"alternateName":"PSOL50","potentialAction":[{"@type":"SearchAction","target":{"@type":"EntryPoint","urlTemplate":"https:\/\/psol50.org.br\/?s={search_term_string}"},"query-input":{"@type":"PropertyValueSpecification","valueRequired":true,"valueName":"search_term_string"}}],"inLanguage":"pt-BR"},{"@type":"Organization","@id":"https:\/\/psol50.org.br\/#organization","name":"PSOL 50","alternateName":"PSOL 50","url":"https:\/\/psol50.org.br\/","logo":{"@type":"ImageObject","inLanguage":"pt-BR","@id":"https:\/\/psol50.org.br\/#\/schema\/logo\/image\/","url":"https:\/\/psol50.org.br\/inc\/uploads\/2018\/07\/capa.png","contentUrl":"https:\/\/psol50.org.br\/inc\/uploads\/2018\/07\/capa.png","width":1350,"height":900,"caption":"PSOL 50"},"image":{"@id":"https:\/\/psol50.org.br\/#\/schema\/logo\/image\/"},"sameAs":["https:\/\/www.facebook.com\/psol50","https:\/\/x.com\/psol50","https:\/\/www.instagram.com\/psol50\/","https:\/\/www.youtube.com\/channel\/UC7SnJS5o1os7a6CaiNabzcg"]},{"@type":"Person","@id":"https:\/\/psol50.org.br\/#\/schema\/person\/475dfa57d0b815993c714c2e96491fcd","name":"Comunica\u00e7\u00e3o PSOL","image":{"@type":"ImageObject","inLanguage":"pt-BR","@id":"https:\/\/psol50.org.br\/#\/schema\/person\/image\/","url":"https:\/\/secure.gravatar.com\/avatar\/b34fc4f4e468a4e51785917065a3db57b841f5c95dba6ad8c73aaf8f66f8f9bf?s=96&d=mm&r=g","contentUrl":"https:\/\/secure.gravatar.com\/avatar\/b34fc4f4e468a4e51785917065a3db57b841f5c95dba6ad8c73aaf8f66f8f9bf?s=96&d=mm&r=g","caption":"Comunica\u00e7\u00e3o PSOL"}}]}},"_links":{"self":[{"href":"https:\/\/psol50.org.br\/rest\/wp\/v2\/posts\/1798","targetHints":{"allow":["GET"]}}],"collection":[{"href":"https:\/\/psol50.org.br\/rest\/wp\/v2\/posts"}],"about":[{"href":"https:\/\/psol50.org.br\/rest\/wp\/v2\/types\/post"}],"author":[{"embeddable":true,"href":"https:\/\/psol50.org.br\/rest\/wp\/v2\/users\/2"}],"replies":[{"embeddable":true,"href":"https:\/\/psol50.org.br\/rest\/wp\/v2\/comments?post=1798"}],"version-history":[{"count":0,"href":"https:\/\/psol50.org.br\/rest\/wp\/v2\/posts\/1798\/revisions"}],"wp:attachment":[{"href":"https:\/\/psol50.org.br\/rest\/wp\/v2\/media?parent=1798"}],"wp:term":[{"taxonomy":"category","embeddable":true,"href":"https:\/\/psol50.org.br\/rest\/wp\/v2\/categories?post=1798"},{"taxonomy":"post_tag","embeddable":true,"href":"https:\/\/psol50.org.br\/rest\/wp\/v2\/tags?post=1798"}],"curies":[{"name":"wp","href":"https:\/\/api.w.org\/{rel}","templated":true}]}}