{"id":1803,"date":"2013-03-01T00:00:00","date_gmt":"2013-03-01T00:00:00","guid":{"rendered":"http:\/\/psol50.org.br\/arquivo\/2013\/03\/01\/governo-rompe-compromisso-com-a-sociedade-no-tema-da-comunicacao\/"},"modified":"2013-03-01T00:00:00","modified_gmt":"2013-03-01T00:00:00","slug":"governo-rompe-compromisso-com-a-sociedade-no-tema-da-comunicacao","status":"publish","type":"post","link":"https:\/\/psol50.org.br\/governo-rompe-compromisso-com-a-sociedade-no-tema-da-comunicacao\/","title":{"rendered":"Governo rompe compromisso com a sociedade no tema da comunica\u00e7\u00e3o"},"content":{"rendered":"<div style=\"text-align: justify;\">\n\tA declara\u00e7\u00e3o do secret\u00e1rio-executivo do Minist\u00e9rio das Comunica\u00e7\u00f5es, no \u00faltimo dia 20, de que este governo n\u00e3o vai tratar da reforma do marco regulat\u00f3rio das comunica\u00e7\u00f5es, explicita de forma definitiva uma posi\u00e7\u00e3o que j\u00e1 vinha sendo expressa pelo governo federal, seja nas entrelinhas, seja pelo sil\u00eancio diante do tema.<\/p>\n<p>\tA justificativa utilizada \u2013 a de que n\u00e3o haveria tempo suficiente para amadurecer o debate em ano pr\u00e9-eleitoral \u2013 \u00e9 pat\u00e9tica. Apesar dos insistentes esfor\u00e7os da sociedade civil por construir di\u00e1logos e formas de participa\u00e7\u00e3o, o governo Dilma e o governo do ex-presidente Lula optaram deliberadamente por n\u00e3o encaminhar um projeto efetivo de atualiza\u00e7\u00e3o democratizante do marco regulat\u00f3rio. Mas o atual governo foi ainda mais omisso ao sequer considerar a proposta deixada no final do governo do seu antecessor e por n\u00e3o encaminhar quaisquer delibera\u00e7\u00f5es aprovadas na I Confer\u00eancia Nacional de Comunica\u00e7\u00e3o (Confecom), realizada em 2009. O que fica claro \u00e9 a aus\u00eancia de vontade pol\u00edtica e vis\u00e3o estrat\u00e9gica sobre a relev\u00e2ncia do tema para o avan\u00e7o de um projeto de desenvolvimento nacional e a consolida\u00e7\u00e3o da democracia brasileira.<br \/>\n\t&nbsp;<br \/>\n\tA op\u00e7\u00e3o do governo significa, na pr\u00e1tica, o alinhamento aos setores mais conservadores e o apoio \u00e0 manuten\u00e7\u00e3o do status quo da comunica\u00e7\u00e3o, nada plural, nada diverso e nada democr\u00e1tico. Enquanto pa\u00edses com marcos regulat\u00f3rios consistentes discutem como atualiz\u00e1-los frente ao cen\u00e1rio da converg\u00eancia e pa\u00edses latino-americanos estabelecem novas leis para o setor, o Brasil opta por ficar com a sua, de 1962, ultrapassada e em total desrespeito \u00e0 Constitui\u00e7\u00e3o, para proteger os interesses comerciais das grandes empresas.<br \/>\n\t&nbsp;<br \/>\n\tAo mesmo tempo em que descumpre o compromisso reiterado de abrir um debate p\u00fablico sobre o tema, o governo federal mant\u00e9m iniciativas tomadas em estreito di\u00e1logo com o setor empresarial, acomodando interesses do mercado e deixando de lado o interesse p\u00fablico.<br \/>\n\t&nbsp;<br \/>\n\tNo setor de telecomunica\u00e7\u00f5es, na mesma data, foi anunciado um pacote de isen\u00e7\u00e3o fiscal de 60 bilh\u00f5es para as empresas de Telecom para o novo Plano Nacional de Banda Larga em sintonia com as demandas das empresas, desmontando a importante iniciativa do governo anterior de recuperar a Telebr\u00e1s, e encerrando o \u00fanico espa\u00e7o de participa\u00e7\u00e3o da sociedade no debate desta pol\u00edtica \u2013 o F\u00f3rum Brasil Conectado. Somando-se ao pacote anunciado de benesses fiscais, o governo declara publicamente a necessidade de rever o texto do Marco Civil da Internet que trata da neutralidade de rede, numa postura totalmente subserviente aos interesses econ\u00f4micos.<br \/>\n\t&nbsp;<br \/>\n\tNa radiodifus\u00e3o, faz vistas grossas para arrendamentos de r\u00e1dio e TVs, mant\u00e9m puni\u00e7\u00f5es p\u00edfias para viola\u00e7\u00f5es graves que marcam o setor, conduz a portas fechadas a discuss\u00e3o sobre o apag\u00e3o anal\u00f3gico da televis\u00e3o, enquanto conduz de forma t\u00edmida e err\u00e1tica a discuss\u00e3o sobre o r\u00e1dio digital em nosso pa\u00eds. Segue tratando as r\u00e1dios comunit\u00e1rias de forma discriminat\u00f3ria, sem encaminhar nenhuma das modifica\u00e7\u00f5es que lhes permitiriam operar em condi\u00e7\u00f5es ison\u00f4micas com o setor comercial.<\/p>\n<p>\tDiante desta conjuntura pol\u00edtica e do an\u00fancio de que o governo federal n\u00e3o vai dar sequ\u00eancia ao debate de um novo marco regulat\u00f3rio das comunica\u00e7\u00f5es, ignorando as resolu\u00e7\u00f5es aprovadas na 1\u00aa Confer\u00eancia Nacional de Comunica\u00e7\u00e3o, manifestamos nossa indigna\u00e7\u00e3o, ao mesmo tempo em que reiteramos o nosso compromisso com este debate fundamental para o avan\u00e7o da democracia.<br \/>\n\t&nbsp;<br \/>\n\tDe nossa parte, seguiremos lutando. A sociedade brasileira refor\u00e7ar\u00e1 sua mobiliza\u00e7\u00e3o e sua unidade para construir um Projeto de Lei de Iniciativa Popular para um novo marco regulat\u00f3rio das comunica\u00e7\u00f5es.<br \/>\n\t&nbsp;<br \/>\n\tCoordena\u00e7\u00e3o executiva do F\u00f3rum Nacional pela Democratiza\u00e7\u00e3o da Comunica\u00e7\u00e3o \u2013 FNDC:<br \/>\n\tAssocia\u00e7\u00e3o das R\u00e1dios P\u00fablicas do Brasil (Arpub)<br \/>\n\tAssocia\u00e7\u00e3o Brasileira de Radiodifus\u00e3o Comunit\u00e1ria &#8211; Abra\u00e7o<br \/>\n\tAssocia\u00e7\u00e3o Nacional das Entidades de Artistas e T\u00e9cnicos em Espet\u00e1culos de Divers\u00f5es \u2013 Aneate<br \/>\n\tCentro de Estudos da M\u00eddia Alternativa Bar\u00e3o de Itarar\u00e9<br \/>\n\tConselho Federal de Psicologia \u2013 CFP<br \/>\n\tCUT<br \/>\n\tFedera\u00e7\u00e3o Interestadual dos Trabalhadores em Telecomunica\u00e7\u00f5es &#8211; FITTEL<br \/>\n\tFedera\u00e7\u00e3o Interestadual dos Trabalhadores em Empresas de Radiodifus\u00e3o e Televis\u00e3o &#8211; Fitert<br \/>\n\tIntervozes &#8211; \u2013 Coletivo Brasil de Comunica\u00e7\u00e3o Social<\/div>\n<div style=\"text-align: center;\">\n\t&nbsp;<\/div>\n","protected":false},"excerpt":{"rendered":"<p>Ao mesmo tempo, mant\u00e9m iniciativas tomadas em estreito di\u00e1logo com o setor empresarial, acomodando interesses do mercado e deixando de lado o interesse p\u00fablico<\/p>\n","protected":false},"author":2,"featured_media":0,"comment_status":"open","ping_status":"open","sticky":false,"template":"","format":"standard","meta":{"_acf_changed":false,"footnotes":""},"categories":[4766],"tags":[],"class_list":{"0":"post-1803","1":"post","2":"type-post","3":"status-publish","4":"format-standard","6":"category-arquivo"},"acf":[],"yoast_head":"<!-- This site is optimized with the Yoast SEO plugin v26.5 - https:\/\/yoast.com\/wordpress\/plugins\/seo\/ -->\n<title>Governo rompe compromisso com a sociedade no tema da comunica\u00e7\u00e3o - PSOL 50<\/title>\n<meta name=\"robots\" content=\"index, follow, max-snippet:-1, max-image-preview:large, max-video-preview:-1\" \/>\n<link rel=\"canonical\" href=\"https:\/\/psol50.org.br\/governo-rompe-compromisso-com-a-sociedade-no-tema-da-comunicacao\/\" \/>\n<meta property=\"og:locale\" content=\"pt_BR\" \/>\n<meta property=\"og:type\" content=\"article\" \/>\n<meta property=\"og:title\" content=\"Governo rompe compromisso com a sociedade no tema da comunica\u00e7\u00e3o - PSOL 50\" \/>\n<meta property=\"og:description\" content=\"Ao mesmo tempo, mant\u00e9m iniciativas tomadas em estreito di\u00e1logo com o setor empresarial, acomodando interesses do mercado e deixando de lado o interesse p\u00fablico\" \/>\n<meta property=\"og:url\" content=\"https:\/\/psol50.org.br\/governo-rompe-compromisso-com-a-sociedade-no-tema-da-comunicacao\/\" \/>\n<meta property=\"og:site_name\" content=\"PSOL 50\" \/>\n<meta property=\"article:publisher\" content=\"https:\/\/www.facebook.com\/psol50\" \/>\n<meta property=\"article:published_time\" content=\"2013-03-01T00:00:00+00:00\" \/>\n<meta property=\"og:image\" content=\"https:\/\/psol50.org.br\/inc\/uploads\/2018\/07\/capa.png\" \/>\n\t<meta property=\"og:image:width\" content=\"1350\" \/>\n\t<meta property=\"og:image:height\" content=\"900\" \/>\n\t<meta property=\"og:image:type\" content=\"image\/png\" \/>\n<meta name=\"author\" content=\"Comunica\u00e7\u00e3o PSOL\" \/>\n<meta name=\"twitter:card\" content=\"summary_large_image\" \/>\n<meta name=\"twitter:creator\" content=\"@psol50\" \/>\n<meta name=\"twitter:site\" content=\"@psol50\" \/>\n<meta name=\"twitter:label1\" content=\"Escrito por\" \/>\n\t<meta name=\"twitter:data1\" content=\"Comunica\u00e7\u00e3o PSOL\" \/>\n\t<meta name=\"twitter:label2\" content=\"Est. tempo de leitura\" \/>\n\t<meta name=\"twitter:data2\" content=\"4 minutos\" \/>\n<script type=\"application\/ld+json\" class=\"yoast-schema-graph\">{\"@context\":\"https:\/\/schema.org\",\"@graph\":[{\"@type\":\"Article\",\"@id\":\"https:\/\/psol50.org.br\/governo-rompe-compromisso-com-a-sociedade-no-tema-da-comunicacao\/#article\",\"isPartOf\":{\"@id\":\"https:\/\/psol50.org.br\/governo-rompe-compromisso-com-a-sociedade-no-tema-da-comunicacao\/\"},\"author\":{\"name\":\"Comunica\u00e7\u00e3o PSOL\",\"@id\":\"https:\/\/psol50.org.br\/#\/schema\/person\/475dfa57d0b815993c714c2e96491fcd\"},\"headline\":\"Governo rompe compromisso com a sociedade no tema da comunica\u00e7\u00e3o\",\"datePublished\":\"2013-03-01T00:00:00+00:00\",\"mainEntityOfPage\":{\"@id\":\"https:\/\/psol50.org.br\/governo-rompe-compromisso-com-a-sociedade-no-tema-da-comunicacao\/\"},\"wordCount\":755,\"commentCount\":0,\"publisher\":{\"@id\":\"https:\/\/psol50.org.br\/#organization\"},\"articleSection\":[\"Arquivo\"],\"inLanguage\":\"pt-BR\",\"potentialAction\":[{\"@type\":\"CommentAction\",\"name\":\"Comment\",\"target\":[\"https:\/\/psol50.org.br\/governo-rompe-compromisso-com-a-sociedade-no-tema-da-comunicacao\/#respond\"]}]},{\"@type\":\"WebPage\",\"@id\":\"https:\/\/psol50.org.br\/governo-rompe-compromisso-com-a-sociedade-no-tema-da-comunicacao\/\",\"url\":\"https:\/\/psol50.org.br\/governo-rompe-compromisso-com-a-sociedade-no-tema-da-comunicacao\/\",\"name\":\"Governo rompe compromisso com a sociedade no tema da comunica\u00e7\u00e3o - PSOL 50\",\"isPartOf\":{\"@id\":\"https:\/\/psol50.org.br\/#website\"},\"datePublished\":\"2013-03-01T00:00:00+00:00\",\"breadcrumb\":{\"@id\":\"https:\/\/psol50.org.br\/governo-rompe-compromisso-com-a-sociedade-no-tema-da-comunicacao\/#breadcrumb\"},\"inLanguage\":\"pt-BR\",\"potentialAction\":[{\"@type\":\"ReadAction\",\"target\":[\"https:\/\/psol50.org.br\/governo-rompe-compromisso-com-a-sociedade-no-tema-da-comunicacao\/\"]}]},{\"@type\":\"BreadcrumbList\",\"@id\":\"https:\/\/psol50.org.br\/governo-rompe-compromisso-com-a-sociedade-no-tema-da-comunicacao\/#breadcrumb\",\"itemListElement\":[{\"@type\":\"ListItem\",\"position\":1,\"name\":\"In\u00edcio\",\"item\":\"https:\/\/psol50.org.br\/\"},{\"@type\":\"ListItem\",\"position\":2,\"name\":\"Governo rompe compromisso com a sociedade no tema da comunica\u00e7\u00e3o\"}]},{\"@type\":\"WebSite\",\"@id\":\"https:\/\/psol50.org.br\/#website\",\"url\":\"https:\/\/psol50.org.br\/\",\"name\":\"PSOL 50\",\"description\":\"Site oficial do Partido Socialismo e Liberdade\",\"publisher\":{\"@id\":\"https:\/\/psol50.org.br\/#organization\"},\"alternateName\":\"PSOL50\",\"potentialAction\":[{\"@type\":\"SearchAction\",\"target\":{\"@type\":\"EntryPoint\",\"urlTemplate\":\"https:\/\/psol50.org.br\/?s={search_term_string}\"},\"query-input\":{\"@type\":\"PropertyValueSpecification\",\"valueRequired\":true,\"valueName\":\"search_term_string\"}}],\"inLanguage\":\"pt-BR\"},{\"@type\":\"Organization\",\"@id\":\"https:\/\/psol50.org.br\/#organization\",\"name\":\"PSOL 50\",\"alternateName\":\"PSOL 50\",\"url\":\"https:\/\/psol50.org.br\/\",\"logo\":{\"@type\":\"ImageObject\",\"inLanguage\":\"pt-BR\",\"@id\":\"https:\/\/psol50.org.br\/#\/schema\/logo\/image\/\",\"url\":\"https:\/\/psol50.org.br\/inc\/uploads\/2018\/07\/capa.png\",\"contentUrl\":\"https:\/\/psol50.org.br\/inc\/uploads\/2018\/07\/capa.png\",\"width\":1350,\"height\":900,\"caption\":\"PSOL 50\"},\"image\":{\"@id\":\"https:\/\/psol50.org.br\/#\/schema\/logo\/image\/\"},\"sameAs\":[\"https:\/\/www.facebook.com\/psol50\",\"https:\/\/x.com\/psol50\",\"https:\/\/www.instagram.com\/psol50\/\",\"https:\/\/www.youtube.com\/channel\/UC7SnJS5o1os7a6CaiNabzcg\"]},{\"@type\":\"Person\",\"@id\":\"https:\/\/psol50.org.br\/#\/schema\/person\/475dfa57d0b815993c714c2e96491fcd\",\"name\":\"Comunica\u00e7\u00e3o PSOL\",\"image\":{\"@type\":\"ImageObject\",\"inLanguage\":\"pt-BR\",\"@id\":\"https:\/\/psol50.org.br\/#\/schema\/person\/image\/\",\"url\":\"https:\/\/secure.gravatar.com\/avatar\/b34fc4f4e468a4e51785917065a3db57b841f5c95dba6ad8c73aaf8f66f8f9bf?s=96&d=mm&r=g\",\"contentUrl\":\"https:\/\/secure.gravatar.com\/avatar\/b34fc4f4e468a4e51785917065a3db57b841f5c95dba6ad8c73aaf8f66f8f9bf?s=96&d=mm&r=g\",\"caption\":\"Comunica\u00e7\u00e3o PSOL\"}}]}<\/script>\n<!-- \/ Yoast SEO plugin. -->","yoast_head_json":{"title":"Governo rompe compromisso com a sociedade no tema da comunica\u00e7\u00e3o - PSOL 50","robots":{"index":"index","follow":"follow","max-snippet":"max-snippet:-1","max-image-preview":"max-image-preview:large","max-video-preview":"max-video-preview:-1"},"canonical":"https:\/\/psol50.org.br\/governo-rompe-compromisso-com-a-sociedade-no-tema-da-comunicacao\/","og_locale":"pt_BR","og_type":"article","og_title":"Governo rompe compromisso com a sociedade no tema da comunica\u00e7\u00e3o - PSOL 50","og_description":"Ao mesmo tempo, mant\u00e9m iniciativas tomadas em estreito di\u00e1logo com o setor empresarial, acomodando interesses do mercado e deixando de lado o interesse p\u00fablico","og_url":"https:\/\/psol50.org.br\/governo-rompe-compromisso-com-a-sociedade-no-tema-da-comunicacao\/","og_site_name":"PSOL 50","article_publisher":"https:\/\/www.facebook.com\/psol50","article_published_time":"2013-03-01T00:00:00+00:00","og_image":[{"width":1350,"height":900,"url":"https:\/\/psol50.org.br\/inc\/uploads\/2018\/07\/capa.png","type":"image\/png"}],"author":"Comunica\u00e7\u00e3o PSOL","twitter_card":"summary_large_image","twitter_creator":"@psol50","twitter_site":"@psol50","twitter_misc":{"Escrito por":"Comunica\u00e7\u00e3o PSOL","Est. tempo de leitura":"4 minutos"},"schema":{"@context":"https:\/\/schema.org","@graph":[{"@type":"Article","@id":"https:\/\/psol50.org.br\/governo-rompe-compromisso-com-a-sociedade-no-tema-da-comunicacao\/#article","isPartOf":{"@id":"https:\/\/psol50.org.br\/governo-rompe-compromisso-com-a-sociedade-no-tema-da-comunicacao\/"},"author":{"name":"Comunica\u00e7\u00e3o PSOL","@id":"https:\/\/psol50.org.br\/#\/schema\/person\/475dfa57d0b815993c714c2e96491fcd"},"headline":"Governo rompe compromisso com a sociedade no tema da comunica\u00e7\u00e3o","datePublished":"2013-03-01T00:00:00+00:00","mainEntityOfPage":{"@id":"https:\/\/psol50.org.br\/governo-rompe-compromisso-com-a-sociedade-no-tema-da-comunicacao\/"},"wordCount":755,"commentCount":0,"publisher":{"@id":"https:\/\/psol50.org.br\/#organization"},"articleSection":["Arquivo"],"inLanguage":"pt-BR","potentialAction":[{"@type":"CommentAction","name":"Comment","target":["https:\/\/psol50.org.br\/governo-rompe-compromisso-com-a-sociedade-no-tema-da-comunicacao\/#respond"]}]},{"@type":"WebPage","@id":"https:\/\/psol50.org.br\/governo-rompe-compromisso-com-a-sociedade-no-tema-da-comunicacao\/","url":"https:\/\/psol50.org.br\/governo-rompe-compromisso-com-a-sociedade-no-tema-da-comunicacao\/","name":"Governo rompe compromisso com a sociedade no tema da comunica\u00e7\u00e3o - PSOL 50","isPartOf":{"@id":"https:\/\/psol50.org.br\/#website"},"datePublished":"2013-03-01T00:00:00+00:00","breadcrumb":{"@id":"https:\/\/psol50.org.br\/governo-rompe-compromisso-com-a-sociedade-no-tema-da-comunicacao\/#breadcrumb"},"inLanguage":"pt-BR","potentialAction":[{"@type":"ReadAction","target":["https:\/\/psol50.org.br\/governo-rompe-compromisso-com-a-sociedade-no-tema-da-comunicacao\/"]}]},{"@type":"BreadcrumbList","@id":"https:\/\/psol50.org.br\/governo-rompe-compromisso-com-a-sociedade-no-tema-da-comunicacao\/#breadcrumb","itemListElement":[{"@type":"ListItem","position":1,"name":"In\u00edcio","item":"https:\/\/psol50.org.br\/"},{"@type":"ListItem","position":2,"name":"Governo rompe compromisso com a sociedade no tema da comunica\u00e7\u00e3o"}]},{"@type":"WebSite","@id":"https:\/\/psol50.org.br\/#website","url":"https:\/\/psol50.org.br\/","name":"PSOL 50","description":"Site oficial do Partido Socialismo e Liberdade","publisher":{"@id":"https:\/\/psol50.org.br\/#organization"},"alternateName":"PSOL50","potentialAction":[{"@type":"SearchAction","target":{"@type":"EntryPoint","urlTemplate":"https:\/\/psol50.org.br\/?s={search_term_string}"},"query-input":{"@type":"PropertyValueSpecification","valueRequired":true,"valueName":"search_term_string"}}],"inLanguage":"pt-BR"},{"@type":"Organization","@id":"https:\/\/psol50.org.br\/#organization","name":"PSOL 50","alternateName":"PSOL 50","url":"https:\/\/psol50.org.br\/","logo":{"@type":"ImageObject","inLanguage":"pt-BR","@id":"https:\/\/psol50.org.br\/#\/schema\/logo\/image\/","url":"https:\/\/psol50.org.br\/inc\/uploads\/2018\/07\/capa.png","contentUrl":"https:\/\/psol50.org.br\/inc\/uploads\/2018\/07\/capa.png","width":1350,"height":900,"caption":"PSOL 50"},"image":{"@id":"https:\/\/psol50.org.br\/#\/schema\/logo\/image\/"},"sameAs":["https:\/\/www.facebook.com\/psol50","https:\/\/x.com\/psol50","https:\/\/www.instagram.com\/psol50\/","https:\/\/www.youtube.com\/channel\/UC7SnJS5o1os7a6CaiNabzcg"]},{"@type":"Person","@id":"https:\/\/psol50.org.br\/#\/schema\/person\/475dfa57d0b815993c714c2e96491fcd","name":"Comunica\u00e7\u00e3o PSOL","image":{"@type":"ImageObject","inLanguage":"pt-BR","@id":"https:\/\/psol50.org.br\/#\/schema\/person\/image\/","url":"https:\/\/secure.gravatar.com\/avatar\/b34fc4f4e468a4e51785917065a3db57b841f5c95dba6ad8c73aaf8f66f8f9bf?s=96&d=mm&r=g","contentUrl":"https:\/\/secure.gravatar.com\/avatar\/b34fc4f4e468a4e51785917065a3db57b841f5c95dba6ad8c73aaf8f66f8f9bf?s=96&d=mm&r=g","caption":"Comunica\u00e7\u00e3o PSOL"}}]}},"_links":{"self":[{"href":"https:\/\/psol50.org.br\/rest\/wp\/v2\/posts\/1803","targetHints":{"allow":["GET"]}}],"collection":[{"href":"https:\/\/psol50.org.br\/rest\/wp\/v2\/posts"}],"about":[{"href":"https:\/\/psol50.org.br\/rest\/wp\/v2\/types\/post"}],"author":[{"embeddable":true,"href":"https:\/\/psol50.org.br\/rest\/wp\/v2\/users\/2"}],"replies":[{"embeddable":true,"href":"https:\/\/psol50.org.br\/rest\/wp\/v2\/comments?post=1803"}],"version-history":[{"count":0,"href":"https:\/\/psol50.org.br\/rest\/wp\/v2\/posts\/1803\/revisions"}],"wp:attachment":[{"href":"https:\/\/psol50.org.br\/rest\/wp\/v2\/media?parent=1803"}],"wp:term":[{"taxonomy":"category","embeddable":true,"href":"https:\/\/psol50.org.br\/rest\/wp\/v2\/categories?post=1803"},{"taxonomy":"post_tag","embeddable":true,"href":"https:\/\/psol50.org.br\/rest\/wp\/v2\/tags?post=1803"}],"curies":[{"name":"wp","href":"https:\/\/api.w.org\/{rel}","templated":true}]}}