{"id":18045,"date":"2017-09-06T13:38:06","date_gmt":"2017-09-06T16:38:06","guid":{"rendered":"http:\/\/www.psol50.org.br\/?p=18045"},"modified":"2017-09-06T13:38:06","modified_gmt":"2017-09-06T16:38:06","slug":"para-onde-nos-levara-a-estrategia-de-lula","status":"publish","type":"post","link":"https:\/\/psol50.org.br\/para-onde-nos-levara-a-estrategia-de-lula\/","title":{"rendered":"Edilson Silva | Para onde nos levar\u00e1 a estrat\u00e9gia de Lula"},"content":{"rendered":"<p class=\"yiv9428760635MsoNormal\"><span style=\"font-family: georgia, serif;\">O ex-presidente Lula esteve recentemente no Recife, em seu \u201cgiro pelo Brasil\u201d. Como fez em outros Estados, trabalhou sua imagem de l\u00edder popular carism\u00e1tico e sua raiz oper\u00e1ria. Mas tamb\u00e9m contemplou a sua agenda eleitoral pragm\u00e1tica. Por onde passou, fez quest\u00e3o de afirmar que sua poss\u00edvel candidatura e vit\u00f3ria eleitoral ser\u00e3o lastreadas com uma ampla base de apoio pol\u00edtico, com K\u00e1tia Abreu, Renan Calheiros, Sarney e o PSB do governador Paulo C\u00e2mara.<\/span><\/p>\n<p class=\"yiv9428760635MsoNormal\"><span style=\"font-family: georgia, serif;\">Os defensores desta estrat\u00e9gia dizem que \u00e9 preciso construir uma coaliza\u00e7\u00e3o pol\u00edtico-eleitoral que garanta uma base s\u00f3lida para sustentar sua candidatura nos Estados e para se ter tempo de TV. Dizem que o avan\u00e7o da Direita mais extremada, nas candidaturas de Bolsonaro e D\u00f3ria, justificariam esta estrat\u00e9gia e que as for\u00e7as de esquerda, sozinhas, seriam incapazes de derrotar eleitoralmente esse avan\u00e7o. H\u00e1 alguma l\u00f3gica nisso, mas apenas eleitoral. E pol\u00edtica \u00e9 muito mais que isto, como nos mostrou, mais uma vez, o Brasil p\u00f3s 2013.<\/span><span style=\"font-family: georgia, serif;\">\u00a0<\/span><\/p>\n<p class=\"yiv9428760635MsoNormal\"><span style=\"font-family: georgia, serif;\">A democracia \u00e9 um organismo vivo, din\u00e2mico e rebelde. \u00c9 regime de conquista e n\u00e3o de concess\u00f5es, em que a correla\u00e7\u00e3o de for\u00e7as na disputa real de interesses e ideias determina os acordos poss\u00edveis, as derrotas e vit\u00f3rias de campos em conflito. Mesmo as elei\u00e7\u00f5es s\u00e3o parte destas conquistas, como nos ensinou, de novo, o impeachment da presidenta Dilma. O contrato social que temos e todas as suas nossas normas jur\u00eddicas s\u00e3o fruto de uma luta social e pol\u00edtica, que se d\u00e1 na sociedade civil e nos espa\u00e7os do Estado.<\/span><span style=\"font-family: georgia, serif;\">\u00a0<\/span><\/p>\n<p class=\"yiv9428760635MsoNormal\"><span style=\"font-family: georgia, serif;\">Lula erra ao subestimar demais a luta social e pol\u00edtica na correla\u00e7\u00e3o de for\u00e7as e na disputa de hegemonia na sociedade, enquanto superestima demais o poder das maiorias parlamentares e os acordos pol\u00edticos de c\u00fapula. Um amigo do MTST, Rudrigo Rafael, escreveu corretamente que \u201cLula n\u00e3o t\u00e1 na esfera da pol\u00edtica, ascendeu \u00e0 dimens\u00e3o da cultura como express\u00e3o da revolu\u00e7\u00e3o poss\u00edvel dentro das regras do jogo da sociedade brasileira\u201d. Rudrigo est\u00e1 certo. E \u00e9 por estar mergulhado nesta condi\u00e7\u00e3o que Lula insiste numa estrat\u00e9gia equivocada.<\/span><\/p>\n<p class=\"yiv9428760635MsoNormal\"><span style=\"font-family: georgia, serif;\">Talvez por esta condi\u00e7\u00e3o, de l\u00edder carism\u00e1tico, Lula deixe escapar a vers\u00e3o de que o governo Dilma caiu por sua incapacidade de liderar negocia\u00e7\u00f5es com o Congresso, por n\u00e3o ter colocado Henrique Meireles ao inv\u00e9s de Joaquim Levi no comando da economia. Mas o erro de Dilma, vis\u00edvel, foi n\u00e3o ter transformado em mobiliza\u00e7\u00e3o popular de apoio ao seu governo a for\u00e7a social e pol\u00edtica das ruas, que derrotou eleitoralmente A\u00e9cio Neves no segundo turno. Se era pra cair, que fosse resistindo na defesa de uma pol\u00edtica com um m\u00ednimo de radicalidade em favor de pautas estruturais. \u00a0<\/span><\/p>\n<p class=\"yiv9428760635MsoNormal\"><span style=\"font-family: georgia, serif;\">Mas o que restou para as for\u00e7as progressistas da sociedade se mobilizarem na defesa do mandato de Dilma foi o respeito \u00e0 legalidade, aos seus votos, ao ritual democr\u00e1tico que a conduziu \u00e0 Presid\u00eancia, a den\u00fancia do golpe flagrante. Lamentavelmente, um erro anterior, grosseiro, j\u00e1 estava instalado na cadeira da vice-presid\u00eancia, \u00e0 espreita, e respondia pelo nome de Michel Temer, fruto da mesma estrat\u00e9gia eleitoral que Lula agora reapresenta ao povo brasileiro.<\/span><\/p>\n<p class=\"yiv9428760635MsoNormal\"><span style=\"font-family: georgia, serif;\">O caso de Pernambuco \u00e9 pedag\u00f3gico para o que tratamos aqui. A unidade de Lula e do PT com o PSB de Paulo C\u00e2mara ser\u00e1 um fator de desmobiliza\u00e7\u00e3o popular, pois aqui h\u00e1 uma esquerda social forte, aguerrida, militante, que foi \u00e0s ruas no segundo turno de 2014 para derrotar o palanque conservador que A\u00e9cio Neves montou no Estado, com o governador e o senador eleitos no primeiro turno com quase 70% dos votos, com uma maioria de deputados federais e estaduais eleitos e pelo prefeito do Recife. E o PT sem deputados federais eleitos.<\/span><\/p>\n<p class=\"yiv9428760635MsoNormal\"><span style=\"font-family: georgia, serif;\">O PSOL em Pernambuco, corretamente, definiu apoio \u00e0 candidatura de Dilma no segundo turno, para derrotar A\u00e9cio Neves. Somou-se a outras lideran\u00e7as partid\u00e1rias e incont\u00e1veis militantes an\u00f4nimos, trabalhadores, estudantes, aposentados, que voluntariamente ocuparam as ruas e fizeram aquele segundo turno se parecer com a campanha de Lula em 1989. Resultado: Dilma venceu com 70,2% dos votos no Estado.<\/span><\/p>\n<p class=\"yiv9428760635MsoNormal\"><span style=\"font-family: georgia, serif;\">O PSB, que tem seu n\u00facleo dirigente em Pernambuco, foi o fiel da balan\u00e7a e articulador do golpe que derrubou o governo da Presidenta Dilma. Os votos do PSB naquele impeachment foram imprescind\u00edveis. E mais uma vez a milit\u00e2ncia social foi convocada e n\u00e3o faltou \u00e0 luta nas ruas para marchar contra o impeachment, se enfrentando contra a oligarquia dos Campos e a forte campanha feita pela base do governo estadual contra o governo da Presidenta Dilma. Foram vitoriosos na sua empreitada revanchista e antirrepublicana.<\/span><\/p>\n<p class=\"yiv9428760635MsoNormal\"><span style=\"font-family: georgia, serif;\">Mas n\u00e3o \u00e9 s\u00f3 por isso que \u00e9 um erro a estrat\u00e9gia de aliar-se ao governador Paulo C\u00e2mara. \u00c9 fato que o governo do PSB em Pernambuco \u00e9 antipopular. Vivemos um caos na seguran\u00e7a p\u00fablica, com media atual de quase 500 homic\u00eddios por m\u00eas, sem que se tome medidas de real enfrentamento a isso, mas ao contr\u00e1rio, o governo atua para esconder os n\u00fameros e deslegitimar o pouco controle social existente, como o Conselho Estadual de Direitos Humanos que est\u00e1 h\u00e1 quase tr\u00eas meses sem tomar posse.<\/span><\/p>\n<p class=\"yiv9428760635MsoNormal\"><span style=\"font-family: georgia, serif;\">\u00c9 um governo que privatiza a sa\u00fade p\u00fablica, via OSs, drenando recursos para as unidades de atendimento que s\u00e3o controladas por amigos do poder. O governo frauda as estat\u00edsticas e trabalha com uma m\u00e1quina milion\u00e1ria de publicidade para apresentar a educa\u00e7\u00e3o p\u00fablica do Estado como uma das melhores do Brasil. O governo patrocina a flexibiliza\u00e7\u00e3o da legisla\u00e7\u00e3o ambiental e assisti inerte e conivente a desertifica\u00e7\u00e3o do semi\u00e1rido e o desaparecimento da caatinga. N\u00e3o cabe num texto objetivo o balan\u00e7o mais adequado deste governo antipopular.<\/span><\/p>\n<p class=\"yiv9428760635MsoNormal\"><span style=\"font-family: georgia, serif;\">Por fim, a vit\u00f3ria desta estrat\u00e9gia de Lula poder\u00e1 deixar um v\u00e1cuo das esquerdas nas lutas sociais, nas ruas do pa\u00eds, pois com Renan, Sarney, K\u00e1tia Abreu e Paulo C\u00e2mara, n\u00e3o haver\u00e1 governo que enfrente de fato a gan\u00e2ncia dos banqueiros, o poder do latif\u00fandio, os monop\u00f3lios nas comunica\u00e7\u00f5es, as oligarquias corruptas e as for\u00e7as conservadoras. Este v\u00e1cuo nas lutas e nas ruas do pa\u00eds n\u00e3o ficar\u00e1 vazio. As for\u00e7as fascistas, pois a direita que vai pra rua \u00e9 extremada e j\u00e1 mostrou desapego a valores republicanos, v\u00e3o ocupar este espa\u00e7o, na oposi\u00e7\u00e3o. Este cen\u00e1rio \u00e9 sombrio.<\/span><span style=\"font-family: georgia, serif;\">\u00a0<\/span><\/p>\n<p class=\"yiv9428760635MsoNormal\"><span style=\"font-family: georgia, serif;\">Que caminho seguir, ent\u00e3o? A resposta n\u00e3o \u00e9 simples, mas o trajeto mais acertado nos leva a construir uma unidade entre as for\u00e7as pol\u00edticas e sociais realmente progressistas, republicanas e democr\u00e1ticas, comprometidas com a transforma\u00e7\u00e3o radical das estruturas que oprimem nosso povo, com a vontade e disposi\u00e7\u00e3o de luta das das juventudes, dos que vivem do seu trabalho, das cidad\u00e3s e cidad\u00e3os que ocupam o territ\u00f3rio pol\u00edtico para al\u00e9m dos eventos eleitorais e que fazem a correla\u00e7\u00e3o de for\u00e7as entre as classes pender para o lado da cidadania popular.<\/span><\/p>\n","protected":false},"excerpt":{"rendered":"<p>O ex-presidente Lula esteve recentemente no Recife, em seu \u201cgiro pelo Brasil\u201d. Como fez em outros Estados, trabalhou sua imagem de l\u00edder popular carism\u00e1tico e sua raiz oper\u00e1ria. Mas tamb\u00e9m contemplou a sua agenda eleitoral pragm\u00e1tica. Por onde passou, fez quest\u00e3o de afirmar que sua poss\u00edvel candidatura e vit\u00f3ria eleitoral ser\u00e3o lastreadas com uma ampla [&hellip;]<\/p>\n","protected":false},"author":2,"featured_media":18046,"comment_status":"open","ping_status":"open","sticky":false,"template":"","format":"standard","meta":{"_acf_changed":false,"footnotes":""},"categories":[3,654],"tags":[3374,1763,902,809],"class_list":{"0":"post-18045","1":"post","2":"type-post","3":"status-publish","4":"format-standard","5":"has-post-thumbnail","7":"category-artigos-e-entrevistas","8":"category-estados","9":"tag-edilson-silva","10":"tag-lula","11":"tag-pernambuco","12":"tag-recife"},"acf":[],"yoast_head":"<!-- This site is optimized with the Yoast SEO plugin v26.5 - https:\/\/yoast.com\/wordpress\/plugins\/seo\/ -->\n<title>Edilson Silva | Para onde nos levar\u00e1 a estrat\u00e9gia de Lula - PSOL 50<\/title>\n<meta name=\"robots\" content=\"index, follow, max-snippet:-1, max-image-preview:large, max-video-preview:-1\" \/>\n<link rel=\"canonical\" href=\"https:\/\/psol50.org.br\/para-onde-nos-levara-a-estrategia-de-lula\/\" \/>\n<meta property=\"og:locale\" content=\"pt_BR\" \/>\n<meta property=\"og:type\" content=\"article\" \/>\n<meta property=\"og:title\" content=\"Edilson Silva | Para onde nos levar\u00e1 a estrat\u00e9gia de Lula - PSOL 50\" \/>\n<meta property=\"og:description\" content=\"O ex-presidente Lula esteve recentemente no Recife, em seu \u201cgiro pelo Brasil\u201d. Como fez em outros Estados, trabalhou sua imagem de l\u00edder popular carism\u00e1tico e sua raiz oper\u00e1ria. Mas tamb\u00e9m contemplou a sua agenda eleitoral pragm\u00e1tica. Por onde passou, fez quest\u00e3o de afirmar que sua poss\u00edvel candidatura e vit\u00f3ria eleitoral ser\u00e3o lastreadas com uma ampla [&hellip;]\" \/>\n<meta property=\"og:url\" content=\"https:\/\/psol50.org.br\/para-onde-nos-levara-a-estrategia-de-lula\/\" \/>\n<meta property=\"og:site_name\" content=\"PSOL 50\" \/>\n<meta property=\"article:publisher\" content=\"https:\/\/www.facebook.com\/psol50\" \/>\n<meta property=\"article:published_time\" content=\"2017-09-06T16:38:06+00:00\" \/>\n<meta property=\"og:image\" content=\"https:\/\/psol50.org.br\/inc\/uploads\/2018\/07\/capa.png\" \/>\n\t<meta property=\"og:image:width\" content=\"1350\" \/>\n\t<meta property=\"og:image:height\" content=\"900\" \/>\n\t<meta property=\"og:image:type\" content=\"image\/png\" \/>\n<meta name=\"author\" content=\"Comunica\u00e7\u00e3o PSOL\" \/>\n<meta name=\"twitter:card\" content=\"summary_large_image\" \/>\n<meta name=\"twitter:creator\" content=\"@psol50\" \/>\n<meta name=\"twitter:site\" content=\"@psol50\" \/>\n<meta name=\"twitter:label1\" content=\"Escrito por\" \/>\n\t<meta name=\"twitter:data1\" content=\"Comunica\u00e7\u00e3o PSOL\" \/>\n\t<meta name=\"twitter:label2\" content=\"Est. tempo de leitura\" \/>\n\t<meta name=\"twitter:data2\" content=\"6 minutos\" \/>\n<script type=\"application\/ld+json\" class=\"yoast-schema-graph\">{\"@context\":\"https:\/\/schema.org\",\"@graph\":[{\"@type\":\"Article\",\"@id\":\"https:\/\/psol50.org.br\/para-onde-nos-levara-a-estrategia-de-lula\/#article\",\"isPartOf\":{\"@id\":\"https:\/\/psol50.org.br\/para-onde-nos-levara-a-estrategia-de-lula\/\"},\"author\":{\"name\":\"Comunica\u00e7\u00e3o PSOL\",\"@id\":\"https:\/\/psol50.org.br\/#\/schema\/person\/475dfa57d0b815993c714c2e96491fcd\"},\"headline\":\"Edilson Silva | Para onde nos levar\u00e1 a estrat\u00e9gia de Lula\",\"datePublished\":\"2017-09-06T16:38:06+00:00\",\"mainEntityOfPage\":{\"@id\":\"https:\/\/psol50.org.br\/para-onde-nos-levara-a-estrategia-de-lula\/\"},\"wordCount\":1224,\"commentCount\":0,\"publisher\":{\"@id\":\"https:\/\/psol50.org.br\/#organization\"},\"image\":{\"@id\":\"https:\/\/psol50.org.br\/para-onde-nos-levara-a-estrategia-de-lula\/#primaryimage\"},\"thumbnailUrl\":\"\",\"keywords\":[\"Edilson Silva\",\"Lula\",\"Pernambuco\",\"Recife\"],\"articleSection\":[\"Artigos\",\"Estados\"],\"inLanguage\":\"pt-BR\",\"potentialAction\":[{\"@type\":\"CommentAction\",\"name\":\"Comment\",\"target\":[\"https:\/\/psol50.org.br\/para-onde-nos-levara-a-estrategia-de-lula\/#respond\"]}]},{\"@type\":\"WebPage\",\"@id\":\"https:\/\/psol50.org.br\/para-onde-nos-levara-a-estrategia-de-lula\/\",\"url\":\"https:\/\/psol50.org.br\/para-onde-nos-levara-a-estrategia-de-lula\/\",\"name\":\"Edilson Silva | Para onde nos levar\u00e1 a estrat\u00e9gia de Lula - PSOL 50\",\"isPartOf\":{\"@id\":\"https:\/\/psol50.org.br\/#website\"},\"primaryImageOfPage\":{\"@id\":\"https:\/\/psol50.org.br\/para-onde-nos-levara-a-estrategia-de-lula\/#primaryimage\"},\"image\":{\"@id\":\"https:\/\/psol50.org.br\/para-onde-nos-levara-a-estrategia-de-lula\/#primaryimage\"},\"thumbnailUrl\":\"\",\"datePublished\":\"2017-09-06T16:38:06+00:00\",\"breadcrumb\":{\"@id\":\"https:\/\/psol50.org.br\/para-onde-nos-levara-a-estrategia-de-lula\/#breadcrumb\"},\"inLanguage\":\"pt-BR\",\"potentialAction\":[{\"@type\":\"ReadAction\",\"target\":[\"https:\/\/psol50.org.br\/para-onde-nos-levara-a-estrategia-de-lula\/\"]}]},{\"@type\":\"ImageObject\",\"inLanguage\":\"pt-BR\",\"@id\":\"https:\/\/psol50.org.br\/para-onde-nos-levara-a-estrategia-de-lula\/#primaryimage\",\"url\":\"\",\"contentUrl\":\"\"},{\"@type\":\"BreadcrumbList\",\"@id\":\"https:\/\/psol50.org.br\/para-onde-nos-levara-a-estrategia-de-lula\/#breadcrumb\",\"itemListElement\":[{\"@type\":\"ListItem\",\"position\":1,\"name\":\"In\u00edcio\",\"item\":\"https:\/\/psol50.org.br\/\"},{\"@type\":\"ListItem\",\"position\":2,\"name\":\"Edilson Silva | Para onde nos levar\u00e1 a estrat\u00e9gia de Lula\"}]},{\"@type\":\"WebSite\",\"@id\":\"https:\/\/psol50.org.br\/#website\",\"url\":\"https:\/\/psol50.org.br\/\",\"name\":\"PSOL 50\",\"description\":\"Site oficial do Partido Socialismo e Liberdade\",\"publisher\":{\"@id\":\"https:\/\/psol50.org.br\/#organization\"},\"alternateName\":\"PSOL50\",\"potentialAction\":[{\"@type\":\"SearchAction\",\"target\":{\"@type\":\"EntryPoint\",\"urlTemplate\":\"https:\/\/psol50.org.br\/?s={search_term_string}\"},\"query-input\":{\"@type\":\"PropertyValueSpecification\",\"valueRequired\":true,\"valueName\":\"search_term_string\"}}],\"inLanguage\":\"pt-BR\"},{\"@type\":\"Organization\",\"@id\":\"https:\/\/psol50.org.br\/#organization\",\"name\":\"PSOL 50\",\"alternateName\":\"PSOL 50\",\"url\":\"https:\/\/psol50.org.br\/\",\"logo\":{\"@type\":\"ImageObject\",\"inLanguage\":\"pt-BR\",\"@id\":\"https:\/\/psol50.org.br\/#\/schema\/logo\/image\/\",\"url\":\"https:\/\/psol50.org.br\/inc\/uploads\/2018\/07\/capa.png\",\"contentUrl\":\"https:\/\/psol50.org.br\/inc\/uploads\/2018\/07\/capa.png\",\"width\":1350,\"height\":900,\"caption\":\"PSOL 50\"},\"image\":{\"@id\":\"https:\/\/psol50.org.br\/#\/schema\/logo\/image\/\"},\"sameAs\":[\"https:\/\/www.facebook.com\/psol50\",\"https:\/\/x.com\/psol50\",\"https:\/\/www.instagram.com\/psol50\/\",\"https:\/\/www.youtube.com\/channel\/UC7SnJS5o1os7a6CaiNabzcg\"]},{\"@type\":\"Person\",\"@id\":\"https:\/\/psol50.org.br\/#\/schema\/person\/475dfa57d0b815993c714c2e96491fcd\",\"name\":\"Comunica\u00e7\u00e3o PSOL\",\"image\":{\"@type\":\"ImageObject\",\"inLanguage\":\"pt-BR\",\"@id\":\"https:\/\/psol50.org.br\/#\/schema\/person\/image\/\",\"url\":\"https:\/\/secure.gravatar.com\/avatar\/b34fc4f4e468a4e51785917065a3db57b841f5c95dba6ad8c73aaf8f66f8f9bf?s=96&d=mm&r=g\",\"contentUrl\":\"https:\/\/secure.gravatar.com\/avatar\/b34fc4f4e468a4e51785917065a3db57b841f5c95dba6ad8c73aaf8f66f8f9bf?s=96&d=mm&r=g\",\"caption\":\"Comunica\u00e7\u00e3o PSOL\"}}]}<\/script>\n<!-- \/ Yoast SEO plugin. -->","yoast_head_json":{"title":"Edilson Silva | Para onde nos levar\u00e1 a estrat\u00e9gia de Lula - PSOL 50","robots":{"index":"index","follow":"follow","max-snippet":"max-snippet:-1","max-image-preview":"max-image-preview:large","max-video-preview":"max-video-preview:-1"},"canonical":"https:\/\/psol50.org.br\/para-onde-nos-levara-a-estrategia-de-lula\/","og_locale":"pt_BR","og_type":"article","og_title":"Edilson Silva | Para onde nos levar\u00e1 a estrat\u00e9gia de Lula - PSOL 50","og_description":"O ex-presidente Lula esteve recentemente no Recife, em seu \u201cgiro pelo Brasil\u201d. Como fez em outros Estados, trabalhou sua imagem de l\u00edder popular carism\u00e1tico e sua raiz oper\u00e1ria. Mas tamb\u00e9m contemplou a sua agenda eleitoral pragm\u00e1tica. Por onde passou, fez quest\u00e3o de afirmar que sua poss\u00edvel candidatura e vit\u00f3ria eleitoral ser\u00e3o lastreadas com uma ampla [&hellip;]","og_url":"https:\/\/psol50.org.br\/para-onde-nos-levara-a-estrategia-de-lula\/","og_site_name":"PSOL 50","article_publisher":"https:\/\/www.facebook.com\/psol50","article_published_time":"2017-09-06T16:38:06+00:00","og_image":[{"width":1350,"height":900,"url":"https:\/\/psol50.org.br\/inc\/uploads\/2018\/07\/capa.png","type":"image\/png"}],"author":"Comunica\u00e7\u00e3o PSOL","twitter_card":"summary_large_image","twitter_creator":"@psol50","twitter_site":"@psol50","twitter_misc":{"Escrito por":"Comunica\u00e7\u00e3o PSOL","Est. tempo de leitura":"6 minutos"},"schema":{"@context":"https:\/\/schema.org","@graph":[{"@type":"Article","@id":"https:\/\/psol50.org.br\/para-onde-nos-levara-a-estrategia-de-lula\/#article","isPartOf":{"@id":"https:\/\/psol50.org.br\/para-onde-nos-levara-a-estrategia-de-lula\/"},"author":{"name":"Comunica\u00e7\u00e3o PSOL","@id":"https:\/\/psol50.org.br\/#\/schema\/person\/475dfa57d0b815993c714c2e96491fcd"},"headline":"Edilson Silva | Para onde nos levar\u00e1 a estrat\u00e9gia de Lula","datePublished":"2017-09-06T16:38:06+00:00","mainEntityOfPage":{"@id":"https:\/\/psol50.org.br\/para-onde-nos-levara-a-estrategia-de-lula\/"},"wordCount":1224,"commentCount":0,"publisher":{"@id":"https:\/\/psol50.org.br\/#organization"},"image":{"@id":"https:\/\/psol50.org.br\/para-onde-nos-levara-a-estrategia-de-lula\/#primaryimage"},"thumbnailUrl":"","keywords":["Edilson Silva","Lula","Pernambuco","Recife"],"articleSection":["Artigos","Estados"],"inLanguage":"pt-BR","potentialAction":[{"@type":"CommentAction","name":"Comment","target":["https:\/\/psol50.org.br\/para-onde-nos-levara-a-estrategia-de-lula\/#respond"]}]},{"@type":"WebPage","@id":"https:\/\/psol50.org.br\/para-onde-nos-levara-a-estrategia-de-lula\/","url":"https:\/\/psol50.org.br\/para-onde-nos-levara-a-estrategia-de-lula\/","name":"Edilson Silva | Para onde nos levar\u00e1 a estrat\u00e9gia de Lula - PSOL 50","isPartOf":{"@id":"https:\/\/psol50.org.br\/#website"},"primaryImageOfPage":{"@id":"https:\/\/psol50.org.br\/para-onde-nos-levara-a-estrategia-de-lula\/#primaryimage"},"image":{"@id":"https:\/\/psol50.org.br\/para-onde-nos-levara-a-estrategia-de-lula\/#primaryimage"},"thumbnailUrl":"","datePublished":"2017-09-06T16:38:06+00:00","breadcrumb":{"@id":"https:\/\/psol50.org.br\/para-onde-nos-levara-a-estrategia-de-lula\/#breadcrumb"},"inLanguage":"pt-BR","potentialAction":[{"@type":"ReadAction","target":["https:\/\/psol50.org.br\/para-onde-nos-levara-a-estrategia-de-lula\/"]}]},{"@type":"ImageObject","inLanguage":"pt-BR","@id":"https:\/\/psol50.org.br\/para-onde-nos-levara-a-estrategia-de-lula\/#primaryimage","url":"","contentUrl":""},{"@type":"BreadcrumbList","@id":"https:\/\/psol50.org.br\/para-onde-nos-levara-a-estrategia-de-lula\/#breadcrumb","itemListElement":[{"@type":"ListItem","position":1,"name":"In\u00edcio","item":"https:\/\/psol50.org.br\/"},{"@type":"ListItem","position":2,"name":"Edilson Silva | Para onde nos levar\u00e1 a estrat\u00e9gia de Lula"}]},{"@type":"WebSite","@id":"https:\/\/psol50.org.br\/#website","url":"https:\/\/psol50.org.br\/","name":"PSOL 50","description":"Site oficial do Partido Socialismo e Liberdade","publisher":{"@id":"https:\/\/psol50.org.br\/#organization"},"alternateName":"PSOL50","potentialAction":[{"@type":"SearchAction","target":{"@type":"EntryPoint","urlTemplate":"https:\/\/psol50.org.br\/?s={search_term_string}"},"query-input":{"@type":"PropertyValueSpecification","valueRequired":true,"valueName":"search_term_string"}}],"inLanguage":"pt-BR"},{"@type":"Organization","@id":"https:\/\/psol50.org.br\/#organization","name":"PSOL 50","alternateName":"PSOL 50","url":"https:\/\/psol50.org.br\/","logo":{"@type":"ImageObject","inLanguage":"pt-BR","@id":"https:\/\/psol50.org.br\/#\/schema\/logo\/image\/","url":"https:\/\/psol50.org.br\/inc\/uploads\/2018\/07\/capa.png","contentUrl":"https:\/\/psol50.org.br\/inc\/uploads\/2018\/07\/capa.png","width":1350,"height":900,"caption":"PSOL 50"},"image":{"@id":"https:\/\/psol50.org.br\/#\/schema\/logo\/image\/"},"sameAs":["https:\/\/www.facebook.com\/psol50","https:\/\/x.com\/psol50","https:\/\/www.instagram.com\/psol50\/","https:\/\/www.youtube.com\/channel\/UC7SnJS5o1os7a6CaiNabzcg"]},{"@type":"Person","@id":"https:\/\/psol50.org.br\/#\/schema\/person\/475dfa57d0b815993c714c2e96491fcd","name":"Comunica\u00e7\u00e3o PSOL","image":{"@type":"ImageObject","inLanguage":"pt-BR","@id":"https:\/\/psol50.org.br\/#\/schema\/person\/image\/","url":"https:\/\/secure.gravatar.com\/avatar\/b34fc4f4e468a4e51785917065a3db57b841f5c95dba6ad8c73aaf8f66f8f9bf?s=96&d=mm&r=g","contentUrl":"https:\/\/secure.gravatar.com\/avatar\/b34fc4f4e468a4e51785917065a3db57b841f5c95dba6ad8c73aaf8f66f8f9bf?s=96&d=mm&r=g","caption":"Comunica\u00e7\u00e3o PSOL"}}]}},"_links":{"self":[{"href":"https:\/\/psol50.org.br\/rest\/wp\/v2\/posts\/18045","targetHints":{"allow":["GET"]}}],"collection":[{"href":"https:\/\/psol50.org.br\/rest\/wp\/v2\/posts"}],"about":[{"href":"https:\/\/psol50.org.br\/rest\/wp\/v2\/types\/post"}],"author":[{"embeddable":true,"href":"https:\/\/psol50.org.br\/rest\/wp\/v2\/users\/2"}],"replies":[{"embeddable":true,"href":"https:\/\/psol50.org.br\/rest\/wp\/v2\/comments?post=18045"}],"version-history":[{"count":0,"href":"https:\/\/psol50.org.br\/rest\/wp\/v2\/posts\/18045\/revisions"}],"wp:featuredmedia":[{"embeddable":true,"href":"https:\/\/psol50.org.br\/rest\/"}],"wp:attachment":[{"href":"https:\/\/psol50.org.br\/rest\/wp\/v2\/media?parent=18045"}],"wp:term":[{"taxonomy":"category","embeddable":true,"href":"https:\/\/psol50.org.br\/rest\/wp\/v2\/categories?post=18045"},{"taxonomy":"post_tag","embeddable":true,"href":"https:\/\/psol50.org.br\/rest\/wp\/v2\/tags?post=18045"}],"curies":[{"name":"wp","href":"https:\/\/api.w.org\/{rel}","templated":true}]}}