{"id":1806,"date":"2013-03-01T00:00:00","date_gmt":"2013-03-01T00:00:00","guid":{"rendered":"http:\/\/psol50.org.br\/arquivo\/2013\/03\/01\/direcao-do-psol-e-convidada-para-participar-do-congresso-do-partido-frances-parti-de-gauche\/"},"modified":"2013-03-01T00:00:00","modified_gmt":"2013-03-01T00:00:00","slug":"direcao-do-psol-e-convidada-para-participar-do-congresso-do-partido-frances-parti-de-gauche","status":"publish","type":"post","link":"https:\/\/psol50.org.br\/direcao-do-psol-e-convidada-para-participar-do-congresso-do-partido-frances-parti-de-gauche\/","title":{"rendered":"Dire\u00e7\u00e3o do PSOL \u00e9 convidada para participar do congresso do partido franc\u00eas Parti de Gauche"},"content":{"rendered":"<div style=\"text-align: justify;\">\n\t<br \/>\n\tNos dias 21, 22 e 23 de mar\u00e7o, militantes socialistas da Fran\u00e7a participam do Congresso do Parti de Gauche (Partido de Esquerda), em Paris. Com uma boa atua\u00e7\u00e3o nas \u00faltimas elei\u00e7\u00f5es presidenciais, com o seu candidato Jean-Luc Melanchon obtendo em torno de 15% dos votos, e se consolidando como uma importante alternativa \u00e0 esquerda, o partido reunir\u00e1 nos tr\u00eas dias militantes de todo o pa\u00eds para discutir as a\u00e7\u00f5es que ser\u00e3o encaminhadas no pr\u00f3ximo per\u00edodo. Candidato pela Frente de Esquerda, que aglutina, al\u00e9m do Parti de Gauche, o Partido Comunista Franc\u00eas (PCF) e outras organiza\u00e7\u00f5es, Melanchon teve um desempenho consider\u00e1vel, o que surpreendeu os setores conservadores da Fran\u00e7a e tamb\u00e9m da Uni\u00e3o Europeia. Durante sua campanha, defendeu a &#8220;revolu\u00e7\u00e3o anti-liberal&#8221; na UE, a cria\u00e7\u00e3o de um &#8220;fundo de desenvolvimento social, ecol\u00f3gico e solid\u00e1rio&#8221; e criticou as pol\u00edticas de austeridade fiscal da &#8220;Troika&#8221; (Uni\u00e3o Europeia, Banco Central Europeu e FMI).<br \/>\n\t&nbsp;<br \/>\n\tA Dire\u00e7\u00e3o Nacional do PSOL foi convidada para participar do Congresso do Parti de Gauche&nbsp; (Partido da Esquerda). Segundo Juliano Medeiros, integrante da Secretaria de Rela\u00e7\u00f5es Internacionais do partido, o congresso \u00e9 uma oportunidade para estreitar os la\u00e7os do PSOL com essa importante organiza\u00e7\u00e3o da esquerda francesa. \u201cTemos aprofundado as nossas rela\u00e7\u00f5es com importantes partidos da esquerda europeia, como Bloco de Esquerda, de Portugal, e o Siryza, da Gr\u00e9cia. O congresso do Partido da Esquerda \u00e9 mais uma oportunidade de intensificar a troca de experi\u00eancias com socialistas do Velho Continente, principalmente em um momento de crise econ\u00f4mica\u201d, ressalta Juliano.<br \/>\n\t&nbsp;<br \/>\n\tO PSOL enviar\u00e1 uma delega\u00e7\u00e3o ao congresso, que ainda ser\u00e1 definida pela Secretaria de Rela\u00e7\u00f5es Internacionais.<\/div>\n<p>&nbsp;<br \/>\n&nbsp;<br \/>\n&nbsp;<\/p>\n","protected":false},"excerpt":{"rendered":"<p>Nos dias 21, 22 e 23 de mar\u00e7o, militantes socialistas da Fran\u00e7a participam do Congresso do Parti de Gauche (Partido de Esquerda), em Paris. Com uma boa atua\u00e7\u00e3o nas \u00faltimas elei\u00e7\u00f5es presidenciais, com o seu candidato Jean-Luc Melanchon obtendo em torno de 15% dos votos, e se consolidando como uma importante alternativa \u00e0 esquerda, o [&hellip;]<\/p>\n","protected":false},"author":2,"featured_media":0,"comment_status":"open","ping_status":"open","sticky":false,"template":"","format":"standard","meta":{"_acf_changed":false,"footnotes":""},"categories":[4766],"tags":[22],"class_list":{"0":"post-1806","1":"post","2":"type-post","3":"status-publish","4":"format-standard","6":"category-arquivo","7":"tag-psol"},"acf":[],"yoast_head":"<!-- This site is optimized with the Yoast SEO plugin v26.5 - https:\/\/yoast.com\/wordpress\/plugins\/seo\/ -->\n<title>Dire\u00e7\u00e3o do PSOL \u00e9 convidada para participar do congresso do partido franc\u00eas Parti de Gauche - PSOL 50<\/title>\n<meta name=\"robots\" content=\"index, follow, max-snippet:-1, max-image-preview:large, max-video-preview:-1\" \/>\n<link rel=\"canonical\" href=\"https:\/\/psol50.org.br\/direcao-do-psol-e-convidada-para-participar-do-congresso-do-partido-frances-parti-de-gauche\/\" \/>\n<meta property=\"og:locale\" content=\"pt_BR\" \/>\n<meta property=\"og:type\" content=\"article\" \/>\n<meta property=\"og:title\" content=\"Dire\u00e7\u00e3o do PSOL \u00e9 convidada para participar do congresso do partido franc\u00eas Parti de Gauche - PSOL 50\" \/>\n<meta property=\"og:description\" content=\"Nos dias 21, 22 e 23 de mar\u00e7o, militantes socialistas da Fran\u00e7a participam do Congresso do Parti de Gauche (Partido de Esquerda), em Paris. Com uma boa atua\u00e7\u00e3o nas \u00faltimas elei\u00e7\u00f5es presidenciais, com o seu candidato Jean-Luc Melanchon obtendo em torno de 15% dos votos, e se consolidando como uma importante alternativa \u00e0 esquerda, o [&hellip;]\" \/>\n<meta property=\"og:url\" content=\"https:\/\/psol50.org.br\/direcao-do-psol-e-convidada-para-participar-do-congresso-do-partido-frances-parti-de-gauche\/\" \/>\n<meta property=\"og:site_name\" content=\"PSOL 50\" \/>\n<meta property=\"article:publisher\" content=\"https:\/\/www.facebook.com\/psol50\" \/>\n<meta property=\"article:published_time\" content=\"2013-03-01T00:00:00+00:00\" \/>\n<meta property=\"og:image\" content=\"https:\/\/psol50.org.br\/inc\/uploads\/2018\/07\/capa.png\" \/>\n\t<meta property=\"og:image:width\" content=\"1350\" \/>\n\t<meta property=\"og:image:height\" content=\"900\" \/>\n\t<meta property=\"og:image:type\" content=\"image\/png\" \/>\n<meta name=\"author\" content=\"Comunica\u00e7\u00e3o PSOL\" \/>\n<meta name=\"twitter:card\" content=\"summary_large_image\" \/>\n<meta name=\"twitter:creator\" content=\"@psol50\" \/>\n<meta name=\"twitter:site\" content=\"@psol50\" \/>\n<meta name=\"twitter:label1\" content=\"Escrito por\" \/>\n\t<meta name=\"twitter:data1\" content=\"Comunica\u00e7\u00e3o PSOL\" \/>\n\t<meta name=\"twitter:label2\" content=\"Est. tempo de leitura\" \/>\n\t<meta name=\"twitter:data2\" content=\"1 minuto\" \/>\n<script type=\"application\/ld+json\" class=\"yoast-schema-graph\">{\"@context\":\"https:\/\/schema.org\",\"@graph\":[{\"@type\":\"Article\",\"@id\":\"https:\/\/psol50.org.br\/direcao-do-psol-e-convidada-para-participar-do-congresso-do-partido-frances-parti-de-gauche\/#article\",\"isPartOf\":{\"@id\":\"https:\/\/psol50.org.br\/direcao-do-psol-e-convidada-para-participar-do-congresso-do-partido-frances-parti-de-gauche\/\"},\"author\":{\"name\":\"Comunica\u00e7\u00e3o PSOL\",\"@id\":\"https:\/\/psol50.org.br\/#\/schema\/person\/475dfa57d0b815993c714c2e96491fcd\"},\"headline\":\"Dire\u00e7\u00e3o do PSOL \u00e9 convidada para participar do congresso do partido franc\u00eas Parti de Gauche\",\"datePublished\":\"2013-03-01T00:00:00+00:00\",\"mainEntityOfPage\":{\"@id\":\"https:\/\/psol50.org.br\/direcao-do-psol-e-convidada-para-participar-do-congresso-do-partido-frances-parti-de-gauche\/\"},\"wordCount\":312,\"commentCount\":0,\"publisher\":{\"@id\":\"https:\/\/psol50.org.br\/#organization\"},\"keywords\":[\"PSOL\"],\"articleSection\":[\"Arquivo\"],\"inLanguage\":\"pt-BR\",\"potentialAction\":[{\"@type\":\"CommentAction\",\"name\":\"Comment\",\"target\":[\"https:\/\/psol50.org.br\/direcao-do-psol-e-convidada-para-participar-do-congresso-do-partido-frances-parti-de-gauche\/#respond\"]}]},{\"@type\":\"WebPage\",\"@id\":\"https:\/\/psol50.org.br\/direcao-do-psol-e-convidada-para-participar-do-congresso-do-partido-frances-parti-de-gauche\/\",\"url\":\"https:\/\/psol50.org.br\/direcao-do-psol-e-convidada-para-participar-do-congresso-do-partido-frances-parti-de-gauche\/\",\"name\":\"Dire\u00e7\u00e3o do PSOL \u00e9 convidada para participar do congresso do partido franc\u00eas Parti de Gauche - PSOL 50\",\"isPartOf\":{\"@id\":\"https:\/\/psol50.org.br\/#website\"},\"datePublished\":\"2013-03-01T00:00:00+00:00\",\"breadcrumb\":{\"@id\":\"https:\/\/psol50.org.br\/direcao-do-psol-e-convidada-para-participar-do-congresso-do-partido-frances-parti-de-gauche\/#breadcrumb\"},\"inLanguage\":\"pt-BR\",\"potentialAction\":[{\"@type\":\"ReadAction\",\"target\":[\"https:\/\/psol50.org.br\/direcao-do-psol-e-convidada-para-participar-do-congresso-do-partido-frances-parti-de-gauche\/\"]}]},{\"@type\":\"BreadcrumbList\",\"@id\":\"https:\/\/psol50.org.br\/direcao-do-psol-e-convidada-para-participar-do-congresso-do-partido-frances-parti-de-gauche\/#breadcrumb\",\"itemListElement\":[{\"@type\":\"ListItem\",\"position\":1,\"name\":\"In\u00edcio\",\"item\":\"https:\/\/psol50.org.br\/\"},{\"@type\":\"ListItem\",\"position\":2,\"name\":\"Dire\u00e7\u00e3o do PSOL \u00e9 convidada para participar do congresso do partido franc\u00eas Parti de Gauche\"}]},{\"@type\":\"WebSite\",\"@id\":\"https:\/\/psol50.org.br\/#website\",\"url\":\"https:\/\/psol50.org.br\/\",\"name\":\"PSOL 50\",\"description\":\"Site oficial do Partido Socialismo e Liberdade\",\"publisher\":{\"@id\":\"https:\/\/psol50.org.br\/#organization\"},\"alternateName\":\"PSOL50\",\"potentialAction\":[{\"@type\":\"SearchAction\",\"target\":{\"@type\":\"EntryPoint\",\"urlTemplate\":\"https:\/\/psol50.org.br\/?s={search_term_string}\"},\"query-input\":{\"@type\":\"PropertyValueSpecification\",\"valueRequired\":true,\"valueName\":\"search_term_string\"}}],\"inLanguage\":\"pt-BR\"},{\"@type\":\"Organization\",\"@id\":\"https:\/\/psol50.org.br\/#organization\",\"name\":\"PSOL 50\",\"alternateName\":\"PSOL 50\",\"url\":\"https:\/\/psol50.org.br\/\",\"logo\":{\"@type\":\"ImageObject\",\"inLanguage\":\"pt-BR\",\"@id\":\"https:\/\/psol50.org.br\/#\/schema\/logo\/image\/\",\"url\":\"https:\/\/psol50.org.br\/inc\/uploads\/2018\/07\/capa.png\",\"contentUrl\":\"https:\/\/psol50.org.br\/inc\/uploads\/2018\/07\/capa.png\",\"width\":1350,\"height\":900,\"caption\":\"PSOL 50\"},\"image\":{\"@id\":\"https:\/\/psol50.org.br\/#\/schema\/logo\/image\/\"},\"sameAs\":[\"https:\/\/www.facebook.com\/psol50\",\"https:\/\/x.com\/psol50\",\"https:\/\/www.instagram.com\/psol50\/\",\"https:\/\/www.youtube.com\/channel\/UC7SnJS5o1os7a6CaiNabzcg\"]},{\"@type\":\"Person\",\"@id\":\"https:\/\/psol50.org.br\/#\/schema\/person\/475dfa57d0b815993c714c2e96491fcd\",\"name\":\"Comunica\u00e7\u00e3o PSOL\",\"image\":{\"@type\":\"ImageObject\",\"inLanguage\":\"pt-BR\",\"@id\":\"https:\/\/psol50.org.br\/#\/schema\/person\/image\/\",\"url\":\"https:\/\/secure.gravatar.com\/avatar\/b34fc4f4e468a4e51785917065a3db57b841f5c95dba6ad8c73aaf8f66f8f9bf?s=96&d=mm&r=g\",\"contentUrl\":\"https:\/\/secure.gravatar.com\/avatar\/b34fc4f4e468a4e51785917065a3db57b841f5c95dba6ad8c73aaf8f66f8f9bf?s=96&d=mm&r=g\",\"caption\":\"Comunica\u00e7\u00e3o PSOL\"}}]}<\/script>\n<!-- \/ Yoast SEO plugin. -->","yoast_head_json":{"title":"Dire\u00e7\u00e3o do PSOL \u00e9 convidada para participar do congresso do partido franc\u00eas Parti de Gauche - PSOL 50","robots":{"index":"index","follow":"follow","max-snippet":"max-snippet:-1","max-image-preview":"max-image-preview:large","max-video-preview":"max-video-preview:-1"},"canonical":"https:\/\/psol50.org.br\/direcao-do-psol-e-convidada-para-participar-do-congresso-do-partido-frances-parti-de-gauche\/","og_locale":"pt_BR","og_type":"article","og_title":"Dire\u00e7\u00e3o do PSOL \u00e9 convidada para participar do congresso do partido franc\u00eas Parti de Gauche - PSOL 50","og_description":"Nos dias 21, 22 e 23 de mar\u00e7o, militantes socialistas da Fran\u00e7a participam do Congresso do Parti de Gauche (Partido de Esquerda), em Paris. Com uma boa atua\u00e7\u00e3o nas \u00faltimas elei\u00e7\u00f5es presidenciais, com o seu candidato Jean-Luc Melanchon obtendo em torno de 15% dos votos, e se consolidando como uma importante alternativa \u00e0 esquerda, o [&hellip;]","og_url":"https:\/\/psol50.org.br\/direcao-do-psol-e-convidada-para-participar-do-congresso-do-partido-frances-parti-de-gauche\/","og_site_name":"PSOL 50","article_publisher":"https:\/\/www.facebook.com\/psol50","article_published_time":"2013-03-01T00:00:00+00:00","og_image":[{"width":1350,"height":900,"url":"https:\/\/psol50.org.br\/inc\/uploads\/2018\/07\/capa.png","type":"image\/png"}],"author":"Comunica\u00e7\u00e3o PSOL","twitter_card":"summary_large_image","twitter_creator":"@psol50","twitter_site":"@psol50","twitter_misc":{"Escrito por":"Comunica\u00e7\u00e3o PSOL","Est. tempo de leitura":"1 minuto"},"schema":{"@context":"https:\/\/schema.org","@graph":[{"@type":"Article","@id":"https:\/\/psol50.org.br\/direcao-do-psol-e-convidada-para-participar-do-congresso-do-partido-frances-parti-de-gauche\/#article","isPartOf":{"@id":"https:\/\/psol50.org.br\/direcao-do-psol-e-convidada-para-participar-do-congresso-do-partido-frances-parti-de-gauche\/"},"author":{"name":"Comunica\u00e7\u00e3o PSOL","@id":"https:\/\/psol50.org.br\/#\/schema\/person\/475dfa57d0b815993c714c2e96491fcd"},"headline":"Dire\u00e7\u00e3o do PSOL \u00e9 convidada para participar do congresso do partido franc\u00eas Parti de Gauche","datePublished":"2013-03-01T00:00:00+00:00","mainEntityOfPage":{"@id":"https:\/\/psol50.org.br\/direcao-do-psol-e-convidada-para-participar-do-congresso-do-partido-frances-parti-de-gauche\/"},"wordCount":312,"commentCount":0,"publisher":{"@id":"https:\/\/psol50.org.br\/#organization"},"keywords":["PSOL"],"articleSection":["Arquivo"],"inLanguage":"pt-BR","potentialAction":[{"@type":"CommentAction","name":"Comment","target":["https:\/\/psol50.org.br\/direcao-do-psol-e-convidada-para-participar-do-congresso-do-partido-frances-parti-de-gauche\/#respond"]}]},{"@type":"WebPage","@id":"https:\/\/psol50.org.br\/direcao-do-psol-e-convidada-para-participar-do-congresso-do-partido-frances-parti-de-gauche\/","url":"https:\/\/psol50.org.br\/direcao-do-psol-e-convidada-para-participar-do-congresso-do-partido-frances-parti-de-gauche\/","name":"Dire\u00e7\u00e3o do PSOL \u00e9 convidada para participar do congresso do partido franc\u00eas Parti de Gauche - PSOL 50","isPartOf":{"@id":"https:\/\/psol50.org.br\/#website"},"datePublished":"2013-03-01T00:00:00+00:00","breadcrumb":{"@id":"https:\/\/psol50.org.br\/direcao-do-psol-e-convidada-para-participar-do-congresso-do-partido-frances-parti-de-gauche\/#breadcrumb"},"inLanguage":"pt-BR","potentialAction":[{"@type":"ReadAction","target":["https:\/\/psol50.org.br\/direcao-do-psol-e-convidada-para-participar-do-congresso-do-partido-frances-parti-de-gauche\/"]}]},{"@type":"BreadcrumbList","@id":"https:\/\/psol50.org.br\/direcao-do-psol-e-convidada-para-participar-do-congresso-do-partido-frances-parti-de-gauche\/#breadcrumb","itemListElement":[{"@type":"ListItem","position":1,"name":"In\u00edcio","item":"https:\/\/psol50.org.br\/"},{"@type":"ListItem","position":2,"name":"Dire\u00e7\u00e3o do PSOL \u00e9 convidada para participar do congresso do partido franc\u00eas Parti de Gauche"}]},{"@type":"WebSite","@id":"https:\/\/psol50.org.br\/#website","url":"https:\/\/psol50.org.br\/","name":"PSOL 50","description":"Site oficial do Partido Socialismo e Liberdade","publisher":{"@id":"https:\/\/psol50.org.br\/#organization"},"alternateName":"PSOL50","potentialAction":[{"@type":"SearchAction","target":{"@type":"EntryPoint","urlTemplate":"https:\/\/psol50.org.br\/?s={search_term_string}"},"query-input":{"@type":"PropertyValueSpecification","valueRequired":true,"valueName":"search_term_string"}}],"inLanguage":"pt-BR"},{"@type":"Organization","@id":"https:\/\/psol50.org.br\/#organization","name":"PSOL 50","alternateName":"PSOL 50","url":"https:\/\/psol50.org.br\/","logo":{"@type":"ImageObject","inLanguage":"pt-BR","@id":"https:\/\/psol50.org.br\/#\/schema\/logo\/image\/","url":"https:\/\/psol50.org.br\/inc\/uploads\/2018\/07\/capa.png","contentUrl":"https:\/\/psol50.org.br\/inc\/uploads\/2018\/07\/capa.png","width":1350,"height":900,"caption":"PSOL 50"},"image":{"@id":"https:\/\/psol50.org.br\/#\/schema\/logo\/image\/"},"sameAs":["https:\/\/www.facebook.com\/psol50","https:\/\/x.com\/psol50","https:\/\/www.instagram.com\/psol50\/","https:\/\/www.youtube.com\/channel\/UC7SnJS5o1os7a6CaiNabzcg"]},{"@type":"Person","@id":"https:\/\/psol50.org.br\/#\/schema\/person\/475dfa57d0b815993c714c2e96491fcd","name":"Comunica\u00e7\u00e3o PSOL","image":{"@type":"ImageObject","inLanguage":"pt-BR","@id":"https:\/\/psol50.org.br\/#\/schema\/person\/image\/","url":"https:\/\/secure.gravatar.com\/avatar\/b34fc4f4e468a4e51785917065a3db57b841f5c95dba6ad8c73aaf8f66f8f9bf?s=96&d=mm&r=g","contentUrl":"https:\/\/secure.gravatar.com\/avatar\/b34fc4f4e468a4e51785917065a3db57b841f5c95dba6ad8c73aaf8f66f8f9bf?s=96&d=mm&r=g","caption":"Comunica\u00e7\u00e3o PSOL"}}]}},"_links":{"self":[{"href":"https:\/\/psol50.org.br\/rest\/wp\/v2\/posts\/1806","targetHints":{"allow":["GET"]}}],"collection":[{"href":"https:\/\/psol50.org.br\/rest\/wp\/v2\/posts"}],"about":[{"href":"https:\/\/psol50.org.br\/rest\/wp\/v2\/types\/post"}],"author":[{"embeddable":true,"href":"https:\/\/psol50.org.br\/rest\/wp\/v2\/users\/2"}],"replies":[{"embeddable":true,"href":"https:\/\/psol50.org.br\/rest\/wp\/v2\/comments?post=1806"}],"version-history":[{"count":0,"href":"https:\/\/psol50.org.br\/rest\/wp\/v2\/posts\/1806\/revisions"}],"wp:attachment":[{"href":"https:\/\/psol50.org.br\/rest\/wp\/v2\/media?parent=1806"}],"wp:term":[{"taxonomy":"category","embeddable":true,"href":"https:\/\/psol50.org.br\/rest\/wp\/v2\/categories?post=1806"},{"taxonomy":"post_tag","embeddable":true,"href":"https:\/\/psol50.org.br\/rest\/wp\/v2\/tags?post=1806"}],"curies":[{"name":"wp","href":"https:\/\/api.w.org\/{rel}","templated":true}]}}