{"id":18060,"date":"2017-09-11T09:56:17","date_gmt":"2017-09-11T12:56:17","guid":{"rendered":"http:\/\/www.psol50.org.br\/?p=18060"},"modified":"2017-09-11T09:56:17","modified_gmt":"2017-09-11T12:56:17","slug":"ato-entregara-ao-congresso-mais-de-15-milhao-de-assinaturas-em-defesa-da-amazonia","status":"publish","type":"post","link":"https:\/\/psol50.org.br\/ato-entregara-ao-congresso-mais-de-15-milhao-de-assinaturas-em-defesa-da-amazonia\/","title":{"rendered":"Ato entregar\u00e1 ao Congresso mais de 1,5 milh\u00e3o de assinaturas em defesa da Amaz\u00f4nia"},"content":{"rendered":"<p>Parlamentares e movimentos sociais participar\u00e3o de ato em defesa da Amaz\u00f4nia nesta ter\u00e7a-feira (12), \u00e0s 11h, no Sal\u00e3o Verde da C\u00e2mara dos Deputados. Na ocasi\u00e3o, ser\u00e3o entregues\u00a0mais de 1,5 milh\u00e3o de assinaturas pela preserva\u00e7\u00e3o das reservas da Amaz\u00f4nia, al\u00e9m um documento contra a<span class=\"text_exposed_show\">s principais amea\u00e7as ao meio ambiente patrocinadas pelo governo.<\/span> A peti\u00e7\u00e3o foi uma iniciativa da ONG Greenpeace e da campanha #342Amaz\u00f4nia, em parceria com a Avaaz, e <a href=\"http:\/\/www.psol50.org.br\/todospelaamazonia-campanha-contra-medida-de-temer-que-extingue-reserva-na-amazonia-toma-conta-das-redes\/\" target=\"_blank\" rel=\"noopener\"><span style=\"color: #0000ff;\"><strong>reuniu artistas e figuras p\u00fablicas de todo o Brasil em torno da causa ambiental<\/strong><\/span><\/a>.<\/p>\n<p>A iniciativa foi uma rea\u00e7\u00e3o ao decreto de Michel Temer, no final de agosto, que pretendia extinguir a Reserva Nacional de Cobre e seus Associados (Renca), entregando mais de 4,7 milh\u00f5es de hectares ao capital privado estrangeiro.\u00a0Dentre outras demandas, o abaixo-assinado exige que o governo garanta a fiscaliza\u00e7\u00e3o da minera\u00e7\u00e3o e prote\u00e7\u00e3o da Renca e reconhe\u00e7a e demarque terras ind\u00edgenas e quilombolas.<\/p>\n<p>A press\u00e3o popular havia feito Temer suspender o decreto, anunciando um prazo de 120 dias para um &#8220;amplo debate&#8221; sobre o tema &#8211; isso, por\u00e9m, n\u00e3o significa uma garantia de que os ataques contra a Amaz\u00f4nia acabaram. Em defesa das terras brasileiras e dos povos origin\u00e1rios, a bancada do PSOL estar\u00e1 presente no ato de entrega das assinaturas.<\/p>\n<div class=\"youtube-embed\" data-video_id=\"AIs18pTXJPg\"><iframe loading=\"lazy\" title=\"342 Amaz\u00f4nia - Pressione os pol\u00edticos pela Amaz\u00f4nia\" width=\"696\" height=\"392\" src=\"https:\/\/www.youtube.com\/embed\/AIs18pTXJPg?feature=oembed&#038;enablejsapi=1\" frameborder=\"0\" allow=\"accelerometer; autoplay; clipboard-write; encrypted-media; gyroscope; picture-in-picture\" allowfullscreen><\/iframe><\/div>\n<div class=\"text_exposed_show\"><\/div>\n","protected":false},"excerpt":{"rendered":"<p>Parlamentares e movimentos sociais participar\u00e3o de ato em defesa da Amaz\u00f4nia nesta ter\u00e7a-feira (12), \u00e0s 11h, no Sal\u00e3o Verde da C\u00e2mara dos Deputados. Na ocasi\u00e3o, ser\u00e3o entregues\u00a0mais de 1,5 milh\u00e3o de assinaturas pela preserva\u00e7\u00e3o das reservas da Amaz\u00f4nia, al\u00e9m um documento contra as principais amea\u00e7as ao meio ambiente patrocinadas pelo governo. A peti\u00e7\u00e3o foi uma [&hellip;]<\/p>\n","protected":false},"author":2,"featured_media":17778,"comment_status":"open","ping_status":"open","sticky":false,"template":"","format":"standard","meta":{"_acf_changed":false,"footnotes":""},"categories":[1882,6],"tags":[3526,3556,96,334,163,98,44,3517],"class_list":{"0":"post-18060","1":"post","2":"type-post","3":"status-publish","4":"format-standard","5":"has-post-thumbnail","7":"category-brasil","8":"category-noticias","9":"tag-todospelaamazonia","10":"tag-342amazonia","11":"tag-amazonia","12":"tag-ato","13":"tag-camara","14":"tag-greenpeace","15":"tag-meio-ambiente","16":"tag-renca"},"acf":[],"yoast_head":"<!-- This site is optimized with the Yoast SEO plugin v26.5 - https:\/\/yoast.com\/wordpress\/plugins\/seo\/ -->\n<title>Ato entregar\u00e1 ao Congresso mais de 1,5 milh\u00e3o de assinaturas em defesa da Amaz\u00f4nia - PSOL 50<\/title>\n<meta name=\"robots\" content=\"index, follow, max-snippet:-1, max-image-preview:large, max-video-preview:-1\" \/>\n<link rel=\"canonical\" href=\"https:\/\/psol50.org.br\/ato-entregara-ao-congresso-mais-de-15-milhao-de-assinaturas-em-defesa-da-amazonia\/\" \/>\n<meta property=\"og:locale\" content=\"pt_BR\" \/>\n<meta property=\"og:type\" content=\"article\" \/>\n<meta property=\"og:title\" content=\"Ato entregar\u00e1 ao Congresso mais de 1,5 milh\u00e3o de assinaturas em defesa da Amaz\u00f4nia - PSOL 50\" \/>\n<meta property=\"og:description\" content=\"Parlamentares e movimentos sociais participar\u00e3o de ato em defesa da Amaz\u00f4nia nesta ter\u00e7a-feira (12), \u00e0s 11h, no Sal\u00e3o Verde da C\u00e2mara dos Deputados. Na ocasi\u00e3o, ser\u00e3o entregues\u00a0mais de 1,5 milh\u00e3o de assinaturas pela preserva\u00e7\u00e3o das reservas da Amaz\u00f4nia, al\u00e9m um documento contra as principais amea\u00e7as ao meio ambiente patrocinadas pelo governo. A peti\u00e7\u00e3o foi uma [&hellip;]\" \/>\n<meta property=\"og:url\" content=\"https:\/\/psol50.org.br\/ato-entregara-ao-congresso-mais-de-15-milhao-de-assinaturas-em-defesa-da-amazonia\/\" \/>\n<meta property=\"og:site_name\" content=\"PSOL 50\" \/>\n<meta property=\"article:publisher\" content=\"https:\/\/www.facebook.com\/psol50\" \/>\n<meta property=\"article:published_time\" content=\"2017-09-11T12:56:17+00:00\" \/>\n<meta property=\"og:image\" content=\"https:\/\/psol50.org.br\/inc\/uploads\/2018\/07\/capa.png\" \/>\n\t<meta property=\"og:image:width\" content=\"1350\" \/>\n\t<meta property=\"og:image:height\" content=\"900\" \/>\n\t<meta property=\"og:image:type\" content=\"image\/png\" \/>\n<meta name=\"author\" content=\"Comunica\u00e7\u00e3o PSOL\" \/>\n<meta name=\"twitter:card\" content=\"summary_large_image\" \/>\n<meta name=\"twitter:creator\" content=\"@psol50\" \/>\n<meta name=\"twitter:site\" content=\"@psol50\" \/>\n<meta name=\"twitter:label1\" content=\"Escrito por\" \/>\n\t<meta name=\"twitter:data1\" content=\"Comunica\u00e7\u00e3o PSOL\" \/>\n\t<meta name=\"twitter:label2\" content=\"Est. tempo de leitura\" \/>\n\t<meta name=\"twitter:data2\" content=\"1 minuto\" \/>\n<script type=\"application\/ld+json\" class=\"yoast-schema-graph\">{\"@context\":\"https:\/\/schema.org\",\"@graph\":[{\"@type\":\"Article\",\"@id\":\"https:\/\/psol50.org.br\/ato-entregara-ao-congresso-mais-de-15-milhao-de-assinaturas-em-defesa-da-amazonia\/#article\",\"isPartOf\":{\"@id\":\"https:\/\/psol50.org.br\/ato-entregara-ao-congresso-mais-de-15-milhao-de-assinaturas-em-defesa-da-amazonia\/\"},\"author\":{\"name\":\"Comunica\u00e7\u00e3o PSOL\",\"@id\":\"https:\/\/psol50.org.br\/#\/schema\/person\/475dfa57d0b815993c714c2e96491fcd\"},\"headline\":\"Ato entregar\u00e1 ao Congresso mais de 1,5 milh\u00e3o de assinaturas em defesa da Amaz\u00f4nia\",\"datePublished\":\"2017-09-11T12:56:17+00:00\",\"mainEntityOfPage\":{\"@id\":\"https:\/\/psol50.org.br\/ato-entregara-ao-congresso-mais-de-15-milhao-de-assinaturas-em-defesa-da-amazonia\/\"},\"wordCount\":251,\"commentCount\":0,\"publisher\":{\"@id\":\"https:\/\/psol50.org.br\/#organization\"},\"image\":{\"@id\":\"https:\/\/psol50.org.br\/ato-entregara-ao-congresso-mais-de-15-milhao-de-assinaturas-em-defesa-da-amazonia\/#primaryimage\"},\"thumbnailUrl\":\"\",\"keywords\":[\"#TodosPelaAmaz\u00f4nia\",\"342amaz\u00f4nia\",\"Amaz\u00f4nia\",\"ato\",\"c\u00e2mara\",\"greenpeace\",\"meio ambiente\",\"renca\"],\"articleSection\":[\"Brasil\",\"Not\u00edcias\"],\"inLanguage\":\"pt-BR\",\"potentialAction\":[{\"@type\":\"CommentAction\",\"name\":\"Comment\",\"target\":[\"https:\/\/psol50.org.br\/ato-entregara-ao-congresso-mais-de-15-milhao-de-assinaturas-em-defesa-da-amazonia\/#respond\"]}]},{\"@type\":\"WebPage\",\"@id\":\"https:\/\/psol50.org.br\/ato-entregara-ao-congresso-mais-de-15-milhao-de-assinaturas-em-defesa-da-amazonia\/\",\"url\":\"https:\/\/psol50.org.br\/ato-entregara-ao-congresso-mais-de-15-milhao-de-assinaturas-em-defesa-da-amazonia\/\",\"name\":\"Ato entregar\u00e1 ao Congresso mais de 1,5 milh\u00e3o de assinaturas em defesa da Amaz\u00f4nia - PSOL 50\",\"isPartOf\":{\"@id\":\"https:\/\/psol50.org.br\/#website\"},\"primaryImageOfPage\":{\"@id\":\"https:\/\/psol50.org.br\/ato-entregara-ao-congresso-mais-de-15-milhao-de-assinaturas-em-defesa-da-amazonia\/#primaryimage\"},\"image\":{\"@id\":\"https:\/\/psol50.org.br\/ato-entregara-ao-congresso-mais-de-15-milhao-de-assinaturas-em-defesa-da-amazonia\/#primaryimage\"},\"thumbnailUrl\":\"\",\"datePublished\":\"2017-09-11T12:56:17+00:00\",\"breadcrumb\":{\"@id\":\"https:\/\/psol50.org.br\/ato-entregara-ao-congresso-mais-de-15-milhao-de-assinaturas-em-defesa-da-amazonia\/#breadcrumb\"},\"inLanguage\":\"pt-BR\",\"potentialAction\":[{\"@type\":\"ReadAction\",\"target\":[\"https:\/\/psol50.org.br\/ato-entregara-ao-congresso-mais-de-15-milhao-de-assinaturas-em-defesa-da-amazonia\/\"]}]},{\"@type\":\"ImageObject\",\"inLanguage\":\"pt-BR\",\"@id\":\"https:\/\/psol50.org.br\/ato-entregara-ao-congresso-mais-de-15-milhao-de-assinaturas-em-defesa-da-amazonia\/#primaryimage\",\"url\":\"\",\"contentUrl\":\"\"},{\"@type\":\"BreadcrumbList\",\"@id\":\"https:\/\/psol50.org.br\/ato-entregara-ao-congresso-mais-de-15-milhao-de-assinaturas-em-defesa-da-amazonia\/#breadcrumb\",\"itemListElement\":[{\"@type\":\"ListItem\",\"position\":1,\"name\":\"In\u00edcio\",\"item\":\"https:\/\/psol50.org.br\/\"},{\"@type\":\"ListItem\",\"position\":2,\"name\":\"Ato entregar\u00e1 ao Congresso mais de 1,5 milh\u00e3o de assinaturas em defesa da Amaz\u00f4nia\"}]},{\"@type\":\"WebSite\",\"@id\":\"https:\/\/psol50.org.br\/#website\",\"url\":\"https:\/\/psol50.org.br\/\",\"name\":\"PSOL 50\",\"description\":\"Site oficial do Partido Socialismo e Liberdade\",\"publisher\":{\"@id\":\"https:\/\/psol50.org.br\/#organization\"},\"alternateName\":\"PSOL50\",\"potentialAction\":[{\"@type\":\"SearchAction\",\"target\":{\"@type\":\"EntryPoint\",\"urlTemplate\":\"https:\/\/psol50.org.br\/?s={search_term_string}\"},\"query-input\":{\"@type\":\"PropertyValueSpecification\",\"valueRequired\":true,\"valueName\":\"search_term_string\"}}],\"inLanguage\":\"pt-BR\"},{\"@type\":\"Organization\",\"@id\":\"https:\/\/psol50.org.br\/#organization\",\"name\":\"PSOL 50\",\"alternateName\":\"PSOL 50\",\"url\":\"https:\/\/psol50.org.br\/\",\"logo\":{\"@type\":\"ImageObject\",\"inLanguage\":\"pt-BR\",\"@id\":\"https:\/\/psol50.org.br\/#\/schema\/logo\/image\/\",\"url\":\"https:\/\/psol50.org.br\/inc\/uploads\/2018\/07\/capa.png\",\"contentUrl\":\"https:\/\/psol50.org.br\/inc\/uploads\/2018\/07\/capa.png\",\"width\":1350,\"height\":900,\"caption\":\"PSOL 50\"},\"image\":{\"@id\":\"https:\/\/psol50.org.br\/#\/schema\/logo\/image\/\"},\"sameAs\":[\"https:\/\/www.facebook.com\/psol50\",\"https:\/\/x.com\/psol50\",\"https:\/\/www.instagram.com\/psol50\/\",\"https:\/\/www.youtube.com\/channel\/UC7SnJS5o1os7a6CaiNabzcg\"]},{\"@type\":\"Person\",\"@id\":\"https:\/\/psol50.org.br\/#\/schema\/person\/475dfa57d0b815993c714c2e96491fcd\",\"name\":\"Comunica\u00e7\u00e3o PSOL\",\"image\":{\"@type\":\"ImageObject\",\"inLanguage\":\"pt-BR\",\"@id\":\"https:\/\/psol50.org.br\/#\/schema\/person\/image\/\",\"url\":\"https:\/\/secure.gravatar.com\/avatar\/b34fc4f4e468a4e51785917065a3db57b841f5c95dba6ad8c73aaf8f66f8f9bf?s=96&d=mm&r=g\",\"contentUrl\":\"https:\/\/secure.gravatar.com\/avatar\/b34fc4f4e468a4e51785917065a3db57b841f5c95dba6ad8c73aaf8f66f8f9bf?s=96&d=mm&r=g\",\"caption\":\"Comunica\u00e7\u00e3o PSOL\"}}]}<\/script>\n<!-- \/ Yoast SEO plugin. -->","yoast_head_json":{"title":"Ato entregar\u00e1 ao Congresso mais de 1,5 milh\u00e3o de assinaturas em defesa da Amaz\u00f4nia - PSOL 50","robots":{"index":"index","follow":"follow","max-snippet":"max-snippet:-1","max-image-preview":"max-image-preview:large","max-video-preview":"max-video-preview:-1"},"canonical":"https:\/\/psol50.org.br\/ato-entregara-ao-congresso-mais-de-15-milhao-de-assinaturas-em-defesa-da-amazonia\/","og_locale":"pt_BR","og_type":"article","og_title":"Ato entregar\u00e1 ao Congresso mais de 1,5 milh\u00e3o de assinaturas em defesa da Amaz\u00f4nia - PSOL 50","og_description":"Parlamentares e movimentos sociais participar\u00e3o de ato em defesa da Amaz\u00f4nia nesta ter\u00e7a-feira (12), \u00e0s 11h, no Sal\u00e3o Verde da C\u00e2mara dos Deputados. Na ocasi\u00e3o, ser\u00e3o entregues\u00a0mais de 1,5 milh\u00e3o de assinaturas pela preserva\u00e7\u00e3o das reservas da Amaz\u00f4nia, al\u00e9m um documento contra as principais amea\u00e7as ao meio ambiente patrocinadas pelo governo. A peti\u00e7\u00e3o foi uma [&hellip;]","og_url":"https:\/\/psol50.org.br\/ato-entregara-ao-congresso-mais-de-15-milhao-de-assinaturas-em-defesa-da-amazonia\/","og_site_name":"PSOL 50","article_publisher":"https:\/\/www.facebook.com\/psol50","article_published_time":"2017-09-11T12:56:17+00:00","og_image":[{"width":1350,"height":900,"url":"https:\/\/psol50.org.br\/inc\/uploads\/2018\/07\/capa.png","type":"image\/png"}],"author":"Comunica\u00e7\u00e3o PSOL","twitter_card":"summary_large_image","twitter_creator":"@psol50","twitter_site":"@psol50","twitter_misc":{"Escrito por":"Comunica\u00e7\u00e3o PSOL","Est. tempo de leitura":"1 minuto"},"schema":{"@context":"https:\/\/schema.org","@graph":[{"@type":"Article","@id":"https:\/\/psol50.org.br\/ato-entregara-ao-congresso-mais-de-15-milhao-de-assinaturas-em-defesa-da-amazonia\/#article","isPartOf":{"@id":"https:\/\/psol50.org.br\/ato-entregara-ao-congresso-mais-de-15-milhao-de-assinaturas-em-defesa-da-amazonia\/"},"author":{"name":"Comunica\u00e7\u00e3o PSOL","@id":"https:\/\/psol50.org.br\/#\/schema\/person\/475dfa57d0b815993c714c2e96491fcd"},"headline":"Ato entregar\u00e1 ao Congresso mais de 1,5 milh\u00e3o de assinaturas em defesa da Amaz\u00f4nia","datePublished":"2017-09-11T12:56:17+00:00","mainEntityOfPage":{"@id":"https:\/\/psol50.org.br\/ato-entregara-ao-congresso-mais-de-15-milhao-de-assinaturas-em-defesa-da-amazonia\/"},"wordCount":251,"commentCount":0,"publisher":{"@id":"https:\/\/psol50.org.br\/#organization"},"image":{"@id":"https:\/\/psol50.org.br\/ato-entregara-ao-congresso-mais-de-15-milhao-de-assinaturas-em-defesa-da-amazonia\/#primaryimage"},"thumbnailUrl":"","keywords":["#TodosPelaAmaz\u00f4nia","342amaz\u00f4nia","Amaz\u00f4nia","ato","c\u00e2mara","greenpeace","meio ambiente","renca"],"articleSection":["Brasil","Not\u00edcias"],"inLanguage":"pt-BR","potentialAction":[{"@type":"CommentAction","name":"Comment","target":["https:\/\/psol50.org.br\/ato-entregara-ao-congresso-mais-de-15-milhao-de-assinaturas-em-defesa-da-amazonia\/#respond"]}]},{"@type":"WebPage","@id":"https:\/\/psol50.org.br\/ato-entregara-ao-congresso-mais-de-15-milhao-de-assinaturas-em-defesa-da-amazonia\/","url":"https:\/\/psol50.org.br\/ato-entregara-ao-congresso-mais-de-15-milhao-de-assinaturas-em-defesa-da-amazonia\/","name":"Ato entregar\u00e1 ao Congresso mais de 1,5 milh\u00e3o de assinaturas em defesa da Amaz\u00f4nia - PSOL 50","isPartOf":{"@id":"https:\/\/psol50.org.br\/#website"},"primaryImageOfPage":{"@id":"https:\/\/psol50.org.br\/ato-entregara-ao-congresso-mais-de-15-milhao-de-assinaturas-em-defesa-da-amazonia\/#primaryimage"},"image":{"@id":"https:\/\/psol50.org.br\/ato-entregara-ao-congresso-mais-de-15-milhao-de-assinaturas-em-defesa-da-amazonia\/#primaryimage"},"thumbnailUrl":"","datePublished":"2017-09-11T12:56:17+00:00","breadcrumb":{"@id":"https:\/\/psol50.org.br\/ato-entregara-ao-congresso-mais-de-15-milhao-de-assinaturas-em-defesa-da-amazonia\/#breadcrumb"},"inLanguage":"pt-BR","potentialAction":[{"@type":"ReadAction","target":["https:\/\/psol50.org.br\/ato-entregara-ao-congresso-mais-de-15-milhao-de-assinaturas-em-defesa-da-amazonia\/"]}]},{"@type":"ImageObject","inLanguage":"pt-BR","@id":"https:\/\/psol50.org.br\/ato-entregara-ao-congresso-mais-de-15-milhao-de-assinaturas-em-defesa-da-amazonia\/#primaryimage","url":"","contentUrl":""},{"@type":"BreadcrumbList","@id":"https:\/\/psol50.org.br\/ato-entregara-ao-congresso-mais-de-15-milhao-de-assinaturas-em-defesa-da-amazonia\/#breadcrumb","itemListElement":[{"@type":"ListItem","position":1,"name":"In\u00edcio","item":"https:\/\/psol50.org.br\/"},{"@type":"ListItem","position":2,"name":"Ato entregar\u00e1 ao Congresso mais de 1,5 milh\u00e3o de assinaturas em defesa da Amaz\u00f4nia"}]},{"@type":"WebSite","@id":"https:\/\/psol50.org.br\/#website","url":"https:\/\/psol50.org.br\/","name":"PSOL 50","description":"Site oficial do Partido Socialismo e Liberdade","publisher":{"@id":"https:\/\/psol50.org.br\/#organization"},"alternateName":"PSOL50","potentialAction":[{"@type":"SearchAction","target":{"@type":"EntryPoint","urlTemplate":"https:\/\/psol50.org.br\/?s={search_term_string}"},"query-input":{"@type":"PropertyValueSpecification","valueRequired":true,"valueName":"search_term_string"}}],"inLanguage":"pt-BR"},{"@type":"Organization","@id":"https:\/\/psol50.org.br\/#organization","name":"PSOL 50","alternateName":"PSOL 50","url":"https:\/\/psol50.org.br\/","logo":{"@type":"ImageObject","inLanguage":"pt-BR","@id":"https:\/\/psol50.org.br\/#\/schema\/logo\/image\/","url":"https:\/\/psol50.org.br\/inc\/uploads\/2018\/07\/capa.png","contentUrl":"https:\/\/psol50.org.br\/inc\/uploads\/2018\/07\/capa.png","width":1350,"height":900,"caption":"PSOL 50"},"image":{"@id":"https:\/\/psol50.org.br\/#\/schema\/logo\/image\/"},"sameAs":["https:\/\/www.facebook.com\/psol50","https:\/\/x.com\/psol50","https:\/\/www.instagram.com\/psol50\/","https:\/\/www.youtube.com\/channel\/UC7SnJS5o1os7a6CaiNabzcg"]},{"@type":"Person","@id":"https:\/\/psol50.org.br\/#\/schema\/person\/475dfa57d0b815993c714c2e96491fcd","name":"Comunica\u00e7\u00e3o PSOL","image":{"@type":"ImageObject","inLanguage":"pt-BR","@id":"https:\/\/psol50.org.br\/#\/schema\/person\/image\/","url":"https:\/\/secure.gravatar.com\/avatar\/b34fc4f4e468a4e51785917065a3db57b841f5c95dba6ad8c73aaf8f66f8f9bf?s=96&d=mm&r=g","contentUrl":"https:\/\/secure.gravatar.com\/avatar\/b34fc4f4e468a4e51785917065a3db57b841f5c95dba6ad8c73aaf8f66f8f9bf?s=96&d=mm&r=g","caption":"Comunica\u00e7\u00e3o PSOL"}}]}},"_links":{"self":[{"href":"https:\/\/psol50.org.br\/rest\/wp\/v2\/posts\/18060","targetHints":{"allow":["GET"]}}],"collection":[{"href":"https:\/\/psol50.org.br\/rest\/wp\/v2\/posts"}],"about":[{"href":"https:\/\/psol50.org.br\/rest\/wp\/v2\/types\/post"}],"author":[{"embeddable":true,"href":"https:\/\/psol50.org.br\/rest\/wp\/v2\/users\/2"}],"replies":[{"embeddable":true,"href":"https:\/\/psol50.org.br\/rest\/wp\/v2\/comments?post=18060"}],"version-history":[{"count":0,"href":"https:\/\/psol50.org.br\/rest\/wp\/v2\/posts\/18060\/revisions"}],"wp:featuredmedia":[{"embeddable":true,"href":"https:\/\/psol50.org.br\/rest\/"}],"wp:attachment":[{"href":"https:\/\/psol50.org.br\/rest\/wp\/v2\/media?parent=18060"}],"wp:term":[{"taxonomy":"category","embeddable":true,"href":"https:\/\/psol50.org.br\/rest\/wp\/v2\/categories?post=18060"},{"taxonomy":"post_tag","embeddable":true,"href":"https:\/\/psol50.org.br\/rest\/wp\/v2\/tags?post=18060"}],"curies":[{"name":"wp","href":"https:\/\/api.w.org\/{rel}","templated":true}]}}