{"id":18073,"date":"2017-09-12T15:38:01","date_gmt":"2017-09-12T18:38:01","guid":{"rendered":"http:\/\/www.psol50.org.br\/?p=18073"},"modified":"2017-09-12T15:38:01","modified_gmt":"2017-09-12T18:38:01","slug":"em-ato-no-congresso-artistas-e-ativistas-entregam-15-mi-assinaturas-em-defesa-da-amazonia","status":"publish","type":"post","link":"https:\/\/psol50.org.br\/em-ato-no-congresso-artistas-e-ativistas-entregam-15-mi-assinaturas-em-defesa-da-amazonia\/","title":{"rendered":"Em ato no Congresso, artistas e ativistas entregam 1,5 mi assinaturas em defesa da Amaz\u00f4nia"},"content":{"rendered":"<p>Artistas e ativistas, em conjunto com lideran\u00e7as ind\u00edgenas e parlamentares da frente ambientalista, entregaram hoje (12) no Congresso Nacional uma carta de rep\u00fadio aos projetos do governo de Michel Temer que amea\u00e7am a preserva\u00e7\u00e3o da Amaz\u00f4nia. O documento conta com mais de 1,5 milh\u00e3o de assinaturas, que foram coletadas no \u00faltimo m\u00eas pelo Greenpeace, 342 Amaz\u00f4nia e Avaaz em defesa das florestas brasileiras e dos povos tradicionais.<\/p>\n<p>Contando com a presen\u00e7a de personalidades como Suzana Vieira e Cristiane Torloni,\u00a0os manifestantes estiveram pessoalmente no gabinete dos presidentes da C\u00e2mara, Rodrigo Maia (DEM-RJ), e do Senado, Eun\u00edcio Oliveira (PMDB-CE), para demonstrar a insatisfa\u00e7\u00e3o da sociedade civil\u00a0ao conjunto de medidas propostas pelo governo na regi\u00e3o amaz\u00f4nica.<\/p>\n<p>A iniciativa do movimento foi uma rea\u00e7\u00e3o ao decreto de Temer, no final de agosto, que pretendia\u00a0<a href=\"http:\/\/www.psol50.org.br\/todospelaamazonia-campanha-contra-medida-de-temer-que-extingue-reserva-na-amazonia-toma-conta-das-redes\/\" target=\"_blank\" rel=\"noopener\"><strong><span style=\"color: #0000ff;\">extinguir a Reserva Nacional de Cobre e seus Associados (Renca)<\/span><\/strong><\/a>, entregando mais de 4,7 milh\u00f5es de hectares da floresta ao capital privado estrangeiro, amea\u00e7ando a soberania nacional, a biodiversidade e os povos tradicionais.<\/p>\n<p>A press\u00e3o popular havia feito o governo suspender o decreto, anunciando um prazo de 120 dias para um \u201camplo debate\u201d sobre o tema \u2013 isso, por\u00e9m, n\u00e3o significa uma garantia de que os ataques contra a Amaz\u00f4nia acabaram. O PSOL continuar\u00e1 denunciando os ataques desmedidos do governo ileg\u00edtimo ao meio ambiente.<\/p>\n<p>Leia, na \u00edntegra, a carta entregue:<\/p>\n<p><em>\u201cBras\u00edlia, 12 de setembro de 2017<\/em><\/p>\n<p><em>Exmo. Deputado Rodrigo Maia<\/em><br \/>\n<em>Exmo. Senador Eun\u00edcio Oliveira<\/em><\/p>\n<p><em>Representamos milhares de brasileiros que uniram suas vozes para dizer que N\u00c3O ACEITAREMOS a destrui\u00e7\u00e3o da floresta e nem os ataques aos direitos dos povos ind\u00edgenas e popula\u00e7\u00f5es tradicionais.<\/em><\/p>\n<p><em>Juntas, as peti\u00e7\u00f5es do Greenpeace, 342Amaz\u00f4nia e Avaaz j\u00e1 re\u00fanem mais de 1,5 milh\u00e3o de assinaturas de pessoas indignadas com o conjunto de medidas propostas pelo governo e pelo Congresso Nacional contra a Amaz\u00f4nia e o meio ambiente brasileiro: o decreto que extingue a Renca (Reserva Nacional de Cobre e Associados), a flexibiliza\u00e7\u00e3o das regras de minera\u00e7\u00e3o, o desmonte do licenciamento ambiental, a redu\u00e7\u00e3o das \u00e1reas protegidas, a libera\u00e7\u00e3o de agrot\u00f3xicos, a facilita\u00e7\u00e3o da grilagem de terras, o ataque aos direitos ind\u00edgenas e a venda de de terras para estrangeiros, entre outras.<\/em><\/p>\n<p><em>A Amaz\u00f4nia pode ser considerada o cora\u00e7\u00e3o pulsante do nosso planeta, regulando o clima global. Ela tamb\u00e9m armazena bilh\u00f5es de toneladas de carbono. Mais \u00e1gua doce do que em qualquer outro lugar do mundo. E uma incr\u00edvel variedade de plantas e animais. Tamb\u00e9m \u00e9 o lar de milhares de povos ind\u00edgenas e comunidades. Com a Amaz\u00f4nia n\u00e3o se brinca!<\/em><\/p>\n<p><em>\u00c9 por isso que milhares de pessoas se uniram para formar uma rede de prote\u00e7\u00e3o ao redor da Amaz\u00f4nia e seus povos. Cada assinatura recolhida \u2013 e entregue aqui, hoje \u2013 representa a voz de um brasileiro e de uma brasileira, que se erguer\u00e1 e se somar\u00e1 a milhares de outras sempre que uma nova amea\u00e7a contra a floresta surgir. Porque a Amaz\u00f4nia \u00e9 de todos. E somos #TodosPelaAmazonia.<\/em><\/p>\n<p><em>Assinam:<\/em><br \/>\n<em>Artistas, cidad\u00e3s e cidad\u00e3os do 342agora.org.br&#8221;<\/em><\/p>\n<p>https:\/\/www.facebook.com\/MidiaNINJA\/videos\/974579486033530\/<\/p>\n","protected":false},"excerpt":{"rendered":"<p>Artistas e ativistas, em conjunto com lideran\u00e7as ind\u00edgenas e parlamentares da frente ambientalista, entregaram hoje (12) no Congresso Nacional uma carta de rep\u00fadio aos projetos do governo de Michel Temer que amea\u00e7am a preserva\u00e7\u00e3o da Amaz\u00f4nia. O documento conta com mais de 1,5 milh\u00e3o de assinaturas, que foram coletadas no \u00faltimo m\u00eas pelo Greenpeace, 342 [&hellip;]<\/p>\n","protected":false},"author":2,"featured_media":18074,"comment_status":"open","ping_status":"open","sticky":false,"template":"","format":"standard","meta":{"_acf_changed":false,"footnotes":""},"categories":[1882,6],"tags":[3556,96,334,496,98,1748,3517,3563],"class_list":{"0":"post-18073","1":"post","2":"type-post","3":"status-publish","4":"format-standard","5":"has-post-thumbnail","7":"category-brasil","8":"category-noticias","9":"tag-342amazonia","10":"tag-amazonia","11":"tag-ato","12":"tag-congresso-nacional","13":"tag-greenpeace","14":"tag-michel-temer","15":"tag-renca","16":"tag-todospelamazonia"},"acf":[],"yoast_head":"<!-- This site is optimized with the Yoast SEO plugin v26.5 - https:\/\/yoast.com\/wordpress\/plugins\/seo\/ -->\n<title>Em ato no Congresso, artistas e ativistas entregam 1,5 mi assinaturas em defesa da Amaz\u00f4nia - PSOL 50<\/title>\n<meta name=\"robots\" content=\"index, follow, max-snippet:-1, max-image-preview:large, max-video-preview:-1\" \/>\n<link rel=\"canonical\" href=\"https:\/\/psol50.org.br\/em-ato-no-congresso-artistas-e-ativistas-entregam-15-mi-assinaturas-em-defesa-da-amazonia\/\" \/>\n<meta property=\"og:locale\" content=\"pt_BR\" \/>\n<meta property=\"og:type\" content=\"article\" \/>\n<meta property=\"og:title\" content=\"Em ato no Congresso, artistas e ativistas entregam 1,5 mi assinaturas em defesa da Amaz\u00f4nia - PSOL 50\" \/>\n<meta property=\"og:description\" content=\"Artistas e ativistas, em conjunto com lideran\u00e7as ind\u00edgenas e parlamentares da frente ambientalista, entregaram hoje (12) no Congresso Nacional uma carta de rep\u00fadio aos projetos do governo de Michel Temer que amea\u00e7am a preserva\u00e7\u00e3o da Amaz\u00f4nia. O documento conta com mais de 1,5 milh\u00e3o de assinaturas, que foram coletadas no \u00faltimo m\u00eas pelo Greenpeace, 342 [&hellip;]\" \/>\n<meta property=\"og:url\" content=\"https:\/\/psol50.org.br\/em-ato-no-congresso-artistas-e-ativistas-entregam-15-mi-assinaturas-em-defesa-da-amazonia\/\" \/>\n<meta property=\"og:site_name\" content=\"PSOL 50\" \/>\n<meta property=\"article:publisher\" content=\"https:\/\/www.facebook.com\/psol50\" \/>\n<meta property=\"article:published_time\" content=\"2017-09-12T18:38:01+00:00\" \/>\n<meta property=\"og:image\" content=\"https:\/\/psol50.org.br\/inc\/uploads\/2018\/07\/capa.png\" \/>\n\t<meta property=\"og:image:width\" content=\"1350\" \/>\n\t<meta property=\"og:image:height\" content=\"900\" \/>\n\t<meta property=\"og:image:type\" content=\"image\/png\" \/>\n<meta name=\"author\" content=\"Comunica\u00e7\u00e3o PSOL\" \/>\n<meta name=\"twitter:card\" content=\"summary_large_image\" \/>\n<meta name=\"twitter:creator\" content=\"@psol50\" \/>\n<meta name=\"twitter:site\" content=\"@psol50\" \/>\n<meta name=\"twitter:label1\" content=\"Escrito por\" \/>\n\t<meta name=\"twitter:data1\" content=\"Comunica\u00e7\u00e3o PSOL\" \/>\n\t<meta name=\"twitter:label2\" content=\"Est. tempo de leitura\" \/>\n\t<meta name=\"twitter:data2\" content=\"3 minutos\" \/>\n<script type=\"application\/ld+json\" class=\"yoast-schema-graph\">{\"@context\":\"https:\/\/schema.org\",\"@graph\":[{\"@type\":\"Article\",\"@id\":\"https:\/\/psol50.org.br\/em-ato-no-congresso-artistas-e-ativistas-entregam-15-mi-assinaturas-em-defesa-da-amazonia\/#article\",\"isPartOf\":{\"@id\":\"https:\/\/psol50.org.br\/em-ato-no-congresso-artistas-e-ativistas-entregam-15-mi-assinaturas-em-defesa-da-amazonia\/\"},\"author\":{\"name\":\"Comunica\u00e7\u00e3o PSOL\",\"@id\":\"https:\/\/psol50.org.br\/#\/schema\/person\/475dfa57d0b815993c714c2e96491fcd\"},\"headline\":\"Em ato no Congresso, artistas e ativistas entregam 1,5 mi assinaturas em defesa da Amaz\u00f4nia\",\"datePublished\":\"2017-09-12T18:38:01+00:00\",\"mainEntityOfPage\":{\"@id\":\"https:\/\/psol50.org.br\/em-ato-no-congresso-artistas-e-ativistas-entregam-15-mi-assinaturas-em-defesa-da-amazonia\/\"},\"wordCount\":557,\"commentCount\":0,\"publisher\":{\"@id\":\"https:\/\/psol50.org.br\/#organization\"},\"image\":{\"@id\":\"https:\/\/psol50.org.br\/em-ato-no-congresso-artistas-e-ativistas-entregam-15-mi-assinaturas-em-defesa-da-amazonia\/#primaryimage\"},\"thumbnailUrl\":\"\",\"keywords\":[\"342amaz\u00f4nia\",\"Amaz\u00f4nia\",\"ato\",\"Congresso Nacional\",\"greenpeace\",\"Michel Temer\",\"renca\",\"todospelamaz\u00f4nia\"],\"articleSection\":[\"Brasil\",\"Not\u00edcias\"],\"inLanguage\":\"pt-BR\",\"potentialAction\":[{\"@type\":\"CommentAction\",\"name\":\"Comment\",\"target\":[\"https:\/\/psol50.org.br\/em-ato-no-congresso-artistas-e-ativistas-entregam-15-mi-assinaturas-em-defesa-da-amazonia\/#respond\"]}]},{\"@type\":\"WebPage\",\"@id\":\"https:\/\/psol50.org.br\/em-ato-no-congresso-artistas-e-ativistas-entregam-15-mi-assinaturas-em-defesa-da-amazonia\/\",\"url\":\"https:\/\/psol50.org.br\/em-ato-no-congresso-artistas-e-ativistas-entregam-15-mi-assinaturas-em-defesa-da-amazonia\/\",\"name\":\"Em ato no Congresso, artistas e ativistas entregam 1,5 mi assinaturas em defesa da Amaz\u00f4nia - PSOL 50\",\"isPartOf\":{\"@id\":\"https:\/\/psol50.org.br\/#website\"},\"primaryImageOfPage\":{\"@id\":\"https:\/\/psol50.org.br\/em-ato-no-congresso-artistas-e-ativistas-entregam-15-mi-assinaturas-em-defesa-da-amazonia\/#primaryimage\"},\"image\":{\"@id\":\"https:\/\/psol50.org.br\/em-ato-no-congresso-artistas-e-ativistas-entregam-15-mi-assinaturas-em-defesa-da-amazonia\/#primaryimage\"},\"thumbnailUrl\":\"\",\"datePublished\":\"2017-09-12T18:38:01+00:00\",\"breadcrumb\":{\"@id\":\"https:\/\/psol50.org.br\/em-ato-no-congresso-artistas-e-ativistas-entregam-15-mi-assinaturas-em-defesa-da-amazonia\/#breadcrumb\"},\"inLanguage\":\"pt-BR\",\"potentialAction\":[{\"@type\":\"ReadAction\",\"target\":[\"https:\/\/psol50.org.br\/em-ato-no-congresso-artistas-e-ativistas-entregam-15-mi-assinaturas-em-defesa-da-amazonia\/\"]}]},{\"@type\":\"ImageObject\",\"inLanguage\":\"pt-BR\",\"@id\":\"https:\/\/psol50.org.br\/em-ato-no-congresso-artistas-e-ativistas-entregam-15-mi-assinaturas-em-defesa-da-amazonia\/#primaryimage\",\"url\":\"\",\"contentUrl\":\"\"},{\"@type\":\"BreadcrumbList\",\"@id\":\"https:\/\/psol50.org.br\/em-ato-no-congresso-artistas-e-ativistas-entregam-15-mi-assinaturas-em-defesa-da-amazonia\/#breadcrumb\",\"itemListElement\":[{\"@type\":\"ListItem\",\"position\":1,\"name\":\"In\u00edcio\",\"item\":\"https:\/\/psol50.org.br\/\"},{\"@type\":\"ListItem\",\"position\":2,\"name\":\"Em ato no Congresso, artistas e ativistas entregam 1,5 mi assinaturas em defesa da Amaz\u00f4nia\"}]},{\"@type\":\"WebSite\",\"@id\":\"https:\/\/psol50.org.br\/#website\",\"url\":\"https:\/\/psol50.org.br\/\",\"name\":\"PSOL 50\",\"description\":\"Site oficial do Partido Socialismo e Liberdade\",\"publisher\":{\"@id\":\"https:\/\/psol50.org.br\/#organization\"},\"alternateName\":\"PSOL50\",\"potentialAction\":[{\"@type\":\"SearchAction\",\"target\":{\"@type\":\"EntryPoint\",\"urlTemplate\":\"https:\/\/psol50.org.br\/?s={search_term_string}\"},\"query-input\":{\"@type\":\"PropertyValueSpecification\",\"valueRequired\":true,\"valueName\":\"search_term_string\"}}],\"inLanguage\":\"pt-BR\"},{\"@type\":\"Organization\",\"@id\":\"https:\/\/psol50.org.br\/#organization\",\"name\":\"PSOL 50\",\"alternateName\":\"PSOL 50\",\"url\":\"https:\/\/psol50.org.br\/\",\"logo\":{\"@type\":\"ImageObject\",\"inLanguage\":\"pt-BR\",\"@id\":\"https:\/\/psol50.org.br\/#\/schema\/logo\/image\/\",\"url\":\"https:\/\/psol50.org.br\/inc\/uploads\/2018\/07\/capa.png\",\"contentUrl\":\"https:\/\/psol50.org.br\/inc\/uploads\/2018\/07\/capa.png\",\"width\":1350,\"height\":900,\"caption\":\"PSOL 50\"},\"image\":{\"@id\":\"https:\/\/psol50.org.br\/#\/schema\/logo\/image\/\"},\"sameAs\":[\"https:\/\/www.facebook.com\/psol50\",\"https:\/\/x.com\/psol50\",\"https:\/\/www.instagram.com\/psol50\/\",\"https:\/\/www.youtube.com\/channel\/UC7SnJS5o1os7a6CaiNabzcg\"]},{\"@type\":\"Person\",\"@id\":\"https:\/\/psol50.org.br\/#\/schema\/person\/475dfa57d0b815993c714c2e96491fcd\",\"name\":\"Comunica\u00e7\u00e3o PSOL\",\"image\":{\"@type\":\"ImageObject\",\"inLanguage\":\"pt-BR\",\"@id\":\"https:\/\/psol50.org.br\/#\/schema\/person\/image\/\",\"url\":\"https:\/\/secure.gravatar.com\/avatar\/b34fc4f4e468a4e51785917065a3db57b841f5c95dba6ad8c73aaf8f66f8f9bf?s=96&d=mm&r=g\",\"contentUrl\":\"https:\/\/secure.gravatar.com\/avatar\/b34fc4f4e468a4e51785917065a3db57b841f5c95dba6ad8c73aaf8f66f8f9bf?s=96&d=mm&r=g\",\"caption\":\"Comunica\u00e7\u00e3o PSOL\"}}]}<\/script>\n<!-- \/ Yoast SEO plugin. -->","yoast_head_json":{"title":"Em ato no Congresso, artistas e ativistas entregam 1,5 mi assinaturas em defesa da Amaz\u00f4nia - PSOL 50","robots":{"index":"index","follow":"follow","max-snippet":"max-snippet:-1","max-image-preview":"max-image-preview:large","max-video-preview":"max-video-preview:-1"},"canonical":"https:\/\/psol50.org.br\/em-ato-no-congresso-artistas-e-ativistas-entregam-15-mi-assinaturas-em-defesa-da-amazonia\/","og_locale":"pt_BR","og_type":"article","og_title":"Em ato no Congresso, artistas e ativistas entregam 1,5 mi assinaturas em defesa da Amaz\u00f4nia - PSOL 50","og_description":"Artistas e ativistas, em conjunto com lideran\u00e7as ind\u00edgenas e parlamentares da frente ambientalista, entregaram hoje (12) no Congresso Nacional uma carta de rep\u00fadio aos projetos do governo de Michel Temer que amea\u00e7am a preserva\u00e7\u00e3o da Amaz\u00f4nia. O documento conta com mais de 1,5 milh\u00e3o de assinaturas, que foram coletadas no \u00faltimo m\u00eas pelo Greenpeace, 342 [&hellip;]","og_url":"https:\/\/psol50.org.br\/em-ato-no-congresso-artistas-e-ativistas-entregam-15-mi-assinaturas-em-defesa-da-amazonia\/","og_site_name":"PSOL 50","article_publisher":"https:\/\/www.facebook.com\/psol50","article_published_time":"2017-09-12T18:38:01+00:00","og_image":[{"width":1350,"height":900,"url":"https:\/\/psol50.org.br\/inc\/uploads\/2018\/07\/capa.png","type":"image\/png"}],"author":"Comunica\u00e7\u00e3o PSOL","twitter_card":"summary_large_image","twitter_creator":"@psol50","twitter_site":"@psol50","twitter_misc":{"Escrito por":"Comunica\u00e7\u00e3o PSOL","Est. tempo de leitura":"3 minutos"},"schema":{"@context":"https:\/\/schema.org","@graph":[{"@type":"Article","@id":"https:\/\/psol50.org.br\/em-ato-no-congresso-artistas-e-ativistas-entregam-15-mi-assinaturas-em-defesa-da-amazonia\/#article","isPartOf":{"@id":"https:\/\/psol50.org.br\/em-ato-no-congresso-artistas-e-ativistas-entregam-15-mi-assinaturas-em-defesa-da-amazonia\/"},"author":{"name":"Comunica\u00e7\u00e3o PSOL","@id":"https:\/\/psol50.org.br\/#\/schema\/person\/475dfa57d0b815993c714c2e96491fcd"},"headline":"Em ato no Congresso, artistas e ativistas entregam 1,5 mi assinaturas em defesa da Amaz\u00f4nia","datePublished":"2017-09-12T18:38:01+00:00","mainEntityOfPage":{"@id":"https:\/\/psol50.org.br\/em-ato-no-congresso-artistas-e-ativistas-entregam-15-mi-assinaturas-em-defesa-da-amazonia\/"},"wordCount":557,"commentCount":0,"publisher":{"@id":"https:\/\/psol50.org.br\/#organization"},"image":{"@id":"https:\/\/psol50.org.br\/em-ato-no-congresso-artistas-e-ativistas-entregam-15-mi-assinaturas-em-defesa-da-amazonia\/#primaryimage"},"thumbnailUrl":"","keywords":["342amaz\u00f4nia","Amaz\u00f4nia","ato","Congresso Nacional","greenpeace","Michel Temer","renca","todospelamaz\u00f4nia"],"articleSection":["Brasil","Not\u00edcias"],"inLanguage":"pt-BR","potentialAction":[{"@type":"CommentAction","name":"Comment","target":["https:\/\/psol50.org.br\/em-ato-no-congresso-artistas-e-ativistas-entregam-15-mi-assinaturas-em-defesa-da-amazonia\/#respond"]}]},{"@type":"WebPage","@id":"https:\/\/psol50.org.br\/em-ato-no-congresso-artistas-e-ativistas-entregam-15-mi-assinaturas-em-defesa-da-amazonia\/","url":"https:\/\/psol50.org.br\/em-ato-no-congresso-artistas-e-ativistas-entregam-15-mi-assinaturas-em-defesa-da-amazonia\/","name":"Em ato no Congresso, artistas e ativistas entregam 1,5 mi assinaturas em defesa da Amaz\u00f4nia - PSOL 50","isPartOf":{"@id":"https:\/\/psol50.org.br\/#website"},"primaryImageOfPage":{"@id":"https:\/\/psol50.org.br\/em-ato-no-congresso-artistas-e-ativistas-entregam-15-mi-assinaturas-em-defesa-da-amazonia\/#primaryimage"},"image":{"@id":"https:\/\/psol50.org.br\/em-ato-no-congresso-artistas-e-ativistas-entregam-15-mi-assinaturas-em-defesa-da-amazonia\/#primaryimage"},"thumbnailUrl":"","datePublished":"2017-09-12T18:38:01+00:00","breadcrumb":{"@id":"https:\/\/psol50.org.br\/em-ato-no-congresso-artistas-e-ativistas-entregam-15-mi-assinaturas-em-defesa-da-amazonia\/#breadcrumb"},"inLanguage":"pt-BR","potentialAction":[{"@type":"ReadAction","target":["https:\/\/psol50.org.br\/em-ato-no-congresso-artistas-e-ativistas-entregam-15-mi-assinaturas-em-defesa-da-amazonia\/"]}]},{"@type":"ImageObject","inLanguage":"pt-BR","@id":"https:\/\/psol50.org.br\/em-ato-no-congresso-artistas-e-ativistas-entregam-15-mi-assinaturas-em-defesa-da-amazonia\/#primaryimage","url":"","contentUrl":""},{"@type":"BreadcrumbList","@id":"https:\/\/psol50.org.br\/em-ato-no-congresso-artistas-e-ativistas-entregam-15-mi-assinaturas-em-defesa-da-amazonia\/#breadcrumb","itemListElement":[{"@type":"ListItem","position":1,"name":"In\u00edcio","item":"https:\/\/psol50.org.br\/"},{"@type":"ListItem","position":2,"name":"Em ato no Congresso, artistas e ativistas entregam 1,5 mi assinaturas em defesa da Amaz\u00f4nia"}]},{"@type":"WebSite","@id":"https:\/\/psol50.org.br\/#website","url":"https:\/\/psol50.org.br\/","name":"PSOL 50","description":"Site oficial do Partido Socialismo e Liberdade","publisher":{"@id":"https:\/\/psol50.org.br\/#organization"},"alternateName":"PSOL50","potentialAction":[{"@type":"SearchAction","target":{"@type":"EntryPoint","urlTemplate":"https:\/\/psol50.org.br\/?s={search_term_string}"},"query-input":{"@type":"PropertyValueSpecification","valueRequired":true,"valueName":"search_term_string"}}],"inLanguage":"pt-BR"},{"@type":"Organization","@id":"https:\/\/psol50.org.br\/#organization","name":"PSOL 50","alternateName":"PSOL 50","url":"https:\/\/psol50.org.br\/","logo":{"@type":"ImageObject","inLanguage":"pt-BR","@id":"https:\/\/psol50.org.br\/#\/schema\/logo\/image\/","url":"https:\/\/psol50.org.br\/inc\/uploads\/2018\/07\/capa.png","contentUrl":"https:\/\/psol50.org.br\/inc\/uploads\/2018\/07\/capa.png","width":1350,"height":900,"caption":"PSOL 50"},"image":{"@id":"https:\/\/psol50.org.br\/#\/schema\/logo\/image\/"},"sameAs":["https:\/\/www.facebook.com\/psol50","https:\/\/x.com\/psol50","https:\/\/www.instagram.com\/psol50\/","https:\/\/www.youtube.com\/channel\/UC7SnJS5o1os7a6CaiNabzcg"]},{"@type":"Person","@id":"https:\/\/psol50.org.br\/#\/schema\/person\/475dfa57d0b815993c714c2e96491fcd","name":"Comunica\u00e7\u00e3o PSOL","image":{"@type":"ImageObject","inLanguage":"pt-BR","@id":"https:\/\/psol50.org.br\/#\/schema\/person\/image\/","url":"https:\/\/secure.gravatar.com\/avatar\/b34fc4f4e468a4e51785917065a3db57b841f5c95dba6ad8c73aaf8f66f8f9bf?s=96&d=mm&r=g","contentUrl":"https:\/\/secure.gravatar.com\/avatar\/b34fc4f4e468a4e51785917065a3db57b841f5c95dba6ad8c73aaf8f66f8f9bf?s=96&d=mm&r=g","caption":"Comunica\u00e7\u00e3o PSOL"}}]}},"_links":{"self":[{"href":"https:\/\/psol50.org.br\/rest\/wp\/v2\/posts\/18073","targetHints":{"allow":["GET"]}}],"collection":[{"href":"https:\/\/psol50.org.br\/rest\/wp\/v2\/posts"}],"about":[{"href":"https:\/\/psol50.org.br\/rest\/wp\/v2\/types\/post"}],"author":[{"embeddable":true,"href":"https:\/\/psol50.org.br\/rest\/wp\/v2\/users\/2"}],"replies":[{"embeddable":true,"href":"https:\/\/psol50.org.br\/rest\/wp\/v2\/comments?post=18073"}],"version-history":[{"count":0,"href":"https:\/\/psol50.org.br\/rest\/wp\/v2\/posts\/18073\/revisions"}],"wp:featuredmedia":[{"embeddable":true,"href":"https:\/\/psol50.org.br\/rest\/"}],"wp:attachment":[{"href":"https:\/\/psol50.org.br\/rest\/wp\/v2\/media?parent=18073"}],"wp:term":[{"taxonomy":"category","embeddable":true,"href":"https:\/\/psol50.org.br\/rest\/wp\/v2\/categories?post=18073"},{"taxonomy":"post_tag","embeddable":true,"href":"https:\/\/psol50.org.br\/rest\/wp\/v2\/tags?post=18073"}],"curies":[{"name":"wp","href":"https:\/\/api.w.org\/{rel}","templated":true}]}}