{"id":1808,"date":"2013-03-01T00:00:00","date_gmt":"2013-03-01T00:00:00","guid":{"rendered":"http:\/\/psol50.org.br\/arquivo\/2013\/03\/01\/clecio-busca-junto-ao-governo-federal-solucoes-para-problemas-em-macapa\/"},"modified":"2013-03-01T00:00:00","modified_gmt":"2013-03-01T00:00:00","slug":"clecio-busca-junto-ao-governo-federal-solucoes-para-problemas-em-macapa","status":"publish","type":"post","link":"https:\/\/psol50.org.br\/clecio-busca-junto-ao-governo-federal-solucoes-para-problemas-em-macapa\/","title":{"rendered":"Cl\u00e9cio busca junto ao governo federal solu\u00e7\u00f5es para problemas em Macap\u00e1"},"content":{"rendered":"<p>\n<span id=\"yui_3_7_2_1_1362172828839_10168\">O prefeito de Macap\u00e1, Cl\u00e9cio Luis, esteve em Bras\u00edlia nesta semana, e realizou mais uma s\u00e9rie de agendas nos Minist\u00e9rios do governo federal para tratar dos problemas mais urgentes em Macap\u00e1. <\/span><br \/>\n&nbsp;<br \/>\n<span id=\"yui_3_7_2_1_1362172828839_10165\">Ap\u00f3s as inunda\u00e7\u00f5es que danificaram \u00e1reas residenciais e de com\u00e9rcio, a prefeitura de Macap\u00e1 pediu agilidade para acessar recursos emergenciais da defesa civil.&nbsp; O prefeito Cl\u00e9cio Lu\u00eds (PSOL) solicitou na \u00faltima ter\u00e7a-feira (27), junto ao Secret\u00e1rio Executivo do Minist\u00e9rio da Integra\u00e7\u00e3o Nacional (MI), Alexandre Navarro, a libera\u00e7\u00e3o de R$ 4 milh\u00f5es para tomar as medidas necess\u00e1rias e lidar com a situa\u00e7\u00e3o de crise. A reuni\u00e3o contou com o apoio da bancada do Amap\u00e1 na C\u00e2mara. <\/span><br \/>\n&nbsp;<br \/>\n<span id=\"yui_3_7_2_1_1362172828839_10172\">A falta de estrutura financeira para limpeza e coleta de lixo junto com as chuvas do inverno provocaram uma s\u00e9rie de alagamentos na \u00e1rea urbana de Macap\u00e1, o que levou o prefeito a decretar situa\u00e7\u00e3o de emerg\u00eancia no dia 17 de janeiro. A ades\u00e3o do munic\u00edpio ao Cart\u00e3o de Pagamento de Defesa Civil (CPDC) possibilitar\u00e1 imediatismo na presta\u00e7\u00e3o de socorro \u00e0 comunidade macapaense. Para formalizar o uso do cart\u00e3o, cedido pelo Governo Federal, o prefeito entregou ao Minist\u00e9rio da Integra\u00e7\u00e3o Nacional um plano de resposta ao desastre, onde especifica o uso da verba requisitada.<\/span><br \/>\n&nbsp;<br \/>\n<span id=\"yui_3_7_2_1_1362172828839_10174\">O Cart\u00e3o de pagamento da Defesa Civil \u00e9 um recurso disponibilizado pelo Minist\u00e9rio como uma resposta mais c\u00e9lere que cada munic\u00edpio pode dar \u00e0 desastres e crises. Ele n\u00e3o exime os gestores da presta\u00e7\u00e3o de contas, mas torna poss\u00edvel a restaura\u00e7\u00e3o de servi\u00e7os essenciais, assist\u00eancia \u00e0 v\u00edtimas e demais medidas que n\u00e3o possam esperar um longo processo de libera\u00e7\u00e3o de recursos.<\/span><br \/>\n&nbsp;<br \/>\n<span id=\"yui_3_7_2_1_1362172828839_10177\">J\u00e1 no Minist\u00e9rio do Desenvolvimento Agr\u00e1rio, o assunto tratado foi a regulariza\u00e7\u00e3o fundi\u00e1ria. Na reuni\u00e3o com o <\/span><span id=\"yui_3_7_2_1_1362172828839_10179\">ministro Pepe Vargas, o prefeito Cl\u00e9cio Lu\u00eds, acompanhado pelo senador Randolfe Rodrigues (PSOL) e pela bancada do Amap\u00e1 na C\u00e2mara, tratou da estrutura fundi\u00e1ria do munic\u00edpio de Macap\u00e1. Sem regulamenta\u00e7\u00e3o, o munic\u00edpio n\u00e3o tem acesso a recursos importantes do governo federal. <\/span><br \/>\n&nbsp;<br \/>\n<span id=\"yui_3_7_2_1_1362172828839_10180\">\u00c9 do interesse da bancada que o munic\u00edpio detenha autonomia para tomar decis\u00f5es referentes ao uso das terras que ocupa, o que n\u00e3o acontece, devido \u00e0 falta de titularidade. O senador Randolfe destacou a vulnerabilidade legal das \u00e1reas quilombolas e o fato de Macap\u00e1 e Santana n\u00e3o serem contemplados pelo programa Territ\u00f3rios da Cidadania. \u201cMacap\u00e1 \u00e9 uma das cidades listadas no G100 (grupo de 100 cidades com mais de 80 mil habitantes e renda per capita inferior \u00e0 R$ 1 mil)\u201d, disse o senador.<\/span><br \/>\n&nbsp;<br \/>\n<span id=\"yui_3_7_2_1_1362172828839_10184\">Para o prefeito Cl\u00e9cio, a resolu\u00e7\u00e3o da quest\u00e3o fundi\u00e1ria \u00e9 um passo fundamental, um salto qualitativo para a capta\u00e7\u00e3o de recursos para o munic\u00edpio. \u201cDo ponto de vista estrat\u00e9gico a quest\u00e3o fundi\u00e1ria representa o principal gargalo da gest\u00e3o municipal. S\u00e3o recursos, emendas e projetos que n\u00e3o podemos usufruir por n\u00e3o cumprirmos a exig\u00eancia de ter a regulariza\u00e7\u00e3o da propriedade de terras\u201d, reclamou. No encontro, as autoridades discutiram tamb\u00e9m as possibilidades judici\u00e1rias do programa Terra Legal, a expans\u00e3o do Incra no Estado e a apresenta\u00e7\u00e3o de pol\u00edticas p\u00fablicas de incentivo para agricultura familiar.<\/span><br \/>\n&nbsp;<\/p>\n","protected":false},"excerpt":{"rendered":"<p>O prefeito de Macap\u00e1, Cl\u00e9cio Luis, esteve em Bras\u00edlia nesta semana, e realizou mais uma s\u00e9rie de agendas nos Minist\u00e9rios do governo federal para tratar dos problemas mais urgentes em Macap\u00e1. &nbsp; Ap\u00f3s as inunda\u00e7\u00f5es que danificaram \u00e1reas residenciais e de com\u00e9rcio, a prefeitura de Macap\u00e1 pediu agilidade para acessar recursos emergenciais da defesa civil.&nbsp; [&hellip;]<\/p>\n","protected":false},"author":2,"featured_media":0,"comment_status":"open","ping_status":"open","sticky":false,"template":"","format":"standard","meta":{"_acf_changed":false,"footnotes":""},"categories":[4766],"tags":[],"class_list":{"0":"post-1808","1":"post","2":"type-post","3":"status-publish","4":"format-standard","6":"category-arquivo"},"acf":[],"yoast_head":"<!-- This site is optimized with the Yoast SEO plugin v26.5 - https:\/\/yoast.com\/wordpress\/plugins\/seo\/ -->\n<title>Cl\u00e9cio busca junto ao governo federal solu\u00e7\u00f5es para problemas em Macap\u00e1 - PSOL 50<\/title>\n<meta name=\"robots\" content=\"index, follow, max-snippet:-1, max-image-preview:large, max-video-preview:-1\" \/>\n<link rel=\"canonical\" href=\"https:\/\/psol50.org.br\/clecio-busca-junto-ao-governo-federal-solucoes-para-problemas-em-macapa\/\" \/>\n<meta property=\"og:locale\" content=\"pt_BR\" \/>\n<meta property=\"og:type\" content=\"article\" \/>\n<meta property=\"og:title\" content=\"Cl\u00e9cio busca junto ao governo federal solu\u00e7\u00f5es para problemas em Macap\u00e1 - PSOL 50\" \/>\n<meta property=\"og:description\" content=\"O prefeito de Macap\u00e1, Cl\u00e9cio Luis, esteve em Bras\u00edlia nesta semana, e realizou mais uma s\u00e9rie de agendas nos Minist\u00e9rios do governo federal para tratar dos problemas mais urgentes em Macap\u00e1. &nbsp; Ap\u00f3s as inunda\u00e7\u00f5es que danificaram \u00e1reas residenciais e de com\u00e9rcio, a prefeitura de Macap\u00e1 pediu agilidade para acessar recursos emergenciais da defesa civil.&nbsp; [&hellip;]\" \/>\n<meta property=\"og:url\" content=\"https:\/\/psol50.org.br\/clecio-busca-junto-ao-governo-federal-solucoes-para-problemas-em-macapa\/\" \/>\n<meta property=\"og:site_name\" content=\"PSOL 50\" \/>\n<meta property=\"article:publisher\" content=\"https:\/\/www.facebook.com\/psol50\" \/>\n<meta property=\"article:published_time\" content=\"2013-03-01T00:00:00+00:00\" \/>\n<meta property=\"og:image\" content=\"https:\/\/psol50.org.br\/inc\/uploads\/2018\/07\/capa.png\" \/>\n\t<meta property=\"og:image:width\" content=\"1350\" \/>\n\t<meta property=\"og:image:height\" content=\"900\" \/>\n\t<meta property=\"og:image:type\" content=\"image\/png\" \/>\n<meta name=\"author\" content=\"Comunica\u00e7\u00e3o PSOL\" \/>\n<meta name=\"twitter:card\" content=\"summary_large_image\" \/>\n<meta name=\"twitter:creator\" content=\"@psol50\" \/>\n<meta name=\"twitter:site\" content=\"@psol50\" \/>\n<meta name=\"twitter:label1\" content=\"Escrito por\" \/>\n\t<meta name=\"twitter:data1\" content=\"Comunica\u00e7\u00e3o PSOL\" \/>\n\t<meta name=\"twitter:label2\" content=\"Est. tempo de leitura\" \/>\n\t<meta name=\"twitter:data2\" content=\"3 minutos\" \/>\n<script type=\"application\/ld+json\" class=\"yoast-schema-graph\">{\"@context\":\"https:\/\/schema.org\",\"@graph\":[{\"@type\":\"Article\",\"@id\":\"https:\/\/psol50.org.br\/clecio-busca-junto-ao-governo-federal-solucoes-para-problemas-em-macapa\/#article\",\"isPartOf\":{\"@id\":\"https:\/\/psol50.org.br\/clecio-busca-junto-ao-governo-federal-solucoes-para-problemas-em-macapa\/\"},\"author\":{\"name\":\"Comunica\u00e7\u00e3o PSOL\",\"@id\":\"https:\/\/psol50.org.br\/#\/schema\/person\/475dfa57d0b815993c714c2e96491fcd\"},\"headline\":\"Cl\u00e9cio busca junto ao governo federal solu\u00e7\u00f5es para problemas em Macap\u00e1\",\"datePublished\":\"2013-03-01T00:00:00+00:00\",\"mainEntityOfPage\":{\"@id\":\"https:\/\/psol50.org.br\/clecio-busca-junto-ao-governo-federal-solucoes-para-problemas-em-macapa\/\"},\"wordCount\":582,\"commentCount\":0,\"publisher\":{\"@id\":\"https:\/\/psol50.org.br\/#organization\"},\"articleSection\":[\"Arquivo\"],\"inLanguage\":\"pt-BR\",\"potentialAction\":[{\"@type\":\"CommentAction\",\"name\":\"Comment\",\"target\":[\"https:\/\/psol50.org.br\/clecio-busca-junto-ao-governo-federal-solucoes-para-problemas-em-macapa\/#respond\"]}]},{\"@type\":\"WebPage\",\"@id\":\"https:\/\/psol50.org.br\/clecio-busca-junto-ao-governo-federal-solucoes-para-problemas-em-macapa\/\",\"url\":\"https:\/\/psol50.org.br\/clecio-busca-junto-ao-governo-federal-solucoes-para-problemas-em-macapa\/\",\"name\":\"Cl\u00e9cio busca junto ao governo federal solu\u00e7\u00f5es para problemas em Macap\u00e1 - PSOL 50\",\"isPartOf\":{\"@id\":\"https:\/\/psol50.org.br\/#website\"},\"datePublished\":\"2013-03-01T00:00:00+00:00\",\"breadcrumb\":{\"@id\":\"https:\/\/psol50.org.br\/clecio-busca-junto-ao-governo-federal-solucoes-para-problemas-em-macapa\/#breadcrumb\"},\"inLanguage\":\"pt-BR\",\"potentialAction\":[{\"@type\":\"ReadAction\",\"target\":[\"https:\/\/psol50.org.br\/clecio-busca-junto-ao-governo-federal-solucoes-para-problemas-em-macapa\/\"]}]},{\"@type\":\"BreadcrumbList\",\"@id\":\"https:\/\/psol50.org.br\/clecio-busca-junto-ao-governo-federal-solucoes-para-problemas-em-macapa\/#breadcrumb\",\"itemListElement\":[{\"@type\":\"ListItem\",\"position\":1,\"name\":\"In\u00edcio\",\"item\":\"https:\/\/psol50.org.br\/\"},{\"@type\":\"ListItem\",\"position\":2,\"name\":\"Cl\u00e9cio busca junto ao governo federal solu\u00e7\u00f5es para problemas em Macap\u00e1\"}]},{\"@type\":\"WebSite\",\"@id\":\"https:\/\/psol50.org.br\/#website\",\"url\":\"https:\/\/psol50.org.br\/\",\"name\":\"PSOL 50\",\"description\":\"Site oficial do Partido Socialismo e Liberdade\",\"publisher\":{\"@id\":\"https:\/\/psol50.org.br\/#organization\"},\"alternateName\":\"PSOL50\",\"potentialAction\":[{\"@type\":\"SearchAction\",\"target\":{\"@type\":\"EntryPoint\",\"urlTemplate\":\"https:\/\/psol50.org.br\/?s={search_term_string}\"},\"query-input\":{\"@type\":\"PropertyValueSpecification\",\"valueRequired\":true,\"valueName\":\"search_term_string\"}}],\"inLanguage\":\"pt-BR\"},{\"@type\":\"Organization\",\"@id\":\"https:\/\/psol50.org.br\/#organization\",\"name\":\"PSOL 50\",\"alternateName\":\"PSOL 50\",\"url\":\"https:\/\/psol50.org.br\/\",\"logo\":{\"@type\":\"ImageObject\",\"inLanguage\":\"pt-BR\",\"@id\":\"https:\/\/psol50.org.br\/#\/schema\/logo\/image\/\",\"url\":\"https:\/\/psol50.org.br\/inc\/uploads\/2018\/07\/capa.png\",\"contentUrl\":\"https:\/\/psol50.org.br\/inc\/uploads\/2018\/07\/capa.png\",\"width\":1350,\"height\":900,\"caption\":\"PSOL 50\"},\"image\":{\"@id\":\"https:\/\/psol50.org.br\/#\/schema\/logo\/image\/\"},\"sameAs\":[\"https:\/\/www.facebook.com\/psol50\",\"https:\/\/x.com\/psol50\",\"https:\/\/www.instagram.com\/psol50\/\",\"https:\/\/www.youtube.com\/channel\/UC7SnJS5o1os7a6CaiNabzcg\"]},{\"@type\":\"Person\",\"@id\":\"https:\/\/psol50.org.br\/#\/schema\/person\/475dfa57d0b815993c714c2e96491fcd\",\"name\":\"Comunica\u00e7\u00e3o PSOL\",\"image\":{\"@type\":\"ImageObject\",\"inLanguage\":\"pt-BR\",\"@id\":\"https:\/\/psol50.org.br\/#\/schema\/person\/image\/\",\"url\":\"https:\/\/secure.gravatar.com\/avatar\/b34fc4f4e468a4e51785917065a3db57b841f5c95dba6ad8c73aaf8f66f8f9bf?s=96&d=mm&r=g\",\"contentUrl\":\"https:\/\/secure.gravatar.com\/avatar\/b34fc4f4e468a4e51785917065a3db57b841f5c95dba6ad8c73aaf8f66f8f9bf?s=96&d=mm&r=g\",\"caption\":\"Comunica\u00e7\u00e3o PSOL\"}}]}<\/script>\n<!-- \/ Yoast SEO plugin. -->","yoast_head_json":{"title":"Cl\u00e9cio busca junto ao governo federal solu\u00e7\u00f5es para problemas em Macap\u00e1 - PSOL 50","robots":{"index":"index","follow":"follow","max-snippet":"max-snippet:-1","max-image-preview":"max-image-preview:large","max-video-preview":"max-video-preview:-1"},"canonical":"https:\/\/psol50.org.br\/clecio-busca-junto-ao-governo-federal-solucoes-para-problemas-em-macapa\/","og_locale":"pt_BR","og_type":"article","og_title":"Cl\u00e9cio busca junto ao governo federal solu\u00e7\u00f5es para problemas em Macap\u00e1 - PSOL 50","og_description":"O prefeito de Macap\u00e1, Cl\u00e9cio Luis, esteve em Bras\u00edlia nesta semana, e realizou mais uma s\u00e9rie de agendas nos Minist\u00e9rios do governo federal para tratar dos problemas mais urgentes em Macap\u00e1. &nbsp; Ap\u00f3s as inunda\u00e7\u00f5es que danificaram \u00e1reas residenciais e de com\u00e9rcio, a prefeitura de Macap\u00e1 pediu agilidade para acessar recursos emergenciais da defesa civil.&nbsp; [&hellip;]","og_url":"https:\/\/psol50.org.br\/clecio-busca-junto-ao-governo-federal-solucoes-para-problemas-em-macapa\/","og_site_name":"PSOL 50","article_publisher":"https:\/\/www.facebook.com\/psol50","article_published_time":"2013-03-01T00:00:00+00:00","og_image":[{"width":1350,"height":900,"url":"https:\/\/psol50.org.br\/inc\/uploads\/2018\/07\/capa.png","type":"image\/png"}],"author":"Comunica\u00e7\u00e3o PSOL","twitter_card":"summary_large_image","twitter_creator":"@psol50","twitter_site":"@psol50","twitter_misc":{"Escrito por":"Comunica\u00e7\u00e3o PSOL","Est. tempo de leitura":"3 minutos"},"schema":{"@context":"https:\/\/schema.org","@graph":[{"@type":"Article","@id":"https:\/\/psol50.org.br\/clecio-busca-junto-ao-governo-federal-solucoes-para-problemas-em-macapa\/#article","isPartOf":{"@id":"https:\/\/psol50.org.br\/clecio-busca-junto-ao-governo-federal-solucoes-para-problemas-em-macapa\/"},"author":{"name":"Comunica\u00e7\u00e3o PSOL","@id":"https:\/\/psol50.org.br\/#\/schema\/person\/475dfa57d0b815993c714c2e96491fcd"},"headline":"Cl\u00e9cio busca junto ao governo federal solu\u00e7\u00f5es para problemas em Macap\u00e1","datePublished":"2013-03-01T00:00:00+00:00","mainEntityOfPage":{"@id":"https:\/\/psol50.org.br\/clecio-busca-junto-ao-governo-federal-solucoes-para-problemas-em-macapa\/"},"wordCount":582,"commentCount":0,"publisher":{"@id":"https:\/\/psol50.org.br\/#organization"},"articleSection":["Arquivo"],"inLanguage":"pt-BR","potentialAction":[{"@type":"CommentAction","name":"Comment","target":["https:\/\/psol50.org.br\/clecio-busca-junto-ao-governo-federal-solucoes-para-problemas-em-macapa\/#respond"]}]},{"@type":"WebPage","@id":"https:\/\/psol50.org.br\/clecio-busca-junto-ao-governo-federal-solucoes-para-problemas-em-macapa\/","url":"https:\/\/psol50.org.br\/clecio-busca-junto-ao-governo-federal-solucoes-para-problemas-em-macapa\/","name":"Cl\u00e9cio busca junto ao governo federal solu\u00e7\u00f5es para problemas em Macap\u00e1 - PSOL 50","isPartOf":{"@id":"https:\/\/psol50.org.br\/#website"},"datePublished":"2013-03-01T00:00:00+00:00","breadcrumb":{"@id":"https:\/\/psol50.org.br\/clecio-busca-junto-ao-governo-federal-solucoes-para-problemas-em-macapa\/#breadcrumb"},"inLanguage":"pt-BR","potentialAction":[{"@type":"ReadAction","target":["https:\/\/psol50.org.br\/clecio-busca-junto-ao-governo-federal-solucoes-para-problemas-em-macapa\/"]}]},{"@type":"BreadcrumbList","@id":"https:\/\/psol50.org.br\/clecio-busca-junto-ao-governo-federal-solucoes-para-problemas-em-macapa\/#breadcrumb","itemListElement":[{"@type":"ListItem","position":1,"name":"In\u00edcio","item":"https:\/\/psol50.org.br\/"},{"@type":"ListItem","position":2,"name":"Cl\u00e9cio busca junto ao governo federal solu\u00e7\u00f5es para problemas em Macap\u00e1"}]},{"@type":"WebSite","@id":"https:\/\/psol50.org.br\/#website","url":"https:\/\/psol50.org.br\/","name":"PSOL 50","description":"Site oficial do Partido Socialismo e Liberdade","publisher":{"@id":"https:\/\/psol50.org.br\/#organization"},"alternateName":"PSOL50","potentialAction":[{"@type":"SearchAction","target":{"@type":"EntryPoint","urlTemplate":"https:\/\/psol50.org.br\/?s={search_term_string}"},"query-input":{"@type":"PropertyValueSpecification","valueRequired":true,"valueName":"search_term_string"}}],"inLanguage":"pt-BR"},{"@type":"Organization","@id":"https:\/\/psol50.org.br\/#organization","name":"PSOL 50","alternateName":"PSOL 50","url":"https:\/\/psol50.org.br\/","logo":{"@type":"ImageObject","inLanguage":"pt-BR","@id":"https:\/\/psol50.org.br\/#\/schema\/logo\/image\/","url":"https:\/\/psol50.org.br\/inc\/uploads\/2018\/07\/capa.png","contentUrl":"https:\/\/psol50.org.br\/inc\/uploads\/2018\/07\/capa.png","width":1350,"height":900,"caption":"PSOL 50"},"image":{"@id":"https:\/\/psol50.org.br\/#\/schema\/logo\/image\/"},"sameAs":["https:\/\/www.facebook.com\/psol50","https:\/\/x.com\/psol50","https:\/\/www.instagram.com\/psol50\/","https:\/\/www.youtube.com\/channel\/UC7SnJS5o1os7a6CaiNabzcg"]},{"@type":"Person","@id":"https:\/\/psol50.org.br\/#\/schema\/person\/475dfa57d0b815993c714c2e96491fcd","name":"Comunica\u00e7\u00e3o PSOL","image":{"@type":"ImageObject","inLanguage":"pt-BR","@id":"https:\/\/psol50.org.br\/#\/schema\/person\/image\/","url":"https:\/\/secure.gravatar.com\/avatar\/b34fc4f4e468a4e51785917065a3db57b841f5c95dba6ad8c73aaf8f66f8f9bf?s=96&d=mm&r=g","contentUrl":"https:\/\/secure.gravatar.com\/avatar\/b34fc4f4e468a4e51785917065a3db57b841f5c95dba6ad8c73aaf8f66f8f9bf?s=96&d=mm&r=g","caption":"Comunica\u00e7\u00e3o PSOL"}}]}},"_links":{"self":[{"href":"https:\/\/psol50.org.br\/rest\/wp\/v2\/posts\/1808","targetHints":{"allow":["GET"]}}],"collection":[{"href":"https:\/\/psol50.org.br\/rest\/wp\/v2\/posts"}],"about":[{"href":"https:\/\/psol50.org.br\/rest\/wp\/v2\/types\/post"}],"author":[{"embeddable":true,"href":"https:\/\/psol50.org.br\/rest\/wp\/v2\/users\/2"}],"replies":[{"embeddable":true,"href":"https:\/\/psol50.org.br\/rest\/wp\/v2\/comments?post=1808"}],"version-history":[{"count":0,"href":"https:\/\/psol50.org.br\/rest\/wp\/v2\/posts\/1808\/revisions"}],"wp:attachment":[{"href":"https:\/\/psol50.org.br\/rest\/wp\/v2\/media?parent=1808"}],"wp:term":[{"taxonomy":"category","embeddable":true,"href":"https:\/\/psol50.org.br\/rest\/wp\/v2\/categories?post=1808"},{"taxonomy":"post_tag","embeddable":true,"href":"https:\/\/psol50.org.br\/rest\/wp\/v2\/tags?post=1808"}],"curies":[{"name":"wp","href":"https:\/\/api.w.org\/{rel}","templated":true}]}}