{"id":18100,"date":"2017-09-18T10:37:40","date_gmt":"2017-09-18T13:37:40","guid":{"rendered":"http:\/\/www.psol50.org.br\/?p=18100"},"modified":"2017-09-18T10:37:40","modified_gmt":"2017-09-18T13:37:40","slug":"reducao-da-maioridade-penal-pode-ser-votada-esta-semana-em-comissao-no-senado","status":"publish","type":"post","link":"https:\/\/psol50.org.br\/reducao-da-maioridade-penal-pode-ser-votada-esta-semana-em-comissao-no-senado\/","title":{"rendered":"Redu\u00e7\u00e3o da maioridade penal pode ser votada, esta semana, em comiss\u00e3o no Senado"},"content":{"rendered":"<p>Est\u00e1 na pauta da Comiss\u00e3o de Constitui\u00e7\u00e3o, Justi\u00e7a e Cidadania do Senado Federal (CCJ) parecer do senador Ricardo Ferra\u00e7o (PSDB-ES) \u00e0 <a href=\"http:\/\/www25.senado.leg.br\/web\/atividade\/materias\/-\/materia\/106330\" target=\"_blank\" rel=\"noopener\"><strong><span style=\"color: #0000ff;\">Proposta de Emenda \u00e0 Constitui\u00e7\u00e3o 33\/2012<\/span><\/strong><\/a>, que trata da redu\u00e7\u00e3o da maioridade penal a partir dos 16 anos. Pela proposta, \u00e9 de responsabilidade do Minist\u00e9rio P\u00fablico a &#8220;desconsidera\u00e7\u00e3o da inimputabilidade penal de maiores de dezesseis anos e menores de dezoito anos por lei complementar&#8221;.<\/p>\n<p>De autoria do senador tucano Aloysio Nunes Ferreira (SP), a PEC considera os crimes elencados na lei de crimes hediondos, bem como os crimes contra a vida e casos de reincid\u00eancia de roubo, como os previstos para a aplica\u00e7\u00e3o da redu\u00e7\u00e3o da maioridade penal . O tr\u00e1fico de drogas foi exclu\u00eddo do rol pelo atual relator da mat\u00e9ria.<\/p>\n<p>Com a inclus\u00e3o da mat\u00e9ria na pauta da CCJ do Senado, volta ao centro das discuss\u00f5es um dos temas mais combatidos pelos movimentos sociais durante a gest\u00e3o de Eduardo Cunha na presid\u00eancia da C\u00e2mara dos Deputados. Em 2015, o ex-deputado, atualmente preso, conseguiu manobrar para aprovar a ent\u00e3o <a href=\"http:\/\/www.camara.gov.br\/proposicoesWeb\/fichadetramitacao?idProposicao=14493\" target=\"_blank\" rel=\"noopener\"><strong><span style=\"color: #0000ff;\">PEC 171\/93<\/span><\/strong><\/a>\u00a0em dois turnos na C\u00e2mara, mesmo ap\u00f3s uma derrota no plen\u00e1rio da Casa. A bancada do <strong><span style=\"color: #0000ff;\"><a href=\"https:\/\/www.facebook.com\/psolnacamara\/\" target=\"_blank\" rel=\"noopener\">PSOL na C\u00e2mara<\/a>\u00a0<\/span><\/strong>\u00a0denunciou o golpe imposto por Cunha na ocasi\u00e3o <a href=\"http:\/\/www.psol50.org.br\/?s=redu%C3%A7%C3%A3o+da+maioridade+penal\" target=\"_blank\" rel=\"noopener\"><strong><span style=\"color: #0000ff;\">e votou contra proposta nas duas vota\u00e7\u00f5es realizadas no plen\u00e1rio.<\/span><\/strong><\/a><\/p>\n<figure id=\"attachment_18104\" aria-describedby=\"caption-attachment-18104\" style=\"width: 600px\" class=\"wp-caption aligncenter\"><img loading=\"lazy\" decoding=\"async\" class=\"wp-image-18104 size-medium\" src=\"http:\/\/www.psol50.org.br\/inc\/uploads\/2017\/09\/protesto-no-rio-contra-reduc3a7c3a3o-da-maioridade-penal-tomaz-silva-abr-600x398.jpg\" alt=\"\" width=\"600\" height=\"398\" \/><figcaption id=\"caption-attachment-18104\" class=\"wp-caption-text\"><em>Tomaz Silva\/Ag\u00eancia Brasil<\/em><\/figcaption><\/figure>\n<p>A proposta que ser\u00e1 apreciada na CCJ do Senado \u00e9 diferente da que foi votada em 2015 na C\u00e2mara, mas igualmente perigosa e precisa ser derrotada. Al\u00e9m de militantes de diversas organiza\u00e7\u00f5es do movimento social, v\u00e1rios juristas apontam os problemas da PEC.<\/p>\n<p>Na avalia\u00e7\u00e3o do professor de Direito Penal da Universidade Presbiteriana Mackenzie,\u00a0Humberto Barrionuevo Fabretti, o mais cruel de tudo isso \u00e9 que o sistema punitivo continuar\u00e1 a girar suas engrenagens para moer a mesma carne que vem moendo desde sempre. &#8220;A redu\u00e7\u00e3o da idade penal apenas permitir\u00e1 que carnes mais jovens e tenras sejam processadas nessa m\u00e1quina de produzir injusti\u00e7as. Muda-se a idade, mas continuaremos a moer a carne mais barata do mercado&#8221;<em>.<\/em><\/p>\n<p>Durante os debates sobre o tema na gest\u00e3o de Eduardo Cunha, o Instituto Brasileiro de Ci\u00eancias Criminais (IBCCRIM),<strong>\u00a0<\/strong>que re\u00fane estudiosos de Direito Penal, Processual Penal, Criminologia, dentre outros assuntos, afirmou, em artigo publicado \u00e0 \u00e9poca, que, ao reduzir a maioridade,\u00a0\u201co Estado n\u00e3o apenas deixar\u00e1 de cumprir a promessa de redu\u00e7\u00e3o da viol\u00eancia, como a incrementar\u00e1, uma vez que, ao excluir os jovens justamente no per\u00edodo em que est\u00e3o a aprender a lidar com a emancipa\u00e7\u00e3o e a liberdade, criar\u00e1 ambientes mais prop\u00edcios para o ingresso da juventude nas carreiras criminosas\u201d<em>.<\/em><\/p>\n","protected":false},"excerpt":{"rendered":"<p>Est\u00e1 na pauta da Comiss\u00e3o de Constitui\u00e7\u00e3o, Justi\u00e7a e Cidadania do Senado Federal (CCJ) parecer do senador Ricardo Ferra\u00e7o (PSDB-ES) \u00e0 Proposta de Emenda \u00e0 Constitui\u00e7\u00e3o 33\/2012, que trata da redu\u00e7\u00e3o da maioridade penal a partir dos 16 anos. Pela proposta, \u00e9 de responsabilidade do Minist\u00e9rio P\u00fablico a &#8220;desconsidera\u00e7\u00e3o da inimputabilidade penal de maiores de [&hellip;]<\/p>\n","protected":false},"author":2,"featured_media":18101,"comment_status":"open","ping_status":"open","sticky":false,"template":"","format":"standard","meta":{"_acf_changed":false,"footnotes":""},"categories":[10,1882,6],"tags":[238,1375,2890,3570,3571,22,3572,3166,2431,233],"class_list":{"0":"post-18100","1":"post","2":"type-post","3":"status-publish","4":"format-standard","5":"has-post-thumbnail","7":"category-acao-parlamentares","8":"category-brasil","9":"category-noticias","10":"tag-adolescentes","11":"tag-ccj","12":"tag-eduardo-cunha","13":"tag-pec-17193","14":"tag-pec-332012","15":"tag-psol","16":"tag-reducao-da-maioridade-penal","17":"tag-ricardo-ferraco","18":"tag-senado-federal","19":"tag-violencia"},"acf":[],"yoast_head":"<!-- This site is optimized with the Yoast SEO plugin v26.5 - https:\/\/yoast.com\/wordpress\/plugins\/seo\/ -->\n<title>Redu\u00e7\u00e3o da maioridade penal pode ser votada, esta semana, em comiss\u00e3o no Senado - PSOL 50<\/title>\n<meta name=\"robots\" content=\"index, follow, max-snippet:-1, max-image-preview:large, max-video-preview:-1\" \/>\n<link rel=\"canonical\" href=\"https:\/\/psol50.org.br\/reducao-da-maioridade-penal-pode-ser-votada-esta-semana-em-comissao-no-senado\/\" \/>\n<meta property=\"og:locale\" content=\"pt_BR\" \/>\n<meta property=\"og:type\" content=\"article\" \/>\n<meta property=\"og:title\" content=\"Redu\u00e7\u00e3o da maioridade penal pode ser votada, esta semana, em comiss\u00e3o no Senado - PSOL 50\" \/>\n<meta property=\"og:description\" content=\"Est\u00e1 na pauta da Comiss\u00e3o de Constitui\u00e7\u00e3o, Justi\u00e7a e Cidadania do Senado Federal (CCJ) parecer do senador Ricardo Ferra\u00e7o (PSDB-ES) \u00e0 Proposta de Emenda \u00e0 Constitui\u00e7\u00e3o 33\/2012, que trata da redu\u00e7\u00e3o da maioridade penal a partir dos 16 anos. Pela proposta, \u00e9 de responsabilidade do Minist\u00e9rio P\u00fablico a &#8220;desconsidera\u00e7\u00e3o da inimputabilidade penal de maiores de [&hellip;]\" \/>\n<meta property=\"og:url\" content=\"https:\/\/psol50.org.br\/reducao-da-maioridade-penal-pode-ser-votada-esta-semana-em-comissao-no-senado\/\" \/>\n<meta property=\"og:site_name\" content=\"PSOL 50\" \/>\n<meta property=\"article:publisher\" content=\"https:\/\/www.facebook.com\/psol50\" \/>\n<meta property=\"article:published_time\" content=\"2017-09-18T13:37:40+00:00\" \/>\n<meta property=\"og:image\" content=\"https:\/\/psol50.org.br\/inc\/uploads\/2018\/07\/capa.png\" \/>\n\t<meta property=\"og:image:width\" content=\"1350\" \/>\n\t<meta property=\"og:image:height\" content=\"900\" \/>\n\t<meta property=\"og:image:type\" content=\"image\/png\" \/>\n<meta name=\"author\" content=\"Comunica\u00e7\u00e3o PSOL\" \/>\n<meta name=\"twitter:card\" content=\"summary_large_image\" \/>\n<meta name=\"twitter:creator\" content=\"@psol50\" \/>\n<meta name=\"twitter:site\" content=\"@psol50\" \/>\n<meta name=\"twitter:label1\" content=\"Escrito por\" \/>\n\t<meta name=\"twitter:data1\" content=\"Comunica\u00e7\u00e3o PSOL\" \/>\n\t<meta name=\"twitter:label2\" content=\"Est. tempo de leitura\" \/>\n\t<meta name=\"twitter:data2\" content=\"2 minutos\" \/>\n<script type=\"application\/ld+json\" class=\"yoast-schema-graph\">{\"@context\":\"https:\/\/schema.org\",\"@graph\":[{\"@type\":\"Article\",\"@id\":\"https:\/\/psol50.org.br\/reducao-da-maioridade-penal-pode-ser-votada-esta-semana-em-comissao-no-senado\/#article\",\"isPartOf\":{\"@id\":\"https:\/\/psol50.org.br\/reducao-da-maioridade-penal-pode-ser-votada-esta-semana-em-comissao-no-senado\/\"},\"author\":{\"name\":\"Comunica\u00e7\u00e3o PSOL\",\"@id\":\"https:\/\/psol50.org.br\/#\/schema\/person\/475dfa57d0b815993c714c2e96491fcd\"},\"headline\":\"Redu\u00e7\u00e3o da maioridade penal pode ser votada, esta semana, em comiss\u00e3o no Senado\",\"datePublished\":\"2017-09-18T13:37:40+00:00\",\"mainEntityOfPage\":{\"@id\":\"https:\/\/psol50.org.br\/reducao-da-maioridade-penal-pode-ser-votada-esta-semana-em-comissao-no-senado\/\"},\"wordCount\":479,\"commentCount\":0,\"publisher\":{\"@id\":\"https:\/\/psol50.org.br\/#organization\"},\"image\":{\"@id\":\"https:\/\/psol50.org.br\/reducao-da-maioridade-penal-pode-ser-votada-esta-semana-em-comissao-no-senado\/#primaryimage\"},\"thumbnailUrl\":\"\",\"keywords\":[\"adolescentes\",\"CCJ\",\"Eduardo Cunha\",\"PEC 171\/93\",\"PEC 33\/2012\",\"PSOL\",\"redu\u00e7\u00e3o da maioridade penal\",\"Ricardo Ferra\u00e7o\",\"Senado Federal\",\"viol\u00eancia\"],\"articleSection\":[\"A\u00e7\u00e3o Parlamentar\",\"Brasil\",\"Not\u00edcias\"],\"inLanguage\":\"pt-BR\",\"potentialAction\":[{\"@type\":\"CommentAction\",\"name\":\"Comment\",\"target\":[\"https:\/\/psol50.org.br\/reducao-da-maioridade-penal-pode-ser-votada-esta-semana-em-comissao-no-senado\/#respond\"]}]},{\"@type\":\"WebPage\",\"@id\":\"https:\/\/psol50.org.br\/reducao-da-maioridade-penal-pode-ser-votada-esta-semana-em-comissao-no-senado\/\",\"url\":\"https:\/\/psol50.org.br\/reducao-da-maioridade-penal-pode-ser-votada-esta-semana-em-comissao-no-senado\/\",\"name\":\"Redu\u00e7\u00e3o da maioridade penal pode ser votada, esta semana, em comiss\u00e3o no Senado - PSOL 50\",\"isPartOf\":{\"@id\":\"https:\/\/psol50.org.br\/#website\"},\"primaryImageOfPage\":{\"@id\":\"https:\/\/psol50.org.br\/reducao-da-maioridade-penal-pode-ser-votada-esta-semana-em-comissao-no-senado\/#primaryimage\"},\"image\":{\"@id\":\"https:\/\/psol50.org.br\/reducao-da-maioridade-penal-pode-ser-votada-esta-semana-em-comissao-no-senado\/#primaryimage\"},\"thumbnailUrl\":\"\",\"datePublished\":\"2017-09-18T13:37:40+00:00\",\"breadcrumb\":{\"@id\":\"https:\/\/psol50.org.br\/reducao-da-maioridade-penal-pode-ser-votada-esta-semana-em-comissao-no-senado\/#breadcrumb\"},\"inLanguage\":\"pt-BR\",\"potentialAction\":[{\"@type\":\"ReadAction\",\"target\":[\"https:\/\/psol50.org.br\/reducao-da-maioridade-penal-pode-ser-votada-esta-semana-em-comissao-no-senado\/\"]}]},{\"@type\":\"ImageObject\",\"inLanguage\":\"pt-BR\",\"@id\":\"https:\/\/psol50.org.br\/reducao-da-maioridade-penal-pode-ser-votada-esta-semana-em-comissao-no-senado\/#primaryimage\",\"url\":\"\",\"contentUrl\":\"\"},{\"@type\":\"BreadcrumbList\",\"@id\":\"https:\/\/psol50.org.br\/reducao-da-maioridade-penal-pode-ser-votada-esta-semana-em-comissao-no-senado\/#breadcrumb\",\"itemListElement\":[{\"@type\":\"ListItem\",\"position\":1,\"name\":\"In\u00edcio\",\"item\":\"https:\/\/psol50.org.br\/\"},{\"@type\":\"ListItem\",\"position\":2,\"name\":\"Redu\u00e7\u00e3o da maioridade penal pode ser votada, esta semana, em comiss\u00e3o no Senado\"}]},{\"@type\":\"WebSite\",\"@id\":\"https:\/\/psol50.org.br\/#website\",\"url\":\"https:\/\/psol50.org.br\/\",\"name\":\"PSOL 50\",\"description\":\"Site oficial do Partido Socialismo e Liberdade\",\"publisher\":{\"@id\":\"https:\/\/psol50.org.br\/#organization\"},\"alternateName\":\"PSOL50\",\"potentialAction\":[{\"@type\":\"SearchAction\",\"target\":{\"@type\":\"EntryPoint\",\"urlTemplate\":\"https:\/\/psol50.org.br\/?s={search_term_string}\"},\"query-input\":{\"@type\":\"PropertyValueSpecification\",\"valueRequired\":true,\"valueName\":\"search_term_string\"}}],\"inLanguage\":\"pt-BR\"},{\"@type\":\"Organization\",\"@id\":\"https:\/\/psol50.org.br\/#organization\",\"name\":\"PSOL 50\",\"alternateName\":\"PSOL 50\",\"url\":\"https:\/\/psol50.org.br\/\",\"logo\":{\"@type\":\"ImageObject\",\"inLanguage\":\"pt-BR\",\"@id\":\"https:\/\/psol50.org.br\/#\/schema\/logo\/image\/\",\"url\":\"https:\/\/psol50.org.br\/inc\/uploads\/2018\/07\/capa.png\",\"contentUrl\":\"https:\/\/psol50.org.br\/inc\/uploads\/2018\/07\/capa.png\",\"width\":1350,\"height\":900,\"caption\":\"PSOL 50\"},\"image\":{\"@id\":\"https:\/\/psol50.org.br\/#\/schema\/logo\/image\/\"},\"sameAs\":[\"https:\/\/www.facebook.com\/psol50\",\"https:\/\/x.com\/psol50\",\"https:\/\/www.instagram.com\/psol50\/\",\"https:\/\/www.youtube.com\/channel\/UC7SnJS5o1os7a6CaiNabzcg\"]},{\"@type\":\"Person\",\"@id\":\"https:\/\/psol50.org.br\/#\/schema\/person\/475dfa57d0b815993c714c2e96491fcd\",\"name\":\"Comunica\u00e7\u00e3o PSOL\",\"image\":{\"@type\":\"ImageObject\",\"inLanguage\":\"pt-BR\",\"@id\":\"https:\/\/psol50.org.br\/#\/schema\/person\/image\/\",\"url\":\"https:\/\/secure.gravatar.com\/avatar\/b34fc4f4e468a4e51785917065a3db57b841f5c95dba6ad8c73aaf8f66f8f9bf?s=96&d=mm&r=g\",\"contentUrl\":\"https:\/\/secure.gravatar.com\/avatar\/b34fc4f4e468a4e51785917065a3db57b841f5c95dba6ad8c73aaf8f66f8f9bf?s=96&d=mm&r=g\",\"caption\":\"Comunica\u00e7\u00e3o PSOL\"}}]}<\/script>\n<!-- \/ Yoast SEO plugin. -->","yoast_head_json":{"title":"Redu\u00e7\u00e3o da maioridade penal pode ser votada, esta semana, em comiss\u00e3o no Senado - PSOL 50","robots":{"index":"index","follow":"follow","max-snippet":"max-snippet:-1","max-image-preview":"max-image-preview:large","max-video-preview":"max-video-preview:-1"},"canonical":"https:\/\/psol50.org.br\/reducao-da-maioridade-penal-pode-ser-votada-esta-semana-em-comissao-no-senado\/","og_locale":"pt_BR","og_type":"article","og_title":"Redu\u00e7\u00e3o da maioridade penal pode ser votada, esta semana, em comiss\u00e3o no Senado - PSOL 50","og_description":"Est\u00e1 na pauta da Comiss\u00e3o de Constitui\u00e7\u00e3o, Justi\u00e7a e Cidadania do Senado Federal (CCJ) parecer do senador Ricardo Ferra\u00e7o (PSDB-ES) \u00e0 Proposta de Emenda \u00e0 Constitui\u00e7\u00e3o 33\/2012, que trata da redu\u00e7\u00e3o da maioridade penal a partir dos 16 anos. Pela proposta, \u00e9 de responsabilidade do Minist\u00e9rio P\u00fablico a &#8220;desconsidera\u00e7\u00e3o da inimputabilidade penal de maiores de [&hellip;]","og_url":"https:\/\/psol50.org.br\/reducao-da-maioridade-penal-pode-ser-votada-esta-semana-em-comissao-no-senado\/","og_site_name":"PSOL 50","article_publisher":"https:\/\/www.facebook.com\/psol50","article_published_time":"2017-09-18T13:37:40+00:00","og_image":[{"width":1350,"height":900,"url":"https:\/\/psol50.org.br\/inc\/uploads\/2018\/07\/capa.png","type":"image\/png"}],"author":"Comunica\u00e7\u00e3o PSOL","twitter_card":"summary_large_image","twitter_creator":"@psol50","twitter_site":"@psol50","twitter_misc":{"Escrito por":"Comunica\u00e7\u00e3o PSOL","Est. tempo de leitura":"2 minutos"},"schema":{"@context":"https:\/\/schema.org","@graph":[{"@type":"Article","@id":"https:\/\/psol50.org.br\/reducao-da-maioridade-penal-pode-ser-votada-esta-semana-em-comissao-no-senado\/#article","isPartOf":{"@id":"https:\/\/psol50.org.br\/reducao-da-maioridade-penal-pode-ser-votada-esta-semana-em-comissao-no-senado\/"},"author":{"name":"Comunica\u00e7\u00e3o PSOL","@id":"https:\/\/psol50.org.br\/#\/schema\/person\/475dfa57d0b815993c714c2e96491fcd"},"headline":"Redu\u00e7\u00e3o da maioridade penal pode ser votada, esta semana, em comiss\u00e3o no Senado","datePublished":"2017-09-18T13:37:40+00:00","mainEntityOfPage":{"@id":"https:\/\/psol50.org.br\/reducao-da-maioridade-penal-pode-ser-votada-esta-semana-em-comissao-no-senado\/"},"wordCount":479,"commentCount":0,"publisher":{"@id":"https:\/\/psol50.org.br\/#organization"},"image":{"@id":"https:\/\/psol50.org.br\/reducao-da-maioridade-penal-pode-ser-votada-esta-semana-em-comissao-no-senado\/#primaryimage"},"thumbnailUrl":"","keywords":["adolescentes","CCJ","Eduardo Cunha","PEC 171\/93","PEC 33\/2012","PSOL","redu\u00e7\u00e3o da maioridade penal","Ricardo Ferra\u00e7o","Senado Federal","viol\u00eancia"],"articleSection":["A\u00e7\u00e3o Parlamentar","Brasil","Not\u00edcias"],"inLanguage":"pt-BR","potentialAction":[{"@type":"CommentAction","name":"Comment","target":["https:\/\/psol50.org.br\/reducao-da-maioridade-penal-pode-ser-votada-esta-semana-em-comissao-no-senado\/#respond"]}]},{"@type":"WebPage","@id":"https:\/\/psol50.org.br\/reducao-da-maioridade-penal-pode-ser-votada-esta-semana-em-comissao-no-senado\/","url":"https:\/\/psol50.org.br\/reducao-da-maioridade-penal-pode-ser-votada-esta-semana-em-comissao-no-senado\/","name":"Redu\u00e7\u00e3o da maioridade penal pode ser votada, esta semana, em comiss\u00e3o no Senado - PSOL 50","isPartOf":{"@id":"https:\/\/psol50.org.br\/#website"},"primaryImageOfPage":{"@id":"https:\/\/psol50.org.br\/reducao-da-maioridade-penal-pode-ser-votada-esta-semana-em-comissao-no-senado\/#primaryimage"},"image":{"@id":"https:\/\/psol50.org.br\/reducao-da-maioridade-penal-pode-ser-votada-esta-semana-em-comissao-no-senado\/#primaryimage"},"thumbnailUrl":"","datePublished":"2017-09-18T13:37:40+00:00","breadcrumb":{"@id":"https:\/\/psol50.org.br\/reducao-da-maioridade-penal-pode-ser-votada-esta-semana-em-comissao-no-senado\/#breadcrumb"},"inLanguage":"pt-BR","potentialAction":[{"@type":"ReadAction","target":["https:\/\/psol50.org.br\/reducao-da-maioridade-penal-pode-ser-votada-esta-semana-em-comissao-no-senado\/"]}]},{"@type":"ImageObject","inLanguage":"pt-BR","@id":"https:\/\/psol50.org.br\/reducao-da-maioridade-penal-pode-ser-votada-esta-semana-em-comissao-no-senado\/#primaryimage","url":"","contentUrl":""},{"@type":"BreadcrumbList","@id":"https:\/\/psol50.org.br\/reducao-da-maioridade-penal-pode-ser-votada-esta-semana-em-comissao-no-senado\/#breadcrumb","itemListElement":[{"@type":"ListItem","position":1,"name":"In\u00edcio","item":"https:\/\/psol50.org.br\/"},{"@type":"ListItem","position":2,"name":"Redu\u00e7\u00e3o da maioridade penal pode ser votada, esta semana, em comiss\u00e3o no Senado"}]},{"@type":"WebSite","@id":"https:\/\/psol50.org.br\/#website","url":"https:\/\/psol50.org.br\/","name":"PSOL 50","description":"Site oficial do Partido Socialismo e Liberdade","publisher":{"@id":"https:\/\/psol50.org.br\/#organization"},"alternateName":"PSOL50","potentialAction":[{"@type":"SearchAction","target":{"@type":"EntryPoint","urlTemplate":"https:\/\/psol50.org.br\/?s={search_term_string}"},"query-input":{"@type":"PropertyValueSpecification","valueRequired":true,"valueName":"search_term_string"}}],"inLanguage":"pt-BR"},{"@type":"Organization","@id":"https:\/\/psol50.org.br\/#organization","name":"PSOL 50","alternateName":"PSOL 50","url":"https:\/\/psol50.org.br\/","logo":{"@type":"ImageObject","inLanguage":"pt-BR","@id":"https:\/\/psol50.org.br\/#\/schema\/logo\/image\/","url":"https:\/\/psol50.org.br\/inc\/uploads\/2018\/07\/capa.png","contentUrl":"https:\/\/psol50.org.br\/inc\/uploads\/2018\/07\/capa.png","width":1350,"height":900,"caption":"PSOL 50"},"image":{"@id":"https:\/\/psol50.org.br\/#\/schema\/logo\/image\/"},"sameAs":["https:\/\/www.facebook.com\/psol50","https:\/\/x.com\/psol50","https:\/\/www.instagram.com\/psol50\/","https:\/\/www.youtube.com\/channel\/UC7SnJS5o1os7a6CaiNabzcg"]},{"@type":"Person","@id":"https:\/\/psol50.org.br\/#\/schema\/person\/475dfa57d0b815993c714c2e96491fcd","name":"Comunica\u00e7\u00e3o PSOL","image":{"@type":"ImageObject","inLanguage":"pt-BR","@id":"https:\/\/psol50.org.br\/#\/schema\/person\/image\/","url":"https:\/\/secure.gravatar.com\/avatar\/b34fc4f4e468a4e51785917065a3db57b841f5c95dba6ad8c73aaf8f66f8f9bf?s=96&d=mm&r=g","contentUrl":"https:\/\/secure.gravatar.com\/avatar\/b34fc4f4e468a4e51785917065a3db57b841f5c95dba6ad8c73aaf8f66f8f9bf?s=96&d=mm&r=g","caption":"Comunica\u00e7\u00e3o PSOL"}}]}},"_links":{"self":[{"href":"https:\/\/psol50.org.br\/rest\/wp\/v2\/posts\/18100","targetHints":{"allow":["GET"]}}],"collection":[{"href":"https:\/\/psol50.org.br\/rest\/wp\/v2\/posts"}],"about":[{"href":"https:\/\/psol50.org.br\/rest\/wp\/v2\/types\/post"}],"author":[{"embeddable":true,"href":"https:\/\/psol50.org.br\/rest\/wp\/v2\/users\/2"}],"replies":[{"embeddable":true,"href":"https:\/\/psol50.org.br\/rest\/wp\/v2\/comments?post=18100"}],"version-history":[{"count":0,"href":"https:\/\/psol50.org.br\/rest\/wp\/v2\/posts\/18100\/revisions"}],"wp:featuredmedia":[{"embeddable":true,"href":"https:\/\/psol50.org.br\/rest\/"}],"wp:attachment":[{"href":"https:\/\/psol50.org.br\/rest\/wp\/v2\/media?parent=18100"}],"wp:term":[{"taxonomy":"category","embeddable":true,"href":"https:\/\/psol50.org.br\/rest\/wp\/v2\/categories?post=18100"},{"taxonomy":"post_tag","embeddable":true,"href":"https:\/\/psol50.org.br\/rest\/wp\/v2\/tags?post=18100"}],"curies":[{"name":"wp","href":"https:\/\/api.w.org\/{rel}","templated":true}]}}