{"id":1811,"date":"2013-03-01T00:00:00","date_gmt":"2013-03-01T00:00:00","guid":{"rendered":"http:\/\/psol50.org.br\/arquivo\/2013\/03\/01\/para-presidente-do-psol-mp-dos-portos-e-mais-um-pretexto-para-a-privatizacao\/"},"modified":"2013-03-01T00:00:00","modified_gmt":"2013-03-01T00:00:00","slug":"para-presidente-do-psol-mp-dos-portos-e-mais-um-pretexto-para-a-privatizacao","status":"publish","type":"post","link":"https:\/\/psol50.org.br\/para-presidente-do-psol-mp-dos-portos-e-mais-um-pretexto-para-a-privatizacao\/","title":{"rendered":"Para presidente do PSOL, MP dos portos \u00e9 mais um pretexto para a privatiza\u00e7\u00e3o"},"content":{"rendered":"<div style=\"text-align: justify;\">\n\tUm tema de grande import\u00e2ncia para o desenvolvimento do pa\u00eds ganhou destaque no debate pol\u00edtico e econ\u00f4mico desta semana, a partir das manifesta\u00e7\u00f5es sobre os efeitos da Medida Provis\u00f3ria 595, editada em 6 de dezembro de 2012 pela presidenta Dilma Rousseff. Conhecida como MP dos Portos, esta medida provis\u00f3ria muda as regras de opera\u00e7\u00e3o dos terminais portu\u00e1rios no Brasil, representando a privatiza\u00e7\u00e3o do setor. Para o presidente do PSOL, deputado Ivan Valente (SP), mais uma, o governo federal planeja ceder \u00e0 iniciativa privada o controle de um setor n\u00e3o apenas estrat\u00e9gico, mas tamb\u00e9m extremamente lucrativo. De acordo com ele, o argumento principal dos defensores da MP da privatiza\u00e7\u00e3o dos portos, travestida novamente de \u201cconcess\u00e3o\u201d de servi\u00e7os p\u00fablicos \u00e0 iniciativa privada, \u00e9 o mesmo utilizado quando da privatiza\u00e7\u00e3o dos aeroportos.<br \/>\n\t&nbsp;<br \/>\n\tIvan explica que essa vis\u00e3o, segundo esta vis\u00e3o de mercado do desenvolvimento nacional, a \u201cmoderniza\u00e7\u00e3o\u201d da infraestrutura do pa\u00eds depende fundamentalmente do incremento do investimento privado. O que no caso brasileiro, com uma economia viciada nas altas taxas de juros e no lucro financeiro f\u00e1cil, s\u00f3 ocorre, ainda que parcialmente, quando o Estado, com dinheiro p\u00fablico atrav\u00e9s do BNDES, d\u00e1 todas as garantias poss\u00edveis para que estes investimentos tenham uma alta taxa de retorno.<br \/>\n\t&nbsp;<br \/>\n\t\u201cO problema \u00e9 que a falta de apetite privado para investir continua refletindo a prefer\u00eancia dos capitalistas pela esfera financeira, ainda alimentada por uma das maiores taxas de juros do mundo que s\u00e3o as praticadas no Brasil, alimentando o famigerado capitalismo sem risco brasileiro. Ou seja, o governo acaba pagando em dobro para que sua estrat\u00e9gia ganhe ades\u00e3o de parte do empresariado nacional\u201d, ressalta o presidente do PSOL.<br \/>\n\t&nbsp;<br \/>\n\tEle explica, ainda, que al\u00e9m de pagar altos juros para os financiadores da d\u00edvida p\u00fablica, o governo tem que lan\u00e7ar m\u00e3o do controle de setores estrat\u00e9gicos com a concess\u00e3o de servi\u00e7os extremamente lucrativos e vantajosos ao capital privado. O plano de concess\u00f5es\/privatiza\u00e7\u00f5es do governo anunciado em 2012 garante ainda a car\u00eancia de cinco anos para o in\u00edcio do pagamento dos empr\u00e9stimos, sendo que os contratos ter\u00e3o validade de 30 anos e ser\u00e3o alimentados por volumoso financiamento p\u00fablico. \u201cTudo isso, \u00e9 claro, gra\u00e7as aos financiamentos generosos do BNDES, a taxas de juros subsidiadas e sem nenhuma exig\u00eancia de contrapartida em rela\u00e7\u00e3o a gera\u00e7\u00e3o de emprego ou direitos sociais e trabalhistas\u201d, pondera.<br \/>\n\t&nbsp;<br \/>\n\tO plano de concess\u00f5es\/privatiza\u00e7\u00f5es do governo Dilma prev\u00ea o repasse para a gest\u00e3o privada de 7,5 mil quil\u00f4metros de rodovias, 10 mil quil\u00f4metros de ferrovias, os aeroportos j\u00e1 privatizados e agora os terminais portu\u00e1rios brasileiros. A perspectiva \u00e9 que este pacote de concess\u00f5es\/privatiza\u00e7\u00f5es mobilize cerca de 200 bilh\u00f5es nos pr\u00f3ximos cinco anos, sem contar os 36 bilh\u00f5es previstos para a constru\u00e7\u00e3o do trem bala.<br \/>\n\t&nbsp;<br \/>\n\t\u201cEste modelo de parceria do governo com a iniciativa privada, que afirma estar guiado pela justa preocupa\u00e7\u00e3o com o aumento da taxa de investimento no pa\u00eds, perde de vista que esta necessidade de maior investimento s\u00f3 pode ser atingida com o aumento do investimento p\u00fablico em \u00e1rea como infraestrutura, pois o setor privado n\u00e3o tem interesse em investir em \u00e1reas cuja principal raz\u00e3o n\u00e3o seja o lucro, mas sim o atendimento de demandas sociais\u201d, pontuou Ivan, durante pronunciamento no plen\u00e1rio da C\u00e2mara.<br \/>\n\t&nbsp;<br \/>\n\tEm rela\u00e7\u00e3o aos trabalhadores, a lideran\u00e7a do PSOL considera que a paralisa\u00e7\u00e3o de 24 horas realizada pelos trabalhadores portu\u00e1rios em v\u00e1rios estados, e que teve como principal express\u00e3o a paralisa\u00e7\u00e3o dos cerca de 4 mil trabalhadores do porto de Santos, \u00e9 uma indica\u00e7\u00e3o de que a tramita\u00e7\u00e3o da MP dos Portos dever\u00e1 alimentar um importante debate no Congresso Nacional sobre este setor estrat\u00e9gico para o desenvolvimento do pa\u00eds.<br \/>\n\t&nbsp;<br \/>\n\t\u201cRepetindo a experi\u00eancia recente do C\u00f3digo Florestal e da privatiza\u00e7\u00e3o dos aeroportos, o governo federal iniciou o debate da MP dos Portos privilegiando os setores empresariais interessados em participar deste novo processo de leil\u00e3o dos servi\u00e7os p\u00fablicos, e colocando em segundo plano o debate com os setores sociais organizados e com os trabalhadores do setor portu\u00e1rio\u201d, enfatiza.<br \/>\n\t&nbsp;<br \/>\n\tSegundo Ivan Valente, o PSOL defende um amplo espa\u00e7o para a discuss\u00e3o sobre as consequ\u00eancias da MP dos Portos e rejeita seu car\u00e1ter privatista e de retirada de direitos. \u201cO PSOL vem novamente \u00e0 tribuna da C\u00e2mara dos Deputados se solidarizar com os trabalhadores portu\u00e1rios que lutam pela manuten\u00e7\u00e3o de direitos e exigir transpar\u00eancia e participa\u00e7\u00e3o popular neste debate\u201d, disse.<\/div>\n<p>&nbsp;<br \/>\n&nbsp;<\/p>\n","protected":false},"excerpt":{"rendered":"<p>Um tema de grande import\u00e2ncia para o desenvolvimento do pa\u00eds ganhou destaque no debate pol\u00edtico e econ\u00f4mico desta semana, a partir das manifesta\u00e7\u00f5es sobre os efeitos da Medida Provis\u00f3ria 595, editada em 6 de dezembro de 2012 pela presidenta Dilma Rousseff. Conhecida como MP dos Portos, esta medida provis\u00f3ria muda as regras de opera\u00e7\u00e3o dos [&hellip;]<\/p>\n","protected":false},"author":2,"featured_media":0,"comment_status":"open","ping_status":"open","sticky":false,"template":"","format":"standard","meta":{"_acf_changed":false,"footnotes":""},"categories":[4766],"tags":[22],"class_list":{"0":"post-1811","1":"post","2":"type-post","3":"status-publish","4":"format-standard","6":"category-arquivo","7":"tag-psol"},"acf":[],"yoast_head":"<!-- This site is optimized with the Yoast SEO plugin v26.5 - https:\/\/yoast.com\/wordpress\/plugins\/seo\/ -->\n<title>Para presidente do PSOL, MP dos portos \u00e9 mais um pretexto para a privatiza\u00e7\u00e3o - PSOL 50<\/title>\n<meta name=\"robots\" content=\"index, follow, max-snippet:-1, max-image-preview:large, max-video-preview:-1\" \/>\n<link rel=\"canonical\" href=\"https:\/\/psol50.org.br\/para-presidente-do-psol-mp-dos-portos-e-mais-um-pretexto-para-a-privatizacao\/\" \/>\n<meta property=\"og:locale\" content=\"pt_BR\" \/>\n<meta property=\"og:type\" content=\"article\" \/>\n<meta property=\"og:title\" content=\"Para presidente do PSOL, MP dos portos \u00e9 mais um pretexto para a privatiza\u00e7\u00e3o - PSOL 50\" \/>\n<meta property=\"og:description\" content=\"Um tema de grande import\u00e2ncia para o desenvolvimento do pa\u00eds ganhou destaque no debate pol\u00edtico e econ\u00f4mico desta semana, a partir das manifesta\u00e7\u00f5es sobre os efeitos da Medida Provis\u00f3ria 595, editada em 6 de dezembro de 2012 pela presidenta Dilma Rousseff. Conhecida como MP dos Portos, esta medida provis\u00f3ria muda as regras de opera\u00e7\u00e3o dos [&hellip;]\" \/>\n<meta property=\"og:url\" content=\"https:\/\/psol50.org.br\/para-presidente-do-psol-mp-dos-portos-e-mais-um-pretexto-para-a-privatizacao\/\" \/>\n<meta property=\"og:site_name\" content=\"PSOL 50\" \/>\n<meta property=\"article:publisher\" content=\"https:\/\/www.facebook.com\/psol50\" \/>\n<meta property=\"article:published_time\" content=\"2013-03-01T00:00:00+00:00\" \/>\n<meta property=\"og:image\" content=\"https:\/\/psol50.org.br\/inc\/uploads\/2018\/07\/capa.png\" \/>\n\t<meta property=\"og:image:width\" content=\"1350\" \/>\n\t<meta property=\"og:image:height\" content=\"900\" \/>\n\t<meta property=\"og:image:type\" content=\"image\/png\" \/>\n<meta name=\"author\" content=\"Comunica\u00e7\u00e3o PSOL\" \/>\n<meta name=\"twitter:card\" content=\"summary_large_image\" \/>\n<meta name=\"twitter:creator\" content=\"@psol50\" \/>\n<meta name=\"twitter:site\" content=\"@psol50\" \/>\n<meta name=\"twitter:label1\" content=\"Escrito por\" \/>\n\t<meta name=\"twitter:data1\" content=\"Comunica\u00e7\u00e3o PSOL\" \/>\n\t<meta name=\"twitter:label2\" content=\"Est. tempo de leitura\" \/>\n\t<meta name=\"twitter:data2\" content=\"4 minutos\" \/>\n<script type=\"application\/ld+json\" class=\"yoast-schema-graph\">{\"@context\":\"https:\/\/schema.org\",\"@graph\":[{\"@type\":\"Article\",\"@id\":\"https:\/\/psol50.org.br\/para-presidente-do-psol-mp-dos-portos-e-mais-um-pretexto-para-a-privatizacao\/#article\",\"isPartOf\":{\"@id\":\"https:\/\/psol50.org.br\/para-presidente-do-psol-mp-dos-portos-e-mais-um-pretexto-para-a-privatizacao\/\"},\"author\":{\"name\":\"Comunica\u00e7\u00e3o PSOL\",\"@id\":\"https:\/\/psol50.org.br\/#\/schema\/person\/475dfa57d0b815993c714c2e96491fcd\"},\"headline\":\"Para presidente do PSOL, MP dos portos \u00e9 mais um pretexto para a privatiza\u00e7\u00e3o\",\"datePublished\":\"2013-03-01T00:00:00+00:00\",\"mainEntityOfPage\":{\"@id\":\"https:\/\/psol50.org.br\/para-presidente-do-psol-mp-dos-portos-e-mais-um-pretexto-para-a-privatizacao\/\"},\"wordCount\":817,\"commentCount\":0,\"publisher\":{\"@id\":\"https:\/\/psol50.org.br\/#organization\"},\"keywords\":[\"PSOL\"],\"articleSection\":[\"Arquivo\"],\"inLanguage\":\"pt-BR\",\"potentialAction\":[{\"@type\":\"CommentAction\",\"name\":\"Comment\",\"target\":[\"https:\/\/psol50.org.br\/para-presidente-do-psol-mp-dos-portos-e-mais-um-pretexto-para-a-privatizacao\/#respond\"]}]},{\"@type\":\"WebPage\",\"@id\":\"https:\/\/psol50.org.br\/para-presidente-do-psol-mp-dos-portos-e-mais-um-pretexto-para-a-privatizacao\/\",\"url\":\"https:\/\/psol50.org.br\/para-presidente-do-psol-mp-dos-portos-e-mais-um-pretexto-para-a-privatizacao\/\",\"name\":\"Para presidente do PSOL, MP dos portos \u00e9 mais um pretexto para a privatiza\u00e7\u00e3o - PSOL 50\",\"isPartOf\":{\"@id\":\"https:\/\/psol50.org.br\/#website\"},\"datePublished\":\"2013-03-01T00:00:00+00:00\",\"breadcrumb\":{\"@id\":\"https:\/\/psol50.org.br\/para-presidente-do-psol-mp-dos-portos-e-mais-um-pretexto-para-a-privatizacao\/#breadcrumb\"},\"inLanguage\":\"pt-BR\",\"potentialAction\":[{\"@type\":\"ReadAction\",\"target\":[\"https:\/\/psol50.org.br\/para-presidente-do-psol-mp-dos-portos-e-mais-um-pretexto-para-a-privatizacao\/\"]}]},{\"@type\":\"BreadcrumbList\",\"@id\":\"https:\/\/psol50.org.br\/para-presidente-do-psol-mp-dos-portos-e-mais-um-pretexto-para-a-privatizacao\/#breadcrumb\",\"itemListElement\":[{\"@type\":\"ListItem\",\"position\":1,\"name\":\"In\u00edcio\",\"item\":\"https:\/\/psol50.org.br\/\"},{\"@type\":\"ListItem\",\"position\":2,\"name\":\"Para presidente do PSOL, MP dos portos \u00e9 mais um pretexto para a privatiza\u00e7\u00e3o\"}]},{\"@type\":\"WebSite\",\"@id\":\"https:\/\/psol50.org.br\/#website\",\"url\":\"https:\/\/psol50.org.br\/\",\"name\":\"PSOL 50\",\"description\":\"Site oficial do Partido Socialismo e Liberdade\",\"publisher\":{\"@id\":\"https:\/\/psol50.org.br\/#organization\"},\"alternateName\":\"PSOL50\",\"potentialAction\":[{\"@type\":\"SearchAction\",\"target\":{\"@type\":\"EntryPoint\",\"urlTemplate\":\"https:\/\/psol50.org.br\/?s={search_term_string}\"},\"query-input\":{\"@type\":\"PropertyValueSpecification\",\"valueRequired\":true,\"valueName\":\"search_term_string\"}}],\"inLanguage\":\"pt-BR\"},{\"@type\":\"Organization\",\"@id\":\"https:\/\/psol50.org.br\/#organization\",\"name\":\"PSOL 50\",\"alternateName\":\"PSOL 50\",\"url\":\"https:\/\/psol50.org.br\/\",\"logo\":{\"@type\":\"ImageObject\",\"inLanguage\":\"pt-BR\",\"@id\":\"https:\/\/psol50.org.br\/#\/schema\/logo\/image\/\",\"url\":\"https:\/\/psol50.org.br\/inc\/uploads\/2018\/07\/capa.png\",\"contentUrl\":\"https:\/\/psol50.org.br\/inc\/uploads\/2018\/07\/capa.png\",\"width\":1350,\"height\":900,\"caption\":\"PSOL 50\"},\"image\":{\"@id\":\"https:\/\/psol50.org.br\/#\/schema\/logo\/image\/\"},\"sameAs\":[\"https:\/\/www.facebook.com\/psol50\",\"https:\/\/x.com\/psol50\",\"https:\/\/www.instagram.com\/psol50\/\",\"https:\/\/www.youtube.com\/channel\/UC7SnJS5o1os7a6CaiNabzcg\"]},{\"@type\":\"Person\",\"@id\":\"https:\/\/psol50.org.br\/#\/schema\/person\/475dfa57d0b815993c714c2e96491fcd\",\"name\":\"Comunica\u00e7\u00e3o PSOL\",\"image\":{\"@type\":\"ImageObject\",\"inLanguage\":\"pt-BR\",\"@id\":\"https:\/\/psol50.org.br\/#\/schema\/person\/image\/\",\"url\":\"https:\/\/secure.gravatar.com\/avatar\/b34fc4f4e468a4e51785917065a3db57b841f5c95dba6ad8c73aaf8f66f8f9bf?s=96&d=mm&r=g\",\"contentUrl\":\"https:\/\/secure.gravatar.com\/avatar\/b34fc4f4e468a4e51785917065a3db57b841f5c95dba6ad8c73aaf8f66f8f9bf?s=96&d=mm&r=g\",\"caption\":\"Comunica\u00e7\u00e3o PSOL\"}}]}<\/script>\n<!-- \/ Yoast SEO plugin. -->","yoast_head_json":{"title":"Para presidente do PSOL, MP dos portos \u00e9 mais um pretexto para a privatiza\u00e7\u00e3o - PSOL 50","robots":{"index":"index","follow":"follow","max-snippet":"max-snippet:-1","max-image-preview":"max-image-preview:large","max-video-preview":"max-video-preview:-1"},"canonical":"https:\/\/psol50.org.br\/para-presidente-do-psol-mp-dos-portos-e-mais-um-pretexto-para-a-privatizacao\/","og_locale":"pt_BR","og_type":"article","og_title":"Para presidente do PSOL, MP dos portos \u00e9 mais um pretexto para a privatiza\u00e7\u00e3o - PSOL 50","og_description":"Um tema de grande import\u00e2ncia para o desenvolvimento do pa\u00eds ganhou destaque no debate pol\u00edtico e econ\u00f4mico desta semana, a partir das manifesta\u00e7\u00f5es sobre os efeitos da Medida Provis\u00f3ria 595, editada em 6 de dezembro de 2012 pela presidenta Dilma Rousseff. Conhecida como MP dos Portos, esta medida provis\u00f3ria muda as regras de opera\u00e7\u00e3o dos [&hellip;]","og_url":"https:\/\/psol50.org.br\/para-presidente-do-psol-mp-dos-portos-e-mais-um-pretexto-para-a-privatizacao\/","og_site_name":"PSOL 50","article_publisher":"https:\/\/www.facebook.com\/psol50","article_published_time":"2013-03-01T00:00:00+00:00","og_image":[{"width":1350,"height":900,"url":"https:\/\/psol50.org.br\/inc\/uploads\/2018\/07\/capa.png","type":"image\/png"}],"author":"Comunica\u00e7\u00e3o PSOL","twitter_card":"summary_large_image","twitter_creator":"@psol50","twitter_site":"@psol50","twitter_misc":{"Escrito por":"Comunica\u00e7\u00e3o PSOL","Est. tempo de leitura":"4 minutos"},"schema":{"@context":"https:\/\/schema.org","@graph":[{"@type":"Article","@id":"https:\/\/psol50.org.br\/para-presidente-do-psol-mp-dos-portos-e-mais-um-pretexto-para-a-privatizacao\/#article","isPartOf":{"@id":"https:\/\/psol50.org.br\/para-presidente-do-psol-mp-dos-portos-e-mais-um-pretexto-para-a-privatizacao\/"},"author":{"name":"Comunica\u00e7\u00e3o PSOL","@id":"https:\/\/psol50.org.br\/#\/schema\/person\/475dfa57d0b815993c714c2e96491fcd"},"headline":"Para presidente do PSOL, MP dos portos \u00e9 mais um pretexto para a privatiza\u00e7\u00e3o","datePublished":"2013-03-01T00:00:00+00:00","mainEntityOfPage":{"@id":"https:\/\/psol50.org.br\/para-presidente-do-psol-mp-dos-portos-e-mais-um-pretexto-para-a-privatizacao\/"},"wordCount":817,"commentCount":0,"publisher":{"@id":"https:\/\/psol50.org.br\/#organization"},"keywords":["PSOL"],"articleSection":["Arquivo"],"inLanguage":"pt-BR","potentialAction":[{"@type":"CommentAction","name":"Comment","target":["https:\/\/psol50.org.br\/para-presidente-do-psol-mp-dos-portos-e-mais-um-pretexto-para-a-privatizacao\/#respond"]}]},{"@type":"WebPage","@id":"https:\/\/psol50.org.br\/para-presidente-do-psol-mp-dos-portos-e-mais-um-pretexto-para-a-privatizacao\/","url":"https:\/\/psol50.org.br\/para-presidente-do-psol-mp-dos-portos-e-mais-um-pretexto-para-a-privatizacao\/","name":"Para presidente do PSOL, MP dos portos \u00e9 mais um pretexto para a privatiza\u00e7\u00e3o - PSOL 50","isPartOf":{"@id":"https:\/\/psol50.org.br\/#website"},"datePublished":"2013-03-01T00:00:00+00:00","breadcrumb":{"@id":"https:\/\/psol50.org.br\/para-presidente-do-psol-mp-dos-portos-e-mais-um-pretexto-para-a-privatizacao\/#breadcrumb"},"inLanguage":"pt-BR","potentialAction":[{"@type":"ReadAction","target":["https:\/\/psol50.org.br\/para-presidente-do-psol-mp-dos-portos-e-mais-um-pretexto-para-a-privatizacao\/"]}]},{"@type":"BreadcrumbList","@id":"https:\/\/psol50.org.br\/para-presidente-do-psol-mp-dos-portos-e-mais-um-pretexto-para-a-privatizacao\/#breadcrumb","itemListElement":[{"@type":"ListItem","position":1,"name":"In\u00edcio","item":"https:\/\/psol50.org.br\/"},{"@type":"ListItem","position":2,"name":"Para presidente do PSOL, MP dos portos \u00e9 mais um pretexto para a privatiza\u00e7\u00e3o"}]},{"@type":"WebSite","@id":"https:\/\/psol50.org.br\/#website","url":"https:\/\/psol50.org.br\/","name":"PSOL 50","description":"Site oficial do Partido Socialismo e Liberdade","publisher":{"@id":"https:\/\/psol50.org.br\/#organization"},"alternateName":"PSOL50","potentialAction":[{"@type":"SearchAction","target":{"@type":"EntryPoint","urlTemplate":"https:\/\/psol50.org.br\/?s={search_term_string}"},"query-input":{"@type":"PropertyValueSpecification","valueRequired":true,"valueName":"search_term_string"}}],"inLanguage":"pt-BR"},{"@type":"Organization","@id":"https:\/\/psol50.org.br\/#organization","name":"PSOL 50","alternateName":"PSOL 50","url":"https:\/\/psol50.org.br\/","logo":{"@type":"ImageObject","inLanguage":"pt-BR","@id":"https:\/\/psol50.org.br\/#\/schema\/logo\/image\/","url":"https:\/\/psol50.org.br\/inc\/uploads\/2018\/07\/capa.png","contentUrl":"https:\/\/psol50.org.br\/inc\/uploads\/2018\/07\/capa.png","width":1350,"height":900,"caption":"PSOL 50"},"image":{"@id":"https:\/\/psol50.org.br\/#\/schema\/logo\/image\/"},"sameAs":["https:\/\/www.facebook.com\/psol50","https:\/\/x.com\/psol50","https:\/\/www.instagram.com\/psol50\/","https:\/\/www.youtube.com\/channel\/UC7SnJS5o1os7a6CaiNabzcg"]},{"@type":"Person","@id":"https:\/\/psol50.org.br\/#\/schema\/person\/475dfa57d0b815993c714c2e96491fcd","name":"Comunica\u00e7\u00e3o PSOL","image":{"@type":"ImageObject","inLanguage":"pt-BR","@id":"https:\/\/psol50.org.br\/#\/schema\/person\/image\/","url":"https:\/\/secure.gravatar.com\/avatar\/b34fc4f4e468a4e51785917065a3db57b841f5c95dba6ad8c73aaf8f66f8f9bf?s=96&d=mm&r=g","contentUrl":"https:\/\/secure.gravatar.com\/avatar\/b34fc4f4e468a4e51785917065a3db57b841f5c95dba6ad8c73aaf8f66f8f9bf?s=96&d=mm&r=g","caption":"Comunica\u00e7\u00e3o PSOL"}}]}},"_links":{"self":[{"href":"https:\/\/psol50.org.br\/rest\/wp\/v2\/posts\/1811","targetHints":{"allow":["GET"]}}],"collection":[{"href":"https:\/\/psol50.org.br\/rest\/wp\/v2\/posts"}],"about":[{"href":"https:\/\/psol50.org.br\/rest\/wp\/v2\/types\/post"}],"author":[{"embeddable":true,"href":"https:\/\/psol50.org.br\/rest\/wp\/v2\/users\/2"}],"replies":[{"embeddable":true,"href":"https:\/\/psol50.org.br\/rest\/wp\/v2\/comments?post=1811"}],"version-history":[{"count":0,"href":"https:\/\/psol50.org.br\/rest\/wp\/v2\/posts\/1811\/revisions"}],"wp:attachment":[{"href":"https:\/\/psol50.org.br\/rest\/wp\/v2\/media?parent=1811"}],"wp:term":[{"taxonomy":"category","embeddable":true,"href":"https:\/\/psol50.org.br\/rest\/wp\/v2\/categories?post=1811"},{"taxonomy":"post_tag","embeddable":true,"href":"https:\/\/psol50.org.br\/rest\/wp\/v2\/tags?post=1811"}],"curies":[{"name":"wp","href":"https:\/\/api.w.org\/{rel}","templated":true}]}}