{"id":1818,"date":"2013-03-05T00:00:00","date_gmt":"2013-03-05T00:00:00","guid":{"rendered":"http:\/\/psol50.org.br\/arquivo\/2013\/03\/05\/jean-wyllys-participa-de-seminario-sobre-infancia-adolescencia-comunicacao-e-midia\/"},"modified":"2013-03-05T00:00:00","modified_gmt":"2013-03-05T00:00:00","slug":"jean-wyllys-participa-de-seminario-sobre-infancia-adolescencia-comunicacao-e-midia","status":"publish","type":"post","link":"https:\/\/psol50.org.br\/jean-wyllys-participa-de-seminario-sobre-infancia-adolescencia-comunicacao-e-midia\/","title":{"rendered":"Jean Wyllys participa de semin\u00e1rio sobre inf\u00e2ncia, adolesc\u00eancia, comunica\u00e7\u00e3o e m\u00eddia"},"content":{"rendered":"<div style=\"text-align: justify;\">\n\tPublicidade infantil, classifica\u00e7\u00e3o indicativa e prote\u00e7\u00e3o da imagem da crian\u00e7a e do adolescente na m\u00eddia s\u00e3o algumas quest\u00f5es fundamentais para a garantia e a defesa dos direitos das crian\u00e7as e adolescentes brasileiros e sobre as quais o parlamento possui um papel estrat\u00e9gico. Nesta ter\u00e7a-feira, 5 de mar\u00e7o, acontece, no Congresso Nacional, o evento <em>Inf\u00e2ncia e Comunica\u00e7\u00e3o: Marcos Legais e Pol\u00edticas P\u00fablicas.<\/em> O encontro, que teve in\u00edcio por volta das 9h e vai at\u00e9 as 18h, conta com a presen\u00e7a de especialistas nacionais e internacionais, al\u00e9m de parlamentares identificados com a agenda tem\u00e1tica.<br \/>\n\t&nbsp;<br \/>\n\tO deputado Jean Wyllys (PSOL\/RJ) participar\u00e1 da mesa de discuss\u00f5es sobre Prote\u00e7\u00e3o da Imagem da Crian\u00e7a e do Adolescente na M\u00eddia, com foco especial no Adolescente em Conflito com a Lei.<br \/>\n\t&nbsp;<br \/>\n\tDurante o encontro tamb\u00e9m ser\u00e3o apresentados tr\u00eas <em>papers <\/em>desenvolvidos exclusivamente para o evento. Um deles busca identificar oportunidades de converg\u00eancia de esfor\u00e7os para promover o reconhecimento das ind\u00fastrias de tabaco e de alimentos ultra-processados como vetores de doen\u00e7as. Outro demonstra a import\u00e2ncia do Estado na elabora\u00e7\u00e3o e implementa\u00e7\u00e3o de medidas de restri\u00e7\u00e3o \u00e0 publicidade e ao marketing dirigido \u00e0s crian\u00e7as. E o terceiro estudo tem como objetivo jogar luz no debate sobre as pr\u00e1ticas de auto-regula\u00e7\u00e3o no campo da classifica\u00e7\u00e3o indicativa. O evento acontece no momento em que pautas como classifica\u00e7\u00e3o indicativa e publicidade infantil est\u00e3o ganhando destaque e visibilidade em fun\u00e7\u00e3o da crescente influ\u00eancia da m\u00eddia nas sociedades contempor\u00e2neas, em especial junto ao p\u00fablico infanto-juvenil. Por isso, a necessidade constante de aperfei\u00e7oamento dos marcos legais e pol\u00edticas p\u00fablicas referentes ao setor.<br \/>\n\t&nbsp;<br \/>\n\t<strong>Quem realiza<\/strong><br \/>\n\tA iniciativa \u00e9 uma realiza\u00e7\u00e3o da ANDI \u2013 Comunica\u00e7\u00e3o e Direitos, da Secretaria Nacional de Promo\u00e7\u00e3o dos Direitos da Crian\u00e7a e do Adolescente (\u00f3rg\u00e3o da Secretaria de Direitos Humanos da Presid\u00eancia da Rep\u00fablica), da Secretaria Nacional de Justi\u00e7a (\u00f3rg\u00e3o do Minist\u00e9rio da Justi\u00e7a) e do Conselho Nacional dos Direitos da Crian\u00e7a e do Adolescente (Conanda). O encontro tamb\u00e9m articula os esfor\u00e7os de tr\u00eas Frentes Parlamentares da maior relev\u00e2ncia: a dos Direitos Humanos da Crian\u00e7a e do Adolescente; a pela Liberdade de Express\u00e3o e o Direito \u00e0 Comunica\u00e7\u00e3o com Participa\u00e7\u00e3o Popular; e a pela Cidadania LGBT. A participa\u00e7\u00e3o \u00e9 gratuita e aberta a toda a popula\u00e7\u00e3o.<br \/>\n\t&nbsp;<\/div>\n<p>&nbsp;<\/p>\n","protected":false},"excerpt":{"rendered":"<p>Publicidade infantil, classifica\u00e7\u00e3o indicativa e prote\u00e7\u00e3o da imagem da crian\u00e7a e do adolescente na m\u00eddia s\u00e3o algumas quest\u00f5es fundamentais para a garantia e a defesa dos direitos das crian\u00e7as e adolescentes brasileiros e sobre as quais o parlamento possui um papel estrat\u00e9gico. Nesta ter\u00e7a-feira, 5 de mar\u00e7o, acontece, no Congresso Nacional, o evento Inf\u00e2ncia e [&hellip;]<\/p>\n","protected":false},"author":2,"featured_media":0,"comment_status":"open","ping_status":"open","sticky":false,"template":"","format":"standard","meta":{"_acf_changed":false,"footnotes":""},"categories":[10,4766],"tags":[],"class_list":{"0":"post-1818","1":"post","2":"type-post","3":"status-publish","4":"format-standard","6":"category-acao-parlamentares","7":"category-arquivo"},"acf":[],"yoast_head":"<!-- This site is optimized with the Yoast SEO plugin v26.5 - https:\/\/yoast.com\/wordpress\/plugins\/seo\/ -->\n<title>Jean Wyllys participa de semin\u00e1rio sobre inf\u00e2ncia, adolesc\u00eancia, comunica\u00e7\u00e3o e m\u00eddia - PSOL 50<\/title>\n<meta name=\"robots\" content=\"index, follow, max-snippet:-1, max-image-preview:large, max-video-preview:-1\" \/>\n<link rel=\"canonical\" href=\"https:\/\/psol50.org.br\/jean-wyllys-participa-de-seminario-sobre-infancia-adolescencia-comunicacao-e-midia\/\" \/>\n<meta property=\"og:locale\" content=\"pt_BR\" \/>\n<meta property=\"og:type\" content=\"article\" \/>\n<meta property=\"og:title\" content=\"Jean Wyllys participa de semin\u00e1rio sobre inf\u00e2ncia, adolesc\u00eancia, comunica\u00e7\u00e3o e m\u00eddia - PSOL 50\" \/>\n<meta property=\"og:description\" content=\"Publicidade infantil, classifica\u00e7\u00e3o indicativa e prote\u00e7\u00e3o da imagem da crian\u00e7a e do adolescente na m\u00eddia s\u00e3o algumas quest\u00f5es fundamentais para a garantia e a defesa dos direitos das crian\u00e7as e adolescentes brasileiros e sobre as quais o parlamento possui um papel estrat\u00e9gico. Nesta ter\u00e7a-feira, 5 de mar\u00e7o, acontece, no Congresso Nacional, o evento Inf\u00e2ncia e [&hellip;]\" \/>\n<meta property=\"og:url\" content=\"https:\/\/psol50.org.br\/jean-wyllys-participa-de-seminario-sobre-infancia-adolescencia-comunicacao-e-midia\/\" \/>\n<meta property=\"og:site_name\" content=\"PSOL 50\" \/>\n<meta property=\"article:publisher\" content=\"https:\/\/www.facebook.com\/psol50\" \/>\n<meta property=\"article:published_time\" content=\"2013-03-05T00:00:00+00:00\" \/>\n<meta property=\"og:image\" content=\"https:\/\/psol50.org.br\/inc\/uploads\/2018\/07\/capa.png\" \/>\n\t<meta property=\"og:image:width\" content=\"1350\" \/>\n\t<meta property=\"og:image:height\" content=\"900\" \/>\n\t<meta property=\"og:image:type\" content=\"image\/png\" \/>\n<meta name=\"author\" content=\"Comunica\u00e7\u00e3o PSOL\" \/>\n<meta name=\"twitter:card\" content=\"summary_large_image\" \/>\n<meta name=\"twitter:creator\" content=\"@psol50\" \/>\n<meta name=\"twitter:site\" content=\"@psol50\" \/>\n<meta name=\"twitter:label1\" content=\"Escrito por\" \/>\n\t<meta name=\"twitter:data1\" content=\"Comunica\u00e7\u00e3o PSOL\" \/>\n\t<meta name=\"twitter:label2\" content=\"Est. tempo de leitura\" \/>\n\t<meta name=\"twitter:data2\" content=\"2 minutos\" \/>\n<script type=\"application\/ld+json\" class=\"yoast-schema-graph\">{\"@context\":\"https:\/\/schema.org\",\"@graph\":[{\"@type\":\"Article\",\"@id\":\"https:\/\/psol50.org.br\/jean-wyllys-participa-de-seminario-sobre-infancia-adolescencia-comunicacao-e-midia\/#article\",\"isPartOf\":{\"@id\":\"https:\/\/psol50.org.br\/jean-wyllys-participa-de-seminario-sobre-infancia-adolescencia-comunicacao-e-midia\/\"},\"author\":{\"name\":\"Comunica\u00e7\u00e3o PSOL\",\"@id\":\"https:\/\/psol50.org.br\/#\/schema\/person\/475dfa57d0b815993c714c2e96491fcd\"},\"headline\":\"Jean Wyllys participa de semin\u00e1rio sobre inf\u00e2ncia, adolesc\u00eancia, comunica\u00e7\u00e3o e m\u00eddia\",\"datePublished\":\"2013-03-05T00:00:00+00:00\",\"mainEntityOfPage\":{\"@id\":\"https:\/\/psol50.org.br\/jean-wyllys-participa-de-seminario-sobre-infancia-adolescencia-comunicacao-e-midia\/\"},\"wordCount\":447,\"commentCount\":0,\"publisher\":{\"@id\":\"https:\/\/psol50.org.br\/#organization\"},\"articleSection\":[\"A\u00e7\u00e3o Parlamentar\",\"Arquivo\"],\"inLanguage\":\"pt-BR\",\"potentialAction\":[{\"@type\":\"CommentAction\",\"name\":\"Comment\",\"target\":[\"https:\/\/psol50.org.br\/jean-wyllys-participa-de-seminario-sobre-infancia-adolescencia-comunicacao-e-midia\/#respond\"]}]},{\"@type\":\"WebPage\",\"@id\":\"https:\/\/psol50.org.br\/jean-wyllys-participa-de-seminario-sobre-infancia-adolescencia-comunicacao-e-midia\/\",\"url\":\"https:\/\/psol50.org.br\/jean-wyllys-participa-de-seminario-sobre-infancia-adolescencia-comunicacao-e-midia\/\",\"name\":\"Jean Wyllys participa de semin\u00e1rio sobre inf\u00e2ncia, adolesc\u00eancia, comunica\u00e7\u00e3o e m\u00eddia - PSOL 50\",\"isPartOf\":{\"@id\":\"https:\/\/psol50.org.br\/#website\"},\"datePublished\":\"2013-03-05T00:00:00+00:00\",\"breadcrumb\":{\"@id\":\"https:\/\/psol50.org.br\/jean-wyllys-participa-de-seminario-sobre-infancia-adolescencia-comunicacao-e-midia\/#breadcrumb\"},\"inLanguage\":\"pt-BR\",\"potentialAction\":[{\"@type\":\"ReadAction\",\"target\":[\"https:\/\/psol50.org.br\/jean-wyllys-participa-de-seminario-sobre-infancia-adolescencia-comunicacao-e-midia\/\"]}]},{\"@type\":\"BreadcrumbList\",\"@id\":\"https:\/\/psol50.org.br\/jean-wyllys-participa-de-seminario-sobre-infancia-adolescencia-comunicacao-e-midia\/#breadcrumb\",\"itemListElement\":[{\"@type\":\"ListItem\",\"position\":1,\"name\":\"In\u00edcio\",\"item\":\"https:\/\/psol50.org.br\/\"},{\"@type\":\"ListItem\",\"position\":2,\"name\":\"Jean Wyllys participa de semin\u00e1rio sobre inf\u00e2ncia, adolesc\u00eancia, comunica\u00e7\u00e3o e m\u00eddia\"}]},{\"@type\":\"WebSite\",\"@id\":\"https:\/\/psol50.org.br\/#website\",\"url\":\"https:\/\/psol50.org.br\/\",\"name\":\"PSOL 50\",\"description\":\"Site oficial do Partido Socialismo e Liberdade\",\"publisher\":{\"@id\":\"https:\/\/psol50.org.br\/#organization\"},\"alternateName\":\"PSOL50\",\"potentialAction\":[{\"@type\":\"SearchAction\",\"target\":{\"@type\":\"EntryPoint\",\"urlTemplate\":\"https:\/\/psol50.org.br\/?s={search_term_string}\"},\"query-input\":{\"@type\":\"PropertyValueSpecification\",\"valueRequired\":true,\"valueName\":\"search_term_string\"}}],\"inLanguage\":\"pt-BR\"},{\"@type\":\"Organization\",\"@id\":\"https:\/\/psol50.org.br\/#organization\",\"name\":\"PSOL 50\",\"alternateName\":\"PSOL 50\",\"url\":\"https:\/\/psol50.org.br\/\",\"logo\":{\"@type\":\"ImageObject\",\"inLanguage\":\"pt-BR\",\"@id\":\"https:\/\/psol50.org.br\/#\/schema\/logo\/image\/\",\"url\":\"https:\/\/psol50.org.br\/inc\/uploads\/2018\/07\/capa.png\",\"contentUrl\":\"https:\/\/psol50.org.br\/inc\/uploads\/2018\/07\/capa.png\",\"width\":1350,\"height\":900,\"caption\":\"PSOL 50\"},\"image\":{\"@id\":\"https:\/\/psol50.org.br\/#\/schema\/logo\/image\/\"},\"sameAs\":[\"https:\/\/www.facebook.com\/psol50\",\"https:\/\/x.com\/psol50\",\"https:\/\/www.instagram.com\/psol50\/\",\"https:\/\/www.youtube.com\/channel\/UC7SnJS5o1os7a6CaiNabzcg\"]},{\"@type\":\"Person\",\"@id\":\"https:\/\/psol50.org.br\/#\/schema\/person\/475dfa57d0b815993c714c2e96491fcd\",\"name\":\"Comunica\u00e7\u00e3o PSOL\",\"image\":{\"@type\":\"ImageObject\",\"inLanguage\":\"pt-BR\",\"@id\":\"https:\/\/psol50.org.br\/#\/schema\/person\/image\/\",\"url\":\"https:\/\/secure.gravatar.com\/avatar\/b34fc4f4e468a4e51785917065a3db57b841f5c95dba6ad8c73aaf8f66f8f9bf?s=96&d=mm&r=g\",\"contentUrl\":\"https:\/\/secure.gravatar.com\/avatar\/b34fc4f4e468a4e51785917065a3db57b841f5c95dba6ad8c73aaf8f66f8f9bf?s=96&d=mm&r=g\",\"caption\":\"Comunica\u00e7\u00e3o PSOL\"}}]}<\/script>\n<!-- \/ Yoast SEO plugin. -->","yoast_head_json":{"title":"Jean Wyllys participa de semin\u00e1rio sobre inf\u00e2ncia, adolesc\u00eancia, comunica\u00e7\u00e3o e m\u00eddia - PSOL 50","robots":{"index":"index","follow":"follow","max-snippet":"max-snippet:-1","max-image-preview":"max-image-preview:large","max-video-preview":"max-video-preview:-1"},"canonical":"https:\/\/psol50.org.br\/jean-wyllys-participa-de-seminario-sobre-infancia-adolescencia-comunicacao-e-midia\/","og_locale":"pt_BR","og_type":"article","og_title":"Jean Wyllys participa de semin\u00e1rio sobre inf\u00e2ncia, adolesc\u00eancia, comunica\u00e7\u00e3o e m\u00eddia - PSOL 50","og_description":"Publicidade infantil, classifica\u00e7\u00e3o indicativa e prote\u00e7\u00e3o da imagem da crian\u00e7a e do adolescente na m\u00eddia s\u00e3o algumas quest\u00f5es fundamentais para a garantia e a defesa dos direitos das crian\u00e7as e adolescentes brasileiros e sobre as quais o parlamento possui um papel estrat\u00e9gico. Nesta ter\u00e7a-feira, 5 de mar\u00e7o, acontece, no Congresso Nacional, o evento Inf\u00e2ncia e [&hellip;]","og_url":"https:\/\/psol50.org.br\/jean-wyllys-participa-de-seminario-sobre-infancia-adolescencia-comunicacao-e-midia\/","og_site_name":"PSOL 50","article_publisher":"https:\/\/www.facebook.com\/psol50","article_published_time":"2013-03-05T00:00:00+00:00","og_image":[{"width":1350,"height":900,"url":"https:\/\/psol50.org.br\/inc\/uploads\/2018\/07\/capa.png","type":"image\/png"}],"author":"Comunica\u00e7\u00e3o PSOL","twitter_card":"summary_large_image","twitter_creator":"@psol50","twitter_site":"@psol50","twitter_misc":{"Escrito por":"Comunica\u00e7\u00e3o PSOL","Est. tempo de leitura":"2 minutos"},"schema":{"@context":"https:\/\/schema.org","@graph":[{"@type":"Article","@id":"https:\/\/psol50.org.br\/jean-wyllys-participa-de-seminario-sobre-infancia-adolescencia-comunicacao-e-midia\/#article","isPartOf":{"@id":"https:\/\/psol50.org.br\/jean-wyllys-participa-de-seminario-sobre-infancia-adolescencia-comunicacao-e-midia\/"},"author":{"name":"Comunica\u00e7\u00e3o PSOL","@id":"https:\/\/psol50.org.br\/#\/schema\/person\/475dfa57d0b815993c714c2e96491fcd"},"headline":"Jean Wyllys participa de semin\u00e1rio sobre inf\u00e2ncia, adolesc\u00eancia, comunica\u00e7\u00e3o e m\u00eddia","datePublished":"2013-03-05T00:00:00+00:00","mainEntityOfPage":{"@id":"https:\/\/psol50.org.br\/jean-wyllys-participa-de-seminario-sobre-infancia-adolescencia-comunicacao-e-midia\/"},"wordCount":447,"commentCount":0,"publisher":{"@id":"https:\/\/psol50.org.br\/#organization"},"articleSection":["A\u00e7\u00e3o Parlamentar","Arquivo"],"inLanguage":"pt-BR","potentialAction":[{"@type":"CommentAction","name":"Comment","target":["https:\/\/psol50.org.br\/jean-wyllys-participa-de-seminario-sobre-infancia-adolescencia-comunicacao-e-midia\/#respond"]}]},{"@type":"WebPage","@id":"https:\/\/psol50.org.br\/jean-wyllys-participa-de-seminario-sobre-infancia-adolescencia-comunicacao-e-midia\/","url":"https:\/\/psol50.org.br\/jean-wyllys-participa-de-seminario-sobre-infancia-adolescencia-comunicacao-e-midia\/","name":"Jean Wyllys participa de semin\u00e1rio sobre inf\u00e2ncia, adolesc\u00eancia, comunica\u00e7\u00e3o e m\u00eddia - PSOL 50","isPartOf":{"@id":"https:\/\/psol50.org.br\/#website"},"datePublished":"2013-03-05T00:00:00+00:00","breadcrumb":{"@id":"https:\/\/psol50.org.br\/jean-wyllys-participa-de-seminario-sobre-infancia-adolescencia-comunicacao-e-midia\/#breadcrumb"},"inLanguage":"pt-BR","potentialAction":[{"@type":"ReadAction","target":["https:\/\/psol50.org.br\/jean-wyllys-participa-de-seminario-sobre-infancia-adolescencia-comunicacao-e-midia\/"]}]},{"@type":"BreadcrumbList","@id":"https:\/\/psol50.org.br\/jean-wyllys-participa-de-seminario-sobre-infancia-adolescencia-comunicacao-e-midia\/#breadcrumb","itemListElement":[{"@type":"ListItem","position":1,"name":"In\u00edcio","item":"https:\/\/psol50.org.br\/"},{"@type":"ListItem","position":2,"name":"Jean Wyllys participa de semin\u00e1rio sobre inf\u00e2ncia, adolesc\u00eancia, comunica\u00e7\u00e3o e m\u00eddia"}]},{"@type":"WebSite","@id":"https:\/\/psol50.org.br\/#website","url":"https:\/\/psol50.org.br\/","name":"PSOL 50","description":"Site oficial do Partido Socialismo e Liberdade","publisher":{"@id":"https:\/\/psol50.org.br\/#organization"},"alternateName":"PSOL50","potentialAction":[{"@type":"SearchAction","target":{"@type":"EntryPoint","urlTemplate":"https:\/\/psol50.org.br\/?s={search_term_string}"},"query-input":{"@type":"PropertyValueSpecification","valueRequired":true,"valueName":"search_term_string"}}],"inLanguage":"pt-BR"},{"@type":"Organization","@id":"https:\/\/psol50.org.br\/#organization","name":"PSOL 50","alternateName":"PSOL 50","url":"https:\/\/psol50.org.br\/","logo":{"@type":"ImageObject","inLanguage":"pt-BR","@id":"https:\/\/psol50.org.br\/#\/schema\/logo\/image\/","url":"https:\/\/psol50.org.br\/inc\/uploads\/2018\/07\/capa.png","contentUrl":"https:\/\/psol50.org.br\/inc\/uploads\/2018\/07\/capa.png","width":1350,"height":900,"caption":"PSOL 50"},"image":{"@id":"https:\/\/psol50.org.br\/#\/schema\/logo\/image\/"},"sameAs":["https:\/\/www.facebook.com\/psol50","https:\/\/x.com\/psol50","https:\/\/www.instagram.com\/psol50\/","https:\/\/www.youtube.com\/channel\/UC7SnJS5o1os7a6CaiNabzcg"]},{"@type":"Person","@id":"https:\/\/psol50.org.br\/#\/schema\/person\/475dfa57d0b815993c714c2e96491fcd","name":"Comunica\u00e7\u00e3o PSOL","image":{"@type":"ImageObject","inLanguage":"pt-BR","@id":"https:\/\/psol50.org.br\/#\/schema\/person\/image\/","url":"https:\/\/secure.gravatar.com\/avatar\/b34fc4f4e468a4e51785917065a3db57b841f5c95dba6ad8c73aaf8f66f8f9bf?s=96&d=mm&r=g","contentUrl":"https:\/\/secure.gravatar.com\/avatar\/b34fc4f4e468a4e51785917065a3db57b841f5c95dba6ad8c73aaf8f66f8f9bf?s=96&d=mm&r=g","caption":"Comunica\u00e7\u00e3o PSOL"}}]}},"_links":{"self":[{"href":"https:\/\/psol50.org.br\/rest\/wp\/v2\/posts\/1818","targetHints":{"allow":["GET"]}}],"collection":[{"href":"https:\/\/psol50.org.br\/rest\/wp\/v2\/posts"}],"about":[{"href":"https:\/\/psol50.org.br\/rest\/wp\/v2\/types\/post"}],"author":[{"embeddable":true,"href":"https:\/\/psol50.org.br\/rest\/wp\/v2\/users\/2"}],"replies":[{"embeddable":true,"href":"https:\/\/psol50.org.br\/rest\/wp\/v2\/comments?post=1818"}],"version-history":[{"count":0,"href":"https:\/\/psol50.org.br\/rest\/wp\/v2\/posts\/1818\/revisions"}],"wp:attachment":[{"href":"https:\/\/psol50.org.br\/rest\/wp\/v2\/media?parent=1818"}],"wp:term":[{"taxonomy":"category","embeddable":true,"href":"https:\/\/psol50.org.br\/rest\/wp\/v2\/categories?post=1818"},{"taxonomy":"post_tag","embeddable":true,"href":"https:\/\/psol50.org.br\/rest\/wp\/v2\/tags?post=1818"}],"curies":[{"name":"wp","href":"https:\/\/api.w.org\/{rel}","templated":true}]}}