{"id":1823,"date":"2013-03-05T00:00:00","date_gmt":"2013-03-05T00:00:00","guid":{"rendered":"http:\/\/psol50.org.br\/arquivo\/2013\/03\/05\/nota-da-presidencia-do-psol-e-da-secretaria-de-relacoes-internacionais-sobre-morte-do-presidente-hugo-chavez\/"},"modified":"2013-03-05T00:00:00","modified_gmt":"2013-03-05T00:00:00","slug":"nota-da-presidencia-do-psol-e-da-secretaria-de-relacoes-internacionais-sobre-morte-do-presidente-hugo-chavez","status":"publish","type":"post","link":"https:\/\/psol50.org.br\/nota-da-presidencia-do-psol-e-da-secretaria-de-relacoes-internacionais-sobre-morte-do-presidente-hugo-chavez\/","title":{"rendered":"Nota da presid\u00eancia do PSOL e da secretaria de Rela\u00e7\u00f5es Internacionais sobre morte do presidente Hugo Ch\u00e1vez"},"content":{"rendered":"<div style=\"text-align: justify;\">\n\tO presidente do PSOL Nacional, Ivan Valente, o secret\u00e1rio de Rela\u00e7\u00f5es Internacionais, Afr\u00e2nio Boppr\u00e9, e o l\u00edder do PSOL no Senado, Randolfe Rodrigues (AP), divulgam nota em que lamentam a morte do presidente da Venezuela, Hugo Ch\u00e1vez, ocorrida no final da tarde desta ter\u00e7a-feira (05). Segundo os dirigentes do partido, Ch\u00e1vez foi l\u00edder de um dos mais importantes processos de enfrentamento ao imperialismo na Am\u00e9rica Latina nas \u00faltimas d\u00e9cadas. \u201cHugo Ch\u00e1vez transformou-se num s\u00edmbolo de resist\u00eancia ao projeto neoliberal e da luta popular latinoamericana e empenhou-se para fazer da Revolu\u00e7\u00e3o Bolivariana um processo de ac\u00famulo de for\u00e7as rumo ao socialismo, na defesa de um projeto alternativo que tamb\u00e9m se alastrou para outros pa\u00edses\u201d, afirma a nota.<br \/>\n\t&nbsp;<br \/>\n\tAo final do documento, o PSOL ressalta sua solidariedade ao povo venezuelano e afirma \u201cestar irmanado para marchar ao seu lado em defesa dos valores da Revolu\u00e7\u00e3o Bolivariana\u201d. &nbsp;<br \/>\n\t&nbsp;<br \/>\n\tLeia a nota a completa.<br \/>\n\t&nbsp;<br \/>\n\t<strong>Nota de pesar do Partido Socialismo e Liberdade (PSOL) pelo falecimento do presidente da Venezuela Hugo Ch\u00e1vez Fr\u00edas<\/strong><br \/>\n\t&nbsp;<br \/>\n\tO PSOL \u2013 Partido Socialismo e Liberdade vem a p\u00fablico demonstrar seu pesar pelo falecimento do presidente da Venezuela, comandante Hugo Ch\u00e1vez Fr\u00edas. L\u00edder de um dos mais importantes processos de enfrentamento ao imperialismo na Am\u00e9rica Latina nas \u00faltimas d\u00e9cadas, Hugo Ch\u00e1vez transformou-se num s\u00edmbolo de resist\u00eancia ao projeto neoliberal e da luta popular latinoamericana e empenhou-se para fazer da Revolu\u00e7\u00e3o Bolivariana um processo de ac\u00famulo de for\u00e7as rumo ao socialismo, na defesa de um projeto alternativo que tamb\u00e9m se alastrou para outros pa\u00edses. O PSOL se associa a dor do povo venezuelano e reafirma estar irmanado para marchar ao seu lado em defesa dos valores da Revolu\u00e7\u00e3o Bolivariana.<br \/>\n\t&nbsp;<br \/>\n\tViva a Revolu\u00e7\u00e3o Bolivariana!<br \/>\n\tViva o Socialismo!<br \/>\n\tHugo Ch\u00e1vez: Presente, sempre!<br \/>\n\t&nbsp;<\/div>\n<p>&nbsp;<\/p>\n<div style=\"text-align: center;\">\n\t<em>Ivan Valente<\/em><br \/>\n\t<em>Presidente Nacional do PSOL<br \/>\n\tL\u00edder do PSOL na C\u00e2mara dos Deputados<\/em><br \/>\n\t&nbsp;<br \/>\n\t<em>Randolfe Rodrigues<\/em><br \/>\n\t<em>L\u00edder do PSOL no Senado Federal<\/em><br \/>\n\t&nbsp;<br \/>\n\t<em>Afr\u00e2nio Tadeu Boppr\u00e9<\/em><br \/>\n\t<em>Secret\u00e1rio de Rela\u00e7\u00f5es Internacionais do PSOL<\/em><\/div>\n<p>&nbsp;<\/p>\n","protected":false},"excerpt":{"rendered":"<p>O presidente do PSOL Nacional, Ivan Valente, o secret\u00e1rio de Rela\u00e7\u00f5es Internacionais, Afr\u00e2nio Boppr\u00e9, e o l\u00edder do PSOL no Senado, Randolfe Rodrigues (AP), divulgam nota em que lamentam a morte do presidente da Venezuela, Hugo Ch\u00e1vez, ocorrida no final da tarde desta ter\u00e7a-feira (05). Segundo os dirigentes do partido, Ch\u00e1vez foi l\u00edder de um [&hellip;]<\/p>\n","protected":false},"author":2,"featured_media":0,"comment_status":"open","ping_status":"open","sticky":false,"template":"","format":"standard","meta":{"_acf_changed":false,"footnotes":""},"categories":[4766],"tags":[22],"class_list":{"0":"post-1823","1":"post","2":"type-post","3":"status-publish","4":"format-standard","6":"category-arquivo","7":"tag-psol"},"acf":[],"yoast_head":"<!-- This site is optimized with the Yoast SEO plugin v26.5 - https:\/\/yoast.com\/wordpress\/plugins\/seo\/ -->\n<title>Nota da presid\u00eancia do PSOL e da secretaria de Rela\u00e7\u00f5es Internacionais sobre morte do presidente Hugo Ch\u00e1vez - PSOL 50<\/title>\n<meta name=\"robots\" content=\"index, follow, max-snippet:-1, max-image-preview:large, max-video-preview:-1\" \/>\n<link rel=\"canonical\" href=\"https:\/\/psol50.org.br\/nota-da-presidencia-do-psol-e-da-secretaria-de-relacoes-internacionais-sobre-morte-do-presidente-hugo-chavez\/\" \/>\n<meta property=\"og:locale\" content=\"pt_BR\" \/>\n<meta property=\"og:type\" content=\"article\" \/>\n<meta property=\"og:title\" content=\"Nota da presid\u00eancia do PSOL e da secretaria de Rela\u00e7\u00f5es Internacionais sobre morte do presidente Hugo Ch\u00e1vez - PSOL 50\" \/>\n<meta property=\"og:description\" content=\"O presidente do PSOL Nacional, Ivan Valente, o secret\u00e1rio de Rela\u00e7\u00f5es Internacionais, Afr\u00e2nio Boppr\u00e9, e o l\u00edder do PSOL no Senado, Randolfe Rodrigues (AP), divulgam nota em que lamentam a morte do presidente da Venezuela, Hugo Ch\u00e1vez, ocorrida no final da tarde desta ter\u00e7a-feira (05). Segundo os dirigentes do partido, Ch\u00e1vez foi l\u00edder de um [&hellip;]\" \/>\n<meta property=\"og:url\" content=\"https:\/\/psol50.org.br\/nota-da-presidencia-do-psol-e-da-secretaria-de-relacoes-internacionais-sobre-morte-do-presidente-hugo-chavez\/\" \/>\n<meta property=\"og:site_name\" content=\"PSOL 50\" \/>\n<meta property=\"article:publisher\" content=\"https:\/\/www.facebook.com\/psol50\" \/>\n<meta property=\"article:published_time\" content=\"2013-03-05T00:00:00+00:00\" \/>\n<meta property=\"og:image\" content=\"https:\/\/psol50.org.br\/inc\/uploads\/2018\/07\/capa.png\" \/>\n\t<meta property=\"og:image:width\" content=\"1350\" \/>\n\t<meta property=\"og:image:height\" content=\"900\" \/>\n\t<meta property=\"og:image:type\" content=\"image\/png\" \/>\n<meta name=\"author\" content=\"Comunica\u00e7\u00e3o PSOL\" \/>\n<meta name=\"twitter:card\" content=\"summary_large_image\" \/>\n<meta name=\"twitter:creator\" content=\"@psol50\" \/>\n<meta name=\"twitter:site\" content=\"@psol50\" \/>\n<meta name=\"twitter:label1\" content=\"Escrito por\" \/>\n\t<meta name=\"twitter:data1\" content=\"Comunica\u00e7\u00e3o PSOL\" \/>\n\t<meta name=\"twitter:label2\" content=\"Est. tempo de leitura\" \/>\n\t<meta name=\"twitter:data2\" content=\"2 minutos\" \/>\n<script type=\"application\/ld+json\" class=\"yoast-schema-graph\">{\"@context\":\"https:\/\/schema.org\",\"@graph\":[{\"@type\":\"Article\",\"@id\":\"https:\/\/psol50.org.br\/nota-da-presidencia-do-psol-e-da-secretaria-de-relacoes-internacionais-sobre-morte-do-presidente-hugo-chavez\/#article\",\"isPartOf\":{\"@id\":\"https:\/\/psol50.org.br\/nota-da-presidencia-do-psol-e-da-secretaria-de-relacoes-internacionais-sobre-morte-do-presidente-hugo-chavez\/\"},\"author\":{\"name\":\"Comunica\u00e7\u00e3o PSOL\",\"@id\":\"https:\/\/psol50.org.br\/#\/schema\/person\/475dfa57d0b815993c714c2e96491fcd\"},\"headline\":\"Nota da presid\u00eancia do PSOL e da secretaria de Rela\u00e7\u00f5es Internacionais sobre morte do presidente Hugo Ch\u00e1vez\",\"datePublished\":\"2013-03-05T00:00:00+00:00\",\"mainEntityOfPage\":{\"@id\":\"https:\/\/psol50.org.br\/nota-da-presidencia-do-psol-e-da-secretaria-de-relacoes-internacionais-sobre-morte-do-presidente-hugo-chavez\/\"},\"wordCount\":390,\"commentCount\":0,\"publisher\":{\"@id\":\"https:\/\/psol50.org.br\/#organization\"},\"keywords\":[\"PSOL\"],\"articleSection\":[\"Arquivo\"],\"inLanguage\":\"pt-BR\",\"potentialAction\":[{\"@type\":\"CommentAction\",\"name\":\"Comment\",\"target\":[\"https:\/\/psol50.org.br\/nota-da-presidencia-do-psol-e-da-secretaria-de-relacoes-internacionais-sobre-morte-do-presidente-hugo-chavez\/#respond\"]}]},{\"@type\":\"WebPage\",\"@id\":\"https:\/\/psol50.org.br\/nota-da-presidencia-do-psol-e-da-secretaria-de-relacoes-internacionais-sobre-morte-do-presidente-hugo-chavez\/\",\"url\":\"https:\/\/psol50.org.br\/nota-da-presidencia-do-psol-e-da-secretaria-de-relacoes-internacionais-sobre-morte-do-presidente-hugo-chavez\/\",\"name\":\"Nota da presid\u00eancia do PSOL e da secretaria de Rela\u00e7\u00f5es Internacionais sobre morte do presidente Hugo Ch\u00e1vez - PSOL 50\",\"isPartOf\":{\"@id\":\"https:\/\/psol50.org.br\/#website\"},\"datePublished\":\"2013-03-05T00:00:00+00:00\",\"breadcrumb\":{\"@id\":\"https:\/\/psol50.org.br\/nota-da-presidencia-do-psol-e-da-secretaria-de-relacoes-internacionais-sobre-morte-do-presidente-hugo-chavez\/#breadcrumb\"},\"inLanguage\":\"pt-BR\",\"potentialAction\":[{\"@type\":\"ReadAction\",\"target\":[\"https:\/\/psol50.org.br\/nota-da-presidencia-do-psol-e-da-secretaria-de-relacoes-internacionais-sobre-morte-do-presidente-hugo-chavez\/\"]}]},{\"@type\":\"BreadcrumbList\",\"@id\":\"https:\/\/psol50.org.br\/nota-da-presidencia-do-psol-e-da-secretaria-de-relacoes-internacionais-sobre-morte-do-presidente-hugo-chavez\/#breadcrumb\",\"itemListElement\":[{\"@type\":\"ListItem\",\"position\":1,\"name\":\"In\u00edcio\",\"item\":\"https:\/\/psol50.org.br\/\"},{\"@type\":\"ListItem\",\"position\":2,\"name\":\"Nota da presid\u00eancia do PSOL e da secretaria de Rela\u00e7\u00f5es Internacionais sobre morte do presidente Hugo Ch\u00e1vez\"}]},{\"@type\":\"WebSite\",\"@id\":\"https:\/\/psol50.org.br\/#website\",\"url\":\"https:\/\/psol50.org.br\/\",\"name\":\"PSOL 50\",\"description\":\"Site oficial do Partido Socialismo e Liberdade\",\"publisher\":{\"@id\":\"https:\/\/psol50.org.br\/#organization\"},\"alternateName\":\"PSOL50\",\"potentialAction\":[{\"@type\":\"SearchAction\",\"target\":{\"@type\":\"EntryPoint\",\"urlTemplate\":\"https:\/\/psol50.org.br\/?s={search_term_string}\"},\"query-input\":{\"@type\":\"PropertyValueSpecification\",\"valueRequired\":true,\"valueName\":\"search_term_string\"}}],\"inLanguage\":\"pt-BR\"},{\"@type\":\"Organization\",\"@id\":\"https:\/\/psol50.org.br\/#organization\",\"name\":\"PSOL 50\",\"alternateName\":\"PSOL 50\",\"url\":\"https:\/\/psol50.org.br\/\",\"logo\":{\"@type\":\"ImageObject\",\"inLanguage\":\"pt-BR\",\"@id\":\"https:\/\/psol50.org.br\/#\/schema\/logo\/image\/\",\"url\":\"https:\/\/psol50.org.br\/inc\/uploads\/2018\/07\/capa.png\",\"contentUrl\":\"https:\/\/psol50.org.br\/inc\/uploads\/2018\/07\/capa.png\",\"width\":1350,\"height\":900,\"caption\":\"PSOL 50\"},\"image\":{\"@id\":\"https:\/\/psol50.org.br\/#\/schema\/logo\/image\/\"},\"sameAs\":[\"https:\/\/www.facebook.com\/psol50\",\"https:\/\/x.com\/psol50\",\"https:\/\/www.instagram.com\/psol50\/\",\"https:\/\/www.youtube.com\/channel\/UC7SnJS5o1os7a6CaiNabzcg\"]},{\"@type\":\"Person\",\"@id\":\"https:\/\/psol50.org.br\/#\/schema\/person\/475dfa57d0b815993c714c2e96491fcd\",\"name\":\"Comunica\u00e7\u00e3o PSOL\",\"image\":{\"@type\":\"ImageObject\",\"inLanguage\":\"pt-BR\",\"@id\":\"https:\/\/psol50.org.br\/#\/schema\/person\/image\/\",\"url\":\"https:\/\/secure.gravatar.com\/avatar\/b34fc4f4e468a4e51785917065a3db57b841f5c95dba6ad8c73aaf8f66f8f9bf?s=96&d=mm&r=g\",\"contentUrl\":\"https:\/\/secure.gravatar.com\/avatar\/b34fc4f4e468a4e51785917065a3db57b841f5c95dba6ad8c73aaf8f66f8f9bf?s=96&d=mm&r=g\",\"caption\":\"Comunica\u00e7\u00e3o PSOL\"}}]}<\/script>\n<!-- \/ Yoast SEO plugin. -->","yoast_head_json":{"title":"Nota da presid\u00eancia do PSOL e da secretaria de Rela\u00e7\u00f5es Internacionais sobre morte do presidente Hugo Ch\u00e1vez - PSOL 50","robots":{"index":"index","follow":"follow","max-snippet":"max-snippet:-1","max-image-preview":"max-image-preview:large","max-video-preview":"max-video-preview:-1"},"canonical":"https:\/\/psol50.org.br\/nota-da-presidencia-do-psol-e-da-secretaria-de-relacoes-internacionais-sobre-morte-do-presidente-hugo-chavez\/","og_locale":"pt_BR","og_type":"article","og_title":"Nota da presid\u00eancia do PSOL e da secretaria de Rela\u00e7\u00f5es Internacionais sobre morte do presidente Hugo Ch\u00e1vez - PSOL 50","og_description":"O presidente do PSOL Nacional, Ivan Valente, o secret\u00e1rio de Rela\u00e7\u00f5es Internacionais, Afr\u00e2nio Boppr\u00e9, e o l\u00edder do PSOL no Senado, Randolfe Rodrigues (AP), divulgam nota em que lamentam a morte do presidente da Venezuela, Hugo Ch\u00e1vez, ocorrida no final da tarde desta ter\u00e7a-feira (05). Segundo os dirigentes do partido, Ch\u00e1vez foi l\u00edder de um [&hellip;]","og_url":"https:\/\/psol50.org.br\/nota-da-presidencia-do-psol-e-da-secretaria-de-relacoes-internacionais-sobre-morte-do-presidente-hugo-chavez\/","og_site_name":"PSOL 50","article_publisher":"https:\/\/www.facebook.com\/psol50","article_published_time":"2013-03-05T00:00:00+00:00","og_image":[{"width":1350,"height":900,"url":"https:\/\/psol50.org.br\/inc\/uploads\/2018\/07\/capa.png","type":"image\/png"}],"author":"Comunica\u00e7\u00e3o PSOL","twitter_card":"summary_large_image","twitter_creator":"@psol50","twitter_site":"@psol50","twitter_misc":{"Escrito por":"Comunica\u00e7\u00e3o PSOL","Est. tempo de leitura":"2 minutos"},"schema":{"@context":"https:\/\/schema.org","@graph":[{"@type":"Article","@id":"https:\/\/psol50.org.br\/nota-da-presidencia-do-psol-e-da-secretaria-de-relacoes-internacionais-sobre-morte-do-presidente-hugo-chavez\/#article","isPartOf":{"@id":"https:\/\/psol50.org.br\/nota-da-presidencia-do-psol-e-da-secretaria-de-relacoes-internacionais-sobre-morte-do-presidente-hugo-chavez\/"},"author":{"name":"Comunica\u00e7\u00e3o PSOL","@id":"https:\/\/psol50.org.br\/#\/schema\/person\/475dfa57d0b815993c714c2e96491fcd"},"headline":"Nota da presid\u00eancia do PSOL e da secretaria de Rela\u00e7\u00f5es Internacionais sobre morte do presidente Hugo Ch\u00e1vez","datePublished":"2013-03-05T00:00:00+00:00","mainEntityOfPage":{"@id":"https:\/\/psol50.org.br\/nota-da-presidencia-do-psol-e-da-secretaria-de-relacoes-internacionais-sobre-morte-do-presidente-hugo-chavez\/"},"wordCount":390,"commentCount":0,"publisher":{"@id":"https:\/\/psol50.org.br\/#organization"},"keywords":["PSOL"],"articleSection":["Arquivo"],"inLanguage":"pt-BR","potentialAction":[{"@type":"CommentAction","name":"Comment","target":["https:\/\/psol50.org.br\/nota-da-presidencia-do-psol-e-da-secretaria-de-relacoes-internacionais-sobre-morte-do-presidente-hugo-chavez\/#respond"]}]},{"@type":"WebPage","@id":"https:\/\/psol50.org.br\/nota-da-presidencia-do-psol-e-da-secretaria-de-relacoes-internacionais-sobre-morte-do-presidente-hugo-chavez\/","url":"https:\/\/psol50.org.br\/nota-da-presidencia-do-psol-e-da-secretaria-de-relacoes-internacionais-sobre-morte-do-presidente-hugo-chavez\/","name":"Nota da presid\u00eancia do PSOL e da secretaria de Rela\u00e7\u00f5es Internacionais sobre morte do presidente Hugo Ch\u00e1vez - PSOL 50","isPartOf":{"@id":"https:\/\/psol50.org.br\/#website"},"datePublished":"2013-03-05T00:00:00+00:00","breadcrumb":{"@id":"https:\/\/psol50.org.br\/nota-da-presidencia-do-psol-e-da-secretaria-de-relacoes-internacionais-sobre-morte-do-presidente-hugo-chavez\/#breadcrumb"},"inLanguage":"pt-BR","potentialAction":[{"@type":"ReadAction","target":["https:\/\/psol50.org.br\/nota-da-presidencia-do-psol-e-da-secretaria-de-relacoes-internacionais-sobre-morte-do-presidente-hugo-chavez\/"]}]},{"@type":"BreadcrumbList","@id":"https:\/\/psol50.org.br\/nota-da-presidencia-do-psol-e-da-secretaria-de-relacoes-internacionais-sobre-morte-do-presidente-hugo-chavez\/#breadcrumb","itemListElement":[{"@type":"ListItem","position":1,"name":"In\u00edcio","item":"https:\/\/psol50.org.br\/"},{"@type":"ListItem","position":2,"name":"Nota da presid\u00eancia do PSOL e da secretaria de Rela\u00e7\u00f5es Internacionais sobre morte do presidente Hugo Ch\u00e1vez"}]},{"@type":"WebSite","@id":"https:\/\/psol50.org.br\/#website","url":"https:\/\/psol50.org.br\/","name":"PSOL 50","description":"Site oficial do Partido Socialismo e Liberdade","publisher":{"@id":"https:\/\/psol50.org.br\/#organization"},"alternateName":"PSOL50","potentialAction":[{"@type":"SearchAction","target":{"@type":"EntryPoint","urlTemplate":"https:\/\/psol50.org.br\/?s={search_term_string}"},"query-input":{"@type":"PropertyValueSpecification","valueRequired":true,"valueName":"search_term_string"}}],"inLanguage":"pt-BR"},{"@type":"Organization","@id":"https:\/\/psol50.org.br\/#organization","name":"PSOL 50","alternateName":"PSOL 50","url":"https:\/\/psol50.org.br\/","logo":{"@type":"ImageObject","inLanguage":"pt-BR","@id":"https:\/\/psol50.org.br\/#\/schema\/logo\/image\/","url":"https:\/\/psol50.org.br\/inc\/uploads\/2018\/07\/capa.png","contentUrl":"https:\/\/psol50.org.br\/inc\/uploads\/2018\/07\/capa.png","width":1350,"height":900,"caption":"PSOL 50"},"image":{"@id":"https:\/\/psol50.org.br\/#\/schema\/logo\/image\/"},"sameAs":["https:\/\/www.facebook.com\/psol50","https:\/\/x.com\/psol50","https:\/\/www.instagram.com\/psol50\/","https:\/\/www.youtube.com\/channel\/UC7SnJS5o1os7a6CaiNabzcg"]},{"@type":"Person","@id":"https:\/\/psol50.org.br\/#\/schema\/person\/475dfa57d0b815993c714c2e96491fcd","name":"Comunica\u00e7\u00e3o PSOL","image":{"@type":"ImageObject","inLanguage":"pt-BR","@id":"https:\/\/psol50.org.br\/#\/schema\/person\/image\/","url":"https:\/\/secure.gravatar.com\/avatar\/b34fc4f4e468a4e51785917065a3db57b841f5c95dba6ad8c73aaf8f66f8f9bf?s=96&d=mm&r=g","contentUrl":"https:\/\/secure.gravatar.com\/avatar\/b34fc4f4e468a4e51785917065a3db57b841f5c95dba6ad8c73aaf8f66f8f9bf?s=96&d=mm&r=g","caption":"Comunica\u00e7\u00e3o PSOL"}}]}},"_links":{"self":[{"href":"https:\/\/psol50.org.br\/rest\/wp\/v2\/posts\/1823","targetHints":{"allow":["GET"]}}],"collection":[{"href":"https:\/\/psol50.org.br\/rest\/wp\/v2\/posts"}],"about":[{"href":"https:\/\/psol50.org.br\/rest\/wp\/v2\/types\/post"}],"author":[{"embeddable":true,"href":"https:\/\/psol50.org.br\/rest\/wp\/v2\/users\/2"}],"replies":[{"embeddable":true,"href":"https:\/\/psol50.org.br\/rest\/wp\/v2\/comments?post=1823"}],"version-history":[{"count":0,"href":"https:\/\/psol50.org.br\/rest\/wp\/v2\/posts\/1823\/revisions"}],"wp:attachment":[{"href":"https:\/\/psol50.org.br\/rest\/wp\/v2\/media?parent=1823"}],"wp:term":[{"taxonomy":"category","embeddable":true,"href":"https:\/\/psol50.org.br\/rest\/wp\/v2\/categories?post=1823"},{"taxonomy":"post_tag","embeddable":true,"href":"https:\/\/psol50.org.br\/rest\/wp\/v2\/tags?post=1823"}],"curies":[{"name":"wp","href":"https:\/\/api.w.org\/{rel}","templated":true}]}}