{"id":18255,"date":"2017-09-22T11:09:32","date_gmt":"2017-09-22T14:09:32","guid":{"rendered":"http:\/\/www.psol50.org.br\/?p=18255"},"modified":"2017-09-22T11:09:32","modified_gmt":"2017-09-22T14:09:32","slug":"apos-derrota-de-temer-no-stf-segunda-denuncia-chega-a-camara-dos-deputados","status":"publish","type":"post","link":"https:\/\/psol50.org.br\/apos-derrota-de-temer-no-stf-segunda-denuncia-chega-a-camara-dos-deputados\/","title":{"rendered":"Ap\u00f3s derrota de Temer no STF, segunda den\u00fancia chega \u00e0 C\u00e2mara dos Deputados"},"content":{"rendered":"<p>Chegou \u00e0 C\u00e2mara dos Deputados, \u00e0s 20h31 desta quinta-feira (21), a <a href=\"http:\/\/www.psol50.org.br\/2a-denuncia-de-janot-desmonta-governo-temer-e-cupula-do-pmdb\/\" target=\"_blank\" rel=\"noopener\"><strong><span style=\"color: #0000ff;\">segunda den\u00fancia contra o presidente Michel Temer<\/span><\/strong><\/a>. <span style=\"color: #000000;\">Ap\u00f3s perder a vota\u00e7\u00e3o do <a href=\"http:\/\/www.psol50.org.br\/temer-perde-no-stf-e-maioria-dos-ministros-decide-enviar-denuncia\/\" target=\"_blank\" rel=\"noopener\"><strong><span style=\"color: #0000ff;\">recurso apresentado pela sua defesa ao Supremo Tribunal Federal (STF)<\/span><\/strong><\/a><\/span>, o presidente ter\u00e1, novamente, o seu futuro \u00e0 frente do Pal\u00e1cio do Planalto debatido pelos deputados. O PSOL atuar\u00e1 incansavelmente para que desta vez ele n\u00e3o seja absolvido, <a href=\"http:\/\/www.psol50.org.br\/camara-sela-acordao-e-nega-investigacao-contra-temer\/\" target=\"_blank\" rel=\"noopener\"><strong><span style=\"color: #0000ff;\">conforme ocorreu na vota\u00e7\u00e3o da primeira den\u00fancia<\/span><\/strong><\/a> encaminhada tamb\u00e9m pelo ex-procurador geral da Rep\u00fablica, Rodrigo Janot.<\/p>\n<p>O presidente ileg\u00edtimo \u00e9 acusado pelos crimes de participa\u00e7\u00e3o em organiza\u00e7\u00e3o criminosa e de obstru\u00e7\u00e3o de Justi\u00e7a. Assim como a primeira den\u00fancia, a segunda teve como base a dela\u00e7\u00e3o dos executivos da J&amp;F, controladora do frigor\u00edfico JBS, mas tamb\u00e9m usou as recentes revela\u00e7\u00f5es feitas por L\u00facio Funaro no \u00e2mbito da Opera\u00e7\u00e3o Lava-Jato.<\/p>\n<p>A tramita\u00e7\u00e3o da den\u00fancia na C\u00e2mara dever\u00e1 ter in\u00edcio na pr\u00f3xima semana. A primeira a\u00e7\u00e3o ap\u00f3s o recebimento da pe\u00e7a \u00e9 a leitura em plen\u00e1rio, o que s\u00f3 pode ocorrer em sess\u00e3o com qu\u00f3rum de, no m\u00ednimo, 51 deputados. Ap\u00f3s essa etapa, caber\u00e1 ao primeiro secret\u00e1rio da C\u00e2mara, deputado Giacobo (PR-PR), comunicar ao presidente, Rodrigo Maia (DEM-RJ), fiel aliado de Temer, sobre o recebimento da den\u00fancia. Paralelamente, a pe\u00e7a segue para an\u00e1lise da Comiss\u00e3o de Constitui\u00e7\u00e3o e Justi\u00e7a (CCJ).<\/p>\n<p>Como ocorreu durante a tramita\u00e7\u00e3o da primeira den\u00fancia, a bancada do <a href=\"https:\/\/www.facebook.com\/psolnacamara\/\" target=\"_blank\" rel=\"noopener\"><strong><span style=\"color: #0000ff;\">PSOL na C\u00e2mara<\/span><\/strong><\/a> vai atuar para que a maioria dos deputados vote pela abertura das investiga\u00e7\u00f5es contra Michel Temer. Mesmo que a base de apoio se empenhe para, mais uma vez, blindar o presidente ileg\u00edtimo, a deputada Luiza Erundina (SP) e os deputados Glauber Braga (RJ), Ivan Valente (SP), Chico Alencar (RJ), Jean Wyllys (RJ) e Edmilson Rodrigues (PA) denunciar\u00e3o todas as manobras em curso e trabalhar\u00e3o para que a vontade do povo seja atendida.<\/p>\n","protected":false},"excerpt":{"rendered":"<p>Chegou \u00e0 C\u00e2mara dos Deputados, \u00e0s 20h31 desta quinta-feira (21), a segunda den\u00fancia contra o presidente Michel Temer. Ap\u00f3s perder a vota\u00e7\u00e3o do recurso apresentado pela sua defesa ao Supremo Tribunal Federal (STF), o presidente ter\u00e1, novamente, o seu futuro \u00e0 frente do Pal\u00e1cio do Planalto debatido pelos deputados. O PSOL atuar\u00e1 incansavelmente para que [&hellip;]<\/p>\n","protected":false},"author":2,"featured_media":18212,"comment_status":"open","ping_status":"open","sticky":false,"template":"","format":"standard","meta":{"_acf_changed":false,"footnotes":""},"categories":[10,1882,6],"tags":[709,705,79,1748,3583,3584,77,22,3093,45],"class_list":{"0":"post-18255","1":"post","2":"type-post","3":"status-publish","4":"format-standard","5":"has-post-thumbnail","7":"category-acao-parlamentares","8":"category-brasil","9":"category-noticias","10":"tag-camara-dos-deputados","11":"tag-crimes","12":"tag-denuncia","13":"tag-michel-temer","14":"tag-obstrucao-de-justica","15":"tag-organizacao-criminosa","16":"tag-pgr","17":"tag-psol","18":"tag-rodrigo-janot","19":"tag-stf"},"acf":[],"yoast_head":"<!-- This site is optimized with the Yoast SEO plugin v26.5 - https:\/\/yoast.com\/wordpress\/plugins\/seo\/ -->\n<title>Ap\u00f3s derrota de Temer no STF, segunda den\u00fancia chega \u00e0 C\u00e2mara dos Deputados - PSOL 50<\/title>\n<meta name=\"robots\" content=\"index, follow, max-snippet:-1, max-image-preview:large, max-video-preview:-1\" \/>\n<link rel=\"canonical\" href=\"https:\/\/psol50.org.br\/apos-derrota-de-temer-no-stf-segunda-denuncia-chega-a-camara-dos-deputados\/\" \/>\n<meta property=\"og:locale\" content=\"pt_BR\" \/>\n<meta property=\"og:type\" content=\"article\" \/>\n<meta property=\"og:title\" content=\"Ap\u00f3s derrota de Temer no STF, segunda den\u00fancia chega \u00e0 C\u00e2mara dos Deputados - PSOL 50\" \/>\n<meta property=\"og:description\" content=\"Chegou \u00e0 C\u00e2mara dos Deputados, \u00e0s 20h31 desta quinta-feira (21), a segunda den\u00fancia contra o presidente Michel Temer. Ap\u00f3s perder a vota\u00e7\u00e3o do recurso apresentado pela sua defesa ao Supremo Tribunal Federal (STF), o presidente ter\u00e1, novamente, o seu futuro \u00e0 frente do Pal\u00e1cio do Planalto debatido pelos deputados. O PSOL atuar\u00e1 incansavelmente para que [&hellip;]\" \/>\n<meta property=\"og:url\" content=\"https:\/\/psol50.org.br\/apos-derrota-de-temer-no-stf-segunda-denuncia-chega-a-camara-dos-deputados\/\" \/>\n<meta property=\"og:site_name\" content=\"PSOL 50\" \/>\n<meta property=\"article:publisher\" content=\"https:\/\/www.facebook.com\/psol50\" \/>\n<meta property=\"article:published_time\" content=\"2017-09-22T14:09:32+00:00\" \/>\n<meta property=\"og:image\" content=\"https:\/\/psol50.org.br\/inc\/uploads\/2018\/07\/capa.png\" \/>\n\t<meta property=\"og:image:width\" content=\"1350\" \/>\n\t<meta property=\"og:image:height\" content=\"900\" \/>\n\t<meta property=\"og:image:type\" content=\"image\/png\" \/>\n<meta name=\"author\" content=\"Comunica\u00e7\u00e3o PSOL\" \/>\n<meta name=\"twitter:card\" content=\"summary_large_image\" \/>\n<meta name=\"twitter:creator\" content=\"@psol50\" \/>\n<meta name=\"twitter:site\" content=\"@psol50\" \/>\n<meta name=\"twitter:label1\" content=\"Escrito por\" \/>\n\t<meta name=\"twitter:data1\" content=\"Comunica\u00e7\u00e3o PSOL\" \/>\n\t<meta name=\"twitter:label2\" content=\"Est. tempo de leitura\" \/>\n\t<meta name=\"twitter:data2\" content=\"2 minutos\" \/>\n<script type=\"application\/ld+json\" class=\"yoast-schema-graph\">{\"@context\":\"https:\/\/schema.org\",\"@graph\":[{\"@type\":\"Article\",\"@id\":\"https:\/\/psol50.org.br\/apos-derrota-de-temer-no-stf-segunda-denuncia-chega-a-camara-dos-deputados\/#article\",\"isPartOf\":{\"@id\":\"https:\/\/psol50.org.br\/apos-derrota-de-temer-no-stf-segunda-denuncia-chega-a-camara-dos-deputados\/\"},\"author\":{\"name\":\"Comunica\u00e7\u00e3o PSOL\",\"@id\":\"https:\/\/psol50.org.br\/#\/schema\/person\/475dfa57d0b815993c714c2e96491fcd\"},\"headline\":\"Ap\u00f3s derrota de Temer no STF, segunda den\u00fancia chega \u00e0 C\u00e2mara dos Deputados\",\"datePublished\":\"2017-09-22T14:09:32+00:00\",\"mainEntityOfPage\":{\"@id\":\"https:\/\/psol50.org.br\/apos-derrota-de-temer-no-stf-segunda-denuncia-chega-a-camara-dos-deputados\/\"},\"wordCount\":355,\"commentCount\":0,\"publisher\":{\"@id\":\"https:\/\/psol50.org.br\/#organization\"},\"image\":{\"@id\":\"https:\/\/psol50.org.br\/apos-derrota-de-temer-no-stf-segunda-denuncia-chega-a-camara-dos-deputados\/#primaryimage\"},\"thumbnailUrl\":\"\",\"keywords\":[\"C\u00e2mara dos Deputados\",\"crimes\",\"den\u00fancia\",\"Michel Temer\",\"obstru\u00e7\u00e3o de justi\u00e7a\",\"organiza\u00e7\u00e3o criminosa\",\"PGR\",\"PSOL\",\"Rodrigo Janot\",\"STF\"],\"articleSection\":[\"A\u00e7\u00e3o Parlamentar\",\"Brasil\",\"Not\u00edcias\"],\"inLanguage\":\"pt-BR\",\"potentialAction\":[{\"@type\":\"CommentAction\",\"name\":\"Comment\",\"target\":[\"https:\/\/psol50.org.br\/apos-derrota-de-temer-no-stf-segunda-denuncia-chega-a-camara-dos-deputados\/#respond\"]}]},{\"@type\":\"WebPage\",\"@id\":\"https:\/\/psol50.org.br\/apos-derrota-de-temer-no-stf-segunda-denuncia-chega-a-camara-dos-deputados\/\",\"url\":\"https:\/\/psol50.org.br\/apos-derrota-de-temer-no-stf-segunda-denuncia-chega-a-camara-dos-deputados\/\",\"name\":\"Ap\u00f3s derrota de Temer no STF, segunda den\u00fancia chega \u00e0 C\u00e2mara dos Deputados - PSOL 50\",\"isPartOf\":{\"@id\":\"https:\/\/psol50.org.br\/#website\"},\"primaryImageOfPage\":{\"@id\":\"https:\/\/psol50.org.br\/apos-derrota-de-temer-no-stf-segunda-denuncia-chega-a-camara-dos-deputados\/#primaryimage\"},\"image\":{\"@id\":\"https:\/\/psol50.org.br\/apos-derrota-de-temer-no-stf-segunda-denuncia-chega-a-camara-dos-deputados\/#primaryimage\"},\"thumbnailUrl\":\"\",\"datePublished\":\"2017-09-22T14:09:32+00:00\",\"breadcrumb\":{\"@id\":\"https:\/\/psol50.org.br\/apos-derrota-de-temer-no-stf-segunda-denuncia-chega-a-camara-dos-deputados\/#breadcrumb\"},\"inLanguage\":\"pt-BR\",\"potentialAction\":[{\"@type\":\"ReadAction\",\"target\":[\"https:\/\/psol50.org.br\/apos-derrota-de-temer-no-stf-segunda-denuncia-chega-a-camara-dos-deputados\/\"]}]},{\"@type\":\"ImageObject\",\"inLanguage\":\"pt-BR\",\"@id\":\"https:\/\/psol50.org.br\/apos-derrota-de-temer-no-stf-segunda-denuncia-chega-a-camara-dos-deputados\/#primaryimage\",\"url\":\"\",\"contentUrl\":\"\"},{\"@type\":\"BreadcrumbList\",\"@id\":\"https:\/\/psol50.org.br\/apos-derrota-de-temer-no-stf-segunda-denuncia-chega-a-camara-dos-deputados\/#breadcrumb\",\"itemListElement\":[{\"@type\":\"ListItem\",\"position\":1,\"name\":\"In\u00edcio\",\"item\":\"https:\/\/psol50.org.br\/\"},{\"@type\":\"ListItem\",\"position\":2,\"name\":\"Ap\u00f3s derrota de Temer no STF, segunda den\u00fancia chega \u00e0 C\u00e2mara dos Deputados\"}]},{\"@type\":\"WebSite\",\"@id\":\"https:\/\/psol50.org.br\/#website\",\"url\":\"https:\/\/psol50.org.br\/\",\"name\":\"PSOL 50\",\"description\":\"Site oficial do Partido Socialismo e Liberdade\",\"publisher\":{\"@id\":\"https:\/\/psol50.org.br\/#organization\"},\"alternateName\":\"PSOL50\",\"potentialAction\":[{\"@type\":\"SearchAction\",\"target\":{\"@type\":\"EntryPoint\",\"urlTemplate\":\"https:\/\/psol50.org.br\/?s={search_term_string}\"},\"query-input\":{\"@type\":\"PropertyValueSpecification\",\"valueRequired\":true,\"valueName\":\"search_term_string\"}}],\"inLanguage\":\"pt-BR\"},{\"@type\":\"Organization\",\"@id\":\"https:\/\/psol50.org.br\/#organization\",\"name\":\"PSOL 50\",\"alternateName\":\"PSOL 50\",\"url\":\"https:\/\/psol50.org.br\/\",\"logo\":{\"@type\":\"ImageObject\",\"inLanguage\":\"pt-BR\",\"@id\":\"https:\/\/psol50.org.br\/#\/schema\/logo\/image\/\",\"url\":\"https:\/\/psol50.org.br\/inc\/uploads\/2018\/07\/capa.png\",\"contentUrl\":\"https:\/\/psol50.org.br\/inc\/uploads\/2018\/07\/capa.png\",\"width\":1350,\"height\":900,\"caption\":\"PSOL 50\"},\"image\":{\"@id\":\"https:\/\/psol50.org.br\/#\/schema\/logo\/image\/\"},\"sameAs\":[\"https:\/\/www.facebook.com\/psol50\",\"https:\/\/x.com\/psol50\",\"https:\/\/www.instagram.com\/psol50\/\",\"https:\/\/www.youtube.com\/channel\/UC7SnJS5o1os7a6CaiNabzcg\"]},{\"@type\":\"Person\",\"@id\":\"https:\/\/psol50.org.br\/#\/schema\/person\/475dfa57d0b815993c714c2e96491fcd\",\"name\":\"Comunica\u00e7\u00e3o PSOL\",\"image\":{\"@type\":\"ImageObject\",\"inLanguage\":\"pt-BR\",\"@id\":\"https:\/\/psol50.org.br\/#\/schema\/person\/image\/\",\"url\":\"https:\/\/secure.gravatar.com\/avatar\/b34fc4f4e468a4e51785917065a3db57b841f5c95dba6ad8c73aaf8f66f8f9bf?s=96&d=mm&r=g\",\"contentUrl\":\"https:\/\/secure.gravatar.com\/avatar\/b34fc4f4e468a4e51785917065a3db57b841f5c95dba6ad8c73aaf8f66f8f9bf?s=96&d=mm&r=g\",\"caption\":\"Comunica\u00e7\u00e3o PSOL\"}}]}<\/script>\n<!-- \/ Yoast SEO plugin. -->","yoast_head_json":{"title":"Ap\u00f3s derrota de Temer no STF, segunda den\u00fancia chega \u00e0 C\u00e2mara dos Deputados - PSOL 50","robots":{"index":"index","follow":"follow","max-snippet":"max-snippet:-1","max-image-preview":"max-image-preview:large","max-video-preview":"max-video-preview:-1"},"canonical":"https:\/\/psol50.org.br\/apos-derrota-de-temer-no-stf-segunda-denuncia-chega-a-camara-dos-deputados\/","og_locale":"pt_BR","og_type":"article","og_title":"Ap\u00f3s derrota de Temer no STF, segunda den\u00fancia chega \u00e0 C\u00e2mara dos Deputados - PSOL 50","og_description":"Chegou \u00e0 C\u00e2mara dos Deputados, \u00e0s 20h31 desta quinta-feira (21), a segunda den\u00fancia contra o presidente Michel Temer. Ap\u00f3s perder a vota\u00e7\u00e3o do recurso apresentado pela sua defesa ao Supremo Tribunal Federal (STF), o presidente ter\u00e1, novamente, o seu futuro \u00e0 frente do Pal\u00e1cio do Planalto debatido pelos deputados. O PSOL atuar\u00e1 incansavelmente para que [&hellip;]","og_url":"https:\/\/psol50.org.br\/apos-derrota-de-temer-no-stf-segunda-denuncia-chega-a-camara-dos-deputados\/","og_site_name":"PSOL 50","article_publisher":"https:\/\/www.facebook.com\/psol50","article_published_time":"2017-09-22T14:09:32+00:00","og_image":[{"width":1350,"height":900,"url":"https:\/\/psol50.org.br\/inc\/uploads\/2018\/07\/capa.png","type":"image\/png"}],"author":"Comunica\u00e7\u00e3o PSOL","twitter_card":"summary_large_image","twitter_creator":"@psol50","twitter_site":"@psol50","twitter_misc":{"Escrito por":"Comunica\u00e7\u00e3o PSOL","Est. tempo de leitura":"2 minutos"},"schema":{"@context":"https:\/\/schema.org","@graph":[{"@type":"Article","@id":"https:\/\/psol50.org.br\/apos-derrota-de-temer-no-stf-segunda-denuncia-chega-a-camara-dos-deputados\/#article","isPartOf":{"@id":"https:\/\/psol50.org.br\/apos-derrota-de-temer-no-stf-segunda-denuncia-chega-a-camara-dos-deputados\/"},"author":{"name":"Comunica\u00e7\u00e3o PSOL","@id":"https:\/\/psol50.org.br\/#\/schema\/person\/475dfa57d0b815993c714c2e96491fcd"},"headline":"Ap\u00f3s derrota de Temer no STF, segunda den\u00fancia chega \u00e0 C\u00e2mara dos Deputados","datePublished":"2017-09-22T14:09:32+00:00","mainEntityOfPage":{"@id":"https:\/\/psol50.org.br\/apos-derrota-de-temer-no-stf-segunda-denuncia-chega-a-camara-dos-deputados\/"},"wordCount":355,"commentCount":0,"publisher":{"@id":"https:\/\/psol50.org.br\/#organization"},"image":{"@id":"https:\/\/psol50.org.br\/apos-derrota-de-temer-no-stf-segunda-denuncia-chega-a-camara-dos-deputados\/#primaryimage"},"thumbnailUrl":"","keywords":["C\u00e2mara dos Deputados","crimes","den\u00fancia","Michel Temer","obstru\u00e7\u00e3o de justi\u00e7a","organiza\u00e7\u00e3o criminosa","PGR","PSOL","Rodrigo Janot","STF"],"articleSection":["A\u00e7\u00e3o Parlamentar","Brasil","Not\u00edcias"],"inLanguage":"pt-BR","potentialAction":[{"@type":"CommentAction","name":"Comment","target":["https:\/\/psol50.org.br\/apos-derrota-de-temer-no-stf-segunda-denuncia-chega-a-camara-dos-deputados\/#respond"]}]},{"@type":"WebPage","@id":"https:\/\/psol50.org.br\/apos-derrota-de-temer-no-stf-segunda-denuncia-chega-a-camara-dos-deputados\/","url":"https:\/\/psol50.org.br\/apos-derrota-de-temer-no-stf-segunda-denuncia-chega-a-camara-dos-deputados\/","name":"Ap\u00f3s derrota de Temer no STF, segunda den\u00fancia chega \u00e0 C\u00e2mara dos Deputados - PSOL 50","isPartOf":{"@id":"https:\/\/psol50.org.br\/#website"},"primaryImageOfPage":{"@id":"https:\/\/psol50.org.br\/apos-derrota-de-temer-no-stf-segunda-denuncia-chega-a-camara-dos-deputados\/#primaryimage"},"image":{"@id":"https:\/\/psol50.org.br\/apos-derrota-de-temer-no-stf-segunda-denuncia-chega-a-camara-dos-deputados\/#primaryimage"},"thumbnailUrl":"","datePublished":"2017-09-22T14:09:32+00:00","breadcrumb":{"@id":"https:\/\/psol50.org.br\/apos-derrota-de-temer-no-stf-segunda-denuncia-chega-a-camara-dos-deputados\/#breadcrumb"},"inLanguage":"pt-BR","potentialAction":[{"@type":"ReadAction","target":["https:\/\/psol50.org.br\/apos-derrota-de-temer-no-stf-segunda-denuncia-chega-a-camara-dos-deputados\/"]}]},{"@type":"ImageObject","inLanguage":"pt-BR","@id":"https:\/\/psol50.org.br\/apos-derrota-de-temer-no-stf-segunda-denuncia-chega-a-camara-dos-deputados\/#primaryimage","url":"","contentUrl":""},{"@type":"BreadcrumbList","@id":"https:\/\/psol50.org.br\/apos-derrota-de-temer-no-stf-segunda-denuncia-chega-a-camara-dos-deputados\/#breadcrumb","itemListElement":[{"@type":"ListItem","position":1,"name":"In\u00edcio","item":"https:\/\/psol50.org.br\/"},{"@type":"ListItem","position":2,"name":"Ap\u00f3s derrota de Temer no STF, segunda den\u00fancia chega \u00e0 C\u00e2mara dos Deputados"}]},{"@type":"WebSite","@id":"https:\/\/psol50.org.br\/#website","url":"https:\/\/psol50.org.br\/","name":"PSOL 50","description":"Site oficial do Partido Socialismo e Liberdade","publisher":{"@id":"https:\/\/psol50.org.br\/#organization"},"alternateName":"PSOL50","potentialAction":[{"@type":"SearchAction","target":{"@type":"EntryPoint","urlTemplate":"https:\/\/psol50.org.br\/?s={search_term_string}"},"query-input":{"@type":"PropertyValueSpecification","valueRequired":true,"valueName":"search_term_string"}}],"inLanguage":"pt-BR"},{"@type":"Organization","@id":"https:\/\/psol50.org.br\/#organization","name":"PSOL 50","alternateName":"PSOL 50","url":"https:\/\/psol50.org.br\/","logo":{"@type":"ImageObject","inLanguage":"pt-BR","@id":"https:\/\/psol50.org.br\/#\/schema\/logo\/image\/","url":"https:\/\/psol50.org.br\/inc\/uploads\/2018\/07\/capa.png","contentUrl":"https:\/\/psol50.org.br\/inc\/uploads\/2018\/07\/capa.png","width":1350,"height":900,"caption":"PSOL 50"},"image":{"@id":"https:\/\/psol50.org.br\/#\/schema\/logo\/image\/"},"sameAs":["https:\/\/www.facebook.com\/psol50","https:\/\/x.com\/psol50","https:\/\/www.instagram.com\/psol50\/","https:\/\/www.youtube.com\/channel\/UC7SnJS5o1os7a6CaiNabzcg"]},{"@type":"Person","@id":"https:\/\/psol50.org.br\/#\/schema\/person\/475dfa57d0b815993c714c2e96491fcd","name":"Comunica\u00e7\u00e3o PSOL","image":{"@type":"ImageObject","inLanguage":"pt-BR","@id":"https:\/\/psol50.org.br\/#\/schema\/person\/image\/","url":"https:\/\/secure.gravatar.com\/avatar\/b34fc4f4e468a4e51785917065a3db57b841f5c95dba6ad8c73aaf8f66f8f9bf?s=96&d=mm&r=g","contentUrl":"https:\/\/secure.gravatar.com\/avatar\/b34fc4f4e468a4e51785917065a3db57b841f5c95dba6ad8c73aaf8f66f8f9bf?s=96&d=mm&r=g","caption":"Comunica\u00e7\u00e3o PSOL"}}]}},"_links":{"self":[{"href":"https:\/\/psol50.org.br\/rest\/wp\/v2\/posts\/18255","targetHints":{"allow":["GET"]}}],"collection":[{"href":"https:\/\/psol50.org.br\/rest\/wp\/v2\/posts"}],"about":[{"href":"https:\/\/psol50.org.br\/rest\/wp\/v2\/types\/post"}],"author":[{"embeddable":true,"href":"https:\/\/psol50.org.br\/rest\/wp\/v2\/users\/2"}],"replies":[{"embeddable":true,"href":"https:\/\/psol50.org.br\/rest\/wp\/v2\/comments?post=18255"}],"version-history":[{"count":0,"href":"https:\/\/psol50.org.br\/rest\/wp\/v2\/posts\/18255\/revisions"}],"wp:featuredmedia":[{"embeddable":true,"href":"https:\/\/psol50.org.br\/rest\/"}],"wp:attachment":[{"href":"https:\/\/psol50.org.br\/rest\/wp\/v2\/media?parent=18255"}],"wp:term":[{"taxonomy":"category","embeddable":true,"href":"https:\/\/psol50.org.br\/rest\/wp\/v2\/categories?post=18255"},{"taxonomy":"post_tag","embeddable":true,"href":"https:\/\/psol50.org.br\/rest\/wp\/v2\/tags?post=18255"}],"curies":[{"name":"wp","href":"https:\/\/api.w.org\/{rel}","templated":true}]}}