{"id":18266,"date":"2017-09-25T11:33:52","date_gmt":"2017-09-25T14:33:52","guid":{"rendered":"http:\/\/www.psol50.org.br\/?p=18266"},"modified":"2017-09-25T11:33:52","modified_gmt":"2017-09-25T14:33:52","slug":"reducao-da-maioridade-penal-volta-ao-centro-dos-debates-da-ccj-do-senado","status":"publish","type":"post","link":"https:\/\/psol50.org.br\/reducao-da-maioridade-penal-volta-ao-centro-dos-debates-da-ccj-do-senado\/","title":{"rendered":"Redu\u00e7\u00e3o da maioridade penal volta ao centro dos debates na CCJ do Senado"},"content":{"rendered":"<p>A\u00a0<a href=\"http:\/\/www25.senado.leg.br\/web\/atividade\/materias\/-\/materia\/106330\" target=\"_blank\" rel=\"noopener\"><span style=\"color: #0000ff;\"><strong>Proposta de Emenda \u00e0 Constitui\u00e7\u00e3o 33\/2012<\/strong><\/span><\/a>, que trata da redu\u00e7\u00e3o da maioridade penal a partir dos 16 anos, volta ao centro dos debates da Comiss\u00e3o de Constitui\u00e7\u00e3o, Justi\u00e7a e Cidadania do Senado Federal (CCJ). O parecer do senador Ricardo Ferra\u00e7o (PSDB-ES) j\u00e1 estava na pauta da semana passada, mas acabou n\u00e3o sendo apreciado pelo colegiado. A PEC \u00e9 o segundo item da pauta da sess\u00e3o de quarta-feira (27\/09).<\/p>\n<p>Segundo a proposta, \u00e9 de responsabilidade do Minist\u00e9rio P\u00fablico a \u201cdesconsidera\u00e7\u00e3o da inimputabilidade penal de maiores de dezesseis anos e menores de dezoito anos por lei complementar\u201d. De autoria do senador tucano Aloysio Nunes Ferreira (SP), a PEC considera os crimes elencados na lei de crimes hediondos, bem como os crimes contra a vida e casos de reincid\u00eancia de roubo, como os previstos para a aplica\u00e7\u00e3o da redu\u00e7\u00e3o da maioridade penal . O tr\u00e1fico de drogas foi exclu\u00eddo do rol pelo atual relator da mat\u00e9ria.<\/p>\n<p>A redu\u00e7\u00e3o da maioridade penal \u00e9 um dos temas mais combatidos pelos movimentos sociais durante a gest\u00e3o de Eduardo Cunha na presid\u00eancia da C\u00e2mara dos Deputados. Em 2015, o ex-deputado, atualmente preso, conseguiu manobrar para aprovar a ent\u00e3o\u00a0<a href=\"http:\/\/www.camara.gov.br\/proposicoesWeb\/fichadetramitacao?idProposicao=14493\" target=\"_blank\" rel=\"noopener\"><span style=\"color: #0000ff;\"><strong>PEC 171\/93<\/strong><\/span><\/a>\u00a0em dois turnos na C\u00e2mara, mesmo ap\u00f3s uma derrota no plen\u00e1rio da Casa. A bancada do\u00a0<strong><a href=\"https:\/\/www.facebook.com\/psolnacamara\/\" target=\"_blank\" rel=\"noopener\"><span style=\"color: #0000ff;\">PSOL na C\u00e2mara<\/span><\/a>\u00a0<\/strong>\u00a0denunciou o golpe imposto por Cunha na ocasi\u00e3o\u00a0e<a href=\"http:\/\/www.psol50.org.br\/?s=redu%C3%A7%C3%A3o+da+maioridade+penal\" target=\"_blank\" rel=\"noopener\"><span style=\"color: #0000ff;\"><strong> votou contra proposta nas duas vota\u00e7\u00f5es realizadas no plen\u00e1rio<\/strong><\/span><\/a>.<\/p>\n<p>A proposta que ser\u00e1 apreciada na CCJ do Senado \u00e9 diferente da que foi votada em 2015 na C\u00e2mara, mas igualmente perigosa e precisa ser derrotada. Al\u00e9m de militantes de diversas organiza\u00e7\u00f5es do movimento social, v\u00e1rios juristas apontam os problemas da PEC. Uma ampla campanha est\u00e1 sendo realizada nas redes sociais, atrav\u00e9s da p\u00e1gina <a href=\"https:\/\/www.facebook.com\/amanhecercontraareducao\/\" target=\"_blank\" rel=\"noopener\"><strong><span style=\"color: #0000ff;\">Amanhecer contra a redu\u00e7\u00e3o<\/span><\/strong><\/a>.<\/p>\n<p>Na \u00faltima quarta-feira (20), quando estava prevista a an\u00e1lise do parecer de Ricardo Ferra\u00e7o, manifestantes que queriam acompanhar a sess\u00e3o da CCJ foram impedidos de entrar no Senado Federal. Um comunicado divulgado pela dire\u00e7\u00e3o da Casa, no dia anterior, informou que o acesso \u00e0s depend\u00eancias do Senado seria bloqueado.<\/p>\n<p>A equipe de comunica\u00e7\u00e3o do PSOL estava l\u00e1 e acompanhou o momento em que os manifestantes foram barrados.<\/p>\n<p>https:\/\/www.facebook.com\/psol50oficial\/videos\/767937120034591\/<\/p>\n","protected":false},"excerpt":{"rendered":"<p>A\u00a0Proposta de Emenda \u00e0 Constitui\u00e7\u00e3o 33\/2012, que trata da redu\u00e7\u00e3o da maioridade penal a partir dos 16 anos, volta ao centro dos debates da Comiss\u00e3o de Constitui\u00e7\u00e3o, Justi\u00e7a e Cidadania do Senado Federal (CCJ). O parecer do senador Ricardo Ferra\u00e7o (PSDB-ES) j\u00e1 estava na pauta da semana passada, mas acabou n\u00e3o sendo apreciado pelo colegiado. [&hellip;]<\/p>\n","protected":false},"author":2,"featured_media":18267,"comment_status":"open","ping_status":"open","sticky":false,"template":"","format":"standard","meta":{"_acf_changed":false,"footnotes":""},"categories":[10,1882,6],"tags":[3586,238,3587,1375,2890,3571,22,3572,3166,2431,233],"class_list":{"0":"post-18266","1":"post","2":"type-post","3":"status-publish","4":"format-standard","5":"has-post-thumbnail","7":"category-acao-parlamentares","8":"category-brasil","9":"category-noticias","10":"tag-reducaonaoesolucao","11":"tag-adolescentes","12":"tag-aloysio-nunes-ferreira","13":"tag-ccj","14":"tag-eduardo-cunha","15":"tag-pec-332012","16":"tag-psol","17":"tag-reducao-da-maioridade-penal","18":"tag-ricardo-ferraco","19":"tag-senado-federal","20":"tag-violencia"},"acf":[],"yoast_head":"<!-- This site is optimized with the Yoast SEO plugin v26.5 - https:\/\/yoast.com\/wordpress\/plugins\/seo\/ -->\n<title>Redu\u00e7\u00e3o da maioridade penal volta ao centro dos debates na CCJ do Senado - PSOL 50<\/title>\n<meta name=\"robots\" content=\"index, follow, max-snippet:-1, max-image-preview:large, max-video-preview:-1\" \/>\n<link rel=\"canonical\" href=\"https:\/\/psol50.org.br\/reducao-da-maioridade-penal-volta-ao-centro-dos-debates-da-ccj-do-senado\/\" \/>\n<meta property=\"og:locale\" content=\"pt_BR\" \/>\n<meta property=\"og:type\" content=\"article\" \/>\n<meta property=\"og:title\" content=\"Redu\u00e7\u00e3o da maioridade penal volta ao centro dos debates na CCJ do Senado - PSOL 50\" \/>\n<meta property=\"og:description\" content=\"A\u00a0Proposta de Emenda \u00e0 Constitui\u00e7\u00e3o 33\/2012, que trata da redu\u00e7\u00e3o da maioridade penal a partir dos 16 anos, volta ao centro dos debates da Comiss\u00e3o de Constitui\u00e7\u00e3o, Justi\u00e7a e Cidadania do Senado Federal (CCJ). O parecer do senador Ricardo Ferra\u00e7o (PSDB-ES) j\u00e1 estava na pauta da semana passada, mas acabou n\u00e3o sendo apreciado pelo colegiado. [&hellip;]\" \/>\n<meta property=\"og:url\" content=\"https:\/\/psol50.org.br\/reducao-da-maioridade-penal-volta-ao-centro-dos-debates-da-ccj-do-senado\/\" \/>\n<meta property=\"og:site_name\" content=\"PSOL 50\" \/>\n<meta property=\"article:publisher\" content=\"https:\/\/www.facebook.com\/psol50\" \/>\n<meta property=\"article:published_time\" content=\"2017-09-25T14:33:52+00:00\" \/>\n<meta property=\"og:image\" content=\"https:\/\/psol50.org.br\/inc\/uploads\/2018\/07\/capa.png\" \/>\n\t<meta property=\"og:image:width\" content=\"1350\" \/>\n\t<meta property=\"og:image:height\" content=\"900\" \/>\n\t<meta property=\"og:image:type\" content=\"image\/png\" \/>\n<meta name=\"author\" content=\"Comunica\u00e7\u00e3o PSOL\" \/>\n<meta name=\"twitter:card\" content=\"summary_large_image\" \/>\n<meta name=\"twitter:creator\" content=\"@psol50\" \/>\n<meta name=\"twitter:site\" content=\"@psol50\" \/>\n<meta name=\"twitter:label1\" content=\"Escrito por\" \/>\n\t<meta name=\"twitter:data1\" content=\"Comunica\u00e7\u00e3o PSOL\" \/>\n\t<meta name=\"twitter:label2\" content=\"Est. tempo de leitura\" \/>\n\t<meta name=\"twitter:data2\" content=\"2 minutos\" \/>\n<script type=\"application\/ld+json\" class=\"yoast-schema-graph\">{\"@context\":\"https:\/\/schema.org\",\"@graph\":[{\"@type\":\"Article\",\"@id\":\"https:\/\/psol50.org.br\/reducao-da-maioridade-penal-volta-ao-centro-dos-debates-da-ccj-do-senado\/#article\",\"isPartOf\":{\"@id\":\"https:\/\/psol50.org.br\/reducao-da-maioridade-penal-volta-ao-centro-dos-debates-da-ccj-do-senado\/\"},\"author\":{\"name\":\"Comunica\u00e7\u00e3o PSOL\",\"@id\":\"https:\/\/psol50.org.br\/#\/schema\/person\/475dfa57d0b815993c714c2e96491fcd\"},\"headline\":\"Redu\u00e7\u00e3o da maioridade penal volta ao centro dos debates na CCJ do Senado\",\"datePublished\":\"2017-09-25T14:33:52+00:00\",\"mainEntityOfPage\":{\"@id\":\"https:\/\/psol50.org.br\/reducao-da-maioridade-penal-volta-ao-centro-dos-debates-da-ccj-do-senado\/\"},\"wordCount\":406,\"commentCount\":0,\"publisher\":{\"@id\":\"https:\/\/psol50.org.br\/#organization\"},\"image\":{\"@id\":\"https:\/\/psol50.org.br\/reducao-da-maioridade-penal-volta-ao-centro-dos-debates-da-ccj-do-senado\/#primaryimage\"},\"thumbnailUrl\":\"\",\"keywords\":[\"#Redu\u00e7\u00e3oN\u00e3o\u00c9Solu\u00e7\u00e3o\",\"adolescentes\",\"Aloysio Nunes Ferreira\",\"CCJ\",\"Eduardo Cunha\",\"PEC 33\/2012\",\"PSOL\",\"redu\u00e7\u00e3o da maioridade penal\",\"Ricardo Ferra\u00e7o\",\"Senado Federal\",\"viol\u00eancia\"],\"articleSection\":[\"A\u00e7\u00e3o Parlamentar\",\"Brasil\",\"Not\u00edcias\"],\"inLanguage\":\"pt-BR\",\"potentialAction\":[{\"@type\":\"CommentAction\",\"name\":\"Comment\",\"target\":[\"https:\/\/psol50.org.br\/reducao-da-maioridade-penal-volta-ao-centro-dos-debates-da-ccj-do-senado\/#respond\"]}]},{\"@type\":\"WebPage\",\"@id\":\"https:\/\/psol50.org.br\/reducao-da-maioridade-penal-volta-ao-centro-dos-debates-da-ccj-do-senado\/\",\"url\":\"https:\/\/psol50.org.br\/reducao-da-maioridade-penal-volta-ao-centro-dos-debates-da-ccj-do-senado\/\",\"name\":\"Redu\u00e7\u00e3o da maioridade penal volta ao centro dos debates na CCJ do Senado - PSOL 50\",\"isPartOf\":{\"@id\":\"https:\/\/psol50.org.br\/#website\"},\"primaryImageOfPage\":{\"@id\":\"https:\/\/psol50.org.br\/reducao-da-maioridade-penal-volta-ao-centro-dos-debates-da-ccj-do-senado\/#primaryimage\"},\"image\":{\"@id\":\"https:\/\/psol50.org.br\/reducao-da-maioridade-penal-volta-ao-centro-dos-debates-da-ccj-do-senado\/#primaryimage\"},\"thumbnailUrl\":\"\",\"datePublished\":\"2017-09-25T14:33:52+00:00\",\"breadcrumb\":{\"@id\":\"https:\/\/psol50.org.br\/reducao-da-maioridade-penal-volta-ao-centro-dos-debates-da-ccj-do-senado\/#breadcrumb\"},\"inLanguage\":\"pt-BR\",\"potentialAction\":[{\"@type\":\"ReadAction\",\"target\":[\"https:\/\/psol50.org.br\/reducao-da-maioridade-penal-volta-ao-centro-dos-debates-da-ccj-do-senado\/\"]}]},{\"@type\":\"ImageObject\",\"inLanguage\":\"pt-BR\",\"@id\":\"https:\/\/psol50.org.br\/reducao-da-maioridade-penal-volta-ao-centro-dos-debates-da-ccj-do-senado\/#primaryimage\",\"url\":\"\",\"contentUrl\":\"\"},{\"@type\":\"BreadcrumbList\",\"@id\":\"https:\/\/psol50.org.br\/reducao-da-maioridade-penal-volta-ao-centro-dos-debates-da-ccj-do-senado\/#breadcrumb\",\"itemListElement\":[{\"@type\":\"ListItem\",\"position\":1,\"name\":\"In\u00edcio\",\"item\":\"https:\/\/psol50.org.br\/\"},{\"@type\":\"ListItem\",\"position\":2,\"name\":\"Redu\u00e7\u00e3o da maioridade penal volta ao centro dos debates na CCJ do Senado\"}]},{\"@type\":\"WebSite\",\"@id\":\"https:\/\/psol50.org.br\/#website\",\"url\":\"https:\/\/psol50.org.br\/\",\"name\":\"PSOL 50\",\"description\":\"Site oficial do Partido Socialismo e Liberdade\",\"publisher\":{\"@id\":\"https:\/\/psol50.org.br\/#organization\"},\"alternateName\":\"PSOL50\",\"potentialAction\":[{\"@type\":\"SearchAction\",\"target\":{\"@type\":\"EntryPoint\",\"urlTemplate\":\"https:\/\/psol50.org.br\/?s={search_term_string}\"},\"query-input\":{\"@type\":\"PropertyValueSpecification\",\"valueRequired\":true,\"valueName\":\"search_term_string\"}}],\"inLanguage\":\"pt-BR\"},{\"@type\":\"Organization\",\"@id\":\"https:\/\/psol50.org.br\/#organization\",\"name\":\"PSOL 50\",\"alternateName\":\"PSOL 50\",\"url\":\"https:\/\/psol50.org.br\/\",\"logo\":{\"@type\":\"ImageObject\",\"inLanguage\":\"pt-BR\",\"@id\":\"https:\/\/psol50.org.br\/#\/schema\/logo\/image\/\",\"url\":\"https:\/\/psol50.org.br\/inc\/uploads\/2018\/07\/capa.png\",\"contentUrl\":\"https:\/\/psol50.org.br\/inc\/uploads\/2018\/07\/capa.png\",\"width\":1350,\"height\":900,\"caption\":\"PSOL 50\"},\"image\":{\"@id\":\"https:\/\/psol50.org.br\/#\/schema\/logo\/image\/\"},\"sameAs\":[\"https:\/\/www.facebook.com\/psol50\",\"https:\/\/x.com\/psol50\",\"https:\/\/www.instagram.com\/psol50\/\",\"https:\/\/www.youtube.com\/channel\/UC7SnJS5o1os7a6CaiNabzcg\"]},{\"@type\":\"Person\",\"@id\":\"https:\/\/psol50.org.br\/#\/schema\/person\/475dfa57d0b815993c714c2e96491fcd\",\"name\":\"Comunica\u00e7\u00e3o PSOL\",\"image\":{\"@type\":\"ImageObject\",\"inLanguage\":\"pt-BR\",\"@id\":\"https:\/\/psol50.org.br\/#\/schema\/person\/image\/\",\"url\":\"https:\/\/secure.gravatar.com\/avatar\/b34fc4f4e468a4e51785917065a3db57b841f5c95dba6ad8c73aaf8f66f8f9bf?s=96&d=mm&r=g\",\"contentUrl\":\"https:\/\/secure.gravatar.com\/avatar\/b34fc4f4e468a4e51785917065a3db57b841f5c95dba6ad8c73aaf8f66f8f9bf?s=96&d=mm&r=g\",\"caption\":\"Comunica\u00e7\u00e3o PSOL\"}}]}<\/script>\n<!-- \/ Yoast SEO plugin. -->","yoast_head_json":{"title":"Redu\u00e7\u00e3o da maioridade penal volta ao centro dos debates na CCJ do Senado - PSOL 50","robots":{"index":"index","follow":"follow","max-snippet":"max-snippet:-1","max-image-preview":"max-image-preview:large","max-video-preview":"max-video-preview:-1"},"canonical":"https:\/\/psol50.org.br\/reducao-da-maioridade-penal-volta-ao-centro-dos-debates-da-ccj-do-senado\/","og_locale":"pt_BR","og_type":"article","og_title":"Redu\u00e7\u00e3o da maioridade penal volta ao centro dos debates na CCJ do Senado - PSOL 50","og_description":"A\u00a0Proposta de Emenda \u00e0 Constitui\u00e7\u00e3o 33\/2012, que trata da redu\u00e7\u00e3o da maioridade penal a partir dos 16 anos, volta ao centro dos debates da Comiss\u00e3o de Constitui\u00e7\u00e3o, Justi\u00e7a e Cidadania do Senado Federal (CCJ). O parecer do senador Ricardo Ferra\u00e7o (PSDB-ES) j\u00e1 estava na pauta da semana passada, mas acabou n\u00e3o sendo apreciado pelo colegiado. [&hellip;]","og_url":"https:\/\/psol50.org.br\/reducao-da-maioridade-penal-volta-ao-centro-dos-debates-da-ccj-do-senado\/","og_site_name":"PSOL 50","article_publisher":"https:\/\/www.facebook.com\/psol50","article_published_time":"2017-09-25T14:33:52+00:00","og_image":[{"width":1350,"height":900,"url":"https:\/\/psol50.org.br\/inc\/uploads\/2018\/07\/capa.png","type":"image\/png"}],"author":"Comunica\u00e7\u00e3o PSOL","twitter_card":"summary_large_image","twitter_creator":"@psol50","twitter_site":"@psol50","twitter_misc":{"Escrito por":"Comunica\u00e7\u00e3o PSOL","Est. tempo de leitura":"2 minutos"},"schema":{"@context":"https:\/\/schema.org","@graph":[{"@type":"Article","@id":"https:\/\/psol50.org.br\/reducao-da-maioridade-penal-volta-ao-centro-dos-debates-da-ccj-do-senado\/#article","isPartOf":{"@id":"https:\/\/psol50.org.br\/reducao-da-maioridade-penal-volta-ao-centro-dos-debates-da-ccj-do-senado\/"},"author":{"name":"Comunica\u00e7\u00e3o PSOL","@id":"https:\/\/psol50.org.br\/#\/schema\/person\/475dfa57d0b815993c714c2e96491fcd"},"headline":"Redu\u00e7\u00e3o da maioridade penal volta ao centro dos debates na CCJ do Senado","datePublished":"2017-09-25T14:33:52+00:00","mainEntityOfPage":{"@id":"https:\/\/psol50.org.br\/reducao-da-maioridade-penal-volta-ao-centro-dos-debates-da-ccj-do-senado\/"},"wordCount":406,"commentCount":0,"publisher":{"@id":"https:\/\/psol50.org.br\/#organization"},"image":{"@id":"https:\/\/psol50.org.br\/reducao-da-maioridade-penal-volta-ao-centro-dos-debates-da-ccj-do-senado\/#primaryimage"},"thumbnailUrl":"","keywords":["#Redu\u00e7\u00e3oN\u00e3o\u00c9Solu\u00e7\u00e3o","adolescentes","Aloysio Nunes Ferreira","CCJ","Eduardo Cunha","PEC 33\/2012","PSOL","redu\u00e7\u00e3o da maioridade penal","Ricardo Ferra\u00e7o","Senado Federal","viol\u00eancia"],"articleSection":["A\u00e7\u00e3o Parlamentar","Brasil","Not\u00edcias"],"inLanguage":"pt-BR","potentialAction":[{"@type":"CommentAction","name":"Comment","target":["https:\/\/psol50.org.br\/reducao-da-maioridade-penal-volta-ao-centro-dos-debates-da-ccj-do-senado\/#respond"]}]},{"@type":"WebPage","@id":"https:\/\/psol50.org.br\/reducao-da-maioridade-penal-volta-ao-centro-dos-debates-da-ccj-do-senado\/","url":"https:\/\/psol50.org.br\/reducao-da-maioridade-penal-volta-ao-centro-dos-debates-da-ccj-do-senado\/","name":"Redu\u00e7\u00e3o da maioridade penal volta ao centro dos debates na CCJ do Senado - PSOL 50","isPartOf":{"@id":"https:\/\/psol50.org.br\/#website"},"primaryImageOfPage":{"@id":"https:\/\/psol50.org.br\/reducao-da-maioridade-penal-volta-ao-centro-dos-debates-da-ccj-do-senado\/#primaryimage"},"image":{"@id":"https:\/\/psol50.org.br\/reducao-da-maioridade-penal-volta-ao-centro-dos-debates-da-ccj-do-senado\/#primaryimage"},"thumbnailUrl":"","datePublished":"2017-09-25T14:33:52+00:00","breadcrumb":{"@id":"https:\/\/psol50.org.br\/reducao-da-maioridade-penal-volta-ao-centro-dos-debates-da-ccj-do-senado\/#breadcrumb"},"inLanguage":"pt-BR","potentialAction":[{"@type":"ReadAction","target":["https:\/\/psol50.org.br\/reducao-da-maioridade-penal-volta-ao-centro-dos-debates-da-ccj-do-senado\/"]}]},{"@type":"ImageObject","inLanguage":"pt-BR","@id":"https:\/\/psol50.org.br\/reducao-da-maioridade-penal-volta-ao-centro-dos-debates-da-ccj-do-senado\/#primaryimage","url":"","contentUrl":""},{"@type":"BreadcrumbList","@id":"https:\/\/psol50.org.br\/reducao-da-maioridade-penal-volta-ao-centro-dos-debates-da-ccj-do-senado\/#breadcrumb","itemListElement":[{"@type":"ListItem","position":1,"name":"In\u00edcio","item":"https:\/\/psol50.org.br\/"},{"@type":"ListItem","position":2,"name":"Redu\u00e7\u00e3o da maioridade penal volta ao centro dos debates na CCJ do Senado"}]},{"@type":"WebSite","@id":"https:\/\/psol50.org.br\/#website","url":"https:\/\/psol50.org.br\/","name":"PSOL 50","description":"Site oficial do Partido Socialismo e Liberdade","publisher":{"@id":"https:\/\/psol50.org.br\/#organization"},"alternateName":"PSOL50","potentialAction":[{"@type":"SearchAction","target":{"@type":"EntryPoint","urlTemplate":"https:\/\/psol50.org.br\/?s={search_term_string}"},"query-input":{"@type":"PropertyValueSpecification","valueRequired":true,"valueName":"search_term_string"}}],"inLanguage":"pt-BR"},{"@type":"Organization","@id":"https:\/\/psol50.org.br\/#organization","name":"PSOL 50","alternateName":"PSOL 50","url":"https:\/\/psol50.org.br\/","logo":{"@type":"ImageObject","inLanguage":"pt-BR","@id":"https:\/\/psol50.org.br\/#\/schema\/logo\/image\/","url":"https:\/\/psol50.org.br\/inc\/uploads\/2018\/07\/capa.png","contentUrl":"https:\/\/psol50.org.br\/inc\/uploads\/2018\/07\/capa.png","width":1350,"height":900,"caption":"PSOL 50"},"image":{"@id":"https:\/\/psol50.org.br\/#\/schema\/logo\/image\/"},"sameAs":["https:\/\/www.facebook.com\/psol50","https:\/\/x.com\/psol50","https:\/\/www.instagram.com\/psol50\/","https:\/\/www.youtube.com\/channel\/UC7SnJS5o1os7a6CaiNabzcg"]},{"@type":"Person","@id":"https:\/\/psol50.org.br\/#\/schema\/person\/475dfa57d0b815993c714c2e96491fcd","name":"Comunica\u00e7\u00e3o PSOL","image":{"@type":"ImageObject","inLanguage":"pt-BR","@id":"https:\/\/psol50.org.br\/#\/schema\/person\/image\/","url":"https:\/\/secure.gravatar.com\/avatar\/b34fc4f4e468a4e51785917065a3db57b841f5c95dba6ad8c73aaf8f66f8f9bf?s=96&d=mm&r=g","contentUrl":"https:\/\/secure.gravatar.com\/avatar\/b34fc4f4e468a4e51785917065a3db57b841f5c95dba6ad8c73aaf8f66f8f9bf?s=96&d=mm&r=g","caption":"Comunica\u00e7\u00e3o PSOL"}}]}},"_links":{"self":[{"href":"https:\/\/psol50.org.br\/rest\/wp\/v2\/posts\/18266","targetHints":{"allow":["GET"]}}],"collection":[{"href":"https:\/\/psol50.org.br\/rest\/wp\/v2\/posts"}],"about":[{"href":"https:\/\/psol50.org.br\/rest\/wp\/v2\/types\/post"}],"author":[{"embeddable":true,"href":"https:\/\/psol50.org.br\/rest\/wp\/v2\/users\/2"}],"replies":[{"embeddable":true,"href":"https:\/\/psol50.org.br\/rest\/wp\/v2\/comments?post=18266"}],"version-history":[{"count":0,"href":"https:\/\/psol50.org.br\/rest\/wp\/v2\/posts\/18266\/revisions"}],"wp:featuredmedia":[{"embeddable":true,"href":"https:\/\/psol50.org.br\/rest\/"}],"wp:attachment":[{"href":"https:\/\/psol50.org.br\/rest\/wp\/v2\/media?parent=18266"}],"wp:term":[{"taxonomy":"category","embeddable":true,"href":"https:\/\/psol50.org.br\/rest\/wp\/v2\/categories?post=18266"},{"taxonomy":"post_tag","embeddable":true,"href":"https:\/\/psol50.org.br\/rest\/wp\/v2\/tags?post=18266"}],"curies":[{"name":"wp","href":"https:\/\/api.w.org\/{rel}","templated":true}]}}