{"id":1830,"date":"2013-03-07T00:00:00","date_gmt":"2013-03-07T00:00:00","guid":{"rendered":"http:\/\/psol50.org.br\/arquivo\/2013\/03\/07\/bancada-do-psol-lanca-frente-parlamentar-em-defesa-da-dignidade-humana-e-contra-a-violacao-de-direitos\/"},"modified":"2013-03-07T00:00:00","modified_gmt":"2013-03-07T00:00:00","slug":"bancada-do-psol-lanca-frente-parlamentar-em-defesa-da-dignidade-humana-e-contra-a-violacao-de-direitos","status":"publish","type":"post","link":"https:\/\/psol50.org.br\/bancada-do-psol-lanca-frente-parlamentar-em-defesa-da-dignidade-humana-e-contra-a-violacao-de-direitos\/","title":{"rendered":"Bancada do PSOL lan\u00e7a Frente Parlamentar em Defesa da Dignidade Humana e Contra a Viola\u00e7\u00e3o de Direitos"},"content":{"rendered":"<div style=\"text-align: justify;\">\n\tA bancada do PSOL na C\u00e2mara dos Deputados vai come\u00e7ar, a partir desta quinta-feira (07), a colher assinaturas para constitui\u00e7\u00e3o da Frente Parlamentar em Defesa da Dignidade Humana e Contra a Viola\u00e7\u00e3o de Direitos.<br \/>\n\t&nbsp;<br \/>\n\tA cria\u00e7\u00e3o da Frente \u00e9 criada como forma de protestar contra a elei\u00e7\u00e3o do deputado Marco Feliciano (PSC-SP), pastor que j\u00e1 deu v\u00e1rias declara\u00e7\u00f5es racistas e homof\u00f3bicas, para presid\u00eancia da Comiss\u00e3o de Direitos Humanos e Minorias da C\u00e2mara.<br \/>\n\t&nbsp;<br \/>\n\tPara cria\u00e7\u00e3o da Frente Parlamentar s\u00e3o necess\u00e1rias 157 assinaturas (1\/3 da Casa). Depois as assinaturas s\u00e3o encaminhadas \u00e0 Mesa Diretora, juntamente com o Estatuto. Em seguida, \u00e9 definida a data de instala\u00e7\u00e3o da Frente.<br \/>\n\t&nbsp;<br \/>\n\t\u201cA elei\u00e7\u00e3o do deputado Feliciano inviabiliza os trabalhos da comiss\u00e3o. Ser\u00e1 uma comiss\u00e3o dos valores religiosos, do fundamentalismo e da higieniza\u00e7\u00e3o da ra\u00e7a\u201d, avalia o deputado Chico Alencar (RJ).<br \/>\n\t&nbsp;<br \/>\n\t<strong>A elei\u00e7\u00e3o<\/strong><br \/>\n\tCom o plen\u00e1rio de portas fechadas, somente com a presen\u00e7a de parlamentares e servidores, teve in\u00edcio a reuni\u00e3o da Comiss\u00e3o de Direitos Humanos e Minorias, na manh\u00e3 desta quinta-feira. Os manifestantes, que ontem lotaram o plen\u00e1rio, foram impedidos de entrar pelos seguran\u00e7as da Casa e ficaram na entrada do corredor das Comiss\u00f5es.<br \/>\n\t&nbsp;<br \/>\n\tV\u00e1rios parlamentares defensores dos direitos humanos tentaram impedir a vota\u00e7\u00e3o. O deputado Jean Wyllys (PSOL\/RJ) alertou que Marco Feliciano responde \u00e0 a\u00e7\u00e3o administrativa na C\u00e2mara por suas declara\u00e7\u00f5es homof\u00f3bicas. Jean Wyllys criticou a aus\u00eancia da popula\u00e7\u00e3o na sess\u00e3o, j\u00e1 que essa \u00e9 uma Casa do povo e n\u00e3o deveria ser impedida de participar de decis\u00f5es.<br \/>\n\t&nbsp;<br \/>\n\tO presidente da Comiss\u00e3o, deputado Domingos Dutra (PT\/MA), desde o in\u00edcio se mostrou contr\u00e1rio \u00e0 indica\u00e7\u00e3o de Marco Feliciano para o cargo. Ontem ele suspendeu a reuni\u00e3o. Hoje, renunciou ao cargo e deixou o plen\u00e1rio, acompanhado por parlamentares do PT e PSOL. \u201cA Comiss\u00e3o n\u00e3o pode ser um curral fundamentalista\u201d, disse Dutra.<br \/>\n\t&nbsp;<br \/>\n\tPara o deputado Jean Wyllys, um acordo partid\u00e1rio n\u00e3o pode ser maior do que a coer\u00eancia, referindo-se ao acordo entre partidos que deu a vaga na presid\u00eancia da CDHM. \u201cA for\u00e7a est\u00e1 no nosso trabalho e vamos continuar agora com a Frente Parlamentar\u201d.<br \/>\n\t&nbsp;<br \/>\n\t\u201cN\u00e3o vamos assistir passivamente o sepultamento da Comiss\u00e3o e permitir que o direito humano seja um espa\u00e7o de intransig\u00eancia e fundamentalismo\u201d, completou o deputado Chico Alencar (PSOL\/RJ), que prop\u00f4s o nome da deputada Luiza Erundina (PSB\/SP) para a presid\u00eancia da Frente Parlamentar.<br \/>\n\t&nbsp;<br \/>\n\tMarco Feliciano foi eleito com 11 votos a favor e um em branco.<\/div>\n","protected":false},"excerpt":{"rendered":"<p>A bancada do PSOL na C\u00e2mara dos Deputados vai come\u00e7ar, a partir desta quinta-feira (07), a colher assinaturas para constitui\u00e7\u00e3o da Frente Parlamentar em Defesa da Dignidade Humana e Contra a Viola\u00e7\u00e3o de Direitos. &nbsp; A cria\u00e7\u00e3o da Frente \u00e9 criada como forma de protestar contra a elei\u00e7\u00e3o do deputado Marco Feliciano (PSC-SP), pastor que [&hellip;]<\/p>\n","protected":false},"author":2,"featured_media":0,"comment_status":"open","ping_status":"open","sticky":false,"template":"","format":"standard","meta":{"_acf_changed":false,"footnotes":""},"categories":[10,4766],"tags":[22],"class_list":{"0":"post-1830","1":"post","2":"type-post","3":"status-publish","4":"format-standard","6":"category-acao-parlamentares","7":"category-arquivo","8":"tag-psol"},"acf":[],"yoast_head":"<!-- This site is optimized with the Yoast SEO plugin v26.5 - https:\/\/yoast.com\/wordpress\/plugins\/seo\/ -->\n<title>Bancada do PSOL lan\u00e7a Frente Parlamentar em Defesa da Dignidade Humana e Contra a Viola\u00e7\u00e3o de Direitos - PSOL 50<\/title>\n<meta name=\"robots\" content=\"index, follow, max-snippet:-1, max-image-preview:large, max-video-preview:-1\" \/>\n<link rel=\"canonical\" href=\"https:\/\/psol50.org.br\/bancada-do-psol-lanca-frente-parlamentar-em-defesa-da-dignidade-humana-e-contra-a-violacao-de-direitos\/\" \/>\n<meta property=\"og:locale\" content=\"pt_BR\" \/>\n<meta property=\"og:type\" content=\"article\" \/>\n<meta property=\"og:title\" content=\"Bancada do PSOL lan\u00e7a Frente Parlamentar em Defesa da Dignidade Humana e Contra a Viola\u00e7\u00e3o de Direitos - PSOL 50\" \/>\n<meta property=\"og:description\" content=\"A bancada do PSOL na C\u00e2mara dos Deputados vai come\u00e7ar, a partir desta quinta-feira (07), a colher assinaturas para constitui\u00e7\u00e3o da Frente Parlamentar em Defesa da Dignidade Humana e Contra a Viola\u00e7\u00e3o de Direitos. &nbsp; A cria\u00e7\u00e3o da Frente \u00e9 criada como forma de protestar contra a elei\u00e7\u00e3o do deputado Marco Feliciano (PSC-SP), pastor que [&hellip;]\" \/>\n<meta property=\"og:url\" content=\"https:\/\/psol50.org.br\/bancada-do-psol-lanca-frente-parlamentar-em-defesa-da-dignidade-humana-e-contra-a-violacao-de-direitos\/\" \/>\n<meta property=\"og:site_name\" content=\"PSOL 50\" \/>\n<meta property=\"article:publisher\" content=\"https:\/\/www.facebook.com\/psol50\" \/>\n<meta property=\"article:published_time\" content=\"2013-03-07T00:00:00+00:00\" \/>\n<meta property=\"og:image\" content=\"https:\/\/psol50.org.br\/inc\/uploads\/2018\/07\/capa.png\" \/>\n\t<meta property=\"og:image:width\" content=\"1350\" \/>\n\t<meta property=\"og:image:height\" content=\"900\" \/>\n\t<meta property=\"og:image:type\" content=\"image\/png\" \/>\n<meta name=\"author\" content=\"Comunica\u00e7\u00e3o PSOL\" \/>\n<meta name=\"twitter:card\" content=\"summary_large_image\" \/>\n<meta name=\"twitter:creator\" content=\"@psol50\" \/>\n<meta name=\"twitter:site\" content=\"@psol50\" \/>\n<meta name=\"twitter:label1\" content=\"Escrito por\" \/>\n\t<meta name=\"twitter:data1\" content=\"Comunica\u00e7\u00e3o PSOL\" \/>\n\t<meta name=\"twitter:label2\" content=\"Est. tempo de leitura\" \/>\n\t<meta name=\"twitter:data2\" content=\"2 minutos\" \/>\n<script type=\"application\/ld+json\" class=\"yoast-schema-graph\">{\"@context\":\"https:\/\/schema.org\",\"@graph\":[{\"@type\":\"Article\",\"@id\":\"https:\/\/psol50.org.br\/bancada-do-psol-lanca-frente-parlamentar-em-defesa-da-dignidade-humana-e-contra-a-violacao-de-direitos\/#article\",\"isPartOf\":{\"@id\":\"https:\/\/psol50.org.br\/bancada-do-psol-lanca-frente-parlamentar-em-defesa-da-dignidade-humana-e-contra-a-violacao-de-direitos\/\"},\"author\":{\"name\":\"Comunica\u00e7\u00e3o PSOL\",\"@id\":\"https:\/\/psol50.org.br\/#\/schema\/person\/475dfa57d0b815993c714c2e96491fcd\"},\"headline\":\"Bancada do PSOL lan\u00e7a Frente Parlamentar em Defesa da Dignidade Humana e Contra a Viola\u00e7\u00e3o de Direitos\",\"datePublished\":\"2013-03-07T00:00:00+00:00\",\"mainEntityOfPage\":{\"@id\":\"https:\/\/psol50.org.br\/bancada-do-psol-lanca-frente-parlamentar-em-defesa-da-dignidade-humana-e-contra-a-violacao-de-direitos\/\"},\"wordCount\":477,\"commentCount\":0,\"publisher\":{\"@id\":\"https:\/\/psol50.org.br\/#organization\"},\"keywords\":[\"PSOL\"],\"articleSection\":[\"A\u00e7\u00e3o Parlamentar\",\"Arquivo\"],\"inLanguage\":\"pt-BR\",\"potentialAction\":[{\"@type\":\"CommentAction\",\"name\":\"Comment\",\"target\":[\"https:\/\/psol50.org.br\/bancada-do-psol-lanca-frente-parlamentar-em-defesa-da-dignidade-humana-e-contra-a-violacao-de-direitos\/#respond\"]}]},{\"@type\":\"WebPage\",\"@id\":\"https:\/\/psol50.org.br\/bancada-do-psol-lanca-frente-parlamentar-em-defesa-da-dignidade-humana-e-contra-a-violacao-de-direitos\/\",\"url\":\"https:\/\/psol50.org.br\/bancada-do-psol-lanca-frente-parlamentar-em-defesa-da-dignidade-humana-e-contra-a-violacao-de-direitos\/\",\"name\":\"Bancada do PSOL lan\u00e7a Frente Parlamentar em Defesa da Dignidade Humana e Contra a Viola\u00e7\u00e3o de Direitos - PSOL 50\",\"isPartOf\":{\"@id\":\"https:\/\/psol50.org.br\/#website\"},\"datePublished\":\"2013-03-07T00:00:00+00:00\",\"breadcrumb\":{\"@id\":\"https:\/\/psol50.org.br\/bancada-do-psol-lanca-frente-parlamentar-em-defesa-da-dignidade-humana-e-contra-a-violacao-de-direitos\/#breadcrumb\"},\"inLanguage\":\"pt-BR\",\"potentialAction\":[{\"@type\":\"ReadAction\",\"target\":[\"https:\/\/psol50.org.br\/bancada-do-psol-lanca-frente-parlamentar-em-defesa-da-dignidade-humana-e-contra-a-violacao-de-direitos\/\"]}]},{\"@type\":\"BreadcrumbList\",\"@id\":\"https:\/\/psol50.org.br\/bancada-do-psol-lanca-frente-parlamentar-em-defesa-da-dignidade-humana-e-contra-a-violacao-de-direitos\/#breadcrumb\",\"itemListElement\":[{\"@type\":\"ListItem\",\"position\":1,\"name\":\"In\u00edcio\",\"item\":\"https:\/\/psol50.org.br\/\"},{\"@type\":\"ListItem\",\"position\":2,\"name\":\"Bancada do PSOL lan\u00e7a Frente Parlamentar em Defesa da Dignidade Humana e Contra a Viola\u00e7\u00e3o de Direitos\"}]},{\"@type\":\"WebSite\",\"@id\":\"https:\/\/psol50.org.br\/#website\",\"url\":\"https:\/\/psol50.org.br\/\",\"name\":\"PSOL 50\",\"description\":\"Site oficial do Partido Socialismo e Liberdade\",\"publisher\":{\"@id\":\"https:\/\/psol50.org.br\/#organization\"},\"alternateName\":\"PSOL50\",\"potentialAction\":[{\"@type\":\"SearchAction\",\"target\":{\"@type\":\"EntryPoint\",\"urlTemplate\":\"https:\/\/psol50.org.br\/?s={search_term_string}\"},\"query-input\":{\"@type\":\"PropertyValueSpecification\",\"valueRequired\":true,\"valueName\":\"search_term_string\"}}],\"inLanguage\":\"pt-BR\"},{\"@type\":\"Organization\",\"@id\":\"https:\/\/psol50.org.br\/#organization\",\"name\":\"PSOL 50\",\"alternateName\":\"PSOL 50\",\"url\":\"https:\/\/psol50.org.br\/\",\"logo\":{\"@type\":\"ImageObject\",\"inLanguage\":\"pt-BR\",\"@id\":\"https:\/\/psol50.org.br\/#\/schema\/logo\/image\/\",\"url\":\"https:\/\/psol50.org.br\/inc\/uploads\/2018\/07\/capa.png\",\"contentUrl\":\"https:\/\/psol50.org.br\/inc\/uploads\/2018\/07\/capa.png\",\"width\":1350,\"height\":900,\"caption\":\"PSOL 50\"},\"image\":{\"@id\":\"https:\/\/psol50.org.br\/#\/schema\/logo\/image\/\"},\"sameAs\":[\"https:\/\/www.facebook.com\/psol50\",\"https:\/\/x.com\/psol50\",\"https:\/\/www.instagram.com\/psol50\/\",\"https:\/\/www.youtube.com\/channel\/UC7SnJS5o1os7a6CaiNabzcg\"]},{\"@type\":\"Person\",\"@id\":\"https:\/\/psol50.org.br\/#\/schema\/person\/475dfa57d0b815993c714c2e96491fcd\",\"name\":\"Comunica\u00e7\u00e3o PSOL\",\"image\":{\"@type\":\"ImageObject\",\"inLanguage\":\"pt-BR\",\"@id\":\"https:\/\/psol50.org.br\/#\/schema\/person\/image\/\",\"url\":\"https:\/\/secure.gravatar.com\/avatar\/b34fc4f4e468a4e51785917065a3db57b841f5c95dba6ad8c73aaf8f66f8f9bf?s=96&d=mm&r=g\",\"contentUrl\":\"https:\/\/secure.gravatar.com\/avatar\/b34fc4f4e468a4e51785917065a3db57b841f5c95dba6ad8c73aaf8f66f8f9bf?s=96&d=mm&r=g\",\"caption\":\"Comunica\u00e7\u00e3o PSOL\"}}]}<\/script>\n<!-- \/ Yoast SEO plugin. -->","yoast_head_json":{"title":"Bancada do PSOL lan\u00e7a Frente Parlamentar em Defesa da Dignidade Humana e Contra a Viola\u00e7\u00e3o de Direitos - PSOL 50","robots":{"index":"index","follow":"follow","max-snippet":"max-snippet:-1","max-image-preview":"max-image-preview:large","max-video-preview":"max-video-preview:-1"},"canonical":"https:\/\/psol50.org.br\/bancada-do-psol-lanca-frente-parlamentar-em-defesa-da-dignidade-humana-e-contra-a-violacao-de-direitos\/","og_locale":"pt_BR","og_type":"article","og_title":"Bancada do PSOL lan\u00e7a Frente Parlamentar em Defesa da Dignidade Humana e Contra a Viola\u00e7\u00e3o de Direitos - PSOL 50","og_description":"A bancada do PSOL na C\u00e2mara dos Deputados vai come\u00e7ar, a partir desta quinta-feira (07), a colher assinaturas para constitui\u00e7\u00e3o da Frente Parlamentar em Defesa da Dignidade Humana e Contra a Viola\u00e7\u00e3o de Direitos. &nbsp; A cria\u00e7\u00e3o da Frente \u00e9 criada como forma de protestar contra a elei\u00e7\u00e3o do deputado Marco Feliciano (PSC-SP), pastor que [&hellip;]","og_url":"https:\/\/psol50.org.br\/bancada-do-psol-lanca-frente-parlamentar-em-defesa-da-dignidade-humana-e-contra-a-violacao-de-direitos\/","og_site_name":"PSOL 50","article_publisher":"https:\/\/www.facebook.com\/psol50","article_published_time":"2013-03-07T00:00:00+00:00","og_image":[{"width":1350,"height":900,"url":"https:\/\/psol50.org.br\/inc\/uploads\/2018\/07\/capa.png","type":"image\/png"}],"author":"Comunica\u00e7\u00e3o PSOL","twitter_card":"summary_large_image","twitter_creator":"@psol50","twitter_site":"@psol50","twitter_misc":{"Escrito por":"Comunica\u00e7\u00e3o PSOL","Est. tempo de leitura":"2 minutos"},"schema":{"@context":"https:\/\/schema.org","@graph":[{"@type":"Article","@id":"https:\/\/psol50.org.br\/bancada-do-psol-lanca-frente-parlamentar-em-defesa-da-dignidade-humana-e-contra-a-violacao-de-direitos\/#article","isPartOf":{"@id":"https:\/\/psol50.org.br\/bancada-do-psol-lanca-frente-parlamentar-em-defesa-da-dignidade-humana-e-contra-a-violacao-de-direitos\/"},"author":{"name":"Comunica\u00e7\u00e3o PSOL","@id":"https:\/\/psol50.org.br\/#\/schema\/person\/475dfa57d0b815993c714c2e96491fcd"},"headline":"Bancada do PSOL lan\u00e7a Frente Parlamentar em Defesa da Dignidade Humana e Contra a Viola\u00e7\u00e3o de Direitos","datePublished":"2013-03-07T00:00:00+00:00","mainEntityOfPage":{"@id":"https:\/\/psol50.org.br\/bancada-do-psol-lanca-frente-parlamentar-em-defesa-da-dignidade-humana-e-contra-a-violacao-de-direitos\/"},"wordCount":477,"commentCount":0,"publisher":{"@id":"https:\/\/psol50.org.br\/#organization"},"keywords":["PSOL"],"articleSection":["A\u00e7\u00e3o Parlamentar","Arquivo"],"inLanguage":"pt-BR","potentialAction":[{"@type":"CommentAction","name":"Comment","target":["https:\/\/psol50.org.br\/bancada-do-psol-lanca-frente-parlamentar-em-defesa-da-dignidade-humana-e-contra-a-violacao-de-direitos\/#respond"]}]},{"@type":"WebPage","@id":"https:\/\/psol50.org.br\/bancada-do-psol-lanca-frente-parlamentar-em-defesa-da-dignidade-humana-e-contra-a-violacao-de-direitos\/","url":"https:\/\/psol50.org.br\/bancada-do-psol-lanca-frente-parlamentar-em-defesa-da-dignidade-humana-e-contra-a-violacao-de-direitos\/","name":"Bancada do PSOL lan\u00e7a Frente Parlamentar em Defesa da Dignidade Humana e Contra a Viola\u00e7\u00e3o de Direitos - PSOL 50","isPartOf":{"@id":"https:\/\/psol50.org.br\/#website"},"datePublished":"2013-03-07T00:00:00+00:00","breadcrumb":{"@id":"https:\/\/psol50.org.br\/bancada-do-psol-lanca-frente-parlamentar-em-defesa-da-dignidade-humana-e-contra-a-violacao-de-direitos\/#breadcrumb"},"inLanguage":"pt-BR","potentialAction":[{"@type":"ReadAction","target":["https:\/\/psol50.org.br\/bancada-do-psol-lanca-frente-parlamentar-em-defesa-da-dignidade-humana-e-contra-a-violacao-de-direitos\/"]}]},{"@type":"BreadcrumbList","@id":"https:\/\/psol50.org.br\/bancada-do-psol-lanca-frente-parlamentar-em-defesa-da-dignidade-humana-e-contra-a-violacao-de-direitos\/#breadcrumb","itemListElement":[{"@type":"ListItem","position":1,"name":"In\u00edcio","item":"https:\/\/psol50.org.br\/"},{"@type":"ListItem","position":2,"name":"Bancada do PSOL lan\u00e7a Frente Parlamentar em Defesa da Dignidade Humana e Contra a Viola\u00e7\u00e3o de Direitos"}]},{"@type":"WebSite","@id":"https:\/\/psol50.org.br\/#website","url":"https:\/\/psol50.org.br\/","name":"PSOL 50","description":"Site oficial do Partido Socialismo e Liberdade","publisher":{"@id":"https:\/\/psol50.org.br\/#organization"},"alternateName":"PSOL50","potentialAction":[{"@type":"SearchAction","target":{"@type":"EntryPoint","urlTemplate":"https:\/\/psol50.org.br\/?s={search_term_string}"},"query-input":{"@type":"PropertyValueSpecification","valueRequired":true,"valueName":"search_term_string"}}],"inLanguage":"pt-BR"},{"@type":"Organization","@id":"https:\/\/psol50.org.br\/#organization","name":"PSOL 50","alternateName":"PSOL 50","url":"https:\/\/psol50.org.br\/","logo":{"@type":"ImageObject","inLanguage":"pt-BR","@id":"https:\/\/psol50.org.br\/#\/schema\/logo\/image\/","url":"https:\/\/psol50.org.br\/inc\/uploads\/2018\/07\/capa.png","contentUrl":"https:\/\/psol50.org.br\/inc\/uploads\/2018\/07\/capa.png","width":1350,"height":900,"caption":"PSOL 50"},"image":{"@id":"https:\/\/psol50.org.br\/#\/schema\/logo\/image\/"},"sameAs":["https:\/\/www.facebook.com\/psol50","https:\/\/x.com\/psol50","https:\/\/www.instagram.com\/psol50\/","https:\/\/www.youtube.com\/channel\/UC7SnJS5o1os7a6CaiNabzcg"]},{"@type":"Person","@id":"https:\/\/psol50.org.br\/#\/schema\/person\/475dfa57d0b815993c714c2e96491fcd","name":"Comunica\u00e7\u00e3o PSOL","image":{"@type":"ImageObject","inLanguage":"pt-BR","@id":"https:\/\/psol50.org.br\/#\/schema\/person\/image\/","url":"https:\/\/secure.gravatar.com\/avatar\/b34fc4f4e468a4e51785917065a3db57b841f5c95dba6ad8c73aaf8f66f8f9bf?s=96&d=mm&r=g","contentUrl":"https:\/\/secure.gravatar.com\/avatar\/b34fc4f4e468a4e51785917065a3db57b841f5c95dba6ad8c73aaf8f66f8f9bf?s=96&d=mm&r=g","caption":"Comunica\u00e7\u00e3o PSOL"}}]}},"_links":{"self":[{"href":"https:\/\/psol50.org.br\/rest\/wp\/v2\/posts\/1830","targetHints":{"allow":["GET"]}}],"collection":[{"href":"https:\/\/psol50.org.br\/rest\/wp\/v2\/posts"}],"about":[{"href":"https:\/\/psol50.org.br\/rest\/wp\/v2\/types\/post"}],"author":[{"embeddable":true,"href":"https:\/\/psol50.org.br\/rest\/wp\/v2\/users\/2"}],"replies":[{"embeddable":true,"href":"https:\/\/psol50.org.br\/rest\/wp\/v2\/comments?post=1830"}],"version-history":[{"count":0,"href":"https:\/\/psol50.org.br\/rest\/wp\/v2\/posts\/1830\/revisions"}],"wp:attachment":[{"href":"https:\/\/psol50.org.br\/rest\/wp\/v2\/media?parent=1830"}],"wp:term":[{"taxonomy":"category","embeddable":true,"href":"https:\/\/psol50.org.br\/rest\/wp\/v2\/categories?post=1830"},{"taxonomy":"post_tag","embeddable":true,"href":"https:\/\/psol50.org.br\/rest\/wp\/v2\/tags?post=1830"}],"curies":[{"name":"wp","href":"https:\/\/api.w.org\/{rel}","templated":true}]}}