{"id":18307,"date":"2017-09-27T20:28:31","date_gmt":"2017-09-27T23:28:31","guid":{"rendered":"http:\/\/www.psol50.org.br\/?p=18307"},"modified":"2017-09-27T20:28:31","modified_gmt":"2017-09-27T23:28:31","slug":"plataforma-contra-a-criminalizacao-do-aborto-sera-lancada-nesta-quinta-dia-28","status":"publish","type":"post","link":"https:\/\/psol50.org.br\/plataforma-contra-a-criminalizacao-do-aborto-sera-lancada-nesta-quinta-dia-28\/","title":{"rendered":"Plataforma contra a criminaliza\u00e7\u00e3o do aborto ser\u00e1 lan\u00e7ada nesta quinta, dia 28"},"content":{"rendered":"<p>Nesta quinta-feira (28\/09), em lan\u00e7amento coordenado em tempo real por diversas entidades, ser\u00e1 lan\u00e7ada a plataforma virtual \u201cA\u00e7\u00e3o Pela vida das Mulheres\u201d. O site traz informa\u00e7\u00f5es sobre a ADPF (Argui\u00e7\u00e3o de Preceito Fundamental) 442, protocolada pelo PSOL junto \u00e0 Anis &#8211; Instituto de Bio\u00e9tica, que solicita ao Supremo Tribunal Federal (STF) que o aborto feito nas 12 primeiras semanas de gesta\u00e7\u00e3o n\u00e3o seja considerado crime.<\/p>\n<p>Atualmente, a pr\u00e1tica s\u00f3 \u00e9 permitida se a gravidez for decorrente de estupro, se a vida da mulher estiver em risco ou em caso de anencefalia. A a\u00e7\u00e3o \u00e9 de autoria do Anis (Instituto de Bio\u00e9tica) e do PSOL &#8211; e tem apoio de dezenas de ONGs e entidades da sociedade civil de todo o pa\u00eds. Na plataforma, o usu\u00e1rio poder\u00e1 compreender os elementos que levam \u00e0 convic\u00e7\u00e3o jur\u00eddica de que a criminaliza\u00e7\u00e3o do aborto, com base no C\u00f3digo Penal da d\u00e9cada de 1940, n\u00e3o se sustenta diante da Constitui\u00e7\u00e3o.<\/p>\n<p>Dados dispon\u00edveis no site alertar\u00e3o para o fato de que o aborto \u00e9 uma realidade e acontece todos os dias no Brasil, independente de dogmas morais ou religiosos. A Pesquisa Nacional do Aborto 2016, por exemplo, demonstra que, em 2015, mais de meio milh\u00e3o de mulheres realizaram um aborto. Os dados apontam que, a cada minuto, uma mulher brasileira decide interromper sua gesta\u00e7\u00e3o.<\/p>\n<p>Na pr\u00e1tica, a ilegalidade acaba empurrando as mulheres mais pobres para situa\u00e7\u00f5es de extremo risco. Negras, ind\u00edgenas e nordestinas s\u00e3o as mais prejudicadas com a situa\u00e7\u00e3o de clandestinidade, pois n\u00e3o possuem os recursos financeiros necess\u00e1rios para fazer um procedimento seguro, visto que a situa\u00e7\u00e3o de ilegalidade n\u00e3o evita o aborto, ela apenas eleva os pre\u00e7os a patamares alt\u00edssimos. Ao procurarem m\u00e9todos acess\u00edveis, muitas morrem ou adoecem gravemente.<\/p>\n<p>Se esta a\u00e7\u00e3o for julgada procedente, o aborto at\u00e9 as 12 primeiras semanas de gravidez deixar\u00e1 de ser crime no Brasil, independentemente do motivo que leve a mulher a realizar o procedimento. O limite leva em conta a proporcionalidade e a experi\u00eancia de legisla\u00e7\u00f5es internacionais de descriminaliza\u00e7\u00e3o no mundo, como, por exemplo, da Espanha, Fran\u00e7a, Uruguai, Alemanha e Cidade do M\u00e9xico, e os estudos a respeito do tema, que demonstram a seguran\u00e7a do procedimento, com baix\u00edssimo risco de complica\u00e7\u00f5es que exijam aten\u00e7\u00e3o hospitalar quando realizado nesse limite.<\/p>\n<p>A ministra Rosa Weber \u00e9 relatora da a\u00e7\u00e3o, que pode entrar em vota\u00e7\u00e3o a qualquer momento no STF. Por isso, o site tamb\u00e9m disponibilizar\u00e1 um espa\u00e7o para que a a\u00e7\u00e3o receba apoio da sociedade civil.<\/p>\n<p><strong>Servi\u00e7o<\/strong><\/p>\n<p>Lan\u00e7amento da plataforma \u201cA\u00e7\u00e3o pela Vida das Mulheres\u201d<br \/>\nDia 28\/09\/2017, quinta feira, 11h<\/p>\n<p>&nbsp;<\/p>\n","protected":false},"excerpt":{"rendered":"<p>Nesta quinta-feira (28\/09), em lan\u00e7amento coordenado em tempo real por diversas entidades, ser\u00e1 lan\u00e7ada a plataforma virtual \u201cA\u00e7\u00e3o Pela vida das Mulheres\u201d. O site traz informa\u00e7\u00f5es sobre a ADPF (Argui\u00e7\u00e3o de Preceito Fundamental) 442, protocolada pelo PSOL junto \u00e0 Anis &#8211; Instituto de Bio\u00e9tica, que solicita ao Supremo Tribunal Federal (STF) que o aborto feito [&hellip;]<\/p>\n","protected":false},"author":2,"featured_media":17812,"comment_status":"open","ping_status":"open","sticky":false,"template":"","format":"standard","meta":{"_acf_changed":false,"footnotes":""},"categories":[1882,1104,6],"tags":[824,1116,2409,4,385,22],"class_list":{"0":"post-18307","1":"post","2":"type-post","3":"status-publish","4":"format-standard","5":"has-post-thumbnail","7":"category-brasil","8":"category-movimento","9":"category-noticias","10":"tag-aborto","11":"tag-adpf","12":"tag-anis","13":"tag-mulheres","14":"tag-plataforma","15":"tag-psol"},"acf":[],"yoast_head":"<!-- This site is optimized with the Yoast SEO plugin v26.5 - https:\/\/yoast.com\/wordpress\/plugins\/seo\/ -->\n<title>Plataforma contra a criminaliza\u00e7\u00e3o do aborto ser\u00e1 lan\u00e7ada nesta quinta, dia 28 - PSOL 50<\/title>\n<meta name=\"robots\" content=\"index, follow, max-snippet:-1, max-image-preview:large, max-video-preview:-1\" \/>\n<link rel=\"canonical\" href=\"https:\/\/psol50.org.br\/plataforma-contra-a-criminalizacao-do-aborto-sera-lancada-nesta-quinta-dia-28\/\" \/>\n<meta property=\"og:locale\" content=\"pt_BR\" \/>\n<meta property=\"og:type\" content=\"article\" \/>\n<meta property=\"og:title\" content=\"Plataforma contra a criminaliza\u00e7\u00e3o do aborto ser\u00e1 lan\u00e7ada nesta quinta, dia 28 - PSOL 50\" \/>\n<meta property=\"og:description\" content=\"Nesta quinta-feira (28\/09), em lan\u00e7amento coordenado em tempo real por diversas entidades, ser\u00e1 lan\u00e7ada a plataforma virtual \u201cA\u00e7\u00e3o Pela vida das Mulheres\u201d. O site traz informa\u00e7\u00f5es sobre a ADPF (Argui\u00e7\u00e3o de Preceito Fundamental) 442, protocolada pelo PSOL junto \u00e0 Anis &#8211; Instituto de Bio\u00e9tica, que solicita ao Supremo Tribunal Federal (STF) que o aborto feito [&hellip;]\" \/>\n<meta property=\"og:url\" content=\"https:\/\/psol50.org.br\/plataforma-contra-a-criminalizacao-do-aborto-sera-lancada-nesta-quinta-dia-28\/\" \/>\n<meta property=\"og:site_name\" content=\"PSOL 50\" \/>\n<meta property=\"article:publisher\" content=\"https:\/\/www.facebook.com\/psol50\" \/>\n<meta property=\"article:published_time\" content=\"2017-09-27T23:28:31+00:00\" \/>\n<meta property=\"og:image\" content=\"https:\/\/psol50.org.br\/inc\/uploads\/2018\/07\/capa.png\" \/>\n\t<meta property=\"og:image:width\" content=\"1350\" \/>\n\t<meta property=\"og:image:height\" content=\"900\" \/>\n\t<meta property=\"og:image:type\" content=\"image\/png\" \/>\n<meta name=\"author\" content=\"Comunica\u00e7\u00e3o PSOL\" \/>\n<meta name=\"twitter:card\" content=\"summary_large_image\" \/>\n<meta name=\"twitter:creator\" content=\"@psol50\" \/>\n<meta name=\"twitter:site\" content=\"@psol50\" \/>\n<meta name=\"twitter:label1\" content=\"Escrito por\" \/>\n\t<meta name=\"twitter:data1\" content=\"Comunica\u00e7\u00e3o PSOL\" \/>\n\t<meta name=\"twitter:label2\" content=\"Est. tempo de leitura\" \/>\n\t<meta name=\"twitter:data2\" content=\"2 minutos\" \/>\n<script type=\"application\/ld+json\" class=\"yoast-schema-graph\">{\"@context\":\"https:\/\/schema.org\",\"@graph\":[{\"@type\":\"Article\",\"@id\":\"https:\/\/psol50.org.br\/plataforma-contra-a-criminalizacao-do-aborto-sera-lancada-nesta-quinta-dia-28\/#article\",\"isPartOf\":{\"@id\":\"https:\/\/psol50.org.br\/plataforma-contra-a-criminalizacao-do-aborto-sera-lancada-nesta-quinta-dia-28\/\"},\"author\":{\"name\":\"Comunica\u00e7\u00e3o PSOL\",\"@id\":\"https:\/\/psol50.org.br\/#\/schema\/person\/475dfa57d0b815993c714c2e96491fcd\"},\"headline\":\"Plataforma contra a criminaliza\u00e7\u00e3o do aborto ser\u00e1 lan\u00e7ada nesta quinta, dia 28\",\"datePublished\":\"2017-09-27T23:28:31+00:00\",\"mainEntityOfPage\":{\"@id\":\"https:\/\/psol50.org.br\/plataforma-contra-a-criminalizacao-do-aborto-sera-lancada-nesta-quinta-dia-28\/\"},\"wordCount\":476,\"commentCount\":0,\"publisher\":{\"@id\":\"https:\/\/psol50.org.br\/#organization\"},\"image\":{\"@id\":\"https:\/\/psol50.org.br\/plataforma-contra-a-criminalizacao-do-aborto-sera-lancada-nesta-quinta-dia-28\/#primaryimage\"},\"thumbnailUrl\":\"\",\"keywords\":[\"aborto\",\"ADPF\",\"Anis\",\"mulheres\",\"plataforma\",\"PSOL\"],\"articleSection\":[\"Brasil\",\"Movimento\",\"Not\u00edcias\"],\"inLanguage\":\"pt-BR\",\"potentialAction\":[{\"@type\":\"CommentAction\",\"name\":\"Comment\",\"target\":[\"https:\/\/psol50.org.br\/plataforma-contra-a-criminalizacao-do-aborto-sera-lancada-nesta-quinta-dia-28\/#respond\"]}]},{\"@type\":\"WebPage\",\"@id\":\"https:\/\/psol50.org.br\/plataforma-contra-a-criminalizacao-do-aborto-sera-lancada-nesta-quinta-dia-28\/\",\"url\":\"https:\/\/psol50.org.br\/plataforma-contra-a-criminalizacao-do-aborto-sera-lancada-nesta-quinta-dia-28\/\",\"name\":\"Plataforma contra a criminaliza\u00e7\u00e3o do aborto ser\u00e1 lan\u00e7ada nesta quinta, dia 28 - PSOL 50\",\"isPartOf\":{\"@id\":\"https:\/\/psol50.org.br\/#website\"},\"primaryImageOfPage\":{\"@id\":\"https:\/\/psol50.org.br\/plataforma-contra-a-criminalizacao-do-aborto-sera-lancada-nesta-quinta-dia-28\/#primaryimage\"},\"image\":{\"@id\":\"https:\/\/psol50.org.br\/plataforma-contra-a-criminalizacao-do-aborto-sera-lancada-nesta-quinta-dia-28\/#primaryimage\"},\"thumbnailUrl\":\"\",\"datePublished\":\"2017-09-27T23:28:31+00:00\",\"breadcrumb\":{\"@id\":\"https:\/\/psol50.org.br\/plataforma-contra-a-criminalizacao-do-aborto-sera-lancada-nesta-quinta-dia-28\/#breadcrumb\"},\"inLanguage\":\"pt-BR\",\"potentialAction\":[{\"@type\":\"ReadAction\",\"target\":[\"https:\/\/psol50.org.br\/plataforma-contra-a-criminalizacao-do-aborto-sera-lancada-nesta-quinta-dia-28\/\"]}]},{\"@type\":\"ImageObject\",\"inLanguage\":\"pt-BR\",\"@id\":\"https:\/\/psol50.org.br\/plataforma-contra-a-criminalizacao-do-aborto-sera-lancada-nesta-quinta-dia-28\/#primaryimage\",\"url\":\"\",\"contentUrl\":\"\"},{\"@type\":\"BreadcrumbList\",\"@id\":\"https:\/\/psol50.org.br\/plataforma-contra-a-criminalizacao-do-aborto-sera-lancada-nesta-quinta-dia-28\/#breadcrumb\",\"itemListElement\":[{\"@type\":\"ListItem\",\"position\":1,\"name\":\"In\u00edcio\",\"item\":\"https:\/\/psol50.org.br\/\"},{\"@type\":\"ListItem\",\"position\":2,\"name\":\"Plataforma contra a criminaliza\u00e7\u00e3o do aborto ser\u00e1 lan\u00e7ada nesta quinta, dia 28\"}]},{\"@type\":\"WebSite\",\"@id\":\"https:\/\/psol50.org.br\/#website\",\"url\":\"https:\/\/psol50.org.br\/\",\"name\":\"PSOL 50\",\"description\":\"Site oficial do Partido Socialismo e Liberdade\",\"publisher\":{\"@id\":\"https:\/\/psol50.org.br\/#organization\"},\"alternateName\":\"PSOL50\",\"potentialAction\":[{\"@type\":\"SearchAction\",\"target\":{\"@type\":\"EntryPoint\",\"urlTemplate\":\"https:\/\/psol50.org.br\/?s={search_term_string}\"},\"query-input\":{\"@type\":\"PropertyValueSpecification\",\"valueRequired\":true,\"valueName\":\"search_term_string\"}}],\"inLanguage\":\"pt-BR\"},{\"@type\":\"Organization\",\"@id\":\"https:\/\/psol50.org.br\/#organization\",\"name\":\"PSOL 50\",\"alternateName\":\"PSOL 50\",\"url\":\"https:\/\/psol50.org.br\/\",\"logo\":{\"@type\":\"ImageObject\",\"inLanguage\":\"pt-BR\",\"@id\":\"https:\/\/psol50.org.br\/#\/schema\/logo\/image\/\",\"url\":\"https:\/\/psol50.org.br\/inc\/uploads\/2018\/07\/capa.png\",\"contentUrl\":\"https:\/\/psol50.org.br\/inc\/uploads\/2018\/07\/capa.png\",\"width\":1350,\"height\":900,\"caption\":\"PSOL 50\"},\"image\":{\"@id\":\"https:\/\/psol50.org.br\/#\/schema\/logo\/image\/\"},\"sameAs\":[\"https:\/\/www.facebook.com\/psol50\",\"https:\/\/x.com\/psol50\",\"https:\/\/www.instagram.com\/psol50\/\",\"https:\/\/www.youtube.com\/channel\/UC7SnJS5o1os7a6CaiNabzcg\"]},{\"@type\":\"Person\",\"@id\":\"https:\/\/psol50.org.br\/#\/schema\/person\/475dfa57d0b815993c714c2e96491fcd\",\"name\":\"Comunica\u00e7\u00e3o PSOL\",\"image\":{\"@type\":\"ImageObject\",\"inLanguage\":\"pt-BR\",\"@id\":\"https:\/\/psol50.org.br\/#\/schema\/person\/image\/\",\"url\":\"https:\/\/secure.gravatar.com\/avatar\/b34fc4f4e468a4e51785917065a3db57b841f5c95dba6ad8c73aaf8f66f8f9bf?s=96&d=mm&r=g\",\"contentUrl\":\"https:\/\/secure.gravatar.com\/avatar\/b34fc4f4e468a4e51785917065a3db57b841f5c95dba6ad8c73aaf8f66f8f9bf?s=96&d=mm&r=g\",\"caption\":\"Comunica\u00e7\u00e3o PSOL\"}}]}<\/script>\n<!-- \/ Yoast SEO plugin. -->","yoast_head_json":{"title":"Plataforma contra a criminaliza\u00e7\u00e3o do aborto ser\u00e1 lan\u00e7ada nesta quinta, dia 28 - PSOL 50","robots":{"index":"index","follow":"follow","max-snippet":"max-snippet:-1","max-image-preview":"max-image-preview:large","max-video-preview":"max-video-preview:-1"},"canonical":"https:\/\/psol50.org.br\/plataforma-contra-a-criminalizacao-do-aborto-sera-lancada-nesta-quinta-dia-28\/","og_locale":"pt_BR","og_type":"article","og_title":"Plataforma contra a criminaliza\u00e7\u00e3o do aborto ser\u00e1 lan\u00e7ada nesta quinta, dia 28 - PSOL 50","og_description":"Nesta quinta-feira (28\/09), em lan\u00e7amento coordenado em tempo real por diversas entidades, ser\u00e1 lan\u00e7ada a plataforma virtual \u201cA\u00e7\u00e3o Pela vida das Mulheres\u201d. O site traz informa\u00e7\u00f5es sobre a ADPF (Argui\u00e7\u00e3o de Preceito Fundamental) 442, protocolada pelo PSOL junto \u00e0 Anis &#8211; Instituto de Bio\u00e9tica, que solicita ao Supremo Tribunal Federal (STF) que o aborto feito [&hellip;]","og_url":"https:\/\/psol50.org.br\/plataforma-contra-a-criminalizacao-do-aborto-sera-lancada-nesta-quinta-dia-28\/","og_site_name":"PSOL 50","article_publisher":"https:\/\/www.facebook.com\/psol50","article_published_time":"2017-09-27T23:28:31+00:00","og_image":[{"width":1350,"height":900,"url":"https:\/\/psol50.org.br\/inc\/uploads\/2018\/07\/capa.png","type":"image\/png"}],"author":"Comunica\u00e7\u00e3o PSOL","twitter_card":"summary_large_image","twitter_creator":"@psol50","twitter_site":"@psol50","twitter_misc":{"Escrito por":"Comunica\u00e7\u00e3o PSOL","Est. tempo de leitura":"2 minutos"},"schema":{"@context":"https:\/\/schema.org","@graph":[{"@type":"Article","@id":"https:\/\/psol50.org.br\/plataforma-contra-a-criminalizacao-do-aborto-sera-lancada-nesta-quinta-dia-28\/#article","isPartOf":{"@id":"https:\/\/psol50.org.br\/plataforma-contra-a-criminalizacao-do-aborto-sera-lancada-nesta-quinta-dia-28\/"},"author":{"name":"Comunica\u00e7\u00e3o PSOL","@id":"https:\/\/psol50.org.br\/#\/schema\/person\/475dfa57d0b815993c714c2e96491fcd"},"headline":"Plataforma contra a criminaliza\u00e7\u00e3o do aborto ser\u00e1 lan\u00e7ada nesta quinta, dia 28","datePublished":"2017-09-27T23:28:31+00:00","mainEntityOfPage":{"@id":"https:\/\/psol50.org.br\/plataforma-contra-a-criminalizacao-do-aborto-sera-lancada-nesta-quinta-dia-28\/"},"wordCount":476,"commentCount":0,"publisher":{"@id":"https:\/\/psol50.org.br\/#organization"},"image":{"@id":"https:\/\/psol50.org.br\/plataforma-contra-a-criminalizacao-do-aborto-sera-lancada-nesta-quinta-dia-28\/#primaryimage"},"thumbnailUrl":"","keywords":["aborto","ADPF","Anis","mulheres","plataforma","PSOL"],"articleSection":["Brasil","Movimento","Not\u00edcias"],"inLanguage":"pt-BR","potentialAction":[{"@type":"CommentAction","name":"Comment","target":["https:\/\/psol50.org.br\/plataforma-contra-a-criminalizacao-do-aborto-sera-lancada-nesta-quinta-dia-28\/#respond"]}]},{"@type":"WebPage","@id":"https:\/\/psol50.org.br\/plataforma-contra-a-criminalizacao-do-aborto-sera-lancada-nesta-quinta-dia-28\/","url":"https:\/\/psol50.org.br\/plataforma-contra-a-criminalizacao-do-aborto-sera-lancada-nesta-quinta-dia-28\/","name":"Plataforma contra a criminaliza\u00e7\u00e3o do aborto ser\u00e1 lan\u00e7ada nesta quinta, dia 28 - PSOL 50","isPartOf":{"@id":"https:\/\/psol50.org.br\/#website"},"primaryImageOfPage":{"@id":"https:\/\/psol50.org.br\/plataforma-contra-a-criminalizacao-do-aborto-sera-lancada-nesta-quinta-dia-28\/#primaryimage"},"image":{"@id":"https:\/\/psol50.org.br\/plataforma-contra-a-criminalizacao-do-aborto-sera-lancada-nesta-quinta-dia-28\/#primaryimage"},"thumbnailUrl":"","datePublished":"2017-09-27T23:28:31+00:00","breadcrumb":{"@id":"https:\/\/psol50.org.br\/plataforma-contra-a-criminalizacao-do-aborto-sera-lancada-nesta-quinta-dia-28\/#breadcrumb"},"inLanguage":"pt-BR","potentialAction":[{"@type":"ReadAction","target":["https:\/\/psol50.org.br\/plataforma-contra-a-criminalizacao-do-aborto-sera-lancada-nesta-quinta-dia-28\/"]}]},{"@type":"ImageObject","inLanguage":"pt-BR","@id":"https:\/\/psol50.org.br\/plataforma-contra-a-criminalizacao-do-aborto-sera-lancada-nesta-quinta-dia-28\/#primaryimage","url":"","contentUrl":""},{"@type":"BreadcrumbList","@id":"https:\/\/psol50.org.br\/plataforma-contra-a-criminalizacao-do-aborto-sera-lancada-nesta-quinta-dia-28\/#breadcrumb","itemListElement":[{"@type":"ListItem","position":1,"name":"In\u00edcio","item":"https:\/\/psol50.org.br\/"},{"@type":"ListItem","position":2,"name":"Plataforma contra a criminaliza\u00e7\u00e3o do aborto ser\u00e1 lan\u00e7ada nesta quinta, dia 28"}]},{"@type":"WebSite","@id":"https:\/\/psol50.org.br\/#website","url":"https:\/\/psol50.org.br\/","name":"PSOL 50","description":"Site oficial do Partido Socialismo e Liberdade","publisher":{"@id":"https:\/\/psol50.org.br\/#organization"},"alternateName":"PSOL50","potentialAction":[{"@type":"SearchAction","target":{"@type":"EntryPoint","urlTemplate":"https:\/\/psol50.org.br\/?s={search_term_string}"},"query-input":{"@type":"PropertyValueSpecification","valueRequired":true,"valueName":"search_term_string"}}],"inLanguage":"pt-BR"},{"@type":"Organization","@id":"https:\/\/psol50.org.br\/#organization","name":"PSOL 50","alternateName":"PSOL 50","url":"https:\/\/psol50.org.br\/","logo":{"@type":"ImageObject","inLanguage":"pt-BR","@id":"https:\/\/psol50.org.br\/#\/schema\/logo\/image\/","url":"https:\/\/psol50.org.br\/inc\/uploads\/2018\/07\/capa.png","contentUrl":"https:\/\/psol50.org.br\/inc\/uploads\/2018\/07\/capa.png","width":1350,"height":900,"caption":"PSOL 50"},"image":{"@id":"https:\/\/psol50.org.br\/#\/schema\/logo\/image\/"},"sameAs":["https:\/\/www.facebook.com\/psol50","https:\/\/x.com\/psol50","https:\/\/www.instagram.com\/psol50\/","https:\/\/www.youtube.com\/channel\/UC7SnJS5o1os7a6CaiNabzcg"]},{"@type":"Person","@id":"https:\/\/psol50.org.br\/#\/schema\/person\/475dfa57d0b815993c714c2e96491fcd","name":"Comunica\u00e7\u00e3o PSOL","image":{"@type":"ImageObject","inLanguage":"pt-BR","@id":"https:\/\/psol50.org.br\/#\/schema\/person\/image\/","url":"https:\/\/secure.gravatar.com\/avatar\/b34fc4f4e468a4e51785917065a3db57b841f5c95dba6ad8c73aaf8f66f8f9bf?s=96&d=mm&r=g","contentUrl":"https:\/\/secure.gravatar.com\/avatar\/b34fc4f4e468a4e51785917065a3db57b841f5c95dba6ad8c73aaf8f66f8f9bf?s=96&d=mm&r=g","caption":"Comunica\u00e7\u00e3o PSOL"}}]}},"_links":{"self":[{"href":"https:\/\/psol50.org.br\/rest\/wp\/v2\/posts\/18307","targetHints":{"allow":["GET"]}}],"collection":[{"href":"https:\/\/psol50.org.br\/rest\/wp\/v2\/posts"}],"about":[{"href":"https:\/\/psol50.org.br\/rest\/wp\/v2\/types\/post"}],"author":[{"embeddable":true,"href":"https:\/\/psol50.org.br\/rest\/wp\/v2\/users\/2"}],"replies":[{"embeddable":true,"href":"https:\/\/psol50.org.br\/rest\/wp\/v2\/comments?post=18307"}],"version-history":[{"count":0,"href":"https:\/\/psol50.org.br\/rest\/wp\/v2\/posts\/18307\/revisions"}],"wp:featuredmedia":[{"embeddable":true,"href":"https:\/\/psol50.org.br\/rest\/"}],"wp:attachment":[{"href":"https:\/\/psol50.org.br\/rest\/wp\/v2\/media?parent=18307"}],"wp:term":[{"taxonomy":"category","embeddable":true,"href":"https:\/\/psol50.org.br\/rest\/wp\/v2\/categories?post=18307"},{"taxonomy":"post_tag","embeddable":true,"href":"https:\/\/psol50.org.br\/rest\/wp\/v2\/tags?post=18307"}],"curies":[{"name":"wp","href":"https:\/\/api.w.org\/{rel}","templated":true}]}}