{"id":18318,"date":"2017-09-28T11:00:25","date_gmt":"2017-09-28T14:00:25","guid":{"rendered":"http:\/\/www.psol50.org.br\/?p=18318"},"modified":"2017-09-28T11:00:25","modified_gmt":"2017-09-28T14:00:25","slug":"ibope-77-acham-temer-ruim-ou-pessimo-e-aprovacao-e-de-apenas-3","status":"publish","type":"post","link":"https:\/\/psol50.org.br\/ibope-77-acham-temer-ruim-ou-pessimo-e-aprovacao-e-de-apenas-3\/","title":{"rendered":"Ibope: 77% acham Temer ruim ou p\u00e9ssimo e aprova\u00e7\u00e3o \u00e9 de apenas 3%"},"content":{"rendered":"<p>A aprova\u00e7\u00e3o do governo de Michel Temer vem descendo ladeira abaixo a cada dia. Quem afirma agora \u00e9 o Ibope que, em pesquisa divulgada nesta quinta-feira (28\/09), aponta que apenas 3% (isso mesmo, tr\u00eas por cento) aprovam a atua\u00e7\u00e3o do presidente ileg\u00edtimo, considerando-o \u00f3timo ou bom. Das 2 mil pessoas entrevistadas, em 126 munic\u00edpios brasileiros, 77% acham o governo ruim ou p\u00e9ssimo e 16% o consideram regular.<\/p>\n<p>Os n\u00fameros do Ibope s\u00e3o piores que os da pesquisa do <a href=\"http:\/\/www.psol50.org.br\/apenas-34-aprovam-o-governo-temer-segundo-pesquisa-cntmda\/\" target=\"_blank\" rel=\"noopener\"><strong><span style=\"color: #0000ff;\">instituto MDA<\/span><\/strong><\/a>, encomendada pela Confedera\u00e7\u00e3o Nacional dos Transportes (CNT), divulgada no \u00faltimo dia 19. Nessa, a aprova\u00e7\u00e3o era de\u00a03,4% e a rejei\u00e7\u00e3o de 75,6%.<\/p>\n<p>A situa\u00e7\u00e3o se mostra ainda mais desfavor\u00e1vel para o governo quando comparada \u00e0 \u00faltima pesquisa divulgada pelo pr\u00f3prio Ibope. No levantamento de julho, Temer aparecia com aprova\u00e7\u00e3o de 5% dos entrevistados,\u00a0enquanto 70% consideravam o governo ruim\/p\u00e9ssimo e 21%, regular.<\/p>\n<p>Alvo de uma <a href=\"http:\/\/www.psol50.org.br\/2a-denuncia-de-janot-desmonta-governo-temer-e-cupula-do-pmdb\/\" target=\"_blank\" rel=\"noopener\"><strong><span style=\"color: #0000ff;\">segunda den\u00fancia da Procuradoria Geral da Rep\u00fablica<\/span><\/strong><\/a>, agora por envolvimento em organiza\u00e7\u00e3o criminosa e obstru\u00e7\u00e3o de justi\u00e7a, o chefe do Pal\u00e1cio do Planalto chega ao segundo ano de seu governo com uma impopularidade cada vez maior. Somados \u00e0s den\u00fancias de corrup\u00e7\u00e3o, tamb\u00e9m h\u00e1 os efeitos das propostas que ele vem aprovando, como o teto de gastos e a reforma trabalhista, al\u00e9m da previdenci\u00e1ria, que pode ser votada ainda este ano no Congresso Nacional. Todas retiram direitos da popula\u00e7\u00e3o e comprometem os investimentos em \u00e1reas sociais.<\/p>\n<p>Para o PSOL, o presidente ileg\u00edtimo n\u00e3o tem qualquer condi\u00e7\u00e3o de permanecer \u00e0 frente do pa\u00eds. Por isso, a bancada de deputados e sua milit\u00e2ncia v\u00e3o permanecer na luta para que Temer seja investigado pelos crimes que pesam contra ele.<\/p>\n<p>&nbsp;<\/p>\n","protected":false},"excerpt":{"rendered":"<p>A aprova\u00e7\u00e3o do governo de Michel Temer vem descendo ladeira abaixo a cada dia. Quem afirma agora \u00e9 o Ibope que, em pesquisa divulgada nesta quinta-feira (28\/09), aponta que apenas 3% (isso mesmo, tr\u00eas por cento) aprovam a atua\u00e7\u00e3o do presidente ileg\u00edtimo, considerando-o \u00f3timo ou bom. Das 2 mil pessoas entrevistadas, em 126 munic\u00edpios brasileiros, [&hellip;]<\/p>\n","protected":false},"author":2,"featured_media":18205,"comment_status":"open","ping_status":"open","sticky":false,"template":"","format":"standard","meta":{"_acf_changed":false,"footnotes":""},"categories":[1882,6],"tags":[409,3600,58,79,2237,3028,1748,3583,3584,403,3601,3602,3603],"class_list":{"0":"post-18318","1":"post","2":"type-post","3":"status-publish","4":"format-standard","5":"has-post-thumbnail","7":"category-brasil","8":"category-noticias","9":"tag-aprovacao","10":"tag-avaliacao","11":"tag-corrupcao","12":"tag-denuncia","13":"tag-governo-ilegitimo","14":"tag-ibope","15":"tag-michel-temer","16":"tag-obstrucao-de-justica","17":"tag-organizacao-criminosa","18":"tag-pesquisa","19":"tag-pessimo","20":"tag-rejeicao","21":"tag-ruim"},"acf":[],"yoast_head":"<!-- This site is optimized with the Yoast SEO plugin v26.5 - https:\/\/yoast.com\/wordpress\/plugins\/seo\/ -->\n<title>Ibope: 77% acham Temer ruim ou p\u00e9ssimo e aprova\u00e7\u00e3o \u00e9 de apenas 3% - PSOL 50<\/title>\n<meta name=\"robots\" content=\"index, follow, max-snippet:-1, max-image-preview:large, max-video-preview:-1\" \/>\n<link rel=\"canonical\" href=\"https:\/\/psol50.org.br\/ibope-77-acham-temer-ruim-ou-pessimo-e-aprovacao-e-de-apenas-3\/\" \/>\n<meta property=\"og:locale\" content=\"pt_BR\" \/>\n<meta property=\"og:type\" content=\"article\" \/>\n<meta property=\"og:title\" content=\"Ibope: 77% acham Temer ruim ou p\u00e9ssimo e aprova\u00e7\u00e3o \u00e9 de apenas 3% - PSOL 50\" \/>\n<meta property=\"og:description\" content=\"A aprova\u00e7\u00e3o do governo de Michel Temer vem descendo ladeira abaixo a cada dia. Quem afirma agora \u00e9 o Ibope que, em pesquisa divulgada nesta quinta-feira (28\/09), aponta que apenas 3% (isso mesmo, tr\u00eas por cento) aprovam a atua\u00e7\u00e3o do presidente ileg\u00edtimo, considerando-o \u00f3timo ou bom. Das 2 mil pessoas entrevistadas, em 126 munic\u00edpios brasileiros, [&hellip;]\" \/>\n<meta property=\"og:url\" content=\"https:\/\/psol50.org.br\/ibope-77-acham-temer-ruim-ou-pessimo-e-aprovacao-e-de-apenas-3\/\" \/>\n<meta property=\"og:site_name\" content=\"PSOL 50\" \/>\n<meta property=\"article:publisher\" content=\"https:\/\/www.facebook.com\/psol50\" \/>\n<meta property=\"article:published_time\" content=\"2017-09-28T14:00:25+00:00\" \/>\n<meta property=\"og:image\" content=\"https:\/\/psol50.org.br\/inc\/uploads\/2018\/07\/capa.png\" \/>\n\t<meta property=\"og:image:width\" content=\"1350\" \/>\n\t<meta property=\"og:image:height\" content=\"900\" \/>\n\t<meta property=\"og:image:type\" content=\"image\/png\" \/>\n<meta name=\"author\" content=\"Comunica\u00e7\u00e3o PSOL\" \/>\n<meta name=\"twitter:card\" content=\"summary_large_image\" \/>\n<meta name=\"twitter:creator\" content=\"@psol50\" \/>\n<meta name=\"twitter:site\" content=\"@psol50\" \/>\n<meta name=\"twitter:label1\" content=\"Escrito por\" \/>\n\t<meta name=\"twitter:data1\" content=\"Comunica\u00e7\u00e3o PSOL\" \/>\n\t<meta name=\"twitter:label2\" content=\"Est. tempo de leitura\" \/>\n\t<meta name=\"twitter:data2\" content=\"1 minuto\" \/>\n<script type=\"application\/ld+json\" class=\"yoast-schema-graph\">{\"@context\":\"https:\/\/schema.org\",\"@graph\":[{\"@type\":\"Article\",\"@id\":\"https:\/\/psol50.org.br\/ibope-77-acham-temer-ruim-ou-pessimo-e-aprovacao-e-de-apenas-3\/#article\",\"isPartOf\":{\"@id\":\"https:\/\/psol50.org.br\/ibope-77-acham-temer-ruim-ou-pessimo-e-aprovacao-e-de-apenas-3\/\"},\"author\":{\"name\":\"Comunica\u00e7\u00e3o PSOL\",\"@id\":\"https:\/\/psol50.org.br\/#\/schema\/person\/475dfa57d0b815993c714c2e96491fcd\"},\"headline\":\"Ibope: 77% acham Temer ruim ou p\u00e9ssimo e aprova\u00e7\u00e3o \u00e9 de apenas 3%\",\"datePublished\":\"2017-09-28T14:00:25+00:00\",\"mainEntityOfPage\":{\"@id\":\"https:\/\/psol50.org.br\/ibope-77-acham-temer-ruim-ou-pessimo-e-aprovacao-e-de-apenas-3\/\"},\"wordCount\":304,\"commentCount\":0,\"publisher\":{\"@id\":\"https:\/\/psol50.org.br\/#organization\"},\"image\":{\"@id\":\"https:\/\/psol50.org.br\/ibope-77-acham-temer-ruim-ou-pessimo-e-aprovacao-e-de-apenas-3\/#primaryimage\"},\"thumbnailUrl\":\"\",\"keywords\":[\"aprova\u00e7\u00e3o\",\"avalia\u00e7\u00e3o\",\"corrup\u00e7\u00e3o\",\"den\u00fancia\",\"governo ileg\u00edtimo\",\"Ibope\",\"Michel Temer\",\"obstru\u00e7\u00e3o de justi\u00e7a\",\"organiza\u00e7\u00e3o criminosa\",\"pesquisa\",\"p\u00e9ssimo\",\"rejei\u00e7\u00e3o\",\"ruim\"],\"articleSection\":[\"Brasil\",\"Not\u00edcias\"],\"inLanguage\":\"pt-BR\",\"potentialAction\":[{\"@type\":\"CommentAction\",\"name\":\"Comment\",\"target\":[\"https:\/\/psol50.org.br\/ibope-77-acham-temer-ruim-ou-pessimo-e-aprovacao-e-de-apenas-3\/#respond\"]}]},{\"@type\":\"WebPage\",\"@id\":\"https:\/\/psol50.org.br\/ibope-77-acham-temer-ruim-ou-pessimo-e-aprovacao-e-de-apenas-3\/\",\"url\":\"https:\/\/psol50.org.br\/ibope-77-acham-temer-ruim-ou-pessimo-e-aprovacao-e-de-apenas-3\/\",\"name\":\"Ibope: 77% acham Temer ruim ou p\u00e9ssimo e aprova\u00e7\u00e3o \u00e9 de apenas 3% - PSOL 50\",\"isPartOf\":{\"@id\":\"https:\/\/psol50.org.br\/#website\"},\"primaryImageOfPage\":{\"@id\":\"https:\/\/psol50.org.br\/ibope-77-acham-temer-ruim-ou-pessimo-e-aprovacao-e-de-apenas-3\/#primaryimage\"},\"image\":{\"@id\":\"https:\/\/psol50.org.br\/ibope-77-acham-temer-ruim-ou-pessimo-e-aprovacao-e-de-apenas-3\/#primaryimage\"},\"thumbnailUrl\":\"\",\"datePublished\":\"2017-09-28T14:00:25+00:00\",\"breadcrumb\":{\"@id\":\"https:\/\/psol50.org.br\/ibope-77-acham-temer-ruim-ou-pessimo-e-aprovacao-e-de-apenas-3\/#breadcrumb\"},\"inLanguage\":\"pt-BR\",\"potentialAction\":[{\"@type\":\"ReadAction\",\"target\":[\"https:\/\/psol50.org.br\/ibope-77-acham-temer-ruim-ou-pessimo-e-aprovacao-e-de-apenas-3\/\"]}]},{\"@type\":\"ImageObject\",\"inLanguage\":\"pt-BR\",\"@id\":\"https:\/\/psol50.org.br\/ibope-77-acham-temer-ruim-ou-pessimo-e-aprovacao-e-de-apenas-3\/#primaryimage\",\"url\":\"\",\"contentUrl\":\"\"},{\"@type\":\"BreadcrumbList\",\"@id\":\"https:\/\/psol50.org.br\/ibope-77-acham-temer-ruim-ou-pessimo-e-aprovacao-e-de-apenas-3\/#breadcrumb\",\"itemListElement\":[{\"@type\":\"ListItem\",\"position\":1,\"name\":\"In\u00edcio\",\"item\":\"https:\/\/psol50.org.br\/\"},{\"@type\":\"ListItem\",\"position\":2,\"name\":\"Ibope: 77% acham Temer ruim ou p\u00e9ssimo e aprova\u00e7\u00e3o \u00e9 de apenas 3%\"}]},{\"@type\":\"WebSite\",\"@id\":\"https:\/\/psol50.org.br\/#website\",\"url\":\"https:\/\/psol50.org.br\/\",\"name\":\"PSOL 50\",\"description\":\"Site oficial do Partido Socialismo e Liberdade\",\"publisher\":{\"@id\":\"https:\/\/psol50.org.br\/#organization\"},\"alternateName\":\"PSOL50\",\"potentialAction\":[{\"@type\":\"SearchAction\",\"target\":{\"@type\":\"EntryPoint\",\"urlTemplate\":\"https:\/\/psol50.org.br\/?s={search_term_string}\"},\"query-input\":{\"@type\":\"PropertyValueSpecification\",\"valueRequired\":true,\"valueName\":\"search_term_string\"}}],\"inLanguage\":\"pt-BR\"},{\"@type\":\"Organization\",\"@id\":\"https:\/\/psol50.org.br\/#organization\",\"name\":\"PSOL 50\",\"alternateName\":\"PSOL 50\",\"url\":\"https:\/\/psol50.org.br\/\",\"logo\":{\"@type\":\"ImageObject\",\"inLanguage\":\"pt-BR\",\"@id\":\"https:\/\/psol50.org.br\/#\/schema\/logo\/image\/\",\"url\":\"https:\/\/psol50.org.br\/inc\/uploads\/2018\/07\/capa.png\",\"contentUrl\":\"https:\/\/psol50.org.br\/inc\/uploads\/2018\/07\/capa.png\",\"width\":1350,\"height\":900,\"caption\":\"PSOL 50\"},\"image\":{\"@id\":\"https:\/\/psol50.org.br\/#\/schema\/logo\/image\/\"},\"sameAs\":[\"https:\/\/www.facebook.com\/psol50\",\"https:\/\/x.com\/psol50\",\"https:\/\/www.instagram.com\/psol50\/\",\"https:\/\/www.youtube.com\/channel\/UC7SnJS5o1os7a6CaiNabzcg\"]},{\"@type\":\"Person\",\"@id\":\"https:\/\/psol50.org.br\/#\/schema\/person\/475dfa57d0b815993c714c2e96491fcd\",\"name\":\"Comunica\u00e7\u00e3o PSOL\",\"image\":{\"@type\":\"ImageObject\",\"inLanguage\":\"pt-BR\",\"@id\":\"https:\/\/psol50.org.br\/#\/schema\/person\/image\/\",\"url\":\"https:\/\/secure.gravatar.com\/avatar\/b34fc4f4e468a4e51785917065a3db57b841f5c95dba6ad8c73aaf8f66f8f9bf?s=96&d=mm&r=g\",\"contentUrl\":\"https:\/\/secure.gravatar.com\/avatar\/b34fc4f4e468a4e51785917065a3db57b841f5c95dba6ad8c73aaf8f66f8f9bf?s=96&d=mm&r=g\",\"caption\":\"Comunica\u00e7\u00e3o PSOL\"}}]}<\/script>\n<!-- \/ Yoast SEO plugin. -->","yoast_head_json":{"title":"Ibope: 77% acham Temer ruim ou p\u00e9ssimo e aprova\u00e7\u00e3o \u00e9 de apenas 3% - PSOL 50","robots":{"index":"index","follow":"follow","max-snippet":"max-snippet:-1","max-image-preview":"max-image-preview:large","max-video-preview":"max-video-preview:-1"},"canonical":"https:\/\/psol50.org.br\/ibope-77-acham-temer-ruim-ou-pessimo-e-aprovacao-e-de-apenas-3\/","og_locale":"pt_BR","og_type":"article","og_title":"Ibope: 77% acham Temer ruim ou p\u00e9ssimo e aprova\u00e7\u00e3o \u00e9 de apenas 3% - PSOL 50","og_description":"A aprova\u00e7\u00e3o do governo de Michel Temer vem descendo ladeira abaixo a cada dia. Quem afirma agora \u00e9 o Ibope que, em pesquisa divulgada nesta quinta-feira (28\/09), aponta que apenas 3% (isso mesmo, tr\u00eas por cento) aprovam a atua\u00e7\u00e3o do presidente ileg\u00edtimo, considerando-o \u00f3timo ou bom. Das 2 mil pessoas entrevistadas, em 126 munic\u00edpios brasileiros, [&hellip;]","og_url":"https:\/\/psol50.org.br\/ibope-77-acham-temer-ruim-ou-pessimo-e-aprovacao-e-de-apenas-3\/","og_site_name":"PSOL 50","article_publisher":"https:\/\/www.facebook.com\/psol50","article_published_time":"2017-09-28T14:00:25+00:00","og_image":[{"width":1350,"height":900,"url":"https:\/\/psol50.org.br\/inc\/uploads\/2018\/07\/capa.png","type":"image\/png"}],"author":"Comunica\u00e7\u00e3o PSOL","twitter_card":"summary_large_image","twitter_creator":"@psol50","twitter_site":"@psol50","twitter_misc":{"Escrito por":"Comunica\u00e7\u00e3o PSOL","Est. tempo de leitura":"1 minuto"},"schema":{"@context":"https:\/\/schema.org","@graph":[{"@type":"Article","@id":"https:\/\/psol50.org.br\/ibope-77-acham-temer-ruim-ou-pessimo-e-aprovacao-e-de-apenas-3\/#article","isPartOf":{"@id":"https:\/\/psol50.org.br\/ibope-77-acham-temer-ruim-ou-pessimo-e-aprovacao-e-de-apenas-3\/"},"author":{"name":"Comunica\u00e7\u00e3o PSOL","@id":"https:\/\/psol50.org.br\/#\/schema\/person\/475dfa57d0b815993c714c2e96491fcd"},"headline":"Ibope: 77% acham Temer ruim ou p\u00e9ssimo e aprova\u00e7\u00e3o \u00e9 de apenas 3%","datePublished":"2017-09-28T14:00:25+00:00","mainEntityOfPage":{"@id":"https:\/\/psol50.org.br\/ibope-77-acham-temer-ruim-ou-pessimo-e-aprovacao-e-de-apenas-3\/"},"wordCount":304,"commentCount":0,"publisher":{"@id":"https:\/\/psol50.org.br\/#organization"},"image":{"@id":"https:\/\/psol50.org.br\/ibope-77-acham-temer-ruim-ou-pessimo-e-aprovacao-e-de-apenas-3\/#primaryimage"},"thumbnailUrl":"","keywords":["aprova\u00e7\u00e3o","avalia\u00e7\u00e3o","corrup\u00e7\u00e3o","den\u00fancia","governo ileg\u00edtimo","Ibope","Michel Temer","obstru\u00e7\u00e3o de justi\u00e7a","organiza\u00e7\u00e3o criminosa","pesquisa","p\u00e9ssimo","rejei\u00e7\u00e3o","ruim"],"articleSection":["Brasil","Not\u00edcias"],"inLanguage":"pt-BR","potentialAction":[{"@type":"CommentAction","name":"Comment","target":["https:\/\/psol50.org.br\/ibope-77-acham-temer-ruim-ou-pessimo-e-aprovacao-e-de-apenas-3\/#respond"]}]},{"@type":"WebPage","@id":"https:\/\/psol50.org.br\/ibope-77-acham-temer-ruim-ou-pessimo-e-aprovacao-e-de-apenas-3\/","url":"https:\/\/psol50.org.br\/ibope-77-acham-temer-ruim-ou-pessimo-e-aprovacao-e-de-apenas-3\/","name":"Ibope: 77% acham Temer ruim ou p\u00e9ssimo e aprova\u00e7\u00e3o \u00e9 de apenas 3% - PSOL 50","isPartOf":{"@id":"https:\/\/psol50.org.br\/#website"},"primaryImageOfPage":{"@id":"https:\/\/psol50.org.br\/ibope-77-acham-temer-ruim-ou-pessimo-e-aprovacao-e-de-apenas-3\/#primaryimage"},"image":{"@id":"https:\/\/psol50.org.br\/ibope-77-acham-temer-ruim-ou-pessimo-e-aprovacao-e-de-apenas-3\/#primaryimage"},"thumbnailUrl":"","datePublished":"2017-09-28T14:00:25+00:00","breadcrumb":{"@id":"https:\/\/psol50.org.br\/ibope-77-acham-temer-ruim-ou-pessimo-e-aprovacao-e-de-apenas-3\/#breadcrumb"},"inLanguage":"pt-BR","potentialAction":[{"@type":"ReadAction","target":["https:\/\/psol50.org.br\/ibope-77-acham-temer-ruim-ou-pessimo-e-aprovacao-e-de-apenas-3\/"]}]},{"@type":"ImageObject","inLanguage":"pt-BR","@id":"https:\/\/psol50.org.br\/ibope-77-acham-temer-ruim-ou-pessimo-e-aprovacao-e-de-apenas-3\/#primaryimage","url":"","contentUrl":""},{"@type":"BreadcrumbList","@id":"https:\/\/psol50.org.br\/ibope-77-acham-temer-ruim-ou-pessimo-e-aprovacao-e-de-apenas-3\/#breadcrumb","itemListElement":[{"@type":"ListItem","position":1,"name":"In\u00edcio","item":"https:\/\/psol50.org.br\/"},{"@type":"ListItem","position":2,"name":"Ibope: 77% acham Temer ruim ou p\u00e9ssimo e aprova\u00e7\u00e3o \u00e9 de apenas 3%"}]},{"@type":"WebSite","@id":"https:\/\/psol50.org.br\/#website","url":"https:\/\/psol50.org.br\/","name":"PSOL 50","description":"Site oficial do Partido Socialismo e Liberdade","publisher":{"@id":"https:\/\/psol50.org.br\/#organization"},"alternateName":"PSOL50","potentialAction":[{"@type":"SearchAction","target":{"@type":"EntryPoint","urlTemplate":"https:\/\/psol50.org.br\/?s={search_term_string}"},"query-input":{"@type":"PropertyValueSpecification","valueRequired":true,"valueName":"search_term_string"}}],"inLanguage":"pt-BR"},{"@type":"Organization","@id":"https:\/\/psol50.org.br\/#organization","name":"PSOL 50","alternateName":"PSOL 50","url":"https:\/\/psol50.org.br\/","logo":{"@type":"ImageObject","inLanguage":"pt-BR","@id":"https:\/\/psol50.org.br\/#\/schema\/logo\/image\/","url":"https:\/\/psol50.org.br\/inc\/uploads\/2018\/07\/capa.png","contentUrl":"https:\/\/psol50.org.br\/inc\/uploads\/2018\/07\/capa.png","width":1350,"height":900,"caption":"PSOL 50"},"image":{"@id":"https:\/\/psol50.org.br\/#\/schema\/logo\/image\/"},"sameAs":["https:\/\/www.facebook.com\/psol50","https:\/\/x.com\/psol50","https:\/\/www.instagram.com\/psol50\/","https:\/\/www.youtube.com\/channel\/UC7SnJS5o1os7a6CaiNabzcg"]},{"@type":"Person","@id":"https:\/\/psol50.org.br\/#\/schema\/person\/475dfa57d0b815993c714c2e96491fcd","name":"Comunica\u00e7\u00e3o PSOL","image":{"@type":"ImageObject","inLanguage":"pt-BR","@id":"https:\/\/psol50.org.br\/#\/schema\/person\/image\/","url":"https:\/\/secure.gravatar.com\/avatar\/b34fc4f4e468a4e51785917065a3db57b841f5c95dba6ad8c73aaf8f66f8f9bf?s=96&d=mm&r=g","contentUrl":"https:\/\/secure.gravatar.com\/avatar\/b34fc4f4e468a4e51785917065a3db57b841f5c95dba6ad8c73aaf8f66f8f9bf?s=96&d=mm&r=g","caption":"Comunica\u00e7\u00e3o PSOL"}}]}},"_links":{"self":[{"href":"https:\/\/psol50.org.br\/rest\/wp\/v2\/posts\/18318","targetHints":{"allow":["GET"]}}],"collection":[{"href":"https:\/\/psol50.org.br\/rest\/wp\/v2\/posts"}],"about":[{"href":"https:\/\/psol50.org.br\/rest\/wp\/v2\/types\/post"}],"author":[{"embeddable":true,"href":"https:\/\/psol50.org.br\/rest\/wp\/v2\/users\/2"}],"replies":[{"embeddable":true,"href":"https:\/\/psol50.org.br\/rest\/wp\/v2\/comments?post=18318"}],"version-history":[{"count":0,"href":"https:\/\/psol50.org.br\/rest\/wp\/v2\/posts\/18318\/revisions"}],"wp:featuredmedia":[{"embeddable":true,"href":"https:\/\/psol50.org.br\/rest\/"}],"wp:attachment":[{"href":"https:\/\/psol50.org.br\/rest\/wp\/v2\/media?parent=18318"}],"wp:term":[{"taxonomy":"category","embeddable":true,"href":"https:\/\/psol50.org.br\/rest\/wp\/v2\/categories?post=18318"},{"taxonomy":"post_tag","embeddable":true,"href":"https:\/\/psol50.org.br\/rest\/wp\/v2\/tags?post=18318"}],"curies":[{"name":"wp","href":"https:\/\/api.w.org\/{rel}","templated":true}]}}