{"id":1832,"date":"2013-03-07T00:00:00","date_gmt":"2013-03-07T00:00:00","guid":{"rendered":"http:\/\/psol50.org.br\/arquivo\/2013\/03\/07\/comitiva-do-psol-viaja-a-venezuela-para-acompanhar-funeral-de-hugo-chavez\/"},"modified":"2013-03-07T00:00:00","modified_gmt":"2013-03-07T00:00:00","slug":"comitiva-do-psol-viaja-a-venezuela-para-acompanhar-funeral-de-hugo-chavez","status":"publish","type":"post","link":"https:\/\/psol50.org.br\/comitiva-do-psol-viaja-a-venezuela-para-acompanhar-funeral-de-hugo-chavez\/","title":{"rendered":"Comitiva do PSOL viaja \u00e0 Venezuela para acompanhar funeral de Hugo Ch\u00e1vez"},"content":{"rendered":"<div style=\"text-align: justify;\">\n\t<br \/>\n\tO secret\u00e1rio de Rela\u00e7\u00f5es Internacionais do PSOL Nacional, Afr\u00e2nio Boppr\u00e9, viaja nesta quinta-feira (07) para Caracas, capital da Venezuela, onde acompanhar\u00e1 o funeral do presidente Hugo Ch\u00e1vez, cuja morte foi anunciada na \u00faltima ter\u00e7a-feira (05). Al\u00e9m dele, tamb\u00e9m seguem para a Venezuela o secret\u00e1rio de Organiza\u00e7\u00e3o do PSOL e diretor da Funda\u00e7\u00e3o Lauro Campos, Rodrigo Pereira; e o senador Randolfe Rodrigues (AP), que foi como representante do Senado Federal. \u201cNunca \u00e9 tarde para destacar que, em dez anos, a Venezuela foi um dos raros pa\u00edses latino-americanos a declarar seu territ\u00f3rio livre do analfabetismo, dentre tantas outras conquistas sociais\u201d, afirmou Randolfe, ao propor que o Senado enviasse uma comiss\u00e3o de parlamentares \u00e0 Venezuela.<br \/>\n\t&nbsp;<br \/>\n\tEm nota assinada pelo presidente Ivan Valente, pelo secret\u00e1rio de Rela\u00e7\u00f5es Internacionais e pelo senador Randolfe, o PSOL lamentou a morte do presidente Hugo Ch\u00e1vez. Segundo os dirigentes do partido, Ch\u00e1vez foi l\u00edder de um dos mais importantes processos de enfrentamento ao imperialismo na Am\u00e9rica Latina nas \u00faltimas d\u00e9cadas. \u201cHugo Ch\u00e1vez transformou-se num s\u00edmbolo de resist\u00eancia ao projeto neoliberal e da luta popular latinoamericana e empenhou-se para fazer da Revolu\u00e7\u00e3o Bolivariana um processo de ac\u00famulo de for\u00e7as rumo ao socialismo, na defesa de um projeto alternativo que tamb\u00e9m se alastrou para outros pa\u00edses\u201d, afirma a nota.<br \/>\n\t&nbsp;<br \/>\n\tAo final do documento, o PSOL ressalta sua solidariedade ao povo venezuelano e afirma \u201cestar irmanado para marchar ao seu lado em defesa dos valores da Revolu\u00e7\u00e3o Bolivariana\u201d.&nbsp;<br \/>\n\t&nbsp;<br \/>\n\tHugo Ch\u00e1vez lutava contra um c\u00e2ncer h\u00e1 quase dois anos. Eleito quatro vezes presidente da Venezuela, governou o pa\u00eds por 14 anos seguidos. O pol\u00edtico tinha 58 anos e deixa tr\u00eas filhas e um filho. Seu corpo est\u00e1 sendo velado no sagu\u00e3o da Academia Militar de Caracas, capital venezuelana, e a previs\u00e3o \u00e9 de que seja enterrado nesta sexta-feira (8).<\/div>\n<p>&nbsp;<\/p>\n","protected":false},"excerpt":{"rendered":"<p>O secret\u00e1rio de Rela\u00e7\u00f5es Internacionais do PSOL Nacional, Afr\u00e2nio Boppr\u00e9, viaja nesta quinta-feira (07) para Caracas, capital da Venezuela, onde acompanhar\u00e1 o funeral do presidente Hugo Ch\u00e1vez, cuja morte foi anunciada na \u00faltima ter\u00e7a-feira (05). Al\u00e9m dele, tamb\u00e9m seguem para a Venezuela o secret\u00e1rio de Organiza\u00e7\u00e3o do PSOL e diretor da Funda\u00e7\u00e3o Lauro Campos, Rodrigo [&hellip;]<\/p>\n","protected":false},"author":2,"featured_media":0,"comment_status":"open","ping_status":"open","sticky":false,"template":"","format":"standard","meta":{"_acf_changed":false,"footnotes":""},"categories":[4766],"tags":[22],"class_list":{"0":"post-1832","1":"post","2":"type-post","3":"status-publish","4":"format-standard","6":"category-arquivo","7":"tag-psol"},"acf":[],"yoast_head":"<!-- This site is optimized with the Yoast SEO plugin v26.5 - https:\/\/yoast.com\/wordpress\/plugins\/seo\/ -->\n<title>Comitiva do PSOL viaja \u00e0 Venezuela para acompanhar funeral de Hugo Ch\u00e1vez - PSOL 50<\/title>\n<meta name=\"robots\" content=\"index, follow, max-snippet:-1, max-image-preview:large, max-video-preview:-1\" \/>\n<link rel=\"canonical\" href=\"https:\/\/psol50.org.br\/comitiva-do-psol-viaja-a-venezuela-para-acompanhar-funeral-de-hugo-chavez\/\" \/>\n<meta property=\"og:locale\" content=\"pt_BR\" \/>\n<meta property=\"og:type\" content=\"article\" \/>\n<meta property=\"og:title\" content=\"Comitiva do PSOL viaja \u00e0 Venezuela para acompanhar funeral de Hugo Ch\u00e1vez - PSOL 50\" \/>\n<meta property=\"og:description\" content=\"O secret\u00e1rio de Rela\u00e7\u00f5es Internacionais do PSOL Nacional, Afr\u00e2nio Boppr\u00e9, viaja nesta quinta-feira (07) para Caracas, capital da Venezuela, onde acompanhar\u00e1 o funeral do presidente Hugo Ch\u00e1vez, cuja morte foi anunciada na \u00faltima ter\u00e7a-feira (05). Al\u00e9m dele, tamb\u00e9m seguem para a Venezuela o secret\u00e1rio de Organiza\u00e7\u00e3o do PSOL e diretor da Funda\u00e7\u00e3o Lauro Campos, Rodrigo [&hellip;]\" \/>\n<meta property=\"og:url\" content=\"https:\/\/psol50.org.br\/comitiva-do-psol-viaja-a-venezuela-para-acompanhar-funeral-de-hugo-chavez\/\" \/>\n<meta property=\"og:site_name\" content=\"PSOL 50\" \/>\n<meta property=\"article:publisher\" content=\"https:\/\/www.facebook.com\/psol50\" \/>\n<meta property=\"article:published_time\" content=\"2013-03-07T00:00:00+00:00\" \/>\n<meta property=\"og:image\" content=\"https:\/\/psol50.org.br\/inc\/uploads\/2018\/07\/capa.png\" \/>\n\t<meta property=\"og:image:width\" content=\"1350\" \/>\n\t<meta property=\"og:image:height\" content=\"900\" \/>\n\t<meta property=\"og:image:type\" content=\"image\/png\" \/>\n<meta name=\"author\" content=\"Comunica\u00e7\u00e3o PSOL\" \/>\n<meta name=\"twitter:card\" content=\"summary_large_image\" \/>\n<meta name=\"twitter:creator\" content=\"@psol50\" \/>\n<meta name=\"twitter:site\" content=\"@psol50\" \/>\n<meta name=\"twitter:label1\" content=\"Escrito por\" \/>\n\t<meta name=\"twitter:data1\" content=\"Comunica\u00e7\u00e3o PSOL\" \/>\n\t<meta name=\"twitter:label2\" content=\"Est. tempo de leitura\" \/>\n\t<meta name=\"twitter:data2\" content=\"2 minutos\" \/>\n<script type=\"application\/ld+json\" class=\"yoast-schema-graph\">{\"@context\":\"https:\/\/schema.org\",\"@graph\":[{\"@type\":\"Article\",\"@id\":\"https:\/\/psol50.org.br\/comitiva-do-psol-viaja-a-venezuela-para-acompanhar-funeral-de-hugo-chavez\/#article\",\"isPartOf\":{\"@id\":\"https:\/\/psol50.org.br\/comitiva-do-psol-viaja-a-venezuela-para-acompanhar-funeral-de-hugo-chavez\/\"},\"author\":{\"name\":\"Comunica\u00e7\u00e3o PSOL\",\"@id\":\"https:\/\/psol50.org.br\/#\/schema\/person\/475dfa57d0b815993c714c2e96491fcd\"},\"headline\":\"Comitiva do PSOL viaja \u00e0 Venezuela para acompanhar funeral de Hugo Ch\u00e1vez\",\"datePublished\":\"2013-03-07T00:00:00+00:00\",\"mainEntityOfPage\":{\"@id\":\"https:\/\/psol50.org.br\/comitiva-do-psol-viaja-a-venezuela-para-acompanhar-funeral-de-hugo-chavez\/\"},\"wordCount\":341,\"commentCount\":0,\"publisher\":{\"@id\":\"https:\/\/psol50.org.br\/#organization\"},\"keywords\":[\"PSOL\"],\"articleSection\":[\"Arquivo\"],\"inLanguage\":\"pt-BR\",\"potentialAction\":[{\"@type\":\"CommentAction\",\"name\":\"Comment\",\"target\":[\"https:\/\/psol50.org.br\/comitiva-do-psol-viaja-a-venezuela-para-acompanhar-funeral-de-hugo-chavez\/#respond\"]}]},{\"@type\":\"WebPage\",\"@id\":\"https:\/\/psol50.org.br\/comitiva-do-psol-viaja-a-venezuela-para-acompanhar-funeral-de-hugo-chavez\/\",\"url\":\"https:\/\/psol50.org.br\/comitiva-do-psol-viaja-a-venezuela-para-acompanhar-funeral-de-hugo-chavez\/\",\"name\":\"Comitiva do PSOL viaja \u00e0 Venezuela para acompanhar funeral de Hugo Ch\u00e1vez - PSOL 50\",\"isPartOf\":{\"@id\":\"https:\/\/psol50.org.br\/#website\"},\"datePublished\":\"2013-03-07T00:00:00+00:00\",\"breadcrumb\":{\"@id\":\"https:\/\/psol50.org.br\/comitiva-do-psol-viaja-a-venezuela-para-acompanhar-funeral-de-hugo-chavez\/#breadcrumb\"},\"inLanguage\":\"pt-BR\",\"potentialAction\":[{\"@type\":\"ReadAction\",\"target\":[\"https:\/\/psol50.org.br\/comitiva-do-psol-viaja-a-venezuela-para-acompanhar-funeral-de-hugo-chavez\/\"]}]},{\"@type\":\"BreadcrumbList\",\"@id\":\"https:\/\/psol50.org.br\/comitiva-do-psol-viaja-a-venezuela-para-acompanhar-funeral-de-hugo-chavez\/#breadcrumb\",\"itemListElement\":[{\"@type\":\"ListItem\",\"position\":1,\"name\":\"In\u00edcio\",\"item\":\"https:\/\/psol50.org.br\/\"},{\"@type\":\"ListItem\",\"position\":2,\"name\":\"Comitiva do PSOL viaja \u00e0 Venezuela para acompanhar funeral de Hugo Ch\u00e1vez\"}]},{\"@type\":\"WebSite\",\"@id\":\"https:\/\/psol50.org.br\/#website\",\"url\":\"https:\/\/psol50.org.br\/\",\"name\":\"PSOL 50\",\"description\":\"Site oficial do Partido Socialismo e Liberdade\",\"publisher\":{\"@id\":\"https:\/\/psol50.org.br\/#organization\"},\"alternateName\":\"PSOL50\",\"potentialAction\":[{\"@type\":\"SearchAction\",\"target\":{\"@type\":\"EntryPoint\",\"urlTemplate\":\"https:\/\/psol50.org.br\/?s={search_term_string}\"},\"query-input\":{\"@type\":\"PropertyValueSpecification\",\"valueRequired\":true,\"valueName\":\"search_term_string\"}}],\"inLanguage\":\"pt-BR\"},{\"@type\":\"Organization\",\"@id\":\"https:\/\/psol50.org.br\/#organization\",\"name\":\"PSOL 50\",\"alternateName\":\"PSOL 50\",\"url\":\"https:\/\/psol50.org.br\/\",\"logo\":{\"@type\":\"ImageObject\",\"inLanguage\":\"pt-BR\",\"@id\":\"https:\/\/psol50.org.br\/#\/schema\/logo\/image\/\",\"url\":\"https:\/\/psol50.org.br\/inc\/uploads\/2018\/07\/capa.png\",\"contentUrl\":\"https:\/\/psol50.org.br\/inc\/uploads\/2018\/07\/capa.png\",\"width\":1350,\"height\":900,\"caption\":\"PSOL 50\"},\"image\":{\"@id\":\"https:\/\/psol50.org.br\/#\/schema\/logo\/image\/\"},\"sameAs\":[\"https:\/\/www.facebook.com\/psol50\",\"https:\/\/x.com\/psol50\",\"https:\/\/www.instagram.com\/psol50\/\",\"https:\/\/www.youtube.com\/channel\/UC7SnJS5o1os7a6CaiNabzcg\"]},{\"@type\":\"Person\",\"@id\":\"https:\/\/psol50.org.br\/#\/schema\/person\/475dfa57d0b815993c714c2e96491fcd\",\"name\":\"Comunica\u00e7\u00e3o PSOL\",\"image\":{\"@type\":\"ImageObject\",\"inLanguage\":\"pt-BR\",\"@id\":\"https:\/\/psol50.org.br\/#\/schema\/person\/image\/\",\"url\":\"https:\/\/secure.gravatar.com\/avatar\/b34fc4f4e468a4e51785917065a3db57b841f5c95dba6ad8c73aaf8f66f8f9bf?s=96&d=mm&r=g\",\"contentUrl\":\"https:\/\/secure.gravatar.com\/avatar\/b34fc4f4e468a4e51785917065a3db57b841f5c95dba6ad8c73aaf8f66f8f9bf?s=96&d=mm&r=g\",\"caption\":\"Comunica\u00e7\u00e3o PSOL\"}}]}<\/script>\n<!-- \/ Yoast SEO plugin. -->","yoast_head_json":{"title":"Comitiva do PSOL viaja \u00e0 Venezuela para acompanhar funeral de Hugo Ch\u00e1vez - PSOL 50","robots":{"index":"index","follow":"follow","max-snippet":"max-snippet:-1","max-image-preview":"max-image-preview:large","max-video-preview":"max-video-preview:-1"},"canonical":"https:\/\/psol50.org.br\/comitiva-do-psol-viaja-a-venezuela-para-acompanhar-funeral-de-hugo-chavez\/","og_locale":"pt_BR","og_type":"article","og_title":"Comitiva do PSOL viaja \u00e0 Venezuela para acompanhar funeral de Hugo Ch\u00e1vez - PSOL 50","og_description":"O secret\u00e1rio de Rela\u00e7\u00f5es Internacionais do PSOL Nacional, Afr\u00e2nio Boppr\u00e9, viaja nesta quinta-feira (07) para Caracas, capital da Venezuela, onde acompanhar\u00e1 o funeral do presidente Hugo Ch\u00e1vez, cuja morte foi anunciada na \u00faltima ter\u00e7a-feira (05). Al\u00e9m dele, tamb\u00e9m seguem para a Venezuela o secret\u00e1rio de Organiza\u00e7\u00e3o do PSOL e diretor da Funda\u00e7\u00e3o Lauro Campos, Rodrigo [&hellip;]","og_url":"https:\/\/psol50.org.br\/comitiva-do-psol-viaja-a-venezuela-para-acompanhar-funeral-de-hugo-chavez\/","og_site_name":"PSOL 50","article_publisher":"https:\/\/www.facebook.com\/psol50","article_published_time":"2013-03-07T00:00:00+00:00","og_image":[{"width":1350,"height":900,"url":"https:\/\/psol50.org.br\/inc\/uploads\/2018\/07\/capa.png","type":"image\/png"}],"author":"Comunica\u00e7\u00e3o PSOL","twitter_card":"summary_large_image","twitter_creator":"@psol50","twitter_site":"@psol50","twitter_misc":{"Escrito por":"Comunica\u00e7\u00e3o PSOL","Est. tempo de leitura":"2 minutos"},"schema":{"@context":"https:\/\/schema.org","@graph":[{"@type":"Article","@id":"https:\/\/psol50.org.br\/comitiva-do-psol-viaja-a-venezuela-para-acompanhar-funeral-de-hugo-chavez\/#article","isPartOf":{"@id":"https:\/\/psol50.org.br\/comitiva-do-psol-viaja-a-venezuela-para-acompanhar-funeral-de-hugo-chavez\/"},"author":{"name":"Comunica\u00e7\u00e3o PSOL","@id":"https:\/\/psol50.org.br\/#\/schema\/person\/475dfa57d0b815993c714c2e96491fcd"},"headline":"Comitiva do PSOL viaja \u00e0 Venezuela para acompanhar funeral de Hugo Ch\u00e1vez","datePublished":"2013-03-07T00:00:00+00:00","mainEntityOfPage":{"@id":"https:\/\/psol50.org.br\/comitiva-do-psol-viaja-a-venezuela-para-acompanhar-funeral-de-hugo-chavez\/"},"wordCount":341,"commentCount":0,"publisher":{"@id":"https:\/\/psol50.org.br\/#organization"},"keywords":["PSOL"],"articleSection":["Arquivo"],"inLanguage":"pt-BR","potentialAction":[{"@type":"CommentAction","name":"Comment","target":["https:\/\/psol50.org.br\/comitiva-do-psol-viaja-a-venezuela-para-acompanhar-funeral-de-hugo-chavez\/#respond"]}]},{"@type":"WebPage","@id":"https:\/\/psol50.org.br\/comitiva-do-psol-viaja-a-venezuela-para-acompanhar-funeral-de-hugo-chavez\/","url":"https:\/\/psol50.org.br\/comitiva-do-psol-viaja-a-venezuela-para-acompanhar-funeral-de-hugo-chavez\/","name":"Comitiva do PSOL viaja \u00e0 Venezuela para acompanhar funeral de Hugo Ch\u00e1vez - PSOL 50","isPartOf":{"@id":"https:\/\/psol50.org.br\/#website"},"datePublished":"2013-03-07T00:00:00+00:00","breadcrumb":{"@id":"https:\/\/psol50.org.br\/comitiva-do-psol-viaja-a-venezuela-para-acompanhar-funeral-de-hugo-chavez\/#breadcrumb"},"inLanguage":"pt-BR","potentialAction":[{"@type":"ReadAction","target":["https:\/\/psol50.org.br\/comitiva-do-psol-viaja-a-venezuela-para-acompanhar-funeral-de-hugo-chavez\/"]}]},{"@type":"BreadcrumbList","@id":"https:\/\/psol50.org.br\/comitiva-do-psol-viaja-a-venezuela-para-acompanhar-funeral-de-hugo-chavez\/#breadcrumb","itemListElement":[{"@type":"ListItem","position":1,"name":"In\u00edcio","item":"https:\/\/psol50.org.br\/"},{"@type":"ListItem","position":2,"name":"Comitiva do PSOL viaja \u00e0 Venezuela para acompanhar funeral de Hugo Ch\u00e1vez"}]},{"@type":"WebSite","@id":"https:\/\/psol50.org.br\/#website","url":"https:\/\/psol50.org.br\/","name":"PSOL 50","description":"Site oficial do Partido Socialismo e Liberdade","publisher":{"@id":"https:\/\/psol50.org.br\/#organization"},"alternateName":"PSOL50","potentialAction":[{"@type":"SearchAction","target":{"@type":"EntryPoint","urlTemplate":"https:\/\/psol50.org.br\/?s={search_term_string}"},"query-input":{"@type":"PropertyValueSpecification","valueRequired":true,"valueName":"search_term_string"}}],"inLanguage":"pt-BR"},{"@type":"Organization","@id":"https:\/\/psol50.org.br\/#organization","name":"PSOL 50","alternateName":"PSOL 50","url":"https:\/\/psol50.org.br\/","logo":{"@type":"ImageObject","inLanguage":"pt-BR","@id":"https:\/\/psol50.org.br\/#\/schema\/logo\/image\/","url":"https:\/\/psol50.org.br\/inc\/uploads\/2018\/07\/capa.png","contentUrl":"https:\/\/psol50.org.br\/inc\/uploads\/2018\/07\/capa.png","width":1350,"height":900,"caption":"PSOL 50"},"image":{"@id":"https:\/\/psol50.org.br\/#\/schema\/logo\/image\/"},"sameAs":["https:\/\/www.facebook.com\/psol50","https:\/\/x.com\/psol50","https:\/\/www.instagram.com\/psol50\/","https:\/\/www.youtube.com\/channel\/UC7SnJS5o1os7a6CaiNabzcg"]},{"@type":"Person","@id":"https:\/\/psol50.org.br\/#\/schema\/person\/475dfa57d0b815993c714c2e96491fcd","name":"Comunica\u00e7\u00e3o PSOL","image":{"@type":"ImageObject","inLanguage":"pt-BR","@id":"https:\/\/psol50.org.br\/#\/schema\/person\/image\/","url":"https:\/\/secure.gravatar.com\/avatar\/b34fc4f4e468a4e51785917065a3db57b841f5c95dba6ad8c73aaf8f66f8f9bf?s=96&d=mm&r=g","contentUrl":"https:\/\/secure.gravatar.com\/avatar\/b34fc4f4e468a4e51785917065a3db57b841f5c95dba6ad8c73aaf8f66f8f9bf?s=96&d=mm&r=g","caption":"Comunica\u00e7\u00e3o PSOL"}}]}},"_links":{"self":[{"href":"https:\/\/psol50.org.br\/rest\/wp\/v2\/posts\/1832","targetHints":{"allow":["GET"]}}],"collection":[{"href":"https:\/\/psol50.org.br\/rest\/wp\/v2\/posts"}],"about":[{"href":"https:\/\/psol50.org.br\/rest\/wp\/v2\/types\/post"}],"author":[{"embeddable":true,"href":"https:\/\/psol50.org.br\/rest\/wp\/v2\/users\/2"}],"replies":[{"embeddable":true,"href":"https:\/\/psol50.org.br\/rest\/wp\/v2\/comments?post=1832"}],"version-history":[{"count":0,"href":"https:\/\/psol50.org.br\/rest\/wp\/v2\/posts\/1832\/revisions"}],"wp:attachment":[{"href":"https:\/\/psol50.org.br\/rest\/wp\/v2\/media?parent=1832"}],"wp:term":[{"taxonomy":"category","embeddable":true,"href":"https:\/\/psol50.org.br\/rest\/wp\/v2\/categories?post=1832"},{"taxonomy":"post_tag","embeddable":true,"href":"https:\/\/psol50.org.br\/rest\/wp\/v2\/tags?post=1832"}],"curies":[{"name":"wp","href":"https:\/\/api.w.org\/{rel}","templated":true}]}}