{"id":18333,"date":"2017-09-28T16:07:14","date_gmt":"2017-09-28T19:07:14","guid":{"rendered":"http:\/\/www.psol50.org.br\/?p=18333"},"modified":"2017-09-28T16:07:14","modified_gmt":"2017-09-28T19:07:14","slug":"juliano-medeiros-em-defesa-da-autodeterminacao-da-catalunha","status":"publish","type":"post","link":"https:\/\/psol50.org.br\/juliano-medeiros-em-defesa-da-autodeterminacao-da-catalunha\/","title":{"rendered":"Juliano Medeiros | Em defesa da autodetermina\u00e7\u00e3o da Catalunha"},"content":{"rendered":"<p>Apesar de parecer um palavr\u00e3o, o conceito de \u201cautodetermina\u00e7\u00e3o\u201d n\u00e3o tem nada de complicado. Basicamente representa o direito de um povo de definir livremente o estatuto pol\u00edtico no qual quer viver. Apesar de simples, a ideia gera controv\u00e9rsia desde que surgiu. Basta lembrar das lutas de descoloniza\u00e7\u00e3o na \u00c1frica, da guerra dos Balc\u00e3s, da hist\u00f3rica luta de irlandeses, escoceses, curdos, palestinos, bascos, sarahu\u00eds&#8230; Isso para n\u00e3o mencionar as lutas de liberta\u00e7\u00e3o na Am\u00e9rica nos s\u00e9culos XVIII e XIX. Quem det\u00e9m o controle sobre um territ\u00f3rio ou popula\u00e7\u00e3o raramente aceita pacificamente a autodetermina\u00e7\u00e3o como um direito.<\/p>\n<p><a href=\"http:\/\/www.psol50.org.br\/nota-do-psol-em-defesa-do-referendo-sobre-a-independencia-da-catalunha\/\" target=\"_blank\" rel=\"noopener\"><span style=\"color: #3366ff;\"><strong>Leia mais: Nota do PSOL em defesa do referendo da autodetermina\u00e7\u00e3o da Catalunha<\/strong><\/span><\/a><\/p>\n<p>No pr\u00f3ximo dia 1\u00ba de outubro a Europa viver\u00e1 mais um epis\u00f3dio do conflito pela autodetermina\u00e7\u00e3o de uma nacionalidade. Os catal\u00e3es e as catal\u00e3s ir\u00e3o \u00e0s urnas para uma defini\u00e7\u00e3o hist\u00f3rica: manter a regi\u00e3o integrada ao reino da Espanha ou declarar sua independ\u00eancia. O referendo convocado para este domingo s\u00f3 foi poss\u00edvel gra\u00e7as \u00e0 forma\u00e7\u00e3o de um governo francamente pr\u00f3-independ\u00eancia nas elei\u00e7\u00f5es de setembro de 2015. Juntos, os partidos independentistas reunidos na coaliza\u00e7\u00e3o \u201cJuntos pelo Sim\u201d firmaram o compromisso de convocar um plebiscito e submeter \u00e0 soberania popular a decis\u00e3o de tornar a Catalunha uma na\u00e7\u00e3o independente.<\/p>\n<p>A situa\u00e7\u00e3o \u00e9 in\u00e9dita para a Uni\u00e3o Europeia. Em comunicado, o organismo pediu que a Catalunha respeitasse a decis\u00e3o do Tribunal Constitucional da Espanha que decretou a ilegalidade do plebiscito e advertiu que s\u00f3 reconhecer\u00e1 o resultado de qualquer consulta se ela for feita dentro da \u201clegalidade\u201d. O problema, por\u00e9m, \u00e9 que os tribunais n\u00e3o s\u00e3o imparciais.<\/p>\n<p>Por sua vez, a Generalitat (governo aut\u00f4nomo da Catalunha) j\u00e1 tem definido o mecanismo para viabilizar a separa\u00e7\u00e3o imediata da Catalunha do restante da Espanha caso o governo conservador de Mariano Rajoy consiga impedir a realiza\u00e7\u00e3o do plebiscito sobre a independ\u00eancia. Segundo o jornal El Pa\u00eds a chamada \u201cLei de Transi\u00e7\u00e3o Jur\u00eddica\u201d, conhecida como lei da ruptura pretende funcionar como uma constitui\u00e7\u00e3o provis\u00f3ria catal\u00e3 pelo prazo de dois meses, at\u00e9 que o parlamento regional promova um processo constituinte que desembocaria na Rep\u00fablica Parlamentar da Catalunha.<\/p>\n<p>A tens\u00e3o aumentou nos \u00faltimos dias, com gigantescos protestos a favor e contra a separa\u00e7\u00e3o da Catalunha. Em Barcelona e outras cidades os partidos e movimentos independentistas ampliaram o apoio popular ao referendo. Na Espanha, por sua vez, come\u00e7aram a surgir protestos contr\u00e1rios \u00e0 divis\u00e3o, em geral promovido por for\u00e7as nacionalistas conservadoras.<\/p>\n<p>A pol\u00edcia catal\u00e3, por sua vez, informou que n\u00e3o cumprir\u00e1 a determina\u00e7\u00e3o da Fiscal\u00eda (equivalente ao Minist\u00e9rio P\u00fablico) para reprimir o referendo no pr\u00f3ximo domingo. Como rea\u00e7\u00e3o, o governo espanhol envio milhares de soldados da Guarda Civil e da Pol\u00edcia Nacional, o que tende a aumentar a tens\u00e3o. Na semana passada a mesma Guarda Civil prendeu Josep Maria Jov\u00e9, considerado o bra\u00e7o direito do vice-presidente da Catalunha, o independentista Oriol Junqueras. Al\u00e9m dele outras 14 lideran\u00e7as independentistas tamb\u00e9m foram detidas em repres\u00e1lia do governo de Madri ao referendo.<\/p>\n<p>Para escapar das medidas repressivas do governo espanhol, a \u201cSindicatura Electoral\u201d, uma esp\u00e9cie de Comiss\u00e3o Eleitoral tempor\u00e1ria estabelecida apenas para o plebiscito, teve de se autodissolver para evitar repres\u00e1lias por parte das autoridades de Madri.<\/p>\n<p>As pesquisas demonstram que h\u00e1 uma importante divis\u00e3o dentro da pr\u00f3pria Catalunha. Embora o movimento pela independ\u00eancia demonstre muita for\u00e7a em atos de rua e nas declara\u00e7\u00f5es das lideran\u00e7as pol\u00edticas catal\u00e3s, a verdade \u00e9 que diversas pesquisas demonstram que o tema divide opini\u00f5es. Mais uma raz\u00e3o pela qual a consulta se torna t\u00e3o relevante: demonstrar se o sentimento pr\u00f3-independ\u00eancia \u00e9 t\u00e3o majorit\u00e1rio quanto parece.<\/p>\n<p>No entanto, o governo conservador de Rajoy j\u00e1 afirmou que n\u00e3o aceitar\u00e1 o resultado e lutar\u00e1 com todas as armas a seu alcance \u2013 o que pressup\u00f5e a viol\u00eancia \u2013 para manter a Catalunha subordinada \u00e0 Espanha. Assim como ocorreu recentemente na Esc\u00f3cia, n\u00e3o cabe outra posi\u00e7\u00e3o \u00e0 esquerda que n\u00e3o o de apoio \u00e0 autodetermina\u00e7\u00e3o do povo catal\u00e3o, qualquer que seja sua decis\u00e3o.<\/p>\n","protected":false},"excerpt":{"rendered":"<p>Apesar de parecer um palavr\u00e3o, o conceito de \u201cautodetermina\u00e7\u00e3o\u201d n\u00e3o tem nada de complicado. Basicamente representa o direito de um povo de definir livremente o estatuto pol\u00edtico no qual quer viver. Apesar de simples, a ideia gera controv\u00e9rsia desde que surgiu. Basta lembrar das lutas de descoloniza\u00e7\u00e3o na \u00c1frica, da guerra dos Balc\u00e3s, da hist\u00f3rica [&hellip;]<\/p>\n","protected":false},"author":2,"featured_media":18336,"comment_status":"open","ping_status":"open","sticky":false,"template":"","format":"standard","meta":{"_acf_changed":false,"footnotes":""},"categories":[3,3605,836],"tags":[3604,2007,259,2966],"class_list":{"0":"post-18333","1":"post","2":"type-post","3":"status-publish","4":"format-standard","5":"has-post-thumbnail","8":"category-espanha","9":"category-internacional","10":"tag-catalunha","11":"tag-independencia","12":"tag-juliano-medeiros","13":"tag-referendo"},"acf":[],"yoast_head":"<!-- This site is optimized with the Yoast SEO plugin v26.5 - https:\/\/yoast.com\/wordpress\/plugins\/seo\/ -->\n<title>Juliano Medeiros | Em defesa da autodetermina\u00e7\u00e3o da Catalunha - PSOL 50<\/title>\n<meta name=\"robots\" content=\"index, follow, max-snippet:-1, max-image-preview:large, max-video-preview:-1\" \/>\n<link rel=\"canonical\" href=\"https:\/\/psol50.org.br\/juliano-medeiros-em-defesa-da-autodeterminacao-da-catalunha\/\" \/>\n<meta property=\"og:locale\" content=\"pt_BR\" \/>\n<meta property=\"og:type\" content=\"article\" \/>\n<meta property=\"og:title\" content=\"Juliano Medeiros | Em defesa da autodetermina\u00e7\u00e3o da Catalunha - PSOL 50\" \/>\n<meta property=\"og:description\" content=\"Apesar de parecer um palavr\u00e3o, o conceito de \u201cautodetermina\u00e7\u00e3o\u201d n\u00e3o tem nada de complicado. Basicamente representa o direito de um povo de definir livremente o estatuto pol\u00edtico no qual quer viver. Apesar de simples, a ideia gera controv\u00e9rsia desde que surgiu. Basta lembrar das lutas de descoloniza\u00e7\u00e3o na \u00c1frica, da guerra dos Balc\u00e3s, da hist\u00f3rica [&hellip;]\" \/>\n<meta property=\"og:url\" content=\"https:\/\/psol50.org.br\/juliano-medeiros-em-defesa-da-autodeterminacao-da-catalunha\/\" \/>\n<meta property=\"og:site_name\" content=\"PSOL 50\" \/>\n<meta property=\"article:publisher\" content=\"https:\/\/www.facebook.com\/psol50\" \/>\n<meta property=\"article:published_time\" content=\"2017-09-28T19:07:14+00:00\" \/>\n<meta property=\"og:image\" content=\"https:\/\/psol50.org.br\/inc\/uploads\/2018\/07\/capa.png\" \/>\n\t<meta property=\"og:image:width\" content=\"1350\" \/>\n\t<meta property=\"og:image:height\" content=\"900\" \/>\n\t<meta property=\"og:image:type\" content=\"image\/png\" \/>\n<meta name=\"author\" content=\"Comunica\u00e7\u00e3o PSOL\" \/>\n<meta name=\"twitter:card\" content=\"summary_large_image\" \/>\n<meta name=\"twitter:creator\" content=\"@psol50\" \/>\n<meta name=\"twitter:site\" content=\"@psol50\" \/>\n<meta name=\"twitter:label1\" content=\"Escrito por\" \/>\n\t<meta name=\"twitter:data1\" content=\"Comunica\u00e7\u00e3o PSOL\" \/>\n\t<meta name=\"twitter:label2\" content=\"Est. tempo de leitura\" \/>\n\t<meta name=\"twitter:data2\" content=\"4 minutos\" \/>\n<script type=\"application\/ld+json\" class=\"yoast-schema-graph\">{\"@context\":\"https:\/\/schema.org\",\"@graph\":[{\"@type\":\"Article\",\"@id\":\"https:\/\/psol50.org.br\/juliano-medeiros-em-defesa-da-autodeterminacao-da-catalunha\/#article\",\"isPartOf\":{\"@id\":\"https:\/\/psol50.org.br\/juliano-medeiros-em-defesa-da-autodeterminacao-da-catalunha\/\"},\"author\":{\"name\":\"Comunica\u00e7\u00e3o PSOL\",\"@id\":\"https:\/\/psol50.org.br\/#\/schema\/person\/475dfa57d0b815993c714c2e96491fcd\"},\"headline\":\"Juliano Medeiros | Em defesa da autodetermina\u00e7\u00e3o da Catalunha\",\"datePublished\":\"2017-09-28T19:07:14+00:00\",\"mainEntityOfPage\":{\"@id\":\"https:\/\/psol50.org.br\/juliano-medeiros-em-defesa-da-autodeterminacao-da-catalunha\/\"},\"wordCount\":748,\"commentCount\":0,\"publisher\":{\"@id\":\"https:\/\/psol50.org.br\/#organization\"},\"image\":{\"@id\":\"https:\/\/psol50.org.br\/juliano-medeiros-em-defesa-da-autodeterminacao-da-catalunha\/#primaryimage\"},\"thumbnailUrl\":\"\",\"keywords\":[\"Catalunha\",\"independ\u00eancia\",\"Juliano Medeiros\",\"referendo\"],\"articleSection\":[\"Artigos\",\"Espanha\",\"Internacional\"],\"inLanguage\":\"pt-BR\",\"potentialAction\":[{\"@type\":\"CommentAction\",\"name\":\"Comment\",\"target\":[\"https:\/\/psol50.org.br\/juliano-medeiros-em-defesa-da-autodeterminacao-da-catalunha\/#respond\"]}]},{\"@type\":\"WebPage\",\"@id\":\"https:\/\/psol50.org.br\/juliano-medeiros-em-defesa-da-autodeterminacao-da-catalunha\/\",\"url\":\"https:\/\/psol50.org.br\/juliano-medeiros-em-defesa-da-autodeterminacao-da-catalunha\/\",\"name\":\"Juliano Medeiros | Em defesa da autodetermina\u00e7\u00e3o da Catalunha - PSOL 50\",\"isPartOf\":{\"@id\":\"https:\/\/psol50.org.br\/#website\"},\"primaryImageOfPage\":{\"@id\":\"https:\/\/psol50.org.br\/juliano-medeiros-em-defesa-da-autodeterminacao-da-catalunha\/#primaryimage\"},\"image\":{\"@id\":\"https:\/\/psol50.org.br\/juliano-medeiros-em-defesa-da-autodeterminacao-da-catalunha\/#primaryimage\"},\"thumbnailUrl\":\"\",\"datePublished\":\"2017-09-28T19:07:14+00:00\",\"breadcrumb\":{\"@id\":\"https:\/\/psol50.org.br\/juliano-medeiros-em-defesa-da-autodeterminacao-da-catalunha\/#breadcrumb\"},\"inLanguage\":\"pt-BR\",\"potentialAction\":[{\"@type\":\"ReadAction\",\"target\":[\"https:\/\/psol50.org.br\/juliano-medeiros-em-defesa-da-autodeterminacao-da-catalunha\/\"]}]},{\"@type\":\"ImageObject\",\"inLanguage\":\"pt-BR\",\"@id\":\"https:\/\/psol50.org.br\/juliano-medeiros-em-defesa-da-autodeterminacao-da-catalunha\/#primaryimage\",\"url\":\"\",\"contentUrl\":\"\"},{\"@type\":\"BreadcrumbList\",\"@id\":\"https:\/\/psol50.org.br\/juliano-medeiros-em-defesa-da-autodeterminacao-da-catalunha\/#breadcrumb\",\"itemListElement\":[{\"@type\":\"ListItem\",\"position\":1,\"name\":\"In\u00edcio\",\"item\":\"https:\/\/psol50.org.br\/\"},{\"@type\":\"ListItem\",\"position\":2,\"name\":\"Juliano Medeiros | Em defesa da autodetermina\u00e7\u00e3o da Catalunha\"}]},{\"@type\":\"WebSite\",\"@id\":\"https:\/\/psol50.org.br\/#website\",\"url\":\"https:\/\/psol50.org.br\/\",\"name\":\"PSOL 50\",\"description\":\"Site oficial do Partido Socialismo e Liberdade\",\"publisher\":{\"@id\":\"https:\/\/psol50.org.br\/#organization\"},\"alternateName\":\"PSOL50\",\"potentialAction\":[{\"@type\":\"SearchAction\",\"target\":{\"@type\":\"EntryPoint\",\"urlTemplate\":\"https:\/\/psol50.org.br\/?s={search_term_string}\"},\"query-input\":{\"@type\":\"PropertyValueSpecification\",\"valueRequired\":true,\"valueName\":\"search_term_string\"}}],\"inLanguage\":\"pt-BR\"},{\"@type\":\"Organization\",\"@id\":\"https:\/\/psol50.org.br\/#organization\",\"name\":\"PSOL 50\",\"alternateName\":\"PSOL 50\",\"url\":\"https:\/\/psol50.org.br\/\",\"logo\":{\"@type\":\"ImageObject\",\"inLanguage\":\"pt-BR\",\"@id\":\"https:\/\/psol50.org.br\/#\/schema\/logo\/image\/\",\"url\":\"https:\/\/psol50.org.br\/inc\/uploads\/2018\/07\/capa.png\",\"contentUrl\":\"https:\/\/psol50.org.br\/inc\/uploads\/2018\/07\/capa.png\",\"width\":1350,\"height\":900,\"caption\":\"PSOL 50\"},\"image\":{\"@id\":\"https:\/\/psol50.org.br\/#\/schema\/logo\/image\/\"},\"sameAs\":[\"https:\/\/www.facebook.com\/psol50\",\"https:\/\/x.com\/psol50\",\"https:\/\/www.instagram.com\/psol50\/\",\"https:\/\/www.youtube.com\/channel\/UC7SnJS5o1os7a6CaiNabzcg\"]},{\"@type\":\"Person\",\"@id\":\"https:\/\/psol50.org.br\/#\/schema\/person\/475dfa57d0b815993c714c2e96491fcd\",\"name\":\"Comunica\u00e7\u00e3o PSOL\",\"image\":{\"@type\":\"ImageObject\",\"inLanguage\":\"pt-BR\",\"@id\":\"https:\/\/psol50.org.br\/#\/schema\/person\/image\/\",\"url\":\"https:\/\/secure.gravatar.com\/avatar\/b34fc4f4e468a4e51785917065a3db57b841f5c95dba6ad8c73aaf8f66f8f9bf?s=96&d=mm&r=g\",\"contentUrl\":\"https:\/\/secure.gravatar.com\/avatar\/b34fc4f4e468a4e51785917065a3db57b841f5c95dba6ad8c73aaf8f66f8f9bf?s=96&d=mm&r=g\",\"caption\":\"Comunica\u00e7\u00e3o PSOL\"}}]}<\/script>\n<!-- \/ Yoast SEO plugin. -->","yoast_head_json":{"title":"Juliano Medeiros | Em defesa da autodetermina\u00e7\u00e3o da Catalunha - PSOL 50","robots":{"index":"index","follow":"follow","max-snippet":"max-snippet:-1","max-image-preview":"max-image-preview:large","max-video-preview":"max-video-preview:-1"},"canonical":"https:\/\/psol50.org.br\/juliano-medeiros-em-defesa-da-autodeterminacao-da-catalunha\/","og_locale":"pt_BR","og_type":"article","og_title":"Juliano Medeiros | Em defesa da autodetermina\u00e7\u00e3o da Catalunha - PSOL 50","og_description":"Apesar de parecer um palavr\u00e3o, o conceito de \u201cautodetermina\u00e7\u00e3o\u201d n\u00e3o tem nada de complicado. Basicamente representa o direito de um povo de definir livremente o estatuto pol\u00edtico no qual quer viver. Apesar de simples, a ideia gera controv\u00e9rsia desde que surgiu. Basta lembrar das lutas de descoloniza\u00e7\u00e3o na \u00c1frica, da guerra dos Balc\u00e3s, da hist\u00f3rica [&hellip;]","og_url":"https:\/\/psol50.org.br\/juliano-medeiros-em-defesa-da-autodeterminacao-da-catalunha\/","og_site_name":"PSOL 50","article_publisher":"https:\/\/www.facebook.com\/psol50","article_published_time":"2017-09-28T19:07:14+00:00","og_image":[{"width":1350,"height":900,"url":"https:\/\/psol50.org.br\/inc\/uploads\/2018\/07\/capa.png","type":"image\/png"}],"author":"Comunica\u00e7\u00e3o PSOL","twitter_card":"summary_large_image","twitter_creator":"@psol50","twitter_site":"@psol50","twitter_misc":{"Escrito por":"Comunica\u00e7\u00e3o PSOL","Est. tempo de leitura":"4 minutos"},"schema":{"@context":"https:\/\/schema.org","@graph":[{"@type":"Article","@id":"https:\/\/psol50.org.br\/juliano-medeiros-em-defesa-da-autodeterminacao-da-catalunha\/#article","isPartOf":{"@id":"https:\/\/psol50.org.br\/juliano-medeiros-em-defesa-da-autodeterminacao-da-catalunha\/"},"author":{"name":"Comunica\u00e7\u00e3o PSOL","@id":"https:\/\/psol50.org.br\/#\/schema\/person\/475dfa57d0b815993c714c2e96491fcd"},"headline":"Juliano Medeiros | Em defesa da autodetermina\u00e7\u00e3o da Catalunha","datePublished":"2017-09-28T19:07:14+00:00","mainEntityOfPage":{"@id":"https:\/\/psol50.org.br\/juliano-medeiros-em-defesa-da-autodeterminacao-da-catalunha\/"},"wordCount":748,"commentCount":0,"publisher":{"@id":"https:\/\/psol50.org.br\/#organization"},"image":{"@id":"https:\/\/psol50.org.br\/juliano-medeiros-em-defesa-da-autodeterminacao-da-catalunha\/#primaryimage"},"thumbnailUrl":"","keywords":["Catalunha","independ\u00eancia","Juliano Medeiros","referendo"],"articleSection":["Artigos","Espanha","Internacional"],"inLanguage":"pt-BR","potentialAction":[{"@type":"CommentAction","name":"Comment","target":["https:\/\/psol50.org.br\/juliano-medeiros-em-defesa-da-autodeterminacao-da-catalunha\/#respond"]}]},{"@type":"WebPage","@id":"https:\/\/psol50.org.br\/juliano-medeiros-em-defesa-da-autodeterminacao-da-catalunha\/","url":"https:\/\/psol50.org.br\/juliano-medeiros-em-defesa-da-autodeterminacao-da-catalunha\/","name":"Juliano Medeiros | Em defesa da autodetermina\u00e7\u00e3o da Catalunha - PSOL 50","isPartOf":{"@id":"https:\/\/psol50.org.br\/#website"},"primaryImageOfPage":{"@id":"https:\/\/psol50.org.br\/juliano-medeiros-em-defesa-da-autodeterminacao-da-catalunha\/#primaryimage"},"image":{"@id":"https:\/\/psol50.org.br\/juliano-medeiros-em-defesa-da-autodeterminacao-da-catalunha\/#primaryimage"},"thumbnailUrl":"","datePublished":"2017-09-28T19:07:14+00:00","breadcrumb":{"@id":"https:\/\/psol50.org.br\/juliano-medeiros-em-defesa-da-autodeterminacao-da-catalunha\/#breadcrumb"},"inLanguage":"pt-BR","potentialAction":[{"@type":"ReadAction","target":["https:\/\/psol50.org.br\/juliano-medeiros-em-defesa-da-autodeterminacao-da-catalunha\/"]}]},{"@type":"ImageObject","inLanguage":"pt-BR","@id":"https:\/\/psol50.org.br\/juliano-medeiros-em-defesa-da-autodeterminacao-da-catalunha\/#primaryimage","url":"","contentUrl":""},{"@type":"BreadcrumbList","@id":"https:\/\/psol50.org.br\/juliano-medeiros-em-defesa-da-autodeterminacao-da-catalunha\/#breadcrumb","itemListElement":[{"@type":"ListItem","position":1,"name":"In\u00edcio","item":"https:\/\/psol50.org.br\/"},{"@type":"ListItem","position":2,"name":"Juliano Medeiros | Em defesa da autodetermina\u00e7\u00e3o da Catalunha"}]},{"@type":"WebSite","@id":"https:\/\/psol50.org.br\/#website","url":"https:\/\/psol50.org.br\/","name":"PSOL 50","description":"Site oficial do Partido Socialismo e Liberdade","publisher":{"@id":"https:\/\/psol50.org.br\/#organization"},"alternateName":"PSOL50","potentialAction":[{"@type":"SearchAction","target":{"@type":"EntryPoint","urlTemplate":"https:\/\/psol50.org.br\/?s={search_term_string}"},"query-input":{"@type":"PropertyValueSpecification","valueRequired":true,"valueName":"search_term_string"}}],"inLanguage":"pt-BR"},{"@type":"Organization","@id":"https:\/\/psol50.org.br\/#organization","name":"PSOL 50","alternateName":"PSOL 50","url":"https:\/\/psol50.org.br\/","logo":{"@type":"ImageObject","inLanguage":"pt-BR","@id":"https:\/\/psol50.org.br\/#\/schema\/logo\/image\/","url":"https:\/\/psol50.org.br\/inc\/uploads\/2018\/07\/capa.png","contentUrl":"https:\/\/psol50.org.br\/inc\/uploads\/2018\/07\/capa.png","width":1350,"height":900,"caption":"PSOL 50"},"image":{"@id":"https:\/\/psol50.org.br\/#\/schema\/logo\/image\/"},"sameAs":["https:\/\/www.facebook.com\/psol50","https:\/\/x.com\/psol50","https:\/\/www.instagram.com\/psol50\/","https:\/\/www.youtube.com\/channel\/UC7SnJS5o1os7a6CaiNabzcg"]},{"@type":"Person","@id":"https:\/\/psol50.org.br\/#\/schema\/person\/475dfa57d0b815993c714c2e96491fcd","name":"Comunica\u00e7\u00e3o PSOL","image":{"@type":"ImageObject","inLanguage":"pt-BR","@id":"https:\/\/psol50.org.br\/#\/schema\/person\/image\/","url":"https:\/\/secure.gravatar.com\/avatar\/b34fc4f4e468a4e51785917065a3db57b841f5c95dba6ad8c73aaf8f66f8f9bf?s=96&d=mm&r=g","contentUrl":"https:\/\/secure.gravatar.com\/avatar\/b34fc4f4e468a4e51785917065a3db57b841f5c95dba6ad8c73aaf8f66f8f9bf?s=96&d=mm&r=g","caption":"Comunica\u00e7\u00e3o PSOL"}}]}},"_links":{"self":[{"href":"https:\/\/psol50.org.br\/rest\/wp\/v2\/posts\/18333","targetHints":{"allow":["GET"]}}],"collection":[{"href":"https:\/\/psol50.org.br\/rest\/wp\/v2\/posts"}],"about":[{"href":"https:\/\/psol50.org.br\/rest\/wp\/v2\/types\/post"}],"author":[{"embeddable":true,"href":"https:\/\/psol50.org.br\/rest\/wp\/v2\/users\/2"}],"replies":[{"embeddable":true,"href":"https:\/\/psol50.org.br\/rest\/wp\/v2\/comments?post=18333"}],"version-history":[{"count":0,"href":"https:\/\/psol50.org.br\/rest\/wp\/v2\/posts\/18333\/revisions"}],"wp:featuredmedia":[{"embeddable":true,"href":"https:\/\/psol50.org.br\/rest\/"}],"wp:attachment":[{"href":"https:\/\/psol50.org.br\/rest\/wp\/v2\/media?parent=18333"}],"wp:term":[{"taxonomy":"category","embeddable":true,"href":"https:\/\/psol50.org.br\/rest\/wp\/v2\/categories?post=18333"},{"taxonomy":"post_tag","embeddable":true,"href":"https:\/\/psol50.org.br\/rest\/wp\/v2\/tags?post=18333"}],"curies":[{"name":"wp","href":"https:\/\/api.w.org\/{rel}","templated":true}]}}