{"id":18375,"date":"2017-10-03T13:12:29","date_gmt":"2017-10-03T16:12:29","guid":{"rendered":"http:\/\/www.psol50.org.br\/?p=18375"},"modified":"2017-10-03T13:12:29","modified_gmt":"2017-10-03T16:12:29","slug":"justica-do-rio-condena-bolsonaro-por-preconceito-contra-comunidades-quilombolas","status":"publish","type":"post","link":"https:\/\/psol50.org.br\/justica-do-rio-condena-bolsonaro-por-preconceito-contra-comunidades-quilombolas\/","title":{"rendered":"Justi\u00e7a do Rio condena Bolsonaro por preconceito contra comunidades quilombolas"},"content":{"rendered":"<p>Uma decis\u00e3o proferida nesta segunda-feira (02\/10), pela Justi\u00e7a Federal do Rio de Janeiro, d\u00e1 uma inje\u00e7\u00e3o de \u00e2nimo \u00e0 luta contra as atitudes conservadoras e fascistas do deputado Jair Bolsonaro (PSC-RJ). Por uma declara\u00e7\u00e3o preconceituosa proferida contra comunidades quilombolas, durante evento no Clube Hebraica, em abril deste ano, no Rio, Bolsonaro ter\u00e1 que pagar\u00a0R$ 50 mil a comunidades quilombolas e \u00e0 popula\u00e7\u00e3o negra por danos morais.<\/p>\n<p>Na ocasi\u00e3o, o l\u00edder fundamentalista disse que\u00a0&#8220;o afrodescendente mais leve l\u00e1 pesava sete arrobas&#8221;, ao se referir a uma comunidade a qual ele visitou. Bolsonaro tamb\u00e9m disse que &#8220;nem para procriador ele serve mais&#8221;.<\/p>\n<p>A atitude provocou a manifesta\u00e7\u00f5es de v\u00e1rias organiza\u00e7\u00f5es de direitos humanos, dos movimentos negros e tamb\u00e9m do PSOL, que, \u00e0 \u00e9poca, protocolou uma\u00a0<a href=\"http:\/\/www.psol50.org.br\/deputados-do-psol-representam-contra-bolsonaro-por-discurso-de-odio-no-clube-da-hebraica-rj\/\" target=\"_blank\" rel=\"noopener\"><strong><span style=\"color: #0000ff;\">representa\u00e7\u00e3o na Corregedoria da C\u00e2mara contra o deputado do PSC<\/span><\/strong><\/a>.\u00a0Os\u00a0deputados federais Jean Wyllys, Chico Alencar e Glauber Braga, todos do Rio de Janeiro, cobraram que o \u00f3rg\u00e3o tomasse provid\u00eancia contra mais essa atitude grotesca de Bolsonaro.<\/p>\n<p>A decis\u00e3o, proferida pela ju\u00edza Frana Elizabeth Mendes, da 26\u00aa Vara Federal do Rio, foi em julgamento da a\u00e7\u00e3o protocolada pelo Minist\u00e9rio P\u00fablico Federal.\u00a0Os procuradores Ana Padilha e Renato Machado, que assinam a a\u00e7\u00e3o, dizem que &#8220;o julgamento ofensivo, preconceituoso e discriminat\u00f3rio do r\u00e9u a respeito das popula\u00e7\u00f5es negras e quilombolas \u00e9 incontest\u00e1vel&#8221;.<\/p>\n<p>Destacam tamb\u00e9m que as afirma\u00e7\u00f5es &#8220;desumanizam as pessoas negras, retirando-lhes a honra e a dignidade ao associ\u00e1-las \u00e0 condi\u00e7\u00e3o de animais&#8221;. Na a\u00e7\u00e3o, os procuradores pediam uma indeniza\u00e7\u00e3o de R$ 300 mil.<\/p>\n<p>Os recursos pagos pela condena\u00e7\u00e3o de Bolsonaro devem ser revertidos para o Fundo Federal de Defesa dos Direitos Difusos.<\/p>\n","protected":false},"excerpt":{"rendered":"<p>Uma decis\u00e3o proferida nesta segunda-feira (02\/10), pela Justi\u00e7a Federal do Rio de Janeiro, d\u00e1 uma inje\u00e7\u00e3o de \u00e2nimo \u00e0 luta contra as atitudes conservadoras e fascistas do deputado Jair Bolsonaro (PSC-RJ). Por uma declara\u00e7\u00e3o preconceituosa proferida contra comunidades quilombolas, durante evento no Clube Hebraica, em abril deste ano, no Rio, Bolsonaro ter\u00e1 que pagar\u00a0R$ 50 [&hellip;]<\/p>\n","protected":false},"author":2,"featured_media":18376,"comment_status":"open","ping_status":"open","sticky":false,"template":"","format":"standard","meta":{"_acf_changed":false,"footnotes":""},"categories":[1882,6],"tags":[3615,3616,3617,2622,3618,67,244,3619,900,2405,911,3620,22,162],"class_list":{"0":"post-18375","1":"post","2":"type-post","3":"status-publish","4":"format-standard","5":"has-post-thumbnail","7":"category-brasil","8":"category-noticias","9":"tag-clube-hebraica","10":"tag-comunidades-quilombolas","11":"tag-conenado","12":"tag-corregedoria-da-camara-dos-deputados","13":"tag-deputado","14":"tag-discurso","15":"tag-jair-bolsonaro","16":"tag-juiza-frana-elizabeth-mendes","17":"tag-justica-federal","18":"tag-ministerio-publico-federal","19":"tag-preconceito","20":"tag-psc-rj","21":"tag-psol","22":"tag-rio-de-janeiro"},"acf":[],"yoast_head":"<!-- This site is optimized with the Yoast SEO plugin v26.5 - https:\/\/yoast.com\/wordpress\/plugins\/seo\/ -->\n<title>Justi\u00e7a do Rio condena Bolsonaro por preconceito contra comunidades quilombolas - PSOL 50<\/title>\n<meta name=\"robots\" content=\"index, follow, max-snippet:-1, max-image-preview:large, max-video-preview:-1\" \/>\n<link rel=\"canonical\" href=\"https:\/\/psol50.org.br\/justica-do-rio-condena-bolsonaro-por-preconceito-contra-comunidades-quilombolas\/\" \/>\n<meta property=\"og:locale\" content=\"pt_BR\" \/>\n<meta property=\"og:type\" content=\"article\" \/>\n<meta property=\"og:title\" content=\"Justi\u00e7a do Rio condena Bolsonaro por preconceito contra comunidades quilombolas - PSOL 50\" \/>\n<meta property=\"og:description\" content=\"Uma decis\u00e3o proferida nesta segunda-feira (02\/10), pela Justi\u00e7a Federal do Rio de Janeiro, d\u00e1 uma inje\u00e7\u00e3o de \u00e2nimo \u00e0 luta contra as atitudes conservadoras e fascistas do deputado Jair Bolsonaro (PSC-RJ). Por uma declara\u00e7\u00e3o preconceituosa proferida contra comunidades quilombolas, durante evento no Clube Hebraica, em abril deste ano, no Rio, Bolsonaro ter\u00e1 que pagar\u00a0R$ 50 [&hellip;]\" \/>\n<meta property=\"og:url\" content=\"https:\/\/psol50.org.br\/justica-do-rio-condena-bolsonaro-por-preconceito-contra-comunidades-quilombolas\/\" \/>\n<meta property=\"og:site_name\" content=\"PSOL 50\" \/>\n<meta property=\"article:publisher\" content=\"https:\/\/www.facebook.com\/psol50\" \/>\n<meta property=\"article:published_time\" content=\"2017-10-03T16:12:29+00:00\" \/>\n<meta property=\"og:image\" content=\"https:\/\/psol50.org.br\/inc\/uploads\/2018\/07\/capa.png\" \/>\n\t<meta property=\"og:image:width\" content=\"1350\" \/>\n\t<meta property=\"og:image:height\" content=\"900\" \/>\n\t<meta property=\"og:image:type\" content=\"image\/png\" \/>\n<meta name=\"author\" content=\"Comunica\u00e7\u00e3o PSOL\" \/>\n<meta name=\"twitter:card\" content=\"summary_large_image\" \/>\n<meta name=\"twitter:creator\" content=\"@psol50\" \/>\n<meta name=\"twitter:site\" content=\"@psol50\" \/>\n<meta name=\"twitter:label1\" content=\"Escrito por\" \/>\n\t<meta name=\"twitter:data1\" content=\"Comunica\u00e7\u00e3o PSOL\" \/>\n\t<meta name=\"twitter:label2\" content=\"Est. tempo de leitura\" \/>\n\t<meta name=\"twitter:data2\" content=\"1 minuto\" \/>\n<script type=\"application\/ld+json\" class=\"yoast-schema-graph\">{\"@context\":\"https:\/\/schema.org\",\"@graph\":[{\"@type\":\"Article\",\"@id\":\"https:\/\/psol50.org.br\/justica-do-rio-condena-bolsonaro-por-preconceito-contra-comunidades-quilombolas\/#article\",\"isPartOf\":{\"@id\":\"https:\/\/psol50.org.br\/justica-do-rio-condena-bolsonaro-por-preconceito-contra-comunidades-quilombolas\/\"},\"author\":{\"name\":\"Comunica\u00e7\u00e3o PSOL\",\"@id\":\"https:\/\/psol50.org.br\/#\/schema\/person\/475dfa57d0b815993c714c2e96491fcd\"},\"headline\":\"Justi\u00e7a do Rio condena Bolsonaro por preconceito contra comunidades quilombolas\",\"datePublished\":\"2017-10-03T16:12:29+00:00\",\"mainEntityOfPage\":{\"@id\":\"https:\/\/psol50.org.br\/justica-do-rio-condena-bolsonaro-por-preconceito-contra-comunidades-quilombolas\/\"},\"wordCount\":303,\"commentCount\":0,\"publisher\":{\"@id\":\"https:\/\/psol50.org.br\/#organization\"},\"image\":{\"@id\":\"https:\/\/psol50.org.br\/justica-do-rio-condena-bolsonaro-por-preconceito-contra-comunidades-quilombolas\/#primaryimage\"},\"thumbnailUrl\":\"\",\"keywords\":[\"Clube Hebraica\",\"comunidades quilombolas\",\"conenado\",\"Corregedoria da C\u00e2mara dos Deputados\",\"deputado\",\"discurso\",\"Jair Bolsonaro\",\"ju\u00edza Frana Elizabeth Mendes\",\"Justi\u00e7a Federal\",\"Minist\u00e9rio P\u00fablico Federal\",\"preconceito\",\"PSC-RJ\",\"PSOL\",\"Rio de Janeiro\"],\"articleSection\":[\"Brasil\",\"Not\u00edcias\"],\"inLanguage\":\"pt-BR\",\"potentialAction\":[{\"@type\":\"CommentAction\",\"name\":\"Comment\",\"target\":[\"https:\/\/psol50.org.br\/justica-do-rio-condena-bolsonaro-por-preconceito-contra-comunidades-quilombolas\/#respond\"]}]},{\"@type\":\"WebPage\",\"@id\":\"https:\/\/psol50.org.br\/justica-do-rio-condena-bolsonaro-por-preconceito-contra-comunidades-quilombolas\/\",\"url\":\"https:\/\/psol50.org.br\/justica-do-rio-condena-bolsonaro-por-preconceito-contra-comunidades-quilombolas\/\",\"name\":\"Justi\u00e7a do Rio condena Bolsonaro por preconceito contra comunidades quilombolas - PSOL 50\",\"isPartOf\":{\"@id\":\"https:\/\/psol50.org.br\/#website\"},\"primaryImageOfPage\":{\"@id\":\"https:\/\/psol50.org.br\/justica-do-rio-condena-bolsonaro-por-preconceito-contra-comunidades-quilombolas\/#primaryimage\"},\"image\":{\"@id\":\"https:\/\/psol50.org.br\/justica-do-rio-condena-bolsonaro-por-preconceito-contra-comunidades-quilombolas\/#primaryimage\"},\"thumbnailUrl\":\"\",\"datePublished\":\"2017-10-03T16:12:29+00:00\",\"breadcrumb\":{\"@id\":\"https:\/\/psol50.org.br\/justica-do-rio-condena-bolsonaro-por-preconceito-contra-comunidades-quilombolas\/#breadcrumb\"},\"inLanguage\":\"pt-BR\",\"potentialAction\":[{\"@type\":\"ReadAction\",\"target\":[\"https:\/\/psol50.org.br\/justica-do-rio-condena-bolsonaro-por-preconceito-contra-comunidades-quilombolas\/\"]}]},{\"@type\":\"ImageObject\",\"inLanguage\":\"pt-BR\",\"@id\":\"https:\/\/psol50.org.br\/justica-do-rio-condena-bolsonaro-por-preconceito-contra-comunidades-quilombolas\/#primaryimage\",\"url\":\"\",\"contentUrl\":\"\"},{\"@type\":\"BreadcrumbList\",\"@id\":\"https:\/\/psol50.org.br\/justica-do-rio-condena-bolsonaro-por-preconceito-contra-comunidades-quilombolas\/#breadcrumb\",\"itemListElement\":[{\"@type\":\"ListItem\",\"position\":1,\"name\":\"In\u00edcio\",\"item\":\"https:\/\/psol50.org.br\/\"},{\"@type\":\"ListItem\",\"position\":2,\"name\":\"Justi\u00e7a do Rio condena Bolsonaro por preconceito contra comunidades quilombolas\"}]},{\"@type\":\"WebSite\",\"@id\":\"https:\/\/psol50.org.br\/#website\",\"url\":\"https:\/\/psol50.org.br\/\",\"name\":\"PSOL 50\",\"description\":\"Site oficial do Partido Socialismo e Liberdade\",\"publisher\":{\"@id\":\"https:\/\/psol50.org.br\/#organization\"},\"alternateName\":\"PSOL50\",\"potentialAction\":[{\"@type\":\"SearchAction\",\"target\":{\"@type\":\"EntryPoint\",\"urlTemplate\":\"https:\/\/psol50.org.br\/?s={search_term_string}\"},\"query-input\":{\"@type\":\"PropertyValueSpecification\",\"valueRequired\":true,\"valueName\":\"search_term_string\"}}],\"inLanguage\":\"pt-BR\"},{\"@type\":\"Organization\",\"@id\":\"https:\/\/psol50.org.br\/#organization\",\"name\":\"PSOL 50\",\"alternateName\":\"PSOL 50\",\"url\":\"https:\/\/psol50.org.br\/\",\"logo\":{\"@type\":\"ImageObject\",\"inLanguage\":\"pt-BR\",\"@id\":\"https:\/\/psol50.org.br\/#\/schema\/logo\/image\/\",\"url\":\"https:\/\/psol50.org.br\/inc\/uploads\/2018\/07\/capa.png\",\"contentUrl\":\"https:\/\/psol50.org.br\/inc\/uploads\/2018\/07\/capa.png\",\"width\":1350,\"height\":900,\"caption\":\"PSOL 50\"},\"image\":{\"@id\":\"https:\/\/psol50.org.br\/#\/schema\/logo\/image\/\"},\"sameAs\":[\"https:\/\/www.facebook.com\/psol50\",\"https:\/\/x.com\/psol50\",\"https:\/\/www.instagram.com\/psol50\/\",\"https:\/\/www.youtube.com\/channel\/UC7SnJS5o1os7a6CaiNabzcg\"]},{\"@type\":\"Person\",\"@id\":\"https:\/\/psol50.org.br\/#\/schema\/person\/475dfa57d0b815993c714c2e96491fcd\",\"name\":\"Comunica\u00e7\u00e3o PSOL\",\"image\":{\"@type\":\"ImageObject\",\"inLanguage\":\"pt-BR\",\"@id\":\"https:\/\/psol50.org.br\/#\/schema\/person\/image\/\",\"url\":\"https:\/\/secure.gravatar.com\/avatar\/b34fc4f4e468a4e51785917065a3db57b841f5c95dba6ad8c73aaf8f66f8f9bf?s=96&d=mm&r=g\",\"contentUrl\":\"https:\/\/secure.gravatar.com\/avatar\/b34fc4f4e468a4e51785917065a3db57b841f5c95dba6ad8c73aaf8f66f8f9bf?s=96&d=mm&r=g\",\"caption\":\"Comunica\u00e7\u00e3o PSOL\"}}]}<\/script>\n<!-- \/ Yoast SEO plugin. -->","yoast_head_json":{"title":"Justi\u00e7a do Rio condena Bolsonaro por preconceito contra comunidades quilombolas - PSOL 50","robots":{"index":"index","follow":"follow","max-snippet":"max-snippet:-1","max-image-preview":"max-image-preview:large","max-video-preview":"max-video-preview:-1"},"canonical":"https:\/\/psol50.org.br\/justica-do-rio-condena-bolsonaro-por-preconceito-contra-comunidades-quilombolas\/","og_locale":"pt_BR","og_type":"article","og_title":"Justi\u00e7a do Rio condena Bolsonaro por preconceito contra comunidades quilombolas - PSOL 50","og_description":"Uma decis\u00e3o proferida nesta segunda-feira (02\/10), pela Justi\u00e7a Federal do Rio de Janeiro, d\u00e1 uma inje\u00e7\u00e3o de \u00e2nimo \u00e0 luta contra as atitudes conservadoras e fascistas do deputado Jair Bolsonaro (PSC-RJ). Por uma declara\u00e7\u00e3o preconceituosa proferida contra comunidades quilombolas, durante evento no Clube Hebraica, em abril deste ano, no Rio, Bolsonaro ter\u00e1 que pagar\u00a0R$ 50 [&hellip;]","og_url":"https:\/\/psol50.org.br\/justica-do-rio-condena-bolsonaro-por-preconceito-contra-comunidades-quilombolas\/","og_site_name":"PSOL 50","article_publisher":"https:\/\/www.facebook.com\/psol50","article_published_time":"2017-10-03T16:12:29+00:00","og_image":[{"width":1350,"height":900,"url":"https:\/\/psol50.org.br\/inc\/uploads\/2018\/07\/capa.png","type":"image\/png"}],"author":"Comunica\u00e7\u00e3o PSOL","twitter_card":"summary_large_image","twitter_creator":"@psol50","twitter_site":"@psol50","twitter_misc":{"Escrito por":"Comunica\u00e7\u00e3o PSOL","Est. tempo de leitura":"1 minuto"},"schema":{"@context":"https:\/\/schema.org","@graph":[{"@type":"Article","@id":"https:\/\/psol50.org.br\/justica-do-rio-condena-bolsonaro-por-preconceito-contra-comunidades-quilombolas\/#article","isPartOf":{"@id":"https:\/\/psol50.org.br\/justica-do-rio-condena-bolsonaro-por-preconceito-contra-comunidades-quilombolas\/"},"author":{"name":"Comunica\u00e7\u00e3o PSOL","@id":"https:\/\/psol50.org.br\/#\/schema\/person\/475dfa57d0b815993c714c2e96491fcd"},"headline":"Justi\u00e7a do Rio condena Bolsonaro por preconceito contra comunidades quilombolas","datePublished":"2017-10-03T16:12:29+00:00","mainEntityOfPage":{"@id":"https:\/\/psol50.org.br\/justica-do-rio-condena-bolsonaro-por-preconceito-contra-comunidades-quilombolas\/"},"wordCount":303,"commentCount":0,"publisher":{"@id":"https:\/\/psol50.org.br\/#organization"},"image":{"@id":"https:\/\/psol50.org.br\/justica-do-rio-condena-bolsonaro-por-preconceito-contra-comunidades-quilombolas\/#primaryimage"},"thumbnailUrl":"","keywords":["Clube Hebraica","comunidades quilombolas","conenado","Corregedoria da C\u00e2mara dos Deputados","deputado","discurso","Jair Bolsonaro","ju\u00edza Frana Elizabeth Mendes","Justi\u00e7a Federal","Minist\u00e9rio P\u00fablico Federal","preconceito","PSC-RJ","PSOL","Rio de Janeiro"],"articleSection":["Brasil","Not\u00edcias"],"inLanguage":"pt-BR","potentialAction":[{"@type":"CommentAction","name":"Comment","target":["https:\/\/psol50.org.br\/justica-do-rio-condena-bolsonaro-por-preconceito-contra-comunidades-quilombolas\/#respond"]}]},{"@type":"WebPage","@id":"https:\/\/psol50.org.br\/justica-do-rio-condena-bolsonaro-por-preconceito-contra-comunidades-quilombolas\/","url":"https:\/\/psol50.org.br\/justica-do-rio-condena-bolsonaro-por-preconceito-contra-comunidades-quilombolas\/","name":"Justi\u00e7a do Rio condena Bolsonaro por preconceito contra comunidades quilombolas - PSOL 50","isPartOf":{"@id":"https:\/\/psol50.org.br\/#website"},"primaryImageOfPage":{"@id":"https:\/\/psol50.org.br\/justica-do-rio-condena-bolsonaro-por-preconceito-contra-comunidades-quilombolas\/#primaryimage"},"image":{"@id":"https:\/\/psol50.org.br\/justica-do-rio-condena-bolsonaro-por-preconceito-contra-comunidades-quilombolas\/#primaryimage"},"thumbnailUrl":"","datePublished":"2017-10-03T16:12:29+00:00","breadcrumb":{"@id":"https:\/\/psol50.org.br\/justica-do-rio-condena-bolsonaro-por-preconceito-contra-comunidades-quilombolas\/#breadcrumb"},"inLanguage":"pt-BR","potentialAction":[{"@type":"ReadAction","target":["https:\/\/psol50.org.br\/justica-do-rio-condena-bolsonaro-por-preconceito-contra-comunidades-quilombolas\/"]}]},{"@type":"ImageObject","inLanguage":"pt-BR","@id":"https:\/\/psol50.org.br\/justica-do-rio-condena-bolsonaro-por-preconceito-contra-comunidades-quilombolas\/#primaryimage","url":"","contentUrl":""},{"@type":"BreadcrumbList","@id":"https:\/\/psol50.org.br\/justica-do-rio-condena-bolsonaro-por-preconceito-contra-comunidades-quilombolas\/#breadcrumb","itemListElement":[{"@type":"ListItem","position":1,"name":"In\u00edcio","item":"https:\/\/psol50.org.br\/"},{"@type":"ListItem","position":2,"name":"Justi\u00e7a do Rio condena Bolsonaro por preconceito contra comunidades quilombolas"}]},{"@type":"WebSite","@id":"https:\/\/psol50.org.br\/#website","url":"https:\/\/psol50.org.br\/","name":"PSOL 50","description":"Site oficial do Partido Socialismo e Liberdade","publisher":{"@id":"https:\/\/psol50.org.br\/#organization"},"alternateName":"PSOL50","potentialAction":[{"@type":"SearchAction","target":{"@type":"EntryPoint","urlTemplate":"https:\/\/psol50.org.br\/?s={search_term_string}"},"query-input":{"@type":"PropertyValueSpecification","valueRequired":true,"valueName":"search_term_string"}}],"inLanguage":"pt-BR"},{"@type":"Organization","@id":"https:\/\/psol50.org.br\/#organization","name":"PSOL 50","alternateName":"PSOL 50","url":"https:\/\/psol50.org.br\/","logo":{"@type":"ImageObject","inLanguage":"pt-BR","@id":"https:\/\/psol50.org.br\/#\/schema\/logo\/image\/","url":"https:\/\/psol50.org.br\/inc\/uploads\/2018\/07\/capa.png","contentUrl":"https:\/\/psol50.org.br\/inc\/uploads\/2018\/07\/capa.png","width":1350,"height":900,"caption":"PSOL 50"},"image":{"@id":"https:\/\/psol50.org.br\/#\/schema\/logo\/image\/"},"sameAs":["https:\/\/www.facebook.com\/psol50","https:\/\/x.com\/psol50","https:\/\/www.instagram.com\/psol50\/","https:\/\/www.youtube.com\/channel\/UC7SnJS5o1os7a6CaiNabzcg"]},{"@type":"Person","@id":"https:\/\/psol50.org.br\/#\/schema\/person\/475dfa57d0b815993c714c2e96491fcd","name":"Comunica\u00e7\u00e3o PSOL","image":{"@type":"ImageObject","inLanguage":"pt-BR","@id":"https:\/\/psol50.org.br\/#\/schema\/person\/image\/","url":"https:\/\/secure.gravatar.com\/avatar\/b34fc4f4e468a4e51785917065a3db57b841f5c95dba6ad8c73aaf8f66f8f9bf?s=96&d=mm&r=g","contentUrl":"https:\/\/secure.gravatar.com\/avatar\/b34fc4f4e468a4e51785917065a3db57b841f5c95dba6ad8c73aaf8f66f8f9bf?s=96&d=mm&r=g","caption":"Comunica\u00e7\u00e3o PSOL"}}]}},"_links":{"self":[{"href":"https:\/\/psol50.org.br\/rest\/wp\/v2\/posts\/18375","targetHints":{"allow":["GET"]}}],"collection":[{"href":"https:\/\/psol50.org.br\/rest\/wp\/v2\/posts"}],"about":[{"href":"https:\/\/psol50.org.br\/rest\/wp\/v2\/types\/post"}],"author":[{"embeddable":true,"href":"https:\/\/psol50.org.br\/rest\/wp\/v2\/users\/2"}],"replies":[{"embeddable":true,"href":"https:\/\/psol50.org.br\/rest\/wp\/v2\/comments?post=18375"}],"version-history":[{"count":0,"href":"https:\/\/psol50.org.br\/rest\/wp\/v2\/posts\/18375\/revisions"}],"wp:featuredmedia":[{"embeddable":true,"href":"https:\/\/psol50.org.br\/rest\/"}],"wp:attachment":[{"href":"https:\/\/psol50.org.br\/rest\/wp\/v2\/media?parent=18375"}],"wp:term":[{"taxonomy":"category","embeddable":true,"href":"https:\/\/psol50.org.br\/rest\/wp\/v2\/categories?post=18375"},{"taxonomy":"post_tag","embeddable":true,"href":"https:\/\/psol50.org.br\/rest\/wp\/v2\/tags?post=18375"}],"curies":[{"name":"wp","href":"https:\/\/api.w.org\/{rel}","templated":true}]}}