{"id":18396,"date":"2017-10-05T12:30:39","date_gmt":"2017-10-05T15:30:39","guid":{"rendered":"http:\/\/www.psol50.org.br\/?p=18396"},"modified":"2017-10-05T12:30:39","modified_gmt":"2017-10-05T15:30:39","slug":"base-do-governo-aprova-na-ccj-do-senado-projeto-que-ameaca-estabilidade-do-servidor-publico","status":"publish","type":"post","link":"https:\/\/psol50.org.br\/base-do-governo-aprova-na-ccj-do-senado-projeto-que-ameaca-estabilidade-do-servidor-publico\/","title":{"rendered":"Base do governo aprova, na CCJ do Senado, projeto que amea\u00e7a estabilidade do servidor p\u00fablico"},"content":{"rendered":"<p>O desmonte do servi\u00e7o p\u00fablico, levado adiante pelo governo de Michel Temer e sua base de apoio no Congresso Nacional, avan\u00e7ou mais uma passo nesta quarta-feira (04\/10). Isso porque a Comiss\u00e3o de Constitui\u00e7\u00e3o, Justi\u00e7a e Cidadania (CCJ) do Senado Federal aprovou, na manh\u00e3 de ontem, o PLS\u00a0<a href=\"http:\/\/www25.senado.leg.br\/web\/atividade\/materias\/-\/materia\/128876\" target=\"_blank\" rel=\"noopener\"><span style=\"color: #0000ff;\"><strong>116\/2017<\/strong><\/span><\/a>, de autoria da senadora Maria do Carmo Alves (DEM-RN).<\/p>\n<p>O relat\u00f3rio, do senador Lasier Martins (PSD-RS), tamb\u00e9m da base do governo ileg\u00edtimo, indicava a aprova\u00e7\u00e3o da proposta, que\u00a0disp\u00f5e \u201csobre a perda do cargo p\u00fablico por insufici\u00eancia de desempenho do servidor p\u00fablico est\u00e1vel\u201d. Com a sua aprova\u00e7\u00e3o na CCJ, o projeto agora ser\u00e1 enviado para a Comiss\u00e3o de Assuntos Sociais (CAS).<\/p>\n<p>As organiza\u00e7\u00f5es sindicais dos servidores p\u00fablicos v\u00eam trabalhando, desde que a mat\u00e9ria entrou em pauta, para impedir sua aprova\u00e7\u00e3o, entendendo que seu conte\u00fado representa um grande retrocesso para o servi\u00e7o p\u00fablico e, como consequ\u00eancia, para os servidores, que trabalhar\u00e3o sob a amea\u00e7a de demiss\u00e3o e ser\u00e3o alvos mais frequentes de ass\u00e9dio moral das chefias.<\/p>\n<p>Na avalia\u00e7\u00e3o das entidades sindicais, o projeto aprovado na CCJ do Senado \u00e9 parte do esfor\u00e7o do governo em desmantelar o servi\u00e7o p\u00fablico, iniciado com a Emenda Constitucional 95\/16 (antiga PEC 241, do \u201cteto dos gastos\u201d), passando pela reforma da Previd\u00eancia (PEC 287\/2016), em tramita\u00e7\u00e3o na C\u00e2mara dos Deputados.<\/p>\n<p>Sob a falsa premissa de se tratar da avalia\u00e7\u00e3o peri\u00f3dica dos servidores p\u00fablicos da Uni\u00e3o, Estados e Munic\u00edpios, o PLS 116 \u00e9 a porta\u00a0de entrada para a terceiriza\u00e7\u00e3o desenfreada no servi\u00e7o p\u00fablico, cujas vagas ser\u00e3o preenchidas por trabalhadores em situa\u00e7\u00e3o vulner\u00e1vel.<\/p>\n<p>Embora o PL tenha avan\u00e7ado com a aprova\u00e7\u00e3o na Comiss\u00e3o de Constitui\u00e7\u00e3o e Justi\u00e7a, os servidores p\u00fablicos entendem que a luta para derrotar, de vez, essa proposta ainda n\u00e3o acabou e deve ser intensificada nas pr\u00f3ximas semanas.<\/p>\n","protected":false},"excerpt":{"rendered":"<p>O desmonte do servi\u00e7o p\u00fablico, levado adiante pelo governo de Michel Temer e sua base de apoio no Congresso Nacional, avan\u00e7ou mais uma passo nesta quarta-feira (04\/10). Isso porque a Comiss\u00e3o de Constitui\u00e7\u00e3o, Justi\u00e7a e Cidadania (CCJ) do Senado Federal aprovou, na manh\u00e3 de ontem, o PLS\u00a0116\/2017, de autoria da senadora Maria do Carmo Alves [&hellip;]<\/p>\n","protected":false},"author":2,"featured_media":18397,"comment_status":"open","ping_status":"open","sticky":false,"template":"","format":"standard","meta":{"_acf_changed":false,"footnotes":""},"categories":[1882,1104,6],"tags":[3634,1375,2203,3635,3636,3637,1748,3638,39,2431,2440,3639,350],"class_list":{"0":"post-18396","1":"post","2":"type-post","3":"status-publish","4":"format-standard","5":"has-post-thumbnail","7":"category-brasil","8":"category-movimento","9":"category-noticias","10":"tag-base-do-governo","11":"tag-ccj","12":"tag-desmonte","13":"tag-estabilidade","14":"tag-lasier-martins","15":"tag-maria-do-carmo-alves","16":"tag-michel-temer","17":"tag-pls-1162017","18":"tag-reforma-da-previdencia","19":"tag-senado-federal","20":"tag-servico-publico","21":"tag-servidor-publico","22":"tag-teto-de-gastos"},"acf":[],"yoast_head":"<!-- This site is optimized with the Yoast SEO plugin v26.5 - https:\/\/yoast.com\/wordpress\/plugins\/seo\/ -->\n<title>Base do governo aprova, na CCJ do Senado, projeto que amea\u00e7a estabilidade do servidor p\u00fablico - PSOL 50<\/title>\n<meta name=\"robots\" content=\"index, follow, max-snippet:-1, max-image-preview:large, max-video-preview:-1\" \/>\n<link rel=\"canonical\" href=\"https:\/\/psol50.org.br\/base-do-governo-aprova-na-ccj-do-senado-projeto-que-ameaca-estabilidade-do-servidor-publico\/\" \/>\n<meta property=\"og:locale\" content=\"pt_BR\" \/>\n<meta property=\"og:type\" content=\"article\" \/>\n<meta property=\"og:title\" content=\"Base do governo aprova, na CCJ do Senado, projeto que amea\u00e7a estabilidade do servidor p\u00fablico - PSOL 50\" \/>\n<meta property=\"og:description\" content=\"O desmonte do servi\u00e7o p\u00fablico, levado adiante pelo governo de Michel Temer e sua base de apoio no Congresso Nacional, avan\u00e7ou mais uma passo nesta quarta-feira (04\/10). Isso porque a Comiss\u00e3o de Constitui\u00e7\u00e3o, Justi\u00e7a e Cidadania (CCJ) do Senado Federal aprovou, na manh\u00e3 de ontem, o PLS\u00a0116\/2017, de autoria da senadora Maria do Carmo Alves [&hellip;]\" \/>\n<meta property=\"og:url\" content=\"https:\/\/psol50.org.br\/base-do-governo-aprova-na-ccj-do-senado-projeto-que-ameaca-estabilidade-do-servidor-publico\/\" \/>\n<meta property=\"og:site_name\" content=\"PSOL 50\" \/>\n<meta property=\"article:publisher\" content=\"https:\/\/www.facebook.com\/psol50\" \/>\n<meta property=\"article:published_time\" content=\"2017-10-05T15:30:39+00:00\" \/>\n<meta property=\"og:image\" content=\"https:\/\/psol50.org.br\/inc\/uploads\/2018\/07\/capa.png\" \/>\n\t<meta property=\"og:image:width\" content=\"1350\" \/>\n\t<meta property=\"og:image:height\" content=\"900\" \/>\n\t<meta property=\"og:image:type\" content=\"image\/png\" \/>\n<meta name=\"author\" content=\"Comunica\u00e7\u00e3o PSOL\" \/>\n<meta name=\"twitter:card\" content=\"summary_large_image\" \/>\n<meta name=\"twitter:creator\" content=\"@psol50\" \/>\n<meta name=\"twitter:site\" content=\"@psol50\" \/>\n<meta name=\"twitter:label1\" content=\"Escrito por\" \/>\n\t<meta name=\"twitter:data1\" content=\"Comunica\u00e7\u00e3o PSOL\" \/>\n\t<meta name=\"twitter:label2\" content=\"Est. tempo de leitura\" \/>\n\t<meta name=\"twitter:data2\" content=\"2 minutos\" \/>\n<script type=\"application\/ld+json\" class=\"yoast-schema-graph\">{\"@context\":\"https:\/\/schema.org\",\"@graph\":[{\"@type\":\"Article\",\"@id\":\"https:\/\/psol50.org.br\/base-do-governo-aprova-na-ccj-do-senado-projeto-que-ameaca-estabilidade-do-servidor-publico\/#article\",\"isPartOf\":{\"@id\":\"https:\/\/psol50.org.br\/base-do-governo-aprova-na-ccj-do-senado-projeto-que-ameaca-estabilidade-do-servidor-publico\/\"},\"author\":{\"name\":\"Comunica\u00e7\u00e3o PSOL\",\"@id\":\"https:\/\/psol50.org.br\/#\/schema\/person\/475dfa57d0b815993c714c2e96491fcd\"},\"headline\":\"Base do governo aprova, na CCJ do Senado, projeto que amea\u00e7a estabilidade do servidor p\u00fablico\",\"datePublished\":\"2017-10-05T15:30:39+00:00\",\"mainEntityOfPage\":{\"@id\":\"https:\/\/psol50.org.br\/base-do-governo-aprova-na-ccj-do-senado-projeto-que-ameaca-estabilidade-do-servidor-publico\/\"},\"wordCount\":357,\"commentCount\":0,\"publisher\":{\"@id\":\"https:\/\/psol50.org.br\/#organization\"},\"image\":{\"@id\":\"https:\/\/psol50.org.br\/base-do-governo-aprova-na-ccj-do-senado-projeto-que-ameaca-estabilidade-do-servidor-publico\/#primaryimage\"},\"thumbnailUrl\":\"\",\"keywords\":[\"base do governo\",\"CCJ\",\"desmonte\",\"estabilidade\",\"Lasier Martins\",\"Maria do Carmo Alves\",\"Michel Temer\",\"PLS 116\/2017\",\"reforma da previd\u00eancia\",\"Senado Federal\",\"servi\u00e7o p\u00fablico\",\"servidor p\u00fablico\",\"Teto de gastos\"],\"articleSection\":[\"Brasil\",\"Movimento\",\"Not\u00edcias\"],\"inLanguage\":\"pt-BR\",\"potentialAction\":[{\"@type\":\"CommentAction\",\"name\":\"Comment\",\"target\":[\"https:\/\/psol50.org.br\/base-do-governo-aprova-na-ccj-do-senado-projeto-que-ameaca-estabilidade-do-servidor-publico\/#respond\"]}]},{\"@type\":\"WebPage\",\"@id\":\"https:\/\/psol50.org.br\/base-do-governo-aprova-na-ccj-do-senado-projeto-que-ameaca-estabilidade-do-servidor-publico\/\",\"url\":\"https:\/\/psol50.org.br\/base-do-governo-aprova-na-ccj-do-senado-projeto-que-ameaca-estabilidade-do-servidor-publico\/\",\"name\":\"Base do governo aprova, na CCJ do Senado, projeto que amea\u00e7a estabilidade do servidor p\u00fablico - PSOL 50\",\"isPartOf\":{\"@id\":\"https:\/\/psol50.org.br\/#website\"},\"primaryImageOfPage\":{\"@id\":\"https:\/\/psol50.org.br\/base-do-governo-aprova-na-ccj-do-senado-projeto-que-ameaca-estabilidade-do-servidor-publico\/#primaryimage\"},\"image\":{\"@id\":\"https:\/\/psol50.org.br\/base-do-governo-aprova-na-ccj-do-senado-projeto-que-ameaca-estabilidade-do-servidor-publico\/#primaryimage\"},\"thumbnailUrl\":\"\",\"datePublished\":\"2017-10-05T15:30:39+00:00\",\"breadcrumb\":{\"@id\":\"https:\/\/psol50.org.br\/base-do-governo-aprova-na-ccj-do-senado-projeto-que-ameaca-estabilidade-do-servidor-publico\/#breadcrumb\"},\"inLanguage\":\"pt-BR\",\"potentialAction\":[{\"@type\":\"ReadAction\",\"target\":[\"https:\/\/psol50.org.br\/base-do-governo-aprova-na-ccj-do-senado-projeto-que-ameaca-estabilidade-do-servidor-publico\/\"]}]},{\"@type\":\"ImageObject\",\"inLanguage\":\"pt-BR\",\"@id\":\"https:\/\/psol50.org.br\/base-do-governo-aprova-na-ccj-do-senado-projeto-que-ameaca-estabilidade-do-servidor-publico\/#primaryimage\",\"url\":\"\",\"contentUrl\":\"\"},{\"@type\":\"BreadcrumbList\",\"@id\":\"https:\/\/psol50.org.br\/base-do-governo-aprova-na-ccj-do-senado-projeto-que-ameaca-estabilidade-do-servidor-publico\/#breadcrumb\",\"itemListElement\":[{\"@type\":\"ListItem\",\"position\":1,\"name\":\"In\u00edcio\",\"item\":\"https:\/\/psol50.org.br\/\"},{\"@type\":\"ListItem\",\"position\":2,\"name\":\"Base do governo aprova, na CCJ do Senado, projeto que amea\u00e7a estabilidade do servidor p\u00fablico\"}]},{\"@type\":\"WebSite\",\"@id\":\"https:\/\/psol50.org.br\/#website\",\"url\":\"https:\/\/psol50.org.br\/\",\"name\":\"PSOL 50\",\"description\":\"Site oficial do Partido Socialismo e Liberdade\",\"publisher\":{\"@id\":\"https:\/\/psol50.org.br\/#organization\"},\"alternateName\":\"PSOL50\",\"potentialAction\":[{\"@type\":\"SearchAction\",\"target\":{\"@type\":\"EntryPoint\",\"urlTemplate\":\"https:\/\/psol50.org.br\/?s={search_term_string}\"},\"query-input\":{\"@type\":\"PropertyValueSpecification\",\"valueRequired\":true,\"valueName\":\"search_term_string\"}}],\"inLanguage\":\"pt-BR\"},{\"@type\":\"Organization\",\"@id\":\"https:\/\/psol50.org.br\/#organization\",\"name\":\"PSOL 50\",\"alternateName\":\"PSOL 50\",\"url\":\"https:\/\/psol50.org.br\/\",\"logo\":{\"@type\":\"ImageObject\",\"inLanguage\":\"pt-BR\",\"@id\":\"https:\/\/psol50.org.br\/#\/schema\/logo\/image\/\",\"url\":\"https:\/\/psol50.org.br\/inc\/uploads\/2018\/07\/capa.png\",\"contentUrl\":\"https:\/\/psol50.org.br\/inc\/uploads\/2018\/07\/capa.png\",\"width\":1350,\"height\":900,\"caption\":\"PSOL 50\"},\"image\":{\"@id\":\"https:\/\/psol50.org.br\/#\/schema\/logo\/image\/\"},\"sameAs\":[\"https:\/\/www.facebook.com\/psol50\",\"https:\/\/x.com\/psol50\",\"https:\/\/www.instagram.com\/psol50\/\",\"https:\/\/www.youtube.com\/channel\/UC7SnJS5o1os7a6CaiNabzcg\"]},{\"@type\":\"Person\",\"@id\":\"https:\/\/psol50.org.br\/#\/schema\/person\/475dfa57d0b815993c714c2e96491fcd\",\"name\":\"Comunica\u00e7\u00e3o PSOL\",\"image\":{\"@type\":\"ImageObject\",\"inLanguage\":\"pt-BR\",\"@id\":\"https:\/\/psol50.org.br\/#\/schema\/person\/image\/\",\"url\":\"https:\/\/secure.gravatar.com\/avatar\/b34fc4f4e468a4e51785917065a3db57b841f5c95dba6ad8c73aaf8f66f8f9bf?s=96&d=mm&r=g\",\"contentUrl\":\"https:\/\/secure.gravatar.com\/avatar\/b34fc4f4e468a4e51785917065a3db57b841f5c95dba6ad8c73aaf8f66f8f9bf?s=96&d=mm&r=g\",\"caption\":\"Comunica\u00e7\u00e3o PSOL\"}}]}<\/script>\n<!-- \/ Yoast SEO plugin. -->","yoast_head_json":{"title":"Base do governo aprova, na CCJ do Senado, projeto que amea\u00e7a estabilidade do servidor p\u00fablico - PSOL 50","robots":{"index":"index","follow":"follow","max-snippet":"max-snippet:-1","max-image-preview":"max-image-preview:large","max-video-preview":"max-video-preview:-1"},"canonical":"https:\/\/psol50.org.br\/base-do-governo-aprova-na-ccj-do-senado-projeto-que-ameaca-estabilidade-do-servidor-publico\/","og_locale":"pt_BR","og_type":"article","og_title":"Base do governo aprova, na CCJ do Senado, projeto que amea\u00e7a estabilidade do servidor p\u00fablico - PSOL 50","og_description":"O desmonte do servi\u00e7o p\u00fablico, levado adiante pelo governo de Michel Temer e sua base de apoio no Congresso Nacional, avan\u00e7ou mais uma passo nesta quarta-feira (04\/10). Isso porque a Comiss\u00e3o de Constitui\u00e7\u00e3o, Justi\u00e7a e Cidadania (CCJ) do Senado Federal aprovou, na manh\u00e3 de ontem, o PLS\u00a0116\/2017, de autoria da senadora Maria do Carmo Alves [&hellip;]","og_url":"https:\/\/psol50.org.br\/base-do-governo-aprova-na-ccj-do-senado-projeto-que-ameaca-estabilidade-do-servidor-publico\/","og_site_name":"PSOL 50","article_publisher":"https:\/\/www.facebook.com\/psol50","article_published_time":"2017-10-05T15:30:39+00:00","og_image":[{"width":1350,"height":900,"url":"https:\/\/psol50.org.br\/inc\/uploads\/2018\/07\/capa.png","type":"image\/png"}],"author":"Comunica\u00e7\u00e3o PSOL","twitter_card":"summary_large_image","twitter_creator":"@psol50","twitter_site":"@psol50","twitter_misc":{"Escrito por":"Comunica\u00e7\u00e3o PSOL","Est. tempo de leitura":"2 minutos"},"schema":{"@context":"https:\/\/schema.org","@graph":[{"@type":"Article","@id":"https:\/\/psol50.org.br\/base-do-governo-aprova-na-ccj-do-senado-projeto-que-ameaca-estabilidade-do-servidor-publico\/#article","isPartOf":{"@id":"https:\/\/psol50.org.br\/base-do-governo-aprova-na-ccj-do-senado-projeto-que-ameaca-estabilidade-do-servidor-publico\/"},"author":{"name":"Comunica\u00e7\u00e3o PSOL","@id":"https:\/\/psol50.org.br\/#\/schema\/person\/475dfa57d0b815993c714c2e96491fcd"},"headline":"Base do governo aprova, na CCJ do Senado, projeto que amea\u00e7a estabilidade do servidor p\u00fablico","datePublished":"2017-10-05T15:30:39+00:00","mainEntityOfPage":{"@id":"https:\/\/psol50.org.br\/base-do-governo-aprova-na-ccj-do-senado-projeto-que-ameaca-estabilidade-do-servidor-publico\/"},"wordCount":357,"commentCount":0,"publisher":{"@id":"https:\/\/psol50.org.br\/#organization"},"image":{"@id":"https:\/\/psol50.org.br\/base-do-governo-aprova-na-ccj-do-senado-projeto-que-ameaca-estabilidade-do-servidor-publico\/#primaryimage"},"thumbnailUrl":"","keywords":["base do governo","CCJ","desmonte","estabilidade","Lasier Martins","Maria do Carmo Alves","Michel Temer","PLS 116\/2017","reforma da previd\u00eancia","Senado Federal","servi\u00e7o p\u00fablico","servidor p\u00fablico","Teto de gastos"],"articleSection":["Brasil","Movimento","Not\u00edcias"],"inLanguage":"pt-BR","potentialAction":[{"@type":"CommentAction","name":"Comment","target":["https:\/\/psol50.org.br\/base-do-governo-aprova-na-ccj-do-senado-projeto-que-ameaca-estabilidade-do-servidor-publico\/#respond"]}]},{"@type":"WebPage","@id":"https:\/\/psol50.org.br\/base-do-governo-aprova-na-ccj-do-senado-projeto-que-ameaca-estabilidade-do-servidor-publico\/","url":"https:\/\/psol50.org.br\/base-do-governo-aprova-na-ccj-do-senado-projeto-que-ameaca-estabilidade-do-servidor-publico\/","name":"Base do governo aprova, na CCJ do Senado, projeto que amea\u00e7a estabilidade do servidor p\u00fablico - PSOL 50","isPartOf":{"@id":"https:\/\/psol50.org.br\/#website"},"primaryImageOfPage":{"@id":"https:\/\/psol50.org.br\/base-do-governo-aprova-na-ccj-do-senado-projeto-que-ameaca-estabilidade-do-servidor-publico\/#primaryimage"},"image":{"@id":"https:\/\/psol50.org.br\/base-do-governo-aprova-na-ccj-do-senado-projeto-que-ameaca-estabilidade-do-servidor-publico\/#primaryimage"},"thumbnailUrl":"","datePublished":"2017-10-05T15:30:39+00:00","breadcrumb":{"@id":"https:\/\/psol50.org.br\/base-do-governo-aprova-na-ccj-do-senado-projeto-que-ameaca-estabilidade-do-servidor-publico\/#breadcrumb"},"inLanguage":"pt-BR","potentialAction":[{"@type":"ReadAction","target":["https:\/\/psol50.org.br\/base-do-governo-aprova-na-ccj-do-senado-projeto-que-ameaca-estabilidade-do-servidor-publico\/"]}]},{"@type":"ImageObject","inLanguage":"pt-BR","@id":"https:\/\/psol50.org.br\/base-do-governo-aprova-na-ccj-do-senado-projeto-que-ameaca-estabilidade-do-servidor-publico\/#primaryimage","url":"","contentUrl":""},{"@type":"BreadcrumbList","@id":"https:\/\/psol50.org.br\/base-do-governo-aprova-na-ccj-do-senado-projeto-que-ameaca-estabilidade-do-servidor-publico\/#breadcrumb","itemListElement":[{"@type":"ListItem","position":1,"name":"In\u00edcio","item":"https:\/\/psol50.org.br\/"},{"@type":"ListItem","position":2,"name":"Base do governo aprova, na CCJ do Senado, projeto que amea\u00e7a estabilidade do servidor p\u00fablico"}]},{"@type":"WebSite","@id":"https:\/\/psol50.org.br\/#website","url":"https:\/\/psol50.org.br\/","name":"PSOL 50","description":"Site oficial do Partido Socialismo e Liberdade","publisher":{"@id":"https:\/\/psol50.org.br\/#organization"},"alternateName":"PSOL50","potentialAction":[{"@type":"SearchAction","target":{"@type":"EntryPoint","urlTemplate":"https:\/\/psol50.org.br\/?s={search_term_string}"},"query-input":{"@type":"PropertyValueSpecification","valueRequired":true,"valueName":"search_term_string"}}],"inLanguage":"pt-BR"},{"@type":"Organization","@id":"https:\/\/psol50.org.br\/#organization","name":"PSOL 50","alternateName":"PSOL 50","url":"https:\/\/psol50.org.br\/","logo":{"@type":"ImageObject","inLanguage":"pt-BR","@id":"https:\/\/psol50.org.br\/#\/schema\/logo\/image\/","url":"https:\/\/psol50.org.br\/inc\/uploads\/2018\/07\/capa.png","contentUrl":"https:\/\/psol50.org.br\/inc\/uploads\/2018\/07\/capa.png","width":1350,"height":900,"caption":"PSOL 50"},"image":{"@id":"https:\/\/psol50.org.br\/#\/schema\/logo\/image\/"},"sameAs":["https:\/\/www.facebook.com\/psol50","https:\/\/x.com\/psol50","https:\/\/www.instagram.com\/psol50\/","https:\/\/www.youtube.com\/channel\/UC7SnJS5o1os7a6CaiNabzcg"]},{"@type":"Person","@id":"https:\/\/psol50.org.br\/#\/schema\/person\/475dfa57d0b815993c714c2e96491fcd","name":"Comunica\u00e7\u00e3o PSOL","image":{"@type":"ImageObject","inLanguage":"pt-BR","@id":"https:\/\/psol50.org.br\/#\/schema\/person\/image\/","url":"https:\/\/secure.gravatar.com\/avatar\/b34fc4f4e468a4e51785917065a3db57b841f5c95dba6ad8c73aaf8f66f8f9bf?s=96&d=mm&r=g","contentUrl":"https:\/\/secure.gravatar.com\/avatar\/b34fc4f4e468a4e51785917065a3db57b841f5c95dba6ad8c73aaf8f66f8f9bf?s=96&d=mm&r=g","caption":"Comunica\u00e7\u00e3o PSOL"}}]}},"_links":{"self":[{"href":"https:\/\/psol50.org.br\/rest\/wp\/v2\/posts\/18396","targetHints":{"allow":["GET"]}}],"collection":[{"href":"https:\/\/psol50.org.br\/rest\/wp\/v2\/posts"}],"about":[{"href":"https:\/\/psol50.org.br\/rest\/wp\/v2\/types\/post"}],"author":[{"embeddable":true,"href":"https:\/\/psol50.org.br\/rest\/wp\/v2\/users\/2"}],"replies":[{"embeddable":true,"href":"https:\/\/psol50.org.br\/rest\/wp\/v2\/comments?post=18396"}],"version-history":[{"count":0,"href":"https:\/\/psol50.org.br\/rest\/wp\/v2\/posts\/18396\/revisions"}],"wp:featuredmedia":[{"embeddable":true,"href":"https:\/\/psol50.org.br\/rest\/"}],"wp:attachment":[{"href":"https:\/\/psol50.org.br\/rest\/wp\/v2\/media?parent=18396"}],"wp:term":[{"taxonomy":"category","embeddable":true,"href":"https:\/\/psol50.org.br\/rest\/wp\/v2\/categories?post=18396"},{"taxonomy":"post_tag","embeddable":true,"href":"https:\/\/psol50.org.br\/rest\/wp\/v2\/tags?post=18396"}],"curies":[{"name":"wp","href":"https:\/\/api.w.org\/{rel}","templated":true}]}}