{"id":18435,"date":"2017-10-11T11:05:05","date_gmt":"2017-10-11T14:05:05","guid":{"rendered":"http:\/\/www.psol50.org.br\/?p=18435"},"modified":"2017-10-11T11:05:05","modified_gmt":"2017-10-11T14:05:05","slug":"eu-sabia-do-seu-relatorio-como-sei-da-alvorada-de-amanha-disse-ivan-valente-sobre-parecer-para-salvar-temer","status":"publish","type":"post","link":"https:\/\/psol50.org.br\/eu-sabia-do-seu-relatorio-como-sei-da-alvorada-de-amanha-disse-ivan-valente-sobre-parecer-para-salvar-temer\/","title":{"rendered":"&#8220;Eu sabia do seu relat\u00f3rio, como sei da alvorada de amanh\u00e3&#8221;, disse Ivan Valente, sobre parecer para salvar Temer"},"content":{"rendered":"<p>Deputados do PSOL na C\u00e2mara denunciaram o verdadeiro significado do <a href=\"http:\/\/www.psol50.org.br\/relator-de-denuncia-na-ccj-da-camara-blinda-temer-e-apresenta-parecer-contrario-a-investigacao\/\" target=\"_blank\" rel=\"noopener\"><strong><span style=\"color: #0000ff;\">parecer que tenta salvar Michel Temer das investiga\u00e7\u00f5es pelo Supremo Tribunal Federal (STF)<\/span><\/strong><\/a>, apresentado na tarde desta ter\u00e7a-feira (10\/10) na Comiss\u00e3o de Constitui\u00e7\u00e3o, Justi\u00e7a e Cidadania (CCJ) da C\u00e2mara dos Deputados, pelo tucano Bonif\u00e1cio Andrada (MG). O voto, lido pelo relator, indica que a den\u00fancia contra o presidente ileg\u00edtimo,<a href=\"http:\/\/www.psol50.org.br\/apos-derrota-de-temer-no-stf-segunda-denuncia-chega-a-camara-dos-deputados\/\" target=\"_blank\" rel=\"noopener\"><strong><span style=\"color: #0000ff;\"> apresentada pelo ex-procurador geral da Rep\u00fablica, Rodrigo Janot<\/span><\/strong><\/a>, n\u00e3o seja levada adiante pelo STF. Temer \u00e9 acusado de participa\u00e7\u00e3o em organiza\u00e7\u00e3o criminosa e obstru\u00e7\u00e3o de justi\u00e7a.<\/p>\n<p>O deputado Ivan Valente (SP), durante a reuni\u00e3o da CCJ, disse que o parecer de Andrada \u00e9 lament\u00e1vel e que o seu conte\u00fado foi elaborado em acordo com os advogados de Temer. &#8220;Precisamos lembrar que a C\u00e2mara j\u00e1 quis salvar Eduardo Cunha, mas mesmo assim este acabou na pris\u00e3o. Esperamos que a justi\u00e7a prevale\u00e7a&#8221;, afirmou.<\/p>\n<p>Valente denunciou, durante a sua interven\u00e7\u00e3o, as inten\u00e7\u00f5es do parecer de livrar, al\u00e9m de Michel Temer, os denunciados que s\u00e3o parte da c\u00fapula do governo, como os ministros Moreira Franco (Secretaria-Geral) e Eliseu Padilha (Casa Civil).<\/p>\n<p>Dialogando diretamente com o relator tucano, o deputado do PSOL disse que o parecer j\u00e1 era previs\u00edvel. &#8220;Confesso que eu sabia do seu relat\u00f3rio, assim como a alvorada vai chegar amanh\u00e3. Seu relat\u00f3rio j\u00e1 era conhecido. Confesso que me decepcionei. Achei que Vossa Excel\u00eancia, a essa altura dos acontecimentos, poderia dar um voto a favor da justi\u00e7a&#8221;. Confira, abaixo, a \u00edntegra da interven\u00e7\u00e3o.<\/p>\n<p>https:\/\/www.facebook.com\/IvanValentePSOL\/videos\/1719976088047266\/<\/p>\n<p>J\u00e1 o deputado Chico Alencar (RJ), representante titular do PSOL na CCJ, comentou o conte\u00fado do voto, dizendo que o relator e os advogados de Temer est\u00e3o &#8220;entrosad\u00edssimos&#8221;. Segundo ele, a inten\u00e7\u00e3o \u00e9 impedir que haja investiga\u00e7\u00e3o ampla sobre qualquer crime cometido pela c\u00fapula do governo, sob o argumento de que a atividade pol\u00edtica se tornou criminosa. &#8220;Repelem qualquer investiga\u00e7\u00e3o de poss\u00edveis crimes cometidos por partidos e pol\u00edticos. Apostam no sentido de autoprote\u00e7\u00e3o desse Parlamento com tantos investigados, ao afirmar que a atividade pol\u00edtico-partid\u00e1ria foi transformada em criminosa. Querem a redu\u00e7\u00e3o da capacidade de investiga\u00e7\u00e3o da PF sobre o Presidente da Rep\u00fablic<span class=\"text_exposed_show\">a, al\u00e9m de atacar ju\u00edzes e promotores&#8221;.<\/span><\/p>\n<div class=\"text_exposed_show\">\n<p>Com ironia, Alencar avalia que no relat\u00f3rio Bonif\u00e1cio Andrada &#8220;s\u00f3 faltou dizer que n\u00e3o h\u00e1 corrup\u00e7\u00e3o pol\u00edtica no Brasil&#8221;.<\/p>\n<p><strong>Calend\u00e1rio de vota\u00e7\u00e3o<\/strong><br \/>\nAo final da leitura do parecer, foi apresentado\u00a0<span class=\"termoGlossario\">pedido de vista<\/span>\u00a0\u2013 com prazo de duas sess\u00f5es do Plen\u00e1rio. Por isso, o debate em torno do parecer na CCJ s\u00f3 deve come\u00e7ar na pr\u00f3xima ter\u00e7a-feira (17) e a vota\u00e7\u00e3o deve ocorrer at\u00e9 quinta-feira (19).<\/p>\n<p>Independentemente do resultado na CCJ, a autoriza\u00e7\u00e3o ou n\u00e3o de processo contra o presidente da Rep\u00fablica ser\u00e1 votada no plen\u00e1rio da C\u00e2mara, possivelmente no dia 24, segundo informa\u00e7\u00f5es da Ag\u00eancia C\u00e2mara.<\/p>\n<p>O PSOL ressalta que a\u00a0press\u00e3o agora \u00e9 sobre os membros da CCJ. Os deputados do partido atuar\u00e3o para que o relat\u00f3rio de Andrada seja derrotado na Comiss\u00e3o e que um parecer favor\u00e1vel \u00e0 investiga\u00e7\u00e3o pelo STF v\u00e1 \u00e0 aprecia\u00e7\u00e3o do plen\u00e1rio.<\/p>\n<\/div>\n","protected":false},"excerpt":{"rendered":"<p>Deputados do PSOL na C\u00e2mara denunciaram o verdadeiro significado do parecer que tenta salvar Michel Temer das investiga\u00e7\u00f5es pelo Supremo Tribunal Federal (STF), apresentado na tarde desta ter\u00e7a-feira (10\/10) na Comiss\u00e3o de Constitui\u00e7\u00e3o, Justi\u00e7a e Cidadania (CCJ) da C\u00e2mara dos Deputados, pelo tucano Bonif\u00e1cio Andrada (MG). O voto, lido pelo relator, indica que a den\u00fancia [&hellip;]<\/p>\n","protected":false},"author":2,"featured_media":18436,"comment_status":"open","ping_status":"open","sticky":false,"template":"","format":"standard","meta":{"_acf_changed":false,"footnotes":""},"categories":[10,1882,6],"tags":[3643,709,1375,1680,79,61,552,1748,1590,22,3093,45],"class_list":{"0":"post-18435","1":"post","2":"type-post","3":"status-publish","4":"format-standard","5":"has-post-thumbnail","7":"category-acao-parlamentares","8":"category-brasil","9":"category-noticias","10":"tag-bonifacio-andrada","11":"tag-camara-dos-deputados","12":"tag-ccj","13":"tag-chico-alencar","14":"tag-denuncia","15":"tag-investigacao","16":"tag-ivan-valente","17":"tag-michel-temer","18":"tag-psdb","19":"tag-psol","20":"tag-rodrigo-janot","21":"tag-stf"},"acf":[],"yoast_head":"<!-- This site is optimized with the Yoast SEO plugin v26.5 - https:\/\/yoast.com\/wordpress\/plugins\/seo\/ -->\n<title>&quot;Eu sabia do seu relat\u00f3rio, como sei da alvorada de amanh\u00e3&quot;, disse Ivan Valente, sobre parecer para salvar Temer - PSOL 50<\/title>\n<meta name=\"robots\" content=\"index, follow, max-snippet:-1, max-image-preview:large, max-video-preview:-1\" \/>\n<link rel=\"canonical\" href=\"https:\/\/psol50.org.br\/eu-sabia-do-seu-relatorio-como-sei-da-alvorada-de-amanha-disse-ivan-valente-sobre-parecer-para-salvar-temer\/\" \/>\n<meta property=\"og:locale\" content=\"pt_BR\" \/>\n<meta property=\"og:type\" content=\"article\" \/>\n<meta property=\"og:title\" content=\"&quot;Eu sabia do seu relat\u00f3rio, como sei da alvorada de amanh\u00e3&quot;, disse Ivan Valente, sobre parecer para salvar Temer - PSOL 50\" \/>\n<meta property=\"og:description\" content=\"Deputados do PSOL na C\u00e2mara denunciaram o verdadeiro significado do parecer que tenta salvar Michel Temer das investiga\u00e7\u00f5es pelo Supremo Tribunal Federal (STF), apresentado na tarde desta ter\u00e7a-feira (10\/10) na Comiss\u00e3o de Constitui\u00e7\u00e3o, Justi\u00e7a e Cidadania (CCJ) da C\u00e2mara dos Deputados, pelo tucano Bonif\u00e1cio Andrada (MG). O voto, lido pelo relator, indica que a den\u00fancia [&hellip;]\" \/>\n<meta property=\"og:url\" content=\"https:\/\/psol50.org.br\/eu-sabia-do-seu-relatorio-como-sei-da-alvorada-de-amanha-disse-ivan-valente-sobre-parecer-para-salvar-temer\/\" \/>\n<meta property=\"og:site_name\" content=\"PSOL 50\" \/>\n<meta property=\"article:publisher\" content=\"https:\/\/www.facebook.com\/psol50\" \/>\n<meta property=\"article:published_time\" content=\"2017-10-11T14:05:05+00:00\" \/>\n<meta property=\"og:image\" content=\"https:\/\/psol50.org.br\/inc\/uploads\/2018\/07\/capa.png\" \/>\n\t<meta property=\"og:image:width\" content=\"1350\" \/>\n\t<meta property=\"og:image:height\" content=\"900\" \/>\n\t<meta property=\"og:image:type\" content=\"image\/png\" \/>\n<meta name=\"author\" content=\"Comunica\u00e7\u00e3o PSOL\" \/>\n<meta name=\"twitter:card\" content=\"summary_large_image\" \/>\n<meta name=\"twitter:creator\" content=\"@psol50\" \/>\n<meta name=\"twitter:site\" content=\"@psol50\" \/>\n<meta name=\"twitter:label1\" content=\"Escrito por\" \/>\n\t<meta name=\"twitter:data1\" content=\"Comunica\u00e7\u00e3o PSOL\" \/>\n\t<meta name=\"twitter:label2\" content=\"Est. tempo de leitura\" \/>\n\t<meta name=\"twitter:data2\" content=\"3 minutos\" \/>\n<script type=\"application\/ld+json\" class=\"yoast-schema-graph\">{\"@context\":\"https:\/\/schema.org\",\"@graph\":[{\"@type\":\"Article\",\"@id\":\"https:\/\/psol50.org.br\/eu-sabia-do-seu-relatorio-como-sei-da-alvorada-de-amanha-disse-ivan-valente-sobre-parecer-para-salvar-temer\/#article\",\"isPartOf\":{\"@id\":\"https:\/\/psol50.org.br\/eu-sabia-do-seu-relatorio-como-sei-da-alvorada-de-amanha-disse-ivan-valente-sobre-parecer-para-salvar-temer\/\"},\"author\":{\"name\":\"Comunica\u00e7\u00e3o PSOL\",\"@id\":\"https:\/\/psol50.org.br\/#\/schema\/person\/475dfa57d0b815993c714c2e96491fcd\"},\"headline\":\"&#8220;Eu sabia do seu relat\u00f3rio, como sei da alvorada de amanh\u00e3&#8221;, disse Ivan Valente, sobre parecer para salvar Temer\",\"datePublished\":\"2017-10-11T14:05:05+00:00\",\"mainEntityOfPage\":{\"@id\":\"https:\/\/psol50.org.br\/eu-sabia-do-seu-relatorio-como-sei-da-alvorada-de-amanha-disse-ivan-valente-sobre-parecer-para-salvar-temer\/\"},\"wordCount\":582,\"commentCount\":0,\"publisher\":{\"@id\":\"https:\/\/psol50.org.br\/#organization\"},\"image\":{\"@id\":\"https:\/\/psol50.org.br\/eu-sabia-do-seu-relatorio-como-sei-da-alvorada-de-amanha-disse-ivan-valente-sobre-parecer-para-salvar-temer\/#primaryimage\"},\"thumbnailUrl\":\"\",\"keywords\":[\"Bonif\u00e1cio Andrada\",\"C\u00e2mara dos Deputados\",\"CCJ\",\"Chico Alencar\",\"den\u00fancia\",\"investiga\u00e7\u00e3o\",\"Ivan Valente\",\"Michel Temer\",\"PSDB\",\"PSOL\",\"Rodrigo Janot\",\"STF\"],\"articleSection\":[\"A\u00e7\u00e3o Parlamentar\",\"Brasil\",\"Not\u00edcias\"],\"inLanguage\":\"pt-BR\",\"potentialAction\":[{\"@type\":\"CommentAction\",\"name\":\"Comment\",\"target\":[\"https:\/\/psol50.org.br\/eu-sabia-do-seu-relatorio-como-sei-da-alvorada-de-amanha-disse-ivan-valente-sobre-parecer-para-salvar-temer\/#respond\"]}]},{\"@type\":\"WebPage\",\"@id\":\"https:\/\/psol50.org.br\/eu-sabia-do-seu-relatorio-como-sei-da-alvorada-de-amanha-disse-ivan-valente-sobre-parecer-para-salvar-temer\/\",\"url\":\"https:\/\/psol50.org.br\/eu-sabia-do-seu-relatorio-como-sei-da-alvorada-de-amanha-disse-ivan-valente-sobre-parecer-para-salvar-temer\/\",\"name\":\"\\\"Eu sabia do seu relat\u00f3rio, como sei da alvorada de amanh\u00e3\\\", disse Ivan Valente, sobre parecer para salvar Temer - PSOL 50\",\"isPartOf\":{\"@id\":\"https:\/\/psol50.org.br\/#website\"},\"primaryImageOfPage\":{\"@id\":\"https:\/\/psol50.org.br\/eu-sabia-do-seu-relatorio-como-sei-da-alvorada-de-amanha-disse-ivan-valente-sobre-parecer-para-salvar-temer\/#primaryimage\"},\"image\":{\"@id\":\"https:\/\/psol50.org.br\/eu-sabia-do-seu-relatorio-como-sei-da-alvorada-de-amanha-disse-ivan-valente-sobre-parecer-para-salvar-temer\/#primaryimage\"},\"thumbnailUrl\":\"\",\"datePublished\":\"2017-10-11T14:05:05+00:00\",\"breadcrumb\":{\"@id\":\"https:\/\/psol50.org.br\/eu-sabia-do-seu-relatorio-como-sei-da-alvorada-de-amanha-disse-ivan-valente-sobre-parecer-para-salvar-temer\/#breadcrumb\"},\"inLanguage\":\"pt-BR\",\"potentialAction\":[{\"@type\":\"ReadAction\",\"target\":[\"https:\/\/psol50.org.br\/eu-sabia-do-seu-relatorio-como-sei-da-alvorada-de-amanha-disse-ivan-valente-sobre-parecer-para-salvar-temer\/\"]}]},{\"@type\":\"ImageObject\",\"inLanguage\":\"pt-BR\",\"@id\":\"https:\/\/psol50.org.br\/eu-sabia-do-seu-relatorio-como-sei-da-alvorada-de-amanha-disse-ivan-valente-sobre-parecer-para-salvar-temer\/#primaryimage\",\"url\":\"\",\"contentUrl\":\"\"},{\"@type\":\"BreadcrumbList\",\"@id\":\"https:\/\/psol50.org.br\/eu-sabia-do-seu-relatorio-como-sei-da-alvorada-de-amanha-disse-ivan-valente-sobre-parecer-para-salvar-temer\/#breadcrumb\",\"itemListElement\":[{\"@type\":\"ListItem\",\"position\":1,\"name\":\"In\u00edcio\",\"item\":\"https:\/\/psol50.org.br\/\"},{\"@type\":\"ListItem\",\"position\":2,\"name\":\"&#8220;Eu sabia do seu relat\u00f3rio, como sei da alvorada de amanh\u00e3&#8221;, disse Ivan Valente, sobre parecer para salvar Temer\"}]},{\"@type\":\"WebSite\",\"@id\":\"https:\/\/psol50.org.br\/#website\",\"url\":\"https:\/\/psol50.org.br\/\",\"name\":\"PSOL 50\",\"description\":\"Site oficial do Partido Socialismo e Liberdade\",\"publisher\":{\"@id\":\"https:\/\/psol50.org.br\/#organization\"},\"alternateName\":\"PSOL50\",\"potentialAction\":[{\"@type\":\"SearchAction\",\"target\":{\"@type\":\"EntryPoint\",\"urlTemplate\":\"https:\/\/psol50.org.br\/?s={search_term_string}\"},\"query-input\":{\"@type\":\"PropertyValueSpecification\",\"valueRequired\":true,\"valueName\":\"search_term_string\"}}],\"inLanguage\":\"pt-BR\"},{\"@type\":\"Organization\",\"@id\":\"https:\/\/psol50.org.br\/#organization\",\"name\":\"PSOL 50\",\"alternateName\":\"PSOL 50\",\"url\":\"https:\/\/psol50.org.br\/\",\"logo\":{\"@type\":\"ImageObject\",\"inLanguage\":\"pt-BR\",\"@id\":\"https:\/\/psol50.org.br\/#\/schema\/logo\/image\/\",\"url\":\"https:\/\/psol50.org.br\/inc\/uploads\/2018\/07\/capa.png\",\"contentUrl\":\"https:\/\/psol50.org.br\/inc\/uploads\/2018\/07\/capa.png\",\"width\":1350,\"height\":900,\"caption\":\"PSOL 50\"},\"image\":{\"@id\":\"https:\/\/psol50.org.br\/#\/schema\/logo\/image\/\"},\"sameAs\":[\"https:\/\/www.facebook.com\/psol50\",\"https:\/\/x.com\/psol50\",\"https:\/\/www.instagram.com\/psol50\/\",\"https:\/\/www.youtube.com\/channel\/UC7SnJS5o1os7a6CaiNabzcg\"]},{\"@type\":\"Person\",\"@id\":\"https:\/\/psol50.org.br\/#\/schema\/person\/475dfa57d0b815993c714c2e96491fcd\",\"name\":\"Comunica\u00e7\u00e3o PSOL\",\"image\":{\"@type\":\"ImageObject\",\"inLanguage\":\"pt-BR\",\"@id\":\"https:\/\/psol50.org.br\/#\/schema\/person\/image\/\",\"url\":\"https:\/\/secure.gravatar.com\/avatar\/b34fc4f4e468a4e51785917065a3db57b841f5c95dba6ad8c73aaf8f66f8f9bf?s=96&d=mm&r=g\",\"contentUrl\":\"https:\/\/secure.gravatar.com\/avatar\/b34fc4f4e468a4e51785917065a3db57b841f5c95dba6ad8c73aaf8f66f8f9bf?s=96&d=mm&r=g\",\"caption\":\"Comunica\u00e7\u00e3o PSOL\"}}]}<\/script>\n<!-- \/ Yoast SEO plugin. -->","yoast_head_json":{"title":"\"Eu sabia do seu relat\u00f3rio, como sei da alvorada de amanh\u00e3\", disse Ivan Valente, sobre parecer para salvar Temer - PSOL 50","robots":{"index":"index","follow":"follow","max-snippet":"max-snippet:-1","max-image-preview":"max-image-preview:large","max-video-preview":"max-video-preview:-1"},"canonical":"https:\/\/psol50.org.br\/eu-sabia-do-seu-relatorio-como-sei-da-alvorada-de-amanha-disse-ivan-valente-sobre-parecer-para-salvar-temer\/","og_locale":"pt_BR","og_type":"article","og_title":"\"Eu sabia do seu relat\u00f3rio, como sei da alvorada de amanh\u00e3\", disse Ivan Valente, sobre parecer para salvar Temer - PSOL 50","og_description":"Deputados do PSOL na C\u00e2mara denunciaram o verdadeiro significado do parecer que tenta salvar Michel Temer das investiga\u00e7\u00f5es pelo Supremo Tribunal Federal (STF), apresentado na tarde desta ter\u00e7a-feira (10\/10) na Comiss\u00e3o de Constitui\u00e7\u00e3o, Justi\u00e7a e Cidadania (CCJ) da C\u00e2mara dos Deputados, pelo tucano Bonif\u00e1cio Andrada (MG). O voto, lido pelo relator, indica que a den\u00fancia [&hellip;]","og_url":"https:\/\/psol50.org.br\/eu-sabia-do-seu-relatorio-como-sei-da-alvorada-de-amanha-disse-ivan-valente-sobre-parecer-para-salvar-temer\/","og_site_name":"PSOL 50","article_publisher":"https:\/\/www.facebook.com\/psol50","article_published_time":"2017-10-11T14:05:05+00:00","og_image":[{"width":1350,"height":900,"url":"https:\/\/psol50.org.br\/inc\/uploads\/2018\/07\/capa.png","type":"image\/png"}],"author":"Comunica\u00e7\u00e3o PSOL","twitter_card":"summary_large_image","twitter_creator":"@psol50","twitter_site":"@psol50","twitter_misc":{"Escrito por":"Comunica\u00e7\u00e3o PSOL","Est. tempo de leitura":"3 minutos"},"schema":{"@context":"https:\/\/schema.org","@graph":[{"@type":"Article","@id":"https:\/\/psol50.org.br\/eu-sabia-do-seu-relatorio-como-sei-da-alvorada-de-amanha-disse-ivan-valente-sobre-parecer-para-salvar-temer\/#article","isPartOf":{"@id":"https:\/\/psol50.org.br\/eu-sabia-do-seu-relatorio-como-sei-da-alvorada-de-amanha-disse-ivan-valente-sobre-parecer-para-salvar-temer\/"},"author":{"name":"Comunica\u00e7\u00e3o PSOL","@id":"https:\/\/psol50.org.br\/#\/schema\/person\/475dfa57d0b815993c714c2e96491fcd"},"headline":"&#8220;Eu sabia do seu relat\u00f3rio, como sei da alvorada de amanh\u00e3&#8221;, disse Ivan Valente, sobre parecer para salvar Temer","datePublished":"2017-10-11T14:05:05+00:00","mainEntityOfPage":{"@id":"https:\/\/psol50.org.br\/eu-sabia-do-seu-relatorio-como-sei-da-alvorada-de-amanha-disse-ivan-valente-sobre-parecer-para-salvar-temer\/"},"wordCount":582,"commentCount":0,"publisher":{"@id":"https:\/\/psol50.org.br\/#organization"},"image":{"@id":"https:\/\/psol50.org.br\/eu-sabia-do-seu-relatorio-como-sei-da-alvorada-de-amanha-disse-ivan-valente-sobre-parecer-para-salvar-temer\/#primaryimage"},"thumbnailUrl":"","keywords":["Bonif\u00e1cio Andrada","C\u00e2mara dos Deputados","CCJ","Chico Alencar","den\u00fancia","investiga\u00e7\u00e3o","Ivan Valente","Michel Temer","PSDB","PSOL","Rodrigo Janot","STF"],"articleSection":["A\u00e7\u00e3o Parlamentar","Brasil","Not\u00edcias"],"inLanguage":"pt-BR","potentialAction":[{"@type":"CommentAction","name":"Comment","target":["https:\/\/psol50.org.br\/eu-sabia-do-seu-relatorio-como-sei-da-alvorada-de-amanha-disse-ivan-valente-sobre-parecer-para-salvar-temer\/#respond"]}]},{"@type":"WebPage","@id":"https:\/\/psol50.org.br\/eu-sabia-do-seu-relatorio-como-sei-da-alvorada-de-amanha-disse-ivan-valente-sobre-parecer-para-salvar-temer\/","url":"https:\/\/psol50.org.br\/eu-sabia-do-seu-relatorio-como-sei-da-alvorada-de-amanha-disse-ivan-valente-sobre-parecer-para-salvar-temer\/","name":"\"Eu sabia do seu relat\u00f3rio, como sei da alvorada de amanh\u00e3\", disse Ivan Valente, sobre parecer para salvar Temer - PSOL 50","isPartOf":{"@id":"https:\/\/psol50.org.br\/#website"},"primaryImageOfPage":{"@id":"https:\/\/psol50.org.br\/eu-sabia-do-seu-relatorio-como-sei-da-alvorada-de-amanha-disse-ivan-valente-sobre-parecer-para-salvar-temer\/#primaryimage"},"image":{"@id":"https:\/\/psol50.org.br\/eu-sabia-do-seu-relatorio-como-sei-da-alvorada-de-amanha-disse-ivan-valente-sobre-parecer-para-salvar-temer\/#primaryimage"},"thumbnailUrl":"","datePublished":"2017-10-11T14:05:05+00:00","breadcrumb":{"@id":"https:\/\/psol50.org.br\/eu-sabia-do-seu-relatorio-como-sei-da-alvorada-de-amanha-disse-ivan-valente-sobre-parecer-para-salvar-temer\/#breadcrumb"},"inLanguage":"pt-BR","potentialAction":[{"@type":"ReadAction","target":["https:\/\/psol50.org.br\/eu-sabia-do-seu-relatorio-como-sei-da-alvorada-de-amanha-disse-ivan-valente-sobre-parecer-para-salvar-temer\/"]}]},{"@type":"ImageObject","inLanguage":"pt-BR","@id":"https:\/\/psol50.org.br\/eu-sabia-do-seu-relatorio-como-sei-da-alvorada-de-amanha-disse-ivan-valente-sobre-parecer-para-salvar-temer\/#primaryimage","url":"","contentUrl":""},{"@type":"BreadcrumbList","@id":"https:\/\/psol50.org.br\/eu-sabia-do-seu-relatorio-como-sei-da-alvorada-de-amanha-disse-ivan-valente-sobre-parecer-para-salvar-temer\/#breadcrumb","itemListElement":[{"@type":"ListItem","position":1,"name":"In\u00edcio","item":"https:\/\/psol50.org.br\/"},{"@type":"ListItem","position":2,"name":"&#8220;Eu sabia do seu relat\u00f3rio, como sei da alvorada de amanh\u00e3&#8221;, disse Ivan Valente, sobre parecer para salvar Temer"}]},{"@type":"WebSite","@id":"https:\/\/psol50.org.br\/#website","url":"https:\/\/psol50.org.br\/","name":"PSOL 50","description":"Site oficial do Partido Socialismo e Liberdade","publisher":{"@id":"https:\/\/psol50.org.br\/#organization"},"alternateName":"PSOL50","potentialAction":[{"@type":"SearchAction","target":{"@type":"EntryPoint","urlTemplate":"https:\/\/psol50.org.br\/?s={search_term_string}"},"query-input":{"@type":"PropertyValueSpecification","valueRequired":true,"valueName":"search_term_string"}}],"inLanguage":"pt-BR"},{"@type":"Organization","@id":"https:\/\/psol50.org.br\/#organization","name":"PSOL 50","alternateName":"PSOL 50","url":"https:\/\/psol50.org.br\/","logo":{"@type":"ImageObject","inLanguage":"pt-BR","@id":"https:\/\/psol50.org.br\/#\/schema\/logo\/image\/","url":"https:\/\/psol50.org.br\/inc\/uploads\/2018\/07\/capa.png","contentUrl":"https:\/\/psol50.org.br\/inc\/uploads\/2018\/07\/capa.png","width":1350,"height":900,"caption":"PSOL 50"},"image":{"@id":"https:\/\/psol50.org.br\/#\/schema\/logo\/image\/"},"sameAs":["https:\/\/www.facebook.com\/psol50","https:\/\/x.com\/psol50","https:\/\/www.instagram.com\/psol50\/","https:\/\/www.youtube.com\/channel\/UC7SnJS5o1os7a6CaiNabzcg"]},{"@type":"Person","@id":"https:\/\/psol50.org.br\/#\/schema\/person\/475dfa57d0b815993c714c2e96491fcd","name":"Comunica\u00e7\u00e3o PSOL","image":{"@type":"ImageObject","inLanguage":"pt-BR","@id":"https:\/\/psol50.org.br\/#\/schema\/person\/image\/","url":"https:\/\/secure.gravatar.com\/avatar\/b34fc4f4e468a4e51785917065a3db57b841f5c95dba6ad8c73aaf8f66f8f9bf?s=96&d=mm&r=g","contentUrl":"https:\/\/secure.gravatar.com\/avatar\/b34fc4f4e468a4e51785917065a3db57b841f5c95dba6ad8c73aaf8f66f8f9bf?s=96&d=mm&r=g","caption":"Comunica\u00e7\u00e3o PSOL"}}]}},"_links":{"self":[{"href":"https:\/\/psol50.org.br\/rest\/wp\/v2\/posts\/18435","targetHints":{"allow":["GET"]}}],"collection":[{"href":"https:\/\/psol50.org.br\/rest\/wp\/v2\/posts"}],"about":[{"href":"https:\/\/psol50.org.br\/rest\/wp\/v2\/types\/post"}],"author":[{"embeddable":true,"href":"https:\/\/psol50.org.br\/rest\/wp\/v2\/users\/2"}],"replies":[{"embeddable":true,"href":"https:\/\/psol50.org.br\/rest\/wp\/v2\/comments?post=18435"}],"version-history":[{"count":0,"href":"https:\/\/psol50.org.br\/rest\/wp\/v2\/posts\/18435\/revisions"}],"wp:featuredmedia":[{"embeddable":true,"href":"https:\/\/psol50.org.br\/rest\/"}],"wp:attachment":[{"href":"https:\/\/psol50.org.br\/rest\/wp\/v2\/media?parent=18435"}],"wp:term":[{"taxonomy":"category","embeddable":true,"href":"https:\/\/psol50.org.br\/rest\/wp\/v2\/categories?post=18435"},{"taxonomy":"post_tag","embeddable":true,"href":"https:\/\/psol50.org.br\/rest\/wp\/v2\/tags?post=18435"}],"curies":[{"name":"wp","href":"https:\/\/api.w.org\/{rel}","templated":true}]}}