{"id":18439,"date":"2017-10-11T11:55:27","date_gmt":"2017-10-11T14:55:27","guid":{"rendered":"http:\/\/www.psol50.org.br\/?p=18439"},"modified":"2017-10-11T11:55:27","modified_gmt":"2017-10-11T14:55:27","slug":"parecer-a-favor-de-temer-sera-debatido-e-votado-na-proxima-semana-na-ccj-da-camara","status":"publish","type":"post","link":"https:\/\/psol50.org.br\/parecer-a-favor-de-temer-sera-debatido-e-votado-na-proxima-semana-na-ccj-da-camara\/","title":{"rendered":"Parecer a favor de Temer ser\u00e1 debatido e votado na pr\u00f3xima semana, na CCJ da C\u00e2mara"},"content":{"rendered":"<p>Em fun\u00e7\u00e3o de um pedido de vista &#8211; com prazo de duas sess\u00f5es &#8211; apresentado na reuni\u00e3o desta ter\u00e7a-feira (10\/10) da Comiss\u00e3o de Constitui\u00e7\u00e3o, Justi\u00e7a e Cidadania (CCJ) da C\u00e2mara dos Deputados, <a href=\"http:\/\/www.psol50.org.br\/relator-de-denuncia-na-ccj-da-camara-blinda-temer-e-apresenta-parecer-contrario-a-investigacao\/\" target=\"_blank\" rel=\"noopener\"><strong><span style=\"color: #0000ff;\">o parecer do relator Bonif\u00e1cio Andrada (PSDB-MG), sobre a den\u00fancia contra Michel Temer<\/span><\/strong><\/a>, ser\u00e1 debatido a partir da pr\u00f3xima ter\u00e7a-feira (17). Segundo calend\u00e1rio divulgado pela <em><a href=\"http:\/\/www2.camara.leg.br\/camaranoticias\/noticias\/POLITICA\/546402-RELATOR-RECOMENDA-A-CCJ-QUE-NEGUE-AUTORIZACAO-PARA-PROCESSO-CONTRA-TEMER.html\" target=\"_blank\" rel=\"noopener\"><strong><span style=\"color: #0000ff;\">Ag\u00eancia C\u00e2mara<\/span><\/strong><\/a><\/em>, at\u00e9 a quinta-feira (19) dever\u00e1 ser realizada a vota\u00e7\u00e3o no colegiado.<\/p>\n<p>Em seu voto, o deputado tucano, integrante da base de apoio do governo, indica que o Supremo Tribunal Federal (STF) n\u00e3o investigue Temer pelas acusa\u00e7\u00f5es de participa\u00e7\u00e3o em organiza\u00e7\u00e3o criminosa e obstru\u00e7\u00e3o de justi\u00e7a, conforme <a href=\"http:\/\/www.psol50.org.br\/apos-derrota-de-temer-no-stf-segunda-denuncia-chega-a-camara-dos-deputados\/\" target=\"_blank\" rel=\"noopener\"><strong><span style=\"color: #0000ff;\">den\u00fancia apresentada pelo ex-procurador geral da Rep\u00fablica, Rodrigo Janot<\/span><\/strong><\/a>.<\/p>\n<p>Tamb\u00e9m s\u00e3o alvos da den\u00fancia os ministros Moreira Franco (Secretaria-Geral) e Eliseu Padilha (Casa Civil), amigos e aliados de longa data de Temer. O voto de Andrada \u00e9 favor\u00e1vel aos tr\u00eas peemedebistas.<\/p>\n<p>O PSOL considera um absurdo o conte\u00fado do voto, que tem a inten\u00e7\u00e3o de livrar, al\u00e9m de Michel Temer, os denunciados que s\u00e3o parte da c\u00fapula do governo. Durante a reuni\u00e3o da CCJ, <a href=\"http:\/\/www.psol50.org.br\/eu-sabia-do-seu-relatorio-como-sei-da-alvorada-de-amanha-disse-ivan-valente-sobre-parecer-para-salvar-temer\/\" target=\"_blank\" rel=\"noopener\"><strong><span style=\"color: #0000ff;\">integrantes da bancada denunciaram o alinhamento do relator com os advogados do presidente ileg\u00edtimo<\/span><\/strong><\/a>.<\/p>\n<p>Agora, \u00e9 press\u00e3o total em cima dos deputados da CCJ.<\/p>\n","protected":false},"excerpt":{"rendered":"<p>Em fun\u00e7\u00e3o de um pedido de vista &#8211; com prazo de duas sess\u00f5es &#8211; apresentado na reuni\u00e3o desta ter\u00e7a-feira (10\/10) da Comiss\u00e3o de Constitui\u00e7\u00e3o, Justi\u00e7a e Cidadania (CCJ) da C\u00e2mara dos Deputados, o parecer do relator Bonif\u00e1cio Andrada (PSDB-MG), sobre a den\u00fancia contra Michel Temer, ser\u00e1 debatido a partir da pr\u00f3xima ter\u00e7a-feira (17). Segundo calend\u00e1rio [&hellip;]<\/p>\n","protected":false},"author":2,"featured_media":18440,"comment_status":"open","ping_status":"open","sticky":false,"template":"","format":"standard","meta":{"_acf_changed":false,"footnotes":""},"categories":[10,1882,6],"tags":[3643,709,1375,705,79,1748,3583,3584,77,1590,22,3093,45],"class_list":{"0":"post-18439","1":"post","2":"type-post","3":"status-publish","4":"format-standard","5":"has-post-thumbnail","7":"category-acao-parlamentares","8":"category-brasil","9":"category-noticias","10":"tag-bonifacio-andrada","11":"tag-camara-dos-deputados","12":"tag-ccj","13":"tag-crimes","14":"tag-denuncia","15":"tag-michel-temer","16":"tag-obstrucao-de-justica","17":"tag-organizacao-criminosa","18":"tag-pgr","19":"tag-psdb","20":"tag-psol","21":"tag-rodrigo-janot","22":"tag-stf"},"acf":[],"yoast_head":"<!-- This site is optimized with the Yoast SEO plugin v26.5 - https:\/\/yoast.com\/wordpress\/plugins\/seo\/ -->\n<title>Parecer a favor de Temer ser\u00e1 debatido e votado na pr\u00f3xima semana, na CCJ da C\u00e2mara - PSOL 50<\/title>\n<meta name=\"robots\" content=\"index, follow, max-snippet:-1, max-image-preview:large, max-video-preview:-1\" \/>\n<link rel=\"canonical\" href=\"https:\/\/psol50.org.br\/parecer-a-favor-de-temer-sera-debatido-e-votado-na-proxima-semana-na-ccj-da-camara\/\" \/>\n<meta property=\"og:locale\" content=\"pt_BR\" \/>\n<meta property=\"og:type\" content=\"article\" \/>\n<meta property=\"og:title\" content=\"Parecer a favor de Temer ser\u00e1 debatido e votado na pr\u00f3xima semana, na CCJ da C\u00e2mara - PSOL 50\" \/>\n<meta property=\"og:description\" content=\"Em fun\u00e7\u00e3o de um pedido de vista &#8211; com prazo de duas sess\u00f5es &#8211; apresentado na reuni\u00e3o desta ter\u00e7a-feira (10\/10) da Comiss\u00e3o de Constitui\u00e7\u00e3o, Justi\u00e7a e Cidadania (CCJ) da C\u00e2mara dos Deputados, o parecer do relator Bonif\u00e1cio Andrada (PSDB-MG), sobre a den\u00fancia contra Michel Temer, ser\u00e1 debatido a partir da pr\u00f3xima ter\u00e7a-feira (17). Segundo calend\u00e1rio [&hellip;]\" \/>\n<meta property=\"og:url\" content=\"https:\/\/psol50.org.br\/parecer-a-favor-de-temer-sera-debatido-e-votado-na-proxima-semana-na-ccj-da-camara\/\" \/>\n<meta property=\"og:site_name\" content=\"PSOL 50\" \/>\n<meta property=\"article:publisher\" content=\"https:\/\/www.facebook.com\/psol50\" \/>\n<meta property=\"article:published_time\" content=\"2017-10-11T14:55:27+00:00\" \/>\n<meta property=\"og:image\" content=\"https:\/\/psol50.org.br\/inc\/uploads\/2018\/07\/capa.png\" \/>\n\t<meta property=\"og:image:width\" content=\"1350\" \/>\n\t<meta property=\"og:image:height\" content=\"900\" \/>\n\t<meta property=\"og:image:type\" content=\"image\/png\" \/>\n<meta name=\"author\" content=\"Comunica\u00e7\u00e3o PSOL\" \/>\n<meta name=\"twitter:card\" content=\"summary_large_image\" \/>\n<meta name=\"twitter:creator\" content=\"@psol50\" \/>\n<meta name=\"twitter:site\" content=\"@psol50\" \/>\n<meta name=\"twitter:label1\" content=\"Escrito por\" \/>\n\t<meta name=\"twitter:data1\" content=\"Comunica\u00e7\u00e3o PSOL\" \/>\n\t<meta name=\"twitter:label2\" content=\"Est. tempo de leitura\" \/>\n\t<meta name=\"twitter:data2\" content=\"1 minuto\" \/>\n<script type=\"application\/ld+json\" class=\"yoast-schema-graph\">{\"@context\":\"https:\/\/schema.org\",\"@graph\":[{\"@type\":\"Article\",\"@id\":\"https:\/\/psol50.org.br\/parecer-a-favor-de-temer-sera-debatido-e-votado-na-proxima-semana-na-ccj-da-camara\/#article\",\"isPartOf\":{\"@id\":\"https:\/\/psol50.org.br\/parecer-a-favor-de-temer-sera-debatido-e-votado-na-proxima-semana-na-ccj-da-camara\/\"},\"author\":{\"name\":\"Comunica\u00e7\u00e3o PSOL\",\"@id\":\"https:\/\/psol50.org.br\/#\/schema\/person\/475dfa57d0b815993c714c2e96491fcd\"},\"headline\":\"Parecer a favor de Temer ser\u00e1 debatido e votado na pr\u00f3xima semana, na CCJ da C\u00e2mara\",\"datePublished\":\"2017-10-11T14:55:27+00:00\",\"mainEntityOfPage\":{\"@id\":\"https:\/\/psol50.org.br\/parecer-a-favor-de-temer-sera-debatido-e-votado-na-proxima-semana-na-ccj-da-camara\/\"},\"wordCount\":253,\"commentCount\":0,\"publisher\":{\"@id\":\"https:\/\/psol50.org.br\/#organization\"},\"image\":{\"@id\":\"https:\/\/psol50.org.br\/parecer-a-favor-de-temer-sera-debatido-e-votado-na-proxima-semana-na-ccj-da-camara\/#primaryimage\"},\"thumbnailUrl\":\"\",\"keywords\":[\"Bonif\u00e1cio Andrada\",\"C\u00e2mara dos Deputados\",\"CCJ\",\"crimes\",\"den\u00fancia\",\"Michel Temer\",\"obstru\u00e7\u00e3o de justi\u00e7a\",\"organiza\u00e7\u00e3o criminosa\",\"PGR\",\"PSDB\",\"PSOL\",\"Rodrigo Janot\",\"STF\"],\"articleSection\":[\"A\u00e7\u00e3o Parlamentar\",\"Brasil\",\"Not\u00edcias\"],\"inLanguage\":\"pt-BR\",\"potentialAction\":[{\"@type\":\"CommentAction\",\"name\":\"Comment\",\"target\":[\"https:\/\/psol50.org.br\/parecer-a-favor-de-temer-sera-debatido-e-votado-na-proxima-semana-na-ccj-da-camara\/#respond\"]}]},{\"@type\":\"WebPage\",\"@id\":\"https:\/\/psol50.org.br\/parecer-a-favor-de-temer-sera-debatido-e-votado-na-proxima-semana-na-ccj-da-camara\/\",\"url\":\"https:\/\/psol50.org.br\/parecer-a-favor-de-temer-sera-debatido-e-votado-na-proxima-semana-na-ccj-da-camara\/\",\"name\":\"Parecer a favor de Temer ser\u00e1 debatido e votado na pr\u00f3xima semana, na CCJ da C\u00e2mara - PSOL 50\",\"isPartOf\":{\"@id\":\"https:\/\/psol50.org.br\/#website\"},\"primaryImageOfPage\":{\"@id\":\"https:\/\/psol50.org.br\/parecer-a-favor-de-temer-sera-debatido-e-votado-na-proxima-semana-na-ccj-da-camara\/#primaryimage\"},\"image\":{\"@id\":\"https:\/\/psol50.org.br\/parecer-a-favor-de-temer-sera-debatido-e-votado-na-proxima-semana-na-ccj-da-camara\/#primaryimage\"},\"thumbnailUrl\":\"\",\"datePublished\":\"2017-10-11T14:55:27+00:00\",\"breadcrumb\":{\"@id\":\"https:\/\/psol50.org.br\/parecer-a-favor-de-temer-sera-debatido-e-votado-na-proxima-semana-na-ccj-da-camara\/#breadcrumb\"},\"inLanguage\":\"pt-BR\",\"potentialAction\":[{\"@type\":\"ReadAction\",\"target\":[\"https:\/\/psol50.org.br\/parecer-a-favor-de-temer-sera-debatido-e-votado-na-proxima-semana-na-ccj-da-camara\/\"]}]},{\"@type\":\"ImageObject\",\"inLanguage\":\"pt-BR\",\"@id\":\"https:\/\/psol50.org.br\/parecer-a-favor-de-temer-sera-debatido-e-votado-na-proxima-semana-na-ccj-da-camara\/#primaryimage\",\"url\":\"\",\"contentUrl\":\"\"},{\"@type\":\"BreadcrumbList\",\"@id\":\"https:\/\/psol50.org.br\/parecer-a-favor-de-temer-sera-debatido-e-votado-na-proxima-semana-na-ccj-da-camara\/#breadcrumb\",\"itemListElement\":[{\"@type\":\"ListItem\",\"position\":1,\"name\":\"In\u00edcio\",\"item\":\"https:\/\/psol50.org.br\/\"},{\"@type\":\"ListItem\",\"position\":2,\"name\":\"Parecer a favor de Temer ser\u00e1 debatido e votado na pr\u00f3xima semana, na CCJ da C\u00e2mara\"}]},{\"@type\":\"WebSite\",\"@id\":\"https:\/\/psol50.org.br\/#website\",\"url\":\"https:\/\/psol50.org.br\/\",\"name\":\"PSOL 50\",\"description\":\"Site oficial do Partido Socialismo e Liberdade\",\"publisher\":{\"@id\":\"https:\/\/psol50.org.br\/#organization\"},\"alternateName\":\"PSOL50\",\"potentialAction\":[{\"@type\":\"SearchAction\",\"target\":{\"@type\":\"EntryPoint\",\"urlTemplate\":\"https:\/\/psol50.org.br\/?s={search_term_string}\"},\"query-input\":{\"@type\":\"PropertyValueSpecification\",\"valueRequired\":true,\"valueName\":\"search_term_string\"}}],\"inLanguage\":\"pt-BR\"},{\"@type\":\"Organization\",\"@id\":\"https:\/\/psol50.org.br\/#organization\",\"name\":\"PSOL 50\",\"alternateName\":\"PSOL 50\",\"url\":\"https:\/\/psol50.org.br\/\",\"logo\":{\"@type\":\"ImageObject\",\"inLanguage\":\"pt-BR\",\"@id\":\"https:\/\/psol50.org.br\/#\/schema\/logo\/image\/\",\"url\":\"https:\/\/psol50.org.br\/inc\/uploads\/2018\/07\/capa.png\",\"contentUrl\":\"https:\/\/psol50.org.br\/inc\/uploads\/2018\/07\/capa.png\",\"width\":1350,\"height\":900,\"caption\":\"PSOL 50\"},\"image\":{\"@id\":\"https:\/\/psol50.org.br\/#\/schema\/logo\/image\/\"},\"sameAs\":[\"https:\/\/www.facebook.com\/psol50\",\"https:\/\/x.com\/psol50\",\"https:\/\/www.instagram.com\/psol50\/\",\"https:\/\/www.youtube.com\/channel\/UC7SnJS5o1os7a6CaiNabzcg\"]},{\"@type\":\"Person\",\"@id\":\"https:\/\/psol50.org.br\/#\/schema\/person\/475dfa57d0b815993c714c2e96491fcd\",\"name\":\"Comunica\u00e7\u00e3o PSOL\",\"image\":{\"@type\":\"ImageObject\",\"inLanguage\":\"pt-BR\",\"@id\":\"https:\/\/psol50.org.br\/#\/schema\/person\/image\/\",\"url\":\"https:\/\/secure.gravatar.com\/avatar\/b34fc4f4e468a4e51785917065a3db57b841f5c95dba6ad8c73aaf8f66f8f9bf?s=96&d=mm&r=g\",\"contentUrl\":\"https:\/\/secure.gravatar.com\/avatar\/b34fc4f4e468a4e51785917065a3db57b841f5c95dba6ad8c73aaf8f66f8f9bf?s=96&d=mm&r=g\",\"caption\":\"Comunica\u00e7\u00e3o PSOL\"}}]}<\/script>\n<!-- \/ Yoast SEO plugin. -->","yoast_head_json":{"title":"Parecer a favor de Temer ser\u00e1 debatido e votado na pr\u00f3xima semana, na CCJ da C\u00e2mara - PSOL 50","robots":{"index":"index","follow":"follow","max-snippet":"max-snippet:-1","max-image-preview":"max-image-preview:large","max-video-preview":"max-video-preview:-1"},"canonical":"https:\/\/psol50.org.br\/parecer-a-favor-de-temer-sera-debatido-e-votado-na-proxima-semana-na-ccj-da-camara\/","og_locale":"pt_BR","og_type":"article","og_title":"Parecer a favor de Temer ser\u00e1 debatido e votado na pr\u00f3xima semana, na CCJ da C\u00e2mara - PSOL 50","og_description":"Em fun\u00e7\u00e3o de um pedido de vista &#8211; com prazo de duas sess\u00f5es &#8211; apresentado na reuni\u00e3o desta ter\u00e7a-feira (10\/10) da Comiss\u00e3o de Constitui\u00e7\u00e3o, Justi\u00e7a e Cidadania (CCJ) da C\u00e2mara dos Deputados, o parecer do relator Bonif\u00e1cio Andrada (PSDB-MG), sobre a den\u00fancia contra Michel Temer, ser\u00e1 debatido a partir da pr\u00f3xima ter\u00e7a-feira (17). Segundo calend\u00e1rio [&hellip;]","og_url":"https:\/\/psol50.org.br\/parecer-a-favor-de-temer-sera-debatido-e-votado-na-proxima-semana-na-ccj-da-camara\/","og_site_name":"PSOL 50","article_publisher":"https:\/\/www.facebook.com\/psol50","article_published_time":"2017-10-11T14:55:27+00:00","og_image":[{"width":1350,"height":900,"url":"https:\/\/psol50.org.br\/inc\/uploads\/2018\/07\/capa.png","type":"image\/png"}],"author":"Comunica\u00e7\u00e3o PSOL","twitter_card":"summary_large_image","twitter_creator":"@psol50","twitter_site":"@psol50","twitter_misc":{"Escrito por":"Comunica\u00e7\u00e3o PSOL","Est. tempo de leitura":"1 minuto"},"schema":{"@context":"https:\/\/schema.org","@graph":[{"@type":"Article","@id":"https:\/\/psol50.org.br\/parecer-a-favor-de-temer-sera-debatido-e-votado-na-proxima-semana-na-ccj-da-camara\/#article","isPartOf":{"@id":"https:\/\/psol50.org.br\/parecer-a-favor-de-temer-sera-debatido-e-votado-na-proxima-semana-na-ccj-da-camara\/"},"author":{"name":"Comunica\u00e7\u00e3o PSOL","@id":"https:\/\/psol50.org.br\/#\/schema\/person\/475dfa57d0b815993c714c2e96491fcd"},"headline":"Parecer a favor de Temer ser\u00e1 debatido e votado na pr\u00f3xima semana, na CCJ da C\u00e2mara","datePublished":"2017-10-11T14:55:27+00:00","mainEntityOfPage":{"@id":"https:\/\/psol50.org.br\/parecer-a-favor-de-temer-sera-debatido-e-votado-na-proxima-semana-na-ccj-da-camara\/"},"wordCount":253,"commentCount":0,"publisher":{"@id":"https:\/\/psol50.org.br\/#organization"},"image":{"@id":"https:\/\/psol50.org.br\/parecer-a-favor-de-temer-sera-debatido-e-votado-na-proxima-semana-na-ccj-da-camara\/#primaryimage"},"thumbnailUrl":"","keywords":["Bonif\u00e1cio Andrada","C\u00e2mara dos Deputados","CCJ","crimes","den\u00fancia","Michel Temer","obstru\u00e7\u00e3o de justi\u00e7a","organiza\u00e7\u00e3o criminosa","PGR","PSDB","PSOL","Rodrigo Janot","STF"],"articleSection":["A\u00e7\u00e3o Parlamentar","Brasil","Not\u00edcias"],"inLanguage":"pt-BR","potentialAction":[{"@type":"CommentAction","name":"Comment","target":["https:\/\/psol50.org.br\/parecer-a-favor-de-temer-sera-debatido-e-votado-na-proxima-semana-na-ccj-da-camara\/#respond"]}]},{"@type":"WebPage","@id":"https:\/\/psol50.org.br\/parecer-a-favor-de-temer-sera-debatido-e-votado-na-proxima-semana-na-ccj-da-camara\/","url":"https:\/\/psol50.org.br\/parecer-a-favor-de-temer-sera-debatido-e-votado-na-proxima-semana-na-ccj-da-camara\/","name":"Parecer a favor de Temer ser\u00e1 debatido e votado na pr\u00f3xima semana, na CCJ da C\u00e2mara - PSOL 50","isPartOf":{"@id":"https:\/\/psol50.org.br\/#website"},"primaryImageOfPage":{"@id":"https:\/\/psol50.org.br\/parecer-a-favor-de-temer-sera-debatido-e-votado-na-proxima-semana-na-ccj-da-camara\/#primaryimage"},"image":{"@id":"https:\/\/psol50.org.br\/parecer-a-favor-de-temer-sera-debatido-e-votado-na-proxima-semana-na-ccj-da-camara\/#primaryimage"},"thumbnailUrl":"","datePublished":"2017-10-11T14:55:27+00:00","breadcrumb":{"@id":"https:\/\/psol50.org.br\/parecer-a-favor-de-temer-sera-debatido-e-votado-na-proxima-semana-na-ccj-da-camara\/#breadcrumb"},"inLanguage":"pt-BR","potentialAction":[{"@type":"ReadAction","target":["https:\/\/psol50.org.br\/parecer-a-favor-de-temer-sera-debatido-e-votado-na-proxima-semana-na-ccj-da-camara\/"]}]},{"@type":"ImageObject","inLanguage":"pt-BR","@id":"https:\/\/psol50.org.br\/parecer-a-favor-de-temer-sera-debatido-e-votado-na-proxima-semana-na-ccj-da-camara\/#primaryimage","url":"","contentUrl":""},{"@type":"BreadcrumbList","@id":"https:\/\/psol50.org.br\/parecer-a-favor-de-temer-sera-debatido-e-votado-na-proxima-semana-na-ccj-da-camara\/#breadcrumb","itemListElement":[{"@type":"ListItem","position":1,"name":"In\u00edcio","item":"https:\/\/psol50.org.br\/"},{"@type":"ListItem","position":2,"name":"Parecer a favor de Temer ser\u00e1 debatido e votado na pr\u00f3xima semana, na CCJ da C\u00e2mara"}]},{"@type":"WebSite","@id":"https:\/\/psol50.org.br\/#website","url":"https:\/\/psol50.org.br\/","name":"PSOL 50","description":"Site oficial do Partido Socialismo e Liberdade","publisher":{"@id":"https:\/\/psol50.org.br\/#organization"},"alternateName":"PSOL50","potentialAction":[{"@type":"SearchAction","target":{"@type":"EntryPoint","urlTemplate":"https:\/\/psol50.org.br\/?s={search_term_string}"},"query-input":{"@type":"PropertyValueSpecification","valueRequired":true,"valueName":"search_term_string"}}],"inLanguage":"pt-BR"},{"@type":"Organization","@id":"https:\/\/psol50.org.br\/#organization","name":"PSOL 50","alternateName":"PSOL 50","url":"https:\/\/psol50.org.br\/","logo":{"@type":"ImageObject","inLanguage":"pt-BR","@id":"https:\/\/psol50.org.br\/#\/schema\/logo\/image\/","url":"https:\/\/psol50.org.br\/inc\/uploads\/2018\/07\/capa.png","contentUrl":"https:\/\/psol50.org.br\/inc\/uploads\/2018\/07\/capa.png","width":1350,"height":900,"caption":"PSOL 50"},"image":{"@id":"https:\/\/psol50.org.br\/#\/schema\/logo\/image\/"},"sameAs":["https:\/\/www.facebook.com\/psol50","https:\/\/x.com\/psol50","https:\/\/www.instagram.com\/psol50\/","https:\/\/www.youtube.com\/channel\/UC7SnJS5o1os7a6CaiNabzcg"]},{"@type":"Person","@id":"https:\/\/psol50.org.br\/#\/schema\/person\/475dfa57d0b815993c714c2e96491fcd","name":"Comunica\u00e7\u00e3o PSOL","image":{"@type":"ImageObject","inLanguage":"pt-BR","@id":"https:\/\/psol50.org.br\/#\/schema\/person\/image\/","url":"https:\/\/secure.gravatar.com\/avatar\/b34fc4f4e468a4e51785917065a3db57b841f5c95dba6ad8c73aaf8f66f8f9bf?s=96&d=mm&r=g","contentUrl":"https:\/\/secure.gravatar.com\/avatar\/b34fc4f4e468a4e51785917065a3db57b841f5c95dba6ad8c73aaf8f66f8f9bf?s=96&d=mm&r=g","caption":"Comunica\u00e7\u00e3o PSOL"}}]}},"_links":{"self":[{"href":"https:\/\/psol50.org.br\/rest\/wp\/v2\/posts\/18439","targetHints":{"allow":["GET"]}}],"collection":[{"href":"https:\/\/psol50.org.br\/rest\/wp\/v2\/posts"}],"about":[{"href":"https:\/\/psol50.org.br\/rest\/wp\/v2\/types\/post"}],"author":[{"embeddable":true,"href":"https:\/\/psol50.org.br\/rest\/wp\/v2\/users\/2"}],"replies":[{"embeddable":true,"href":"https:\/\/psol50.org.br\/rest\/wp\/v2\/comments?post=18439"}],"version-history":[{"count":0,"href":"https:\/\/psol50.org.br\/rest\/wp\/v2\/posts\/18439\/revisions"}],"wp:featuredmedia":[{"embeddable":true,"href":"https:\/\/psol50.org.br\/rest\/"}],"wp:attachment":[{"href":"https:\/\/psol50.org.br\/rest\/wp\/v2\/media?parent=18439"}],"wp:term":[{"taxonomy":"category","embeddable":true,"href":"https:\/\/psol50.org.br\/rest\/wp\/v2\/categories?post=18439"},{"taxonomy":"post_tag","embeddable":true,"href":"https:\/\/psol50.org.br\/rest\/wp\/v2\/tags?post=18439"}],"curies":[{"name":"wp","href":"https:\/\/api.w.org\/{rel}","templated":true}]}}