{"id":1844,"date":"2013-03-13T00:00:00","date_gmt":"2013-03-13T00:00:00","guid":{"rendered":"http:\/\/psol50.org.br\/arquivo\/2013\/03\/13\/em-brasilia-slavoj-zizek-afirma-para-mais-de-mil-pessoas-que-nao-ha-alternativas-dentro-do-capitalismo\/"},"modified":"2013-03-13T00:00:00","modified_gmt":"2013-03-13T00:00:00","slug":"em-brasilia-slavoj-zizek-afirma-para-mais-de-mil-pessoas-que-nao-ha-alternativas-dentro-do-capitalismo","status":"publish","type":"post","link":"https:\/\/psol50.org.br\/em-brasilia-slavoj-zizek-afirma-para-mais-de-mil-pessoas-que-nao-ha-alternativas-dentro-do-capitalismo\/","title":{"rendered":"Em Bras\u00edlia, Slavoj \u017di\u017eek afirma, para mais de mil pessoas, que n\u00e3o h\u00e1 alternativas dentro do capitalismo"},"content":{"rendered":"<p style=\"text-align: justify;\">\n\t<span style=\"font-size:12px;\"><em>Confer\u00eancia internacional Marx: a cria\u00e7\u00e3o destruidora chega a Bras\u00edlia e re\u00fane estudantes, acad\u00eamicos e militantes. Fil\u00f3sofo lan\u00e7a seu novo livro &#8220;Menos que nada: Hegel e a sombra do materialismo hist\u00f3rico&#8221;<\/em><br \/>\n\t&nbsp;<br \/>\n\tDiante de uma plateia que reuniu mais de mil pessoas, entre estudantes, professores e militantes sociais, o fil\u00f3sofo esloveno Slavoj \u017di\u017eek participou, na noite desta ter\u00e7a-feira (12), na Universidade de Bras\u00edlia, de mais uma etapa da confer\u00eancia internacional <em>Marx: a cria\u00e7\u00e3o destruidora<\/em>, promovida pela Editora Boitempo e pela Funda\u00e7\u00e3o Lauro Campo. Estudioso da teoria marxista e da psican\u00e1lise, \u017di\u017eek mostrou, durante mais de uma hora de confer\u00eancia, suas qualidades que o levam a ser hoje um dos fil\u00f3sofos mais lidos por acad\u00eamicos, psicanalistas e militantes de esquerda, n\u00e3o s\u00f3 na Europa, como tamb\u00e9m no Brasil e em outros pa\u00edses da Am\u00e9rica Latina. Com declara\u00e7\u00f5es algumas vezes pol\u00eamicas, abordando temas que passam pela crise do capitalismo, ideologia, religi\u00e3o, psican\u00e1lise, levantes no mundo \u00e1rabe e cultura de massas, ele foi capaz de arrancar diferentes rea\u00e7\u00f5es nos rostos e ouvidos atentos que encheram ontem o Centro Comunit\u00e1rio da UnB. Na ocasi\u00e3o, ele tamb\u00e9m lan\u00e7ou seu \u00faltimo livro &#8220;Menos que nada: Hegel e a sombra do materialismo hist\u00f3rico&#8221;.<br \/>\n\t&nbsp;<br \/>\n\t\u201cSe ainda queremos ser esquerdistas revolucion\u00e1rios, precisamos compreender que as solu\u00e7\u00f5es do s\u00e9culo XX j\u00e1 foram e n\u00e3o nos proporcionaram um novo modelo de sociedade\u201d, disse \u017di\u017eek, logo no in\u00edcio de sua fala, fazendo um contraponto \u00e0s alternativas que apenas tentam \u201chumanizar\u201d o capitalismo, modelo que para ele precisa ser superado. \u201cN\u00e3o acredito em novo capitalismo, no Estado de Bem Estar Social euroc\u00eantrico. E nem esses inviabilizam levantes efetivos. O processo revolucion\u00e1rio pode se instalar em uma conjuntura econ\u00f4mica em ascens\u00e3o\u201d, afirmou. Sobre as rea\u00e7\u00f5es dos trabalhadores europeus, mais precisamente os de Portugal, Espanha e Gr\u00e9cia, o fil\u00f3sofo considera que essas experi\u00eancias \u201cainda n\u00e3o atingiram um n\u00edvel de organiza\u00e7\u00e3o capaz de chegar a um processo de transforma\u00e7\u00e3o social\u201d.<br \/>\n\t&nbsp;<br \/>\n\t<strong>Viol\u00eancia institucional<\/strong><br \/>\n\tNum momento em que o mundo estava com as aten\u00e7\u00f5es voltadas para a escolha do novo Papa, \u017di\u017eek n\u00e3o poupou cr\u00edticas \u00e0 Igreja Cat\u00f3lica. \u201c\u00c9 um ritual sistem\u00e1tico, obsceno e n\u00e3o apenas um caso isolado. N\u00e3o \u00e9 algo particular e insignificante\u201d, considerou, se referindo aos casos de pedofilia praticados por integrantes do clero, o que ele apontou como um dos claros exemplos de \u201cviol\u00eancia institucional\u201d.<br \/>\n\t&nbsp;<br \/>\n\tJ\u00e1 quase ao final da confer\u00eancia, em resposta a uma pergunta da plateia sobre o que para ele era ser comunista, \u017di\u017eek respondeu que \u00e9 o termo mais correto para designar o que representa o interesse dos \u201ccomuns\u201d. \u201cSe a humanidade n\u00e3o enfrentar os problemas dos comuns, da plebe, certamente chagaremos \u00e0 barb\u00e1rie\u201d, enfatizou.<br \/>\n\t&nbsp;<br \/>\n\t<strong>Leitura cr\u00edtica da conjuntura para o processo de transforma\u00e7\u00e3o<\/strong><br \/>\n\tEm Bras\u00edlia, a confer\u00eancia <em>Marx: a cria\u00e7\u00e3o destruidora<\/em> foi organizada pela Editora Boitempo e pela Funda\u00e7\u00e3o Lauro Campos, com o apoio do Sindireceita (Sindicato dos Servidores da Receita Federal), do Instituto de Ci\u00eancias Sociais da UnB e do Ceppac-UnB (Centro de Pesquisa e P\u00f3s-gradua\u00e7\u00e3o sobre as Am\u00e9ricas).<br \/>\n\t&nbsp;<br \/>\n\tO jornalista do Sindireceita e militante do PSOL, Rodolfo Mohr, que trabalhou na organiza\u00e7\u00e3o e tamb\u00e9m mediou a confer\u00eancia, considera que o debate foi um momento importante \u201cpara escutar e refletir sobre o marxismo\u201d. \u201cEvidente que \u017di\u017eek torna tudo mais divertido e atraente. Provoca\u00e7\u00e3o pura quase o tempo todo. Bras\u00edlia mostrou que tem capacidade e ousadia de discutir e pulsar os novos tempos. Tempos interessantes, onde as revolu\u00e7\u00f5es sa\u00edram dos livros e passeiam pelas ruas de alguns lugares do mundo\u201d, avaliou Rodolfo.<\/span><\/p>\n<p style=\"text-align: justify;\">\n\t<span style=\"font-size:12px;\">Para Juliano Medeiros, do Diret\u00f3rio Nacional do PSOL e da Funda\u00e7\u00e3o Lauro Campos, que tamb\u00e9m saudou os participantes na abertura da atividade, ciclo de palestras como esses \u00e9 fundamental para proporcionar a leitura cr\u00edtica da conjuntura \u00e0 classe trabalhadora e aos militantes de esquerda. \u201c\u017di\u017eek \u00e9 um dos mais importantes intelectuais cr\u00edticos da atualidade. Sua intensa atividade em apoio aos movimentos de contesta\u00e7\u00e3o \u00e0 ordem capitalista demonstra que ainda existem pensadores dispostos a fazer da teoria uma arma a servi\u00e7o da transforma\u00e7\u00e3o. A Funda\u00e7\u00e3o Lauro Campos se orgulha de contribuir com a sua vinda ao Brasil\u201d, avalia.<\/span><\/p>\n<p>&nbsp;<br \/>\n&nbsp;<br \/>\n&nbsp;<br \/>\n&nbsp;<br \/>\n&nbsp;<br \/>\n&nbsp;<\/p>\n","protected":false},"excerpt":{"rendered":"<p>Confer\u00eancia internacional Marx: a cria\u00e7\u00e3o destruidora chega a Bras\u00edlia e re\u00fane estudantes, acad\u00eamicos e militantes. Fil\u00f3sofo lan\u00e7a seu novo livro &#8220;Menos que nada: Hegel e a sombra do materialismo hist\u00f3rico&#8221; &nbsp; Diante de uma plateia que reuniu mais de mil pessoas, entre estudantes, professores e militantes sociais, o fil\u00f3sofo esloveno Slavoj \u017di\u017eek participou, na noite [&hellip;]<\/p>\n","protected":false},"author":2,"featured_media":0,"comment_status":"open","ping_status":"open","sticky":false,"template":"","format":"standard","meta":{"_acf_changed":false,"footnotes":""},"categories":[4766,4764,836],"tags":[790,3993,1216,4765],"class_list":{"0":"post-1844","1":"post","2":"type-post","3":"status-publish","4":"format-standard","6":"category-arquivo","7":"category-grecia","8":"category-internacional","9":"tag-esquerda","10":"tag-grecia","11":"tag-internacional","12":"tag-syriza"},"acf":[],"yoast_head":"<!-- This site is optimized with the Yoast SEO plugin v26.5 - https:\/\/yoast.com\/wordpress\/plugins\/seo\/ -->\n<title>Em Bras\u00edlia, Slavoj \u017di\u017eek afirma, para mais de mil pessoas, que n\u00e3o h\u00e1 alternativas dentro do capitalismo - PSOL 50<\/title>\n<meta name=\"robots\" content=\"index, follow, max-snippet:-1, max-image-preview:large, max-video-preview:-1\" \/>\n<link rel=\"canonical\" href=\"https:\/\/psol50.org.br\/em-brasilia-slavoj-zizek-afirma-para-mais-de-mil-pessoas-que-nao-ha-alternativas-dentro-do-capitalismo\/\" \/>\n<meta property=\"og:locale\" content=\"pt_BR\" \/>\n<meta property=\"og:type\" content=\"article\" \/>\n<meta property=\"og:title\" content=\"Em Bras\u00edlia, Slavoj \u017di\u017eek afirma, para mais de mil pessoas, que n\u00e3o h\u00e1 alternativas dentro do capitalismo - PSOL 50\" \/>\n<meta property=\"og:description\" content=\"Confer\u00eancia internacional Marx: a cria\u00e7\u00e3o destruidora chega a Bras\u00edlia e re\u00fane estudantes, acad\u00eamicos e militantes. Fil\u00f3sofo lan\u00e7a seu novo livro &#8220;Menos que nada: Hegel e a sombra do materialismo hist\u00f3rico&#8221; &nbsp; Diante de uma plateia que reuniu mais de mil pessoas, entre estudantes, professores e militantes sociais, o fil\u00f3sofo esloveno Slavoj \u017di\u017eek participou, na noite [&hellip;]\" \/>\n<meta property=\"og:url\" content=\"https:\/\/psol50.org.br\/em-brasilia-slavoj-zizek-afirma-para-mais-de-mil-pessoas-que-nao-ha-alternativas-dentro-do-capitalismo\/\" \/>\n<meta property=\"og:site_name\" content=\"PSOL 50\" \/>\n<meta property=\"article:publisher\" content=\"https:\/\/www.facebook.com\/psol50\" \/>\n<meta property=\"article:published_time\" content=\"2013-03-13T00:00:00+00:00\" \/>\n<meta property=\"og:image\" content=\"https:\/\/psol50.org.br\/inc\/uploads\/2018\/07\/capa.png\" \/>\n\t<meta property=\"og:image:width\" content=\"1350\" \/>\n\t<meta property=\"og:image:height\" content=\"900\" \/>\n\t<meta property=\"og:image:type\" content=\"image\/png\" \/>\n<meta name=\"author\" content=\"Comunica\u00e7\u00e3o PSOL\" \/>\n<meta name=\"twitter:card\" content=\"summary_large_image\" \/>\n<meta name=\"twitter:creator\" content=\"@psol50\" \/>\n<meta name=\"twitter:site\" content=\"@psol50\" \/>\n<meta name=\"twitter:label1\" content=\"Escrito por\" \/>\n\t<meta name=\"twitter:data1\" content=\"Comunica\u00e7\u00e3o PSOL\" \/>\n\t<meta name=\"twitter:label2\" content=\"Est. tempo de leitura\" \/>\n\t<meta name=\"twitter:data2\" content=\"4 minutos\" \/>\n<script type=\"application\/ld+json\" class=\"yoast-schema-graph\">{\"@context\":\"https:\/\/schema.org\",\"@graph\":[{\"@type\":\"Article\",\"@id\":\"https:\/\/psol50.org.br\/em-brasilia-slavoj-zizek-afirma-para-mais-de-mil-pessoas-que-nao-ha-alternativas-dentro-do-capitalismo\/#article\",\"isPartOf\":{\"@id\":\"https:\/\/psol50.org.br\/em-brasilia-slavoj-zizek-afirma-para-mais-de-mil-pessoas-que-nao-ha-alternativas-dentro-do-capitalismo\/\"},\"author\":{\"name\":\"Comunica\u00e7\u00e3o PSOL\",\"@id\":\"https:\/\/psol50.org.br\/#\/schema\/person\/475dfa57d0b815993c714c2e96491fcd\"},\"headline\":\"Em Bras\u00edlia, Slavoj \u017di\u017eek afirma, para mais de mil pessoas, que n\u00e3o h\u00e1 alternativas dentro do capitalismo\",\"datePublished\":\"2013-03-13T00:00:00+00:00\",\"mainEntityOfPage\":{\"@id\":\"https:\/\/psol50.org.br\/em-brasilia-slavoj-zizek-afirma-para-mais-de-mil-pessoas-que-nao-ha-alternativas-dentro-do-capitalismo\/\"},\"wordCount\":785,\"commentCount\":0,\"publisher\":{\"@id\":\"https:\/\/psol50.org.br\/#organization\"},\"keywords\":[\"esquerda\",\"Gr\u00e9cia\",\"Internacional\",\"Syriza\"],\"articleSection\":[\"Arquivo\",\"Gr\u00e9cia\",\"Internacional\"],\"inLanguage\":\"pt-BR\",\"potentialAction\":[{\"@type\":\"CommentAction\",\"name\":\"Comment\",\"target\":[\"https:\/\/psol50.org.br\/em-brasilia-slavoj-zizek-afirma-para-mais-de-mil-pessoas-que-nao-ha-alternativas-dentro-do-capitalismo\/#respond\"]}]},{\"@type\":\"WebPage\",\"@id\":\"https:\/\/psol50.org.br\/em-brasilia-slavoj-zizek-afirma-para-mais-de-mil-pessoas-que-nao-ha-alternativas-dentro-do-capitalismo\/\",\"url\":\"https:\/\/psol50.org.br\/em-brasilia-slavoj-zizek-afirma-para-mais-de-mil-pessoas-que-nao-ha-alternativas-dentro-do-capitalismo\/\",\"name\":\"Em Bras\u00edlia, Slavoj \u017di\u017eek afirma, para mais de mil pessoas, que n\u00e3o h\u00e1 alternativas dentro do capitalismo - PSOL 50\",\"isPartOf\":{\"@id\":\"https:\/\/psol50.org.br\/#website\"},\"datePublished\":\"2013-03-13T00:00:00+00:00\",\"breadcrumb\":{\"@id\":\"https:\/\/psol50.org.br\/em-brasilia-slavoj-zizek-afirma-para-mais-de-mil-pessoas-que-nao-ha-alternativas-dentro-do-capitalismo\/#breadcrumb\"},\"inLanguage\":\"pt-BR\",\"potentialAction\":[{\"@type\":\"ReadAction\",\"target\":[\"https:\/\/psol50.org.br\/em-brasilia-slavoj-zizek-afirma-para-mais-de-mil-pessoas-que-nao-ha-alternativas-dentro-do-capitalismo\/\"]}]},{\"@type\":\"BreadcrumbList\",\"@id\":\"https:\/\/psol50.org.br\/em-brasilia-slavoj-zizek-afirma-para-mais-de-mil-pessoas-que-nao-ha-alternativas-dentro-do-capitalismo\/#breadcrumb\",\"itemListElement\":[{\"@type\":\"ListItem\",\"position\":1,\"name\":\"In\u00edcio\",\"item\":\"https:\/\/psol50.org.br\/\"},{\"@type\":\"ListItem\",\"position\":2,\"name\":\"Em Bras\u00edlia, Slavoj \u017di\u017eek afirma, para mais de mil pessoas, que n\u00e3o h\u00e1 alternativas dentro do capitalismo\"}]},{\"@type\":\"WebSite\",\"@id\":\"https:\/\/psol50.org.br\/#website\",\"url\":\"https:\/\/psol50.org.br\/\",\"name\":\"PSOL 50\",\"description\":\"Site oficial do Partido Socialismo e Liberdade\",\"publisher\":{\"@id\":\"https:\/\/psol50.org.br\/#organization\"},\"alternateName\":\"PSOL50\",\"potentialAction\":[{\"@type\":\"SearchAction\",\"target\":{\"@type\":\"EntryPoint\",\"urlTemplate\":\"https:\/\/psol50.org.br\/?s={search_term_string}\"},\"query-input\":{\"@type\":\"PropertyValueSpecification\",\"valueRequired\":true,\"valueName\":\"search_term_string\"}}],\"inLanguage\":\"pt-BR\"},{\"@type\":\"Organization\",\"@id\":\"https:\/\/psol50.org.br\/#organization\",\"name\":\"PSOL 50\",\"alternateName\":\"PSOL 50\",\"url\":\"https:\/\/psol50.org.br\/\",\"logo\":{\"@type\":\"ImageObject\",\"inLanguage\":\"pt-BR\",\"@id\":\"https:\/\/psol50.org.br\/#\/schema\/logo\/image\/\",\"url\":\"https:\/\/psol50.org.br\/inc\/uploads\/2018\/07\/capa.png\",\"contentUrl\":\"https:\/\/psol50.org.br\/inc\/uploads\/2018\/07\/capa.png\",\"width\":1350,\"height\":900,\"caption\":\"PSOL 50\"},\"image\":{\"@id\":\"https:\/\/psol50.org.br\/#\/schema\/logo\/image\/\"},\"sameAs\":[\"https:\/\/www.facebook.com\/psol50\",\"https:\/\/x.com\/psol50\",\"https:\/\/www.instagram.com\/psol50\/\",\"https:\/\/www.youtube.com\/channel\/UC7SnJS5o1os7a6CaiNabzcg\"]},{\"@type\":\"Person\",\"@id\":\"https:\/\/psol50.org.br\/#\/schema\/person\/475dfa57d0b815993c714c2e96491fcd\",\"name\":\"Comunica\u00e7\u00e3o PSOL\",\"image\":{\"@type\":\"ImageObject\",\"inLanguage\":\"pt-BR\",\"@id\":\"https:\/\/psol50.org.br\/#\/schema\/person\/image\/\",\"url\":\"https:\/\/secure.gravatar.com\/avatar\/b34fc4f4e468a4e51785917065a3db57b841f5c95dba6ad8c73aaf8f66f8f9bf?s=96&d=mm&r=g\",\"contentUrl\":\"https:\/\/secure.gravatar.com\/avatar\/b34fc4f4e468a4e51785917065a3db57b841f5c95dba6ad8c73aaf8f66f8f9bf?s=96&d=mm&r=g\",\"caption\":\"Comunica\u00e7\u00e3o PSOL\"}}]}<\/script>\n<!-- \/ Yoast SEO plugin. -->","yoast_head_json":{"title":"Em Bras\u00edlia, Slavoj \u017di\u017eek afirma, para mais de mil pessoas, que n\u00e3o h\u00e1 alternativas dentro do capitalismo - PSOL 50","robots":{"index":"index","follow":"follow","max-snippet":"max-snippet:-1","max-image-preview":"max-image-preview:large","max-video-preview":"max-video-preview:-1"},"canonical":"https:\/\/psol50.org.br\/em-brasilia-slavoj-zizek-afirma-para-mais-de-mil-pessoas-que-nao-ha-alternativas-dentro-do-capitalismo\/","og_locale":"pt_BR","og_type":"article","og_title":"Em Bras\u00edlia, Slavoj \u017di\u017eek afirma, para mais de mil pessoas, que n\u00e3o h\u00e1 alternativas dentro do capitalismo - PSOL 50","og_description":"Confer\u00eancia internacional Marx: a cria\u00e7\u00e3o destruidora chega a Bras\u00edlia e re\u00fane estudantes, acad\u00eamicos e militantes. Fil\u00f3sofo lan\u00e7a seu novo livro &#8220;Menos que nada: Hegel e a sombra do materialismo hist\u00f3rico&#8221; &nbsp; Diante de uma plateia que reuniu mais de mil pessoas, entre estudantes, professores e militantes sociais, o fil\u00f3sofo esloveno Slavoj \u017di\u017eek participou, na noite [&hellip;]","og_url":"https:\/\/psol50.org.br\/em-brasilia-slavoj-zizek-afirma-para-mais-de-mil-pessoas-que-nao-ha-alternativas-dentro-do-capitalismo\/","og_site_name":"PSOL 50","article_publisher":"https:\/\/www.facebook.com\/psol50","article_published_time":"2013-03-13T00:00:00+00:00","og_image":[{"width":1350,"height":900,"url":"https:\/\/psol50.org.br\/inc\/uploads\/2018\/07\/capa.png","type":"image\/png"}],"author":"Comunica\u00e7\u00e3o PSOL","twitter_card":"summary_large_image","twitter_creator":"@psol50","twitter_site":"@psol50","twitter_misc":{"Escrito por":"Comunica\u00e7\u00e3o PSOL","Est. tempo de leitura":"4 minutos"},"schema":{"@context":"https:\/\/schema.org","@graph":[{"@type":"Article","@id":"https:\/\/psol50.org.br\/em-brasilia-slavoj-zizek-afirma-para-mais-de-mil-pessoas-que-nao-ha-alternativas-dentro-do-capitalismo\/#article","isPartOf":{"@id":"https:\/\/psol50.org.br\/em-brasilia-slavoj-zizek-afirma-para-mais-de-mil-pessoas-que-nao-ha-alternativas-dentro-do-capitalismo\/"},"author":{"name":"Comunica\u00e7\u00e3o PSOL","@id":"https:\/\/psol50.org.br\/#\/schema\/person\/475dfa57d0b815993c714c2e96491fcd"},"headline":"Em Bras\u00edlia, Slavoj \u017di\u017eek afirma, para mais de mil pessoas, que n\u00e3o h\u00e1 alternativas dentro do capitalismo","datePublished":"2013-03-13T00:00:00+00:00","mainEntityOfPage":{"@id":"https:\/\/psol50.org.br\/em-brasilia-slavoj-zizek-afirma-para-mais-de-mil-pessoas-que-nao-ha-alternativas-dentro-do-capitalismo\/"},"wordCount":785,"commentCount":0,"publisher":{"@id":"https:\/\/psol50.org.br\/#organization"},"keywords":["esquerda","Gr\u00e9cia","Internacional","Syriza"],"articleSection":["Arquivo","Gr\u00e9cia","Internacional"],"inLanguage":"pt-BR","potentialAction":[{"@type":"CommentAction","name":"Comment","target":["https:\/\/psol50.org.br\/em-brasilia-slavoj-zizek-afirma-para-mais-de-mil-pessoas-que-nao-ha-alternativas-dentro-do-capitalismo\/#respond"]}]},{"@type":"WebPage","@id":"https:\/\/psol50.org.br\/em-brasilia-slavoj-zizek-afirma-para-mais-de-mil-pessoas-que-nao-ha-alternativas-dentro-do-capitalismo\/","url":"https:\/\/psol50.org.br\/em-brasilia-slavoj-zizek-afirma-para-mais-de-mil-pessoas-que-nao-ha-alternativas-dentro-do-capitalismo\/","name":"Em Bras\u00edlia, Slavoj \u017di\u017eek afirma, para mais de mil pessoas, que n\u00e3o h\u00e1 alternativas dentro do capitalismo - PSOL 50","isPartOf":{"@id":"https:\/\/psol50.org.br\/#website"},"datePublished":"2013-03-13T00:00:00+00:00","breadcrumb":{"@id":"https:\/\/psol50.org.br\/em-brasilia-slavoj-zizek-afirma-para-mais-de-mil-pessoas-que-nao-ha-alternativas-dentro-do-capitalismo\/#breadcrumb"},"inLanguage":"pt-BR","potentialAction":[{"@type":"ReadAction","target":["https:\/\/psol50.org.br\/em-brasilia-slavoj-zizek-afirma-para-mais-de-mil-pessoas-que-nao-ha-alternativas-dentro-do-capitalismo\/"]}]},{"@type":"BreadcrumbList","@id":"https:\/\/psol50.org.br\/em-brasilia-slavoj-zizek-afirma-para-mais-de-mil-pessoas-que-nao-ha-alternativas-dentro-do-capitalismo\/#breadcrumb","itemListElement":[{"@type":"ListItem","position":1,"name":"In\u00edcio","item":"https:\/\/psol50.org.br\/"},{"@type":"ListItem","position":2,"name":"Em Bras\u00edlia, Slavoj \u017di\u017eek afirma, para mais de mil pessoas, que n\u00e3o h\u00e1 alternativas dentro do capitalismo"}]},{"@type":"WebSite","@id":"https:\/\/psol50.org.br\/#website","url":"https:\/\/psol50.org.br\/","name":"PSOL 50","description":"Site oficial do Partido Socialismo e Liberdade","publisher":{"@id":"https:\/\/psol50.org.br\/#organization"},"alternateName":"PSOL50","potentialAction":[{"@type":"SearchAction","target":{"@type":"EntryPoint","urlTemplate":"https:\/\/psol50.org.br\/?s={search_term_string}"},"query-input":{"@type":"PropertyValueSpecification","valueRequired":true,"valueName":"search_term_string"}}],"inLanguage":"pt-BR"},{"@type":"Organization","@id":"https:\/\/psol50.org.br\/#organization","name":"PSOL 50","alternateName":"PSOL 50","url":"https:\/\/psol50.org.br\/","logo":{"@type":"ImageObject","inLanguage":"pt-BR","@id":"https:\/\/psol50.org.br\/#\/schema\/logo\/image\/","url":"https:\/\/psol50.org.br\/inc\/uploads\/2018\/07\/capa.png","contentUrl":"https:\/\/psol50.org.br\/inc\/uploads\/2018\/07\/capa.png","width":1350,"height":900,"caption":"PSOL 50"},"image":{"@id":"https:\/\/psol50.org.br\/#\/schema\/logo\/image\/"},"sameAs":["https:\/\/www.facebook.com\/psol50","https:\/\/x.com\/psol50","https:\/\/www.instagram.com\/psol50\/","https:\/\/www.youtube.com\/channel\/UC7SnJS5o1os7a6CaiNabzcg"]},{"@type":"Person","@id":"https:\/\/psol50.org.br\/#\/schema\/person\/475dfa57d0b815993c714c2e96491fcd","name":"Comunica\u00e7\u00e3o PSOL","image":{"@type":"ImageObject","inLanguage":"pt-BR","@id":"https:\/\/psol50.org.br\/#\/schema\/person\/image\/","url":"https:\/\/secure.gravatar.com\/avatar\/b34fc4f4e468a4e51785917065a3db57b841f5c95dba6ad8c73aaf8f66f8f9bf?s=96&d=mm&r=g","contentUrl":"https:\/\/secure.gravatar.com\/avatar\/b34fc4f4e468a4e51785917065a3db57b841f5c95dba6ad8c73aaf8f66f8f9bf?s=96&d=mm&r=g","caption":"Comunica\u00e7\u00e3o PSOL"}}]}},"_links":{"self":[{"href":"https:\/\/psol50.org.br\/rest\/wp\/v2\/posts\/1844","targetHints":{"allow":["GET"]}}],"collection":[{"href":"https:\/\/psol50.org.br\/rest\/wp\/v2\/posts"}],"about":[{"href":"https:\/\/psol50.org.br\/rest\/wp\/v2\/types\/post"}],"author":[{"embeddable":true,"href":"https:\/\/psol50.org.br\/rest\/wp\/v2\/users\/2"}],"replies":[{"embeddable":true,"href":"https:\/\/psol50.org.br\/rest\/wp\/v2\/comments?post=1844"}],"version-history":[{"count":0,"href":"https:\/\/psol50.org.br\/rest\/wp\/v2\/posts\/1844\/revisions"}],"wp:attachment":[{"href":"https:\/\/psol50.org.br\/rest\/wp\/v2\/media?parent=1844"}],"wp:term":[{"taxonomy":"category","embeddable":true,"href":"https:\/\/psol50.org.br\/rest\/wp\/v2\/categories?post=1844"},{"taxonomy":"post_tag","embeddable":true,"href":"https:\/\/psol50.org.br\/rest\/wp\/v2\/tags?post=1844"}],"curies":[{"name":"wp","href":"https:\/\/api.w.org\/{rel}","templated":true}]}}