{"id":18443,"date":"2017-10-11T13:20:22","date_gmt":"2017-10-11T16:20:22","guid":{"rendered":"http:\/\/www.psol50.org.br\/?p=18443"},"modified":"2017-10-11T13:20:22","modified_gmt":"2017-10-11T16:20:22","slug":"numero-de-homicidios-de-adolescentes-pode-chegar-a-43-mil-em-seis-anos","status":"publish","type":"post","link":"https:\/\/psol50.org.br\/numero-de-homicidios-de-adolescentes-pode-chegar-a-43-mil-em-seis-anos\/","title":{"rendered":"N\u00famero de homic\u00eddios de adolescentes pode chegar a 43 mil, em seis anos"},"content":{"rendered":"<p>No momento em que o <a href=\"http:\/\/www.psol50.org.br\/pressao-garante-adiamento-de-votacao-da-proposta-de-reducao-da-maioridade-penal-na-ccj-do-senado\/\" target=\"_blank\" rel=\"noopener\"><strong><span style=\"color: #0000ff;\">Senado volta a debater uma proposta de redu\u00e7\u00e3o da maioridade penal<\/span><\/strong><\/a> de 18 para 16 anos, estudo realizado em parceria entre o Unicef, o Minist\u00e9rio dos Direitos Humanos,\u00a0o Observat\u00f3rio de Favelas e o Laborat\u00f3rio de An\u00e1lise da Viol\u00eancia, da Universidade do Estado do Rio de Janeiro (LAV-Uerj), aponta que em seis anos (2015 a 2021) o n\u00famero de assassinatos de crian\u00e7as e adolescentes poder\u00e1 atingir 43 mil. Denominado <a href=\"https:\/\/www.unicef.org\/brazil\/pt\/resources_37216.html\" target=\"_blank\" rel=\"noopener\"><span style=\"color: #0000ff;\"><strong>\u00cdndice de Homic\u00eddios na Adolesc\u00eancia 2014 (IHA)<\/strong><\/span><\/a>, o levantamento aponta que o maior problema ser\u00e1 nos estados da regi\u00e3o Nordeste, atingindo, majoritariamente, meninos negros.<\/p>\n<p>Para chegar \u00e0 estimativa, as institui\u00e7\u00f5es respons\u00e1veis pela pesquisa analisaram os homic\u00eddios de adolescentes de 12 a 18 anos, nos 300 munic\u00edpios brasileiros com mais de 100 mil habitantes. O estudo \u00e9 calculado para cada grupo de mil pessoas entre 12 e 18 anos. A partir da an\u00e1lise das informa\u00e7\u00f5es de 2014, para cada mil adolescentes, 3,65 correm o risco de ser assassinados antes de completar 19 anos.<\/p>\n<p>&#8220;O que temos visto hoje no Brasil \u00e9 que a falta de oportunidades tem determinado cruelmente a vida de muitos adolescentes&#8221;, defende Florence Bauer, representante do Unicef no Brasil. &#8220;Enquanto o Brasil nas \u00faltimas d\u00e9cadas conseguiu reduzir a mortalidade infantil significativamente, o n\u00famero de mortes entre os adolescentes cresceu de uma maneira alarmante. \u00c9 primordial que o Pa\u00eds valorize melhor a segunda d\u00e9cada de vida e d\u00ea \u00e0 adolesc\u00eancia a import\u00e2ncia que ela merece&#8221;.<\/p>\n<p>De acordo com dados levantamentos pelo organismo das ONU para a inf\u00e2ncia, de 2012 para c\u00e1, o n\u00famero dos adolescentes entre 12 e 18 anos morrendo por agress\u00e3o \u00e9 proporcionalmente mais alto do que do resto da popula\u00e7\u00e3o brasileira (31,6 para cada 100.000 adolescentes em 2014 comparados com 29,7 para cada 100.000 pessoas no geral).<\/p>\n<p>Fabiana Gorenstein, especialista do Unicef em prote\u00e7\u00e3o \u00e0 crian\u00e7a, explica que o IHA \u00e9 uma ferramenta que chama aten\u00e7\u00e3o para a necessidade de mudan\u00e7a do foco das pol\u00edticas p\u00fablicas.\u00a0&#8220;Estamos falando de uma situa\u00e7\u00e3o bastante dram\u00e1tica na qual um adolescente tem mais risco de ser assassinado do que um adulto&#8221;, diz Fabiana. &#8220;Uma dos principais objetivos do IHA \u00e9 mostrar que o direito \u00e0 vida dos adolescentes brasileiros est\u00e1 em risco. Quando falamos em 43 mil que podem morrer, estamos falando n\u00e3o somente de n\u00fameros, mas de pessoas que t\u00eam pai e m\u00e3e.&#8221;<\/p>\n<p>O estudo aponta, ainda, que sete capitais mais violentas para um adolescente viver est\u00e3o na Regi\u00e3o Nordeste, entre as dez analisadas. Fortaleza tem o maior \u00edndice de homic\u00eddios, com 10,94 para cada grupo de mil adolescentes, seguida por Macei\u00f3 (9,37). As cidades do Rio de Janeiro e de S\u00e3o Paulo registraram a 19\u00aa e a 22\u00aa posi\u00e7\u00e3o entre as capitais (2,71 e 2,19, respectivamente).<\/p>\n<p>Em rela\u00e7\u00e3o ao cruzamento de cor e g\u00eanero, o IHA mostra que em 2014 os adolescentes do sexo masculino tinham um risco 13,52 vezes superior ao das adolescentes do sexo feminino, e os adolescentes negros, um risco 2,88 vezes superior ao dos brancos.<\/p>\n<p>Os dados apresentados pelo estudo s\u00f3 confirmam que as crian\u00e7as, os adolescentes e os jovens brasileiros, especialmente os das periferias do pa\u00eds, precisam de mais investimentos em escolas e de igualdade de oportunidades. Al\u00e9m disso, corroboram o entendimento de que aumenta a viol\u00eancia contra jovens negros, demonstrando que a proposta de redu\u00e7\u00e3o da maioridade penal n\u00e3o ir\u00e1 resolver o problema da criminalidade. As consequ\u00eancias para o pa\u00eds, caso a proposta em discuss\u00e3o no Senado Federal (<a href=\"http:\/\/www25.senado.leg.br\/web\/atividade\/materias\/-\/materia\/106330\" target=\"_blank\" rel=\"noopener\"><span style=\"color: #0000ff;\"><strong>PEC 33\/2012<\/strong><\/span><\/a>), seja aprovada, ser\u00e1, ainda mais, o aumento da criminaliza\u00e7\u00e3o e do encarceramento de jovens negros da periferia.<\/p>\n<p><em>Com informa\u00e7\u00f5es do Unicef Brasil e do Estad\u00e3o<\/em><\/p>\n","protected":false},"excerpt":{"rendered":"<p>No momento em que o Senado volta a debater uma proposta de redu\u00e7\u00e3o da maioridade penal de 18 para 16 anos, estudo realizado em parceria entre o Unicef, o Minist\u00e9rio dos Direitos Humanos,\u00a0o Observat\u00f3rio de Favelas e o Laborat\u00f3rio de An\u00e1lise da Viol\u00eancia, da Universidade do Estado do Rio de Janeiro (LAV-Uerj), aponta que em [&hellip;]<\/p>\n","protected":false},"author":2,"featured_media":18446,"comment_status":"open","ping_status":"open","sticky":false,"template":"","format":"standard","meta":{"_acf_changed":false,"footnotes":""},"categories":[1882,6],"tags":[238,3503,86,1093,606,3644,3645,239,3646,331,3647,822,233],"class_list":{"0":"post-18443","1":"post","2":"type-post","3":"status-publish","4":"format-standard","5":"has-post-thumbnail","7":"category-brasil","8":"category-noticias","9":"tag-adolescentes","10":"tag-assassinatos","11":"tag-brasil","12":"tag-criancas","13":"tag-estudo","14":"tag-iha","15":"tag-indice-de-homicidio-na-adolescencia","16":"tag-jovens","17":"tag-ministerio-dos-direitos-humanos","18":"tag-nordeste","19":"tag-observatorio-de-favelas","20":"tag-unicef","21":"tag-violencia"},"acf":[],"yoast_head":"<!-- This site is optimized with the Yoast SEO plugin v26.5 - https:\/\/yoast.com\/wordpress\/plugins\/seo\/ -->\n<title>N\u00famero de homic\u00eddios de adolescentes pode chegar a 43 mil, em seis anos - PSOL 50<\/title>\n<meta name=\"robots\" content=\"index, follow, max-snippet:-1, max-image-preview:large, max-video-preview:-1\" \/>\n<link rel=\"canonical\" href=\"https:\/\/psol50.org.br\/numero-de-homicidios-de-adolescentes-pode-chegar-a-43-mil-em-seis-anos\/\" \/>\n<meta property=\"og:locale\" content=\"pt_BR\" \/>\n<meta property=\"og:type\" content=\"article\" \/>\n<meta property=\"og:title\" content=\"N\u00famero de homic\u00eddios de adolescentes pode chegar a 43 mil, em seis anos - PSOL 50\" \/>\n<meta property=\"og:description\" content=\"No momento em que o Senado volta a debater uma proposta de redu\u00e7\u00e3o da maioridade penal de 18 para 16 anos, estudo realizado em parceria entre o Unicef, o Minist\u00e9rio dos Direitos Humanos,\u00a0o Observat\u00f3rio de Favelas e o Laborat\u00f3rio de An\u00e1lise da Viol\u00eancia, da Universidade do Estado do Rio de Janeiro (LAV-Uerj), aponta que em [&hellip;]\" \/>\n<meta property=\"og:url\" content=\"https:\/\/psol50.org.br\/numero-de-homicidios-de-adolescentes-pode-chegar-a-43-mil-em-seis-anos\/\" \/>\n<meta property=\"og:site_name\" content=\"PSOL 50\" \/>\n<meta property=\"article:publisher\" content=\"https:\/\/www.facebook.com\/psol50\" \/>\n<meta property=\"article:published_time\" content=\"2017-10-11T16:20:22+00:00\" \/>\n<meta property=\"og:image\" content=\"https:\/\/psol50.org.br\/inc\/uploads\/2018\/07\/capa.png\" \/>\n\t<meta property=\"og:image:width\" content=\"1350\" \/>\n\t<meta property=\"og:image:height\" content=\"900\" \/>\n\t<meta property=\"og:image:type\" content=\"image\/png\" \/>\n<meta name=\"author\" content=\"Comunica\u00e7\u00e3o PSOL\" \/>\n<meta name=\"twitter:card\" content=\"summary_large_image\" \/>\n<meta name=\"twitter:creator\" content=\"@psol50\" \/>\n<meta name=\"twitter:site\" content=\"@psol50\" \/>\n<meta name=\"twitter:label1\" content=\"Escrito por\" \/>\n\t<meta name=\"twitter:data1\" content=\"Comunica\u00e7\u00e3o PSOL\" \/>\n\t<meta name=\"twitter:label2\" content=\"Est. tempo de leitura\" \/>\n\t<meta name=\"twitter:data2\" content=\"3 minutos\" \/>\n<script type=\"application\/ld+json\" class=\"yoast-schema-graph\">{\"@context\":\"https:\/\/schema.org\",\"@graph\":[{\"@type\":\"Article\",\"@id\":\"https:\/\/psol50.org.br\/numero-de-homicidios-de-adolescentes-pode-chegar-a-43-mil-em-seis-anos\/#article\",\"isPartOf\":{\"@id\":\"https:\/\/psol50.org.br\/numero-de-homicidios-de-adolescentes-pode-chegar-a-43-mil-em-seis-anos\/\"},\"author\":{\"name\":\"Comunica\u00e7\u00e3o PSOL\",\"@id\":\"https:\/\/psol50.org.br\/#\/schema\/person\/475dfa57d0b815993c714c2e96491fcd\"},\"headline\":\"N\u00famero de homic\u00eddios de adolescentes pode chegar a 43 mil, em seis anos\",\"datePublished\":\"2017-10-11T16:20:22+00:00\",\"mainEntityOfPage\":{\"@id\":\"https:\/\/psol50.org.br\/numero-de-homicidios-de-adolescentes-pode-chegar-a-43-mil-em-seis-anos\/\"},\"wordCount\":625,\"commentCount\":0,\"publisher\":{\"@id\":\"https:\/\/psol50.org.br\/#organization\"},\"image\":{\"@id\":\"https:\/\/psol50.org.br\/numero-de-homicidios-de-adolescentes-pode-chegar-a-43-mil-em-seis-anos\/#primaryimage\"},\"thumbnailUrl\":\"\",\"keywords\":[\"adolescentes\",\"assassinatos\",\"Brasil\",\"crian\u00e7as\",\"estudo\",\"IHA\",\"\u00edndice de homic\u00eddio na adolesc\u00eancia\",\"jovens\",\"Minist\u00e9rio dos Direitos Humanos\",\"Nordeste\",\"Observat\u00f3rio de Favelas\",\"Unicef\",\"viol\u00eancia\"],\"articleSection\":[\"Brasil\",\"Not\u00edcias\"],\"inLanguage\":\"pt-BR\",\"potentialAction\":[{\"@type\":\"CommentAction\",\"name\":\"Comment\",\"target\":[\"https:\/\/psol50.org.br\/numero-de-homicidios-de-adolescentes-pode-chegar-a-43-mil-em-seis-anos\/#respond\"]}]},{\"@type\":\"WebPage\",\"@id\":\"https:\/\/psol50.org.br\/numero-de-homicidios-de-adolescentes-pode-chegar-a-43-mil-em-seis-anos\/\",\"url\":\"https:\/\/psol50.org.br\/numero-de-homicidios-de-adolescentes-pode-chegar-a-43-mil-em-seis-anos\/\",\"name\":\"N\u00famero de homic\u00eddios de adolescentes pode chegar a 43 mil, em seis anos - PSOL 50\",\"isPartOf\":{\"@id\":\"https:\/\/psol50.org.br\/#website\"},\"primaryImageOfPage\":{\"@id\":\"https:\/\/psol50.org.br\/numero-de-homicidios-de-adolescentes-pode-chegar-a-43-mil-em-seis-anos\/#primaryimage\"},\"image\":{\"@id\":\"https:\/\/psol50.org.br\/numero-de-homicidios-de-adolescentes-pode-chegar-a-43-mil-em-seis-anos\/#primaryimage\"},\"thumbnailUrl\":\"\",\"datePublished\":\"2017-10-11T16:20:22+00:00\",\"breadcrumb\":{\"@id\":\"https:\/\/psol50.org.br\/numero-de-homicidios-de-adolescentes-pode-chegar-a-43-mil-em-seis-anos\/#breadcrumb\"},\"inLanguage\":\"pt-BR\",\"potentialAction\":[{\"@type\":\"ReadAction\",\"target\":[\"https:\/\/psol50.org.br\/numero-de-homicidios-de-adolescentes-pode-chegar-a-43-mil-em-seis-anos\/\"]}]},{\"@type\":\"ImageObject\",\"inLanguage\":\"pt-BR\",\"@id\":\"https:\/\/psol50.org.br\/numero-de-homicidios-de-adolescentes-pode-chegar-a-43-mil-em-seis-anos\/#primaryimage\",\"url\":\"\",\"contentUrl\":\"\"},{\"@type\":\"BreadcrumbList\",\"@id\":\"https:\/\/psol50.org.br\/numero-de-homicidios-de-adolescentes-pode-chegar-a-43-mil-em-seis-anos\/#breadcrumb\",\"itemListElement\":[{\"@type\":\"ListItem\",\"position\":1,\"name\":\"In\u00edcio\",\"item\":\"https:\/\/psol50.org.br\/\"},{\"@type\":\"ListItem\",\"position\":2,\"name\":\"N\u00famero de homic\u00eddios de adolescentes pode chegar a 43 mil, em seis anos\"}]},{\"@type\":\"WebSite\",\"@id\":\"https:\/\/psol50.org.br\/#website\",\"url\":\"https:\/\/psol50.org.br\/\",\"name\":\"PSOL 50\",\"description\":\"Site oficial do Partido Socialismo e Liberdade\",\"publisher\":{\"@id\":\"https:\/\/psol50.org.br\/#organization\"},\"alternateName\":\"PSOL50\",\"potentialAction\":[{\"@type\":\"SearchAction\",\"target\":{\"@type\":\"EntryPoint\",\"urlTemplate\":\"https:\/\/psol50.org.br\/?s={search_term_string}\"},\"query-input\":{\"@type\":\"PropertyValueSpecification\",\"valueRequired\":true,\"valueName\":\"search_term_string\"}}],\"inLanguage\":\"pt-BR\"},{\"@type\":\"Organization\",\"@id\":\"https:\/\/psol50.org.br\/#organization\",\"name\":\"PSOL 50\",\"alternateName\":\"PSOL 50\",\"url\":\"https:\/\/psol50.org.br\/\",\"logo\":{\"@type\":\"ImageObject\",\"inLanguage\":\"pt-BR\",\"@id\":\"https:\/\/psol50.org.br\/#\/schema\/logo\/image\/\",\"url\":\"https:\/\/psol50.org.br\/inc\/uploads\/2018\/07\/capa.png\",\"contentUrl\":\"https:\/\/psol50.org.br\/inc\/uploads\/2018\/07\/capa.png\",\"width\":1350,\"height\":900,\"caption\":\"PSOL 50\"},\"image\":{\"@id\":\"https:\/\/psol50.org.br\/#\/schema\/logo\/image\/\"},\"sameAs\":[\"https:\/\/www.facebook.com\/psol50\",\"https:\/\/x.com\/psol50\",\"https:\/\/www.instagram.com\/psol50\/\",\"https:\/\/www.youtube.com\/channel\/UC7SnJS5o1os7a6CaiNabzcg\"]},{\"@type\":\"Person\",\"@id\":\"https:\/\/psol50.org.br\/#\/schema\/person\/475dfa57d0b815993c714c2e96491fcd\",\"name\":\"Comunica\u00e7\u00e3o PSOL\",\"image\":{\"@type\":\"ImageObject\",\"inLanguage\":\"pt-BR\",\"@id\":\"https:\/\/psol50.org.br\/#\/schema\/person\/image\/\",\"url\":\"https:\/\/secure.gravatar.com\/avatar\/b34fc4f4e468a4e51785917065a3db57b841f5c95dba6ad8c73aaf8f66f8f9bf?s=96&d=mm&r=g\",\"contentUrl\":\"https:\/\/secure.gravatar.com\/avatar\/b34fc4f4e468a4e51785917065a3db57b841f5c95dba6ad8c73aaf8f66f8f9bf?s=96&d=mm&r=g\",\"caption\":\"Comunica\u00e7\u00e3o PSOL\"}}]}<\/script>\n<!-- \/ Yoast SEO plugin. -->","yoast_head_json":{"title":"N\u00famero de homic\u00eddios de adolescentes pode chegar a 43 mil, em seis anos - PSOL 50","robots":{"index":"index","follow":"follow","max-snippet":"max-snippet:-1","max-image-preview":"max-image-preview:large","max-video-preview":"max-video-preview:-1"},"canonical":"https:\/\/psol50.org.br\/numero-de-homicidios-de-adolescentes-pode-chegar-a-43-mil-em-seis-anos\/","og_locale":"pt_BR","og_type":"article","og_title":"N\u00famero de homic\u00eddios de adolescentes pode chegar a 43 mil, em seis anos - PSOL 50","og_description":"No momento em que o Senado volta a debater uma proposta de redu\u00e7\u00e3o da maioridade penal de 18 para 16 anos, estudo realizado em parceria entre o Unicef, o Minist\u00e9rio dos Direitos Humanos,\u00a0o Observat\u00f3rio de Favelas e o Laborat\u00f3rio de An\u00e1lise da Viol\u00eancia, da Universidade do Estado do Rio de Janeiro (LAV-Uerj), aponta que em [&hellip;]","og_url":"https:\/\/psol50.org.br\/numero-de-homicidios-de-adolescentes-pode-chegar-a-43-mil-em-seis-anos\/","og_site_name":"PSOL 50","article_publisher":"https:\/\/www.facebook.com\/psol50","article_published_time":"2017-10-11T16:20:22+00:00","og_image":[{"width":1350,"height":900,"url":"https:\/\/psol50.org.br\/inc\/uploads\/2018\/07\/capa.png","type":"image\/png"}],"author":"Comunica\u00e7\u00e3o PSOL","twitter_card":"summary_large_image","twitter_creator":"@psol50","twitter_site":"@psol50","twitter_misc":{"Escrito por":"Comunica\u00e7\u00e3o PSOL","Est. tempo de leitura":"3 minutos"},"schema":{"@context":"https:\/\/schema.org","@graph":[{"@type":"Article","@id":"https:\/\/psol50.org.br\/numero-de-homicidios-de-adolescentes-pode-chegar-a-43-mil-em-seis-anos\/#article","isPartOf":{"@id":"https:\/\/psol50.org.br\/numero-de-homicidios-de-adolescentes-pode-chegar-a-43-mil-em-seis-anos\/"},"author":{"name":"Comunica\u00e7\u00e3o PSOL","@id":"https:\/\/psol50.org.br\/#\/schema\/person\/475dfa57d0b815993c714c2e96491fcd"},"headline":"N\u00famero de homic\u00eddios de adolescentes pode chegar a 43 mil, em seis anos","datePublished":"2017-10-11T16:20:22+00:00","mainEntityOfPage":{"@id":"https:\/\/psol50.org.br\/numero-de-homicidios-de-adolescentes-pode-chegar-a-43-mil-em-seis-anos\/"},"wordCount":625,"commentCount":0,"publisher":{"@id":"https:\/\/psol50.org.br\/#organization"},"image":{"@id":"https:\/\/psol50.org.br\/numero-de-homicidios-de-adolescentes-pode-chegar-a-43-mil-em-seis-anos\/#primaryimage"},"thumbnailUrl":"","keywords":["adolescentes","assassinatos","Brasil","crian\u00e7as","estudo","IHA","\u00edndice de homic\u00eddio na adolesc\u00eancia","jovens","Minist\u00e9rio dos Direitos Humanos","Nordeste","Observat\u00f3rio de Favelas","Unicef","viol\u00eancia"],"articleSection":["Brasil","Not\u00edcias"],"inLanguage":"pt-BR","potentialAction":[{"@type":"CommentAction","name":"Comment","target":["https:\/\/psol50.org.br\/numero-de-homicidios-de-adolescentes-pode-chegar-a-43-mil-em-seis-anos\/#respond"]}]},{"@type":"WebPage","@id":"https:\/\/psol50.org.br\/numero-de-homicidios-de-adolescentes-pode-chegar-a-43-mil-em-seis-anos\/","url":"https:\/\/psol50.org.br\/numero-de-homicidios-de-adolescentes-pode-chegar-a-43-mil-em-seis-anos\/","name":"N\u00famero de homic\u00eddios de adolescentes pode chegar a 43 mil, em seis anos - PSOL 50","isPartOf":{"@id":"https:\/\/psol50.org.br\/#website"},"primaryImageOfPage":{"@id":"https:\/\/psol50.org.br\/numero-de-homicidios-de-adolescentes-pode-chegar-a-43-mil-em-seis-anos\/#primaryimage"},"image":{"@id":"https:\/\/psol50.org.br\/numero-de-homicidios-de-adolescentes-pode-chegar-a-43-mil-em-seis-anos\/#primaryimage"},"thumbnailUrl":"","datePublished":"2017-10-11T16:20:22+00:00","breadcrumb":{"@id":"https:\/\/psol50.org.br\/numero-de-homicidios-de-adolescentes-pode-chegar-a-43-mil-em-seis-anos\/#breadcrumb"},"inLanguage":"pt-BR","potentialAction":[{"@type":"ReadAction","target":["https:\/\/psol50.org.br\/numero-de-homicidios-de-adolescentes-pode-chegar-a-43-mil-em-seis-anos\/"]}]},{"@type":"ImageObject","inLanguage":"pt-BR","@id":"https:\/\/psol50.org.br\/numero-de-homicidios-de-adolescentes-pode-chegar-a-43-mil-em-seis-anos\/#primaryimage","url":"","contentUrl":""},{"@type":"BreadcrumbList","@id":"https:\/\/psol50.org.br\/numero-de-homicidios-de-adolescentes-pode-chegar-a-43-mil-em-seis-anos\/#breadcrumb","itemListElement":[{"@type":"ListItem","position":1,"name":"In\u00edcio","item":"https:\/\/psol50.org.br\/"},{"@type":"ListItem","position":2,"name":"N\u00famero de homic\u00eddios de adolescentes pode chegar a 43 mil, em seis anos"}]},{"@type":"WebSite","@id":"https:\/\/psol50.org.br\/#website","url":"https:\/\/psol50.org.br\/","name":"PSOL 50","description":"Site oficial do Partido Socialismo e Liberdade","publisher":{"@id":"https:\/\/psol50.org.br\/#organization"},"alternateName":"PSOL50","potentialAction":[{"@type":"SearchAction","target":{"@type":"EntryPoint","urlTemplate":"https:\/\/psol50.org.br\/?s={search_term_string}"},"query-input":{"@type":"PropertyValueSpecification","valueRequired":true,"valueName":"search_term_string"}}],"inLanguage":"pt-BR"},{"@type":"Organization","@id":"https:\/\/psol50.org.br\/#organization","name":"PSOL 50","alternateName":"PSOL 50","url":"https:\/\/psol50.org.br\/","logo":{"@type":"ImageObject","inLanguage":"pt-BR","@id":"https:\/\/psol50.org.br\/#\/schema\/logo\/image\/","url":"https:\/\/psol50.org.br\/inc\/uploads\/2018\/07\/capa.png","contentUrl":"https:\/\/psol50.org.br\/inc\/uploads\/2018\/07\/capa.png","width":1350,"height":900,"caption":"PSOL 50"},"image":{"@id":"https:\/\/psol50.org.br\/#\/schema\/logo\/image\/"},"sameAs":["https:\/\/www.facebook.com\/psol50","https:\/\/x.com\/psol50","https:\/\/www.instagram.com\/psol50\/","https:\/\/www.youtube.com\/channel\/UC7SnJS5o1os7a6CaiNabzcg"]},{"@type":"Person","@id":"https:\/\/psol50.org.br\/#\/schema\/person\/475dfa57d0b815993c714c2e96491fcd","name":"Comunica\u00e7\u00e3o PSOL","image":{"@type":"ImageObject","inLanguage":"pt-BR","@id":"https:\/\/psol50.org.br\/#\/schema\/person\/image\/","url":"https:\/\/secure.gravatar.com\/avatar\/b34fc4f4e468a4e51785917065a3db57b841f5c95dba6ad8c73aaf8f66f8f9bf?s=96&d=mm&r=g","contentUrl":"https:\/\/secure.gravatar.com\/avatar\/b34fc4f4e468a4e51785917065a3db57b841f5c95dba6ad8c73aaf8f66f8f9bf?s=96&d=mm&r=g","caption":"Comunica\u00e7\u00e3o PSOL"}}]}},"_links":{"self":[{"href":"https:\/\/psol50.org.br\/rest\/wp\/v2\/posts\/18443","targetHints":{"allow":["GET"]}}],"collection":[{"href":"https:\/\/psol50.org.br\/rest\/wp\/v2\/posts"}],"about":[{"href":"https:\/\/psol50.org.br\/rest\/wp\/v2\/types\/post"}],"author":[{"embeddable":true,"href":"https:\/\/psol50.org.br\/rest\/wp\/v2\/users\/2"}],"replies":[{"embeddable":true,"href":"https:\/\/psol50.org.br\/rest\/wp\/v2\/comments?post=18443"}],"version-history":[{"count":0,"href":"https:\/\/psol50.org.br\/rest\/wp\/v2\/posts\/18443\/revisions"}],"wp:featuredmedia":[{"embeddable":true,"href":"https:\/\/psol50.org.br\/rest\/"}],"wp:attachment":[{"href":"https:\/\/psol50.org.br\/rest\/wp\/v2\/media?parent=18443"}],"wp:term":[{"taxonomy":"category","embeddable":true,"href":"https:\/\/psol50.org.br\/rest\/wp\/v2\/categories?post=18443"},{"taxonomy":"post_tag","embeddable":true,"href":"https:\/\/psol50.org.br\/rest\/wp\/v2\/tags?post=18443"}],"curies":[{"name":"wp","href":"https:\/\/api.w.org\/{rel}","templated":true}]}}