{"id":1846,"date":"2013-03-14T00:00:00","date_gmt":"2013-03-14T00:00:00","guid":{"rendered":"http:\/\/psol50.org.br\/arquivo\/2013\/03\/14\/crise-internacional-e-tema-de-ciclo-de-debates-com-francisco-louca-do-bloco-de-esquerda-de-portugal\/"},"modified":"2013-03-14T00:00:00","modified_gmt":"2013-03-14T00:00:00","slug":"crise-internacional-e-tema-de-ciclo-de-debates-com-francisco-louca-do-bloco-de-esquerda-de-portugal","status":"publish","type":"post","link":"https:\/\/psol50.org.br\/crise-internacional-e-tema-de-ciclo-de-debates-com-francisco-louca-do-bloco-de-esquerda-de-portugal\/","title":{"rendered":"Crise internacional \u00e9 tema de ciclo de debates com Francisco Lou\u00e7\u00e3, do Bloco de Esquerda de Portugal"},"content":{"rendered":"<div style=\"text-align: justify;\">\n\t<br \/>\n\tA Secretaria de Rela\u00e7\u00f5es Internacionais do PSOL traz ao Brasil a lideran\u00e7a do Bloco de Esquerda de Portugal, Francisco Lou\u00e7\u00e3, para um ciclo de debates nos dias 18 e 19 de mar\u00e7o, em S\u00e3o Paulo e no Rio de Janeiro, respectivamente. Economista, acad\u00eamico e escritor, Lou\u00e7\u00e3 fundou o Bloco de Esquerda em 1999, organiza\u00e7\u00e3o em que \u00e9 membro at\u00e9 hoje, tendo sido eleito deputado por Lisboa em 1999, reeleito em 2002, 2005, 2009 e 2011. Atualmente, \u00e9 uma das principais refer\u00eancias da esquerda nas lutas contra as pol\u00edticas econ\u00f4micas do governo portugu\u00eas diante da crise econ\u00f4mica que imp\u00f5e graves san\u00e7\u00f5es aos trabalhadores e amea\u00e7a seus direitos.<br \/>\n\t&nbsp;<br \/>\n\tAt\u00e9 novembro de 2012, Lou\u00e7\u00e3 era presidente do Bloco de Esquerda, quando foi substitu\u00eddo por Catarina Martins e Jo\u00e3o Semedo durante congresso, que contou com a participa\u00e7\u00e3o do presidente do PSOL, Ivan Valente e do secretario de Rela\u00e7\u00f5es Internacionais, Afr\u00e2nio Bropp\u00e9.<br \/>\n\t&nbsp;<br \/>\n\t<strong>Ciclo de debates<\/strong><br \/>\n\tCom o tema \u201cA crise econ\u00f4mica na Europa e as perspectivas para a esquerda na luta anticapitalista\u201d, o debate do dia 18, em S\u00e3o Paulo, contar\u00e1 tamb\u00e9m com as presen\u00e7as do presidente nacional do PSOL e deputado federal, Ivan Valente, e com o deputado estadual Carlos Giannazi. A atividade ser\u00e1 a partir das 18h, no audit\u00f3rio de Geografia (FFLCH) da USP.<br \/>\n\t&nbsp;<br \/>\n\tNo segundo dia (19), na capital fluminense, a confer\u00eancia \u201cA crise econ\u00f4mica internacional: tend\u00eancias e desafios\u201d, ter\u00e1 a participa\u00e7\u00e3o, al\u00e9m do dirigente portugu\u00eas, do deputado estadual Marcelo Freixo, do professor da Universidade Federal Fluminense (UFF) Carlos Walter Porto Gon\u00e7alves, e do secret\u00e1rio de Rela\u00e7\u00f5es Internacionais do PSOL, Afr\u00e2nio Bropp\u00e9. No Rio, o debate ser\u00e1 no Instituto de Filosofia e Ci\u00eancias Sociais da UFRJ, no Largo S\u00e3o Francisco de Paula (n\u00ba 1, sala 106, Centro), a partir das 18h30.<br \/>\n\t&nbsp;<br \/>\n\tPara Ivan Valente, nesse momento em que os trabalhadores de Portugal v\u00e3o quase que diariamente \u00e0s ruas protestar contra os ataques promovidos pelo governo e pela Uni\u00e3o Europeia, debater essa experi\u00eancia de como enfrentar a crise internacional com uma lideran\u00e7a como Lou\u00e7\u00e3 \u00e9 tarefa primordial para o PSOL. \u201cO Bloco de Esquerda \u00e9 a organiza\u00e7\u00e3o que hoje consegue melhor organizar os trabalhadores nesse processo de enfrentamento em Portugal. Por isso, o PSOL trabalha para estreitar seus la\u00e7os com esta e outras organiza\u00e7\u00f5es europeias\u201d, ressalta.<br \/>\n\t&nbsp;<\/div>\n<p>&nbsp;<\/p>\n","protected":false},"excerpt":{"rendered":"<p>A Secretaria de Rela\u00e7\u00f5es Internacionais do PSOL traz ao Brasil a lideran\u00e7a do Bloco de Esquerda de Portugal, Francisco Lou\u00e7\u00e3, para um ciclo de debates nos dias 18 e 19 de mar\u00e7o, em S\u00e3o Paulo e no Rio de Janeiro, respectivamente. Economista, acad\u00eamico e escritor, Lou\u00e7\u00e3 fundou o Bloco de Esquerda em 1999, organiza\u00e7\u00e3o em [&hellip;]<\/p>\n","protected":false},"author":2,"featured_media":0,"comment_status":"open","ping_status":"open","sticky":false,"template":"","format":"standard","meta":{"_acf_changed":false,"footnotes":""},"categories":[4766,4956],"tags":[515,1216,491],"class_list":{"0":"post-1846","1":"post","2":"type-post","3":"status-publish","4":"format-standard","6":"category-arquivo","7":"category-portugal","8":"tag-bloco-de-esquerda","9":"tag-internacional","10":"tag-portugal"},"acf":[],"yoast_head":"<!-- This site is optimized with the Yoast SEO plugin v26.5 - https:\/\/yoast.com\/wordpress\/plugins\/seo\/ -->\n<title>Crise internacional \u00e9 tema de ciclo de debates com Francisco Lou\u00e7\u00e3, do Bloco de Esquerda de Portugal - PSOL 50<\/title>\n<meta name=\"robots\" content=\"index, follow, max-snippet:-1, max-image-preview:large, max-video-preview:-1\" \/>\n<link rel=\"canonical\" href=\"https:\/\/psol50.org.br\/crise-internacional-e-tema-de-ciclo-de-debates-com-francisco-louca-do-bloco-de-esquerda-de-portugal\/\" \/>\n<meta property=\"og:locale\" content=\"pt_BR\" \/>\n<meta property=\"og:type\" content=\"article\" \/>\n<meta property=\"og:title\" content=\"Crise internacional \u00e9 tema de ciclo de debates com Francisco Lou\u00e7\u00e3, do Bloco de Esquerda de Portugal - PSOL 50\" \/>\n<meta property=\"og:description\" content=\"A Secretaria de Rela\u00e7\u00f5es Internacionais do PSOL traz ao Brasil a lideran\u00e7a do Bloco de Esquerda de Portugal, Francisco Lou\u00e7\u00e3, para um ciclo de debates nos dias 18 e 19 de mar\u00e7o, em S\u00e3o Paulo e no Rio de Janeiro, respectivamente. Economista, acad\u00eamico e escritor, Lou\u00e7\u00e3 fundou o Bloco de Esquerda em 1999, organiza\u00e7\u00e3o em [&hellip;]\" \/>\n<meta property=\"og:url\" content=\"https:\/\/psol50.org.br\/crise-internacional-e-tema-de-ciclo-de-debates-com-francisco-louca-do-bloco-de-esquerda-de-portugal\/\" \/>\n<meta property=\"og:site_name\" content=\"PSOL 50\" \/>\n<meta property=\"article:publisher\" content=\"https:\/\/www.facebook.com\/psol50\" \/>\n<meta property=\"article:published_time\" content=\"2013-03-14T00:00:00+00:00\" \/>\n<meta property=\"og:image\" content=\"https:\/\/psol50.org.br\/inc\/uploads\/2018\/07\/capa.png\" \/>\n\t<meta property=\"og:image:width\" content=\"1350\" \/>\n\t<meta property=\"og:image:height\" content=\"900\" \/>\n\t<meta property=\"og:image:type\" content=\"image\/png\" \/>\n<meta name=\"author\" content=\"Comunica\u00e7\u00e3o PSOL\" \/>\n<meta name=\"twitter:card\" content=\"summary_large_image\" \/>\n<meta name=\"twitter:creator\" content=\"@psol50\" \/>\n<meta name=\"twitter:site\" content=\"@psol50\" \/>\n<meta name=\"twitter:label1\" content=\"Escrito por\" \/>\n\t<meta name=\"twitter:data1\" content=\"Comunica\u00e7\u00e3o PSOL\" \/>\n\t<meta name=\"twitter:label2\" content=\"Est. tempo de leitura\" \/>\n\t<meta name=\"twitter:data2\" content=\"2 minutos\" \/>\n<script type=\"application\/ld+json\" class=\"yoast-schema-graph\">{\"@context\":\"https:\/\/schema.org\",\"@graph\":[{\"@type\":\"Article\",\"@id\":\"https:\/\/psol50.org.br\/crise-internacional-e-tema-de-ciclo-de-debates-com-francisco-louca-do-bloco-de-esquerda-de-portugal\/#article\",\"isPartOf\":{\"@id\":\"https:\/\/psol50.org.br\/crise-internacional-e-tema-de-ciclo-de-debates-com-francisco-louca-do-bloco-de-esquerda-de-portugal\/\"},\"author\":{\"name\":\"Comunica\u00e7\u00e3o PSOL\",\"@id\":\"https:\/\/psol50.org.br\/#\/schema\/person\/475dfa57d0b815993c714c2e96491fcd\"},\"headline\":\"Crise internacional \u00e9 tema de ciclo de debates com Francisco Lou\u00e7\u00e3, do Bloco de Esquerda de Portugal\",\"datePublished\":\"2013-03-14T00:00:00+00:00\",\"mainEntityOfPage\":{\"@id\":\"https:\/\/psol50.org.br\/crise-internacional-e-tema-de-ciclo-de-debates-com-francisco-louca-do-bloco-de-esquerda-de-portugal\/\"},\"wordCount\":421,\"commentCount\":0,\"publisher\":{\"@id\":\"https:\/\/psol50.org.br\/#organization\"},\"keywords\":[\"Bloco de Esquerda\",\"Internacional\",\"Portugal\"],\"articleSection\":[\"Arquivo\",\"Portugal\"],\"inLanguage\":\"pt-BR\",\"potentialAction\":[{\"@type\":\"CommentAction\",\"name\":\"Comment\",\"target\":[\"https:\/\/psol50.org.br\/crise-internacional-e-tema-de-ciclo-de-debates-com-francisco-louca-do-bloco-de-esquerda-de-portugal\/#respond\"]}]},{\"@type\":\"WebPage\",\"@id\":\"https:\/\/psol50.org.br\/crise-internacional-e-tema-de-ciclo-de-debates-com-francisco-louca-do-bloco-de-esquerda-de-portugal\/\",\"url\":\"https:\/\/psol50.org.br\/crise-internacional-e-tema-de-ciclo-de-debates-com-francisco-louca-do-bloco-de-esquerda-de-portugal\/\",\"name\":\"Crise internacional \u00e9 tema de ciclo de debates com Francisco Lou\u00e7\u00e3, do Bloco de Esquerda de Portugal - PSOL 50\",\"isPartOf\":{\"@id\":\"https:\/\/psol50.org.br\/#website\"},\"datePublished\":\"2013-03-14T00:00:00+00:00\",\"breadcrumb\":{\"@id\":\"https:\/\/psol50.org.br\/crise-internacional-e-tema-de-ciclo-de-debates-com-francisco-louca-do-bloco-de-esquerda-de-portugal\/#breadcrumb\"},\"inLanguage\":\"pt-BR\",\"potentialAction\":[{\"@type\":\"ReadAction\",\"target\":[\"https:\/\/psol50.org.br\/crise-internacional-e-tema-de-ciclo-de-debates-com-francisco-louca-do-bloco-de-esquerda-de-portugal\/\"]}]},{\"@type\":\"BreadcrumbList\",\"@id\":\"https:\/\/psol50.org.br\/crise-internacional-e-tema-de-ciclo-de-debates-com-francisco-louca-do-bloco-de-esquerda-de-portugal\/#breadcrumb\",\"itemListElement\":[{\"@type\":\"ListItem\",\"position\":1,\"name\":\"In\u00edcio\",\"item\":\"https:\/\/psol50.org.br\/\"},{\"@type\":\"ListItem\",\"position\":2,\"name\":\"Crise internacional \u00e9 tema de ciclo de debates com Francisco Lou\u00e7\u00e3, do Bloco de Esquerda de Portugal\"}]},{\"@type\":\"WebSite\",\"@id\":\"https:\/\/psol50.org.br\/#website\",\"url\":\"https:\/\/psol50.org.br\/\",\"name\":\"PSOL 50\",\"description\":\"Site oficial do Partido Socialismo e Liberdade\",\"publisher\":{\"@id\":\"https:\/\/psol50.org.br\/#organization\"},\"alternateName\":\"PSOL50\",\"potentialAction\":[{\"@type\":\"SearchAction\",\"target\":{\"@type\":\"EntryPoint\",\"urlTemplate\":\"https:\/\/psol50.org.br\/?s={search_term_string}\"},\"query-input\":{\"@type\":\"PropertyValueSpecification\",\"valueRequired\":true,\"valueName\":\"search_term_string\"}}],\"inLanguage\":\"pt-BR\"},{\"@type\":\"Organization\",\"@id\":\"https:\/\/psol50.org.br\/#organization\",\"name\":\"PSOL 50\",\"alternateName\":\"PSOL 50\",\"url\":\"https:\/\/psol50.org.br\/\",\"logo\":{\"@type\":\"ImageObject\",\"inLanguage\":\"pt-BR\",\"@id\":\"https:\/\/psol50.org.br\/#\/schema\/logo\/image\/\",\"url\":\"https:\/\/psol50.org.br\/inc\/uploads\/2018\/07\/capa.png\",\"contentUrl\":\"https:\/\/psol50.org.br\/inc\/uploads\/2018\/07\/capa.png\",\"width\":1350,\"height\":900,\"caption\":\"PSOL 50\"},\"image\":{\"@id\":\"https:\/\/psol50.org.br\/#\/schema\/logo\/image\/\"},\"sameAs\":[\"https:\/\/www.facebook.com\/psol50\",\"https:\/\/x.com\/psol50\",\"https:\/\/www.instagram.com\/psol50\/\",\"https:\/\/www.youtube.com\/channel\/UC7SnJS5o1os7a6CaiNabzcg\"]},{\"@type\":\"Person\",\"@id\":\"https:\/\/psol50.org.br\/#\/schema\/person\/475dfa57d0b815993c714c2e96491fcd\",\"name\":\"Comunica\u00e7\u00e3o PSOL\",\"image\":{\"@type\":\"ImageObject\",\"inLanguage\":\"pt-BR\",\"@id\":\"https:\/\/psol50.org.br\/#\/schema\/person\/image\/\",\"url\":\"https:\/\/secure.gravatar.com\/avatar\/b34fc4f4e468a4e51785917065a3db57b841f5c95dba6ad8c73aaf8f66f8f9bf?s=96&d=mm&r=g\",\"contentUrl\":\"https:\/\/secure.gravatar.com\/avatar\/b34fc4f4e468a4e51785917065a3db57b841f5c95dba6ad8c73aaf8f66f8f9bf?s=96&d=mm&r=g\",\"caption\":\"Comunica\u00e7\u00e3o PSOL\"}}]}<\/script>\n<!-- \/ Yoast SEO plugin. -->","yoast_head_json":{"title":"Crise internacional \u00e9 tema de ciclo de debates com Francisco Lou\u00e7\u00e3, do Bloco de Esquerda de Portugal - PSOL 50","robots":{"index":"index","follow":"follow","max-snippet":"max-snippet:-1","max-image-preview":"max-image-preview:large","max-video-preview":"max-video-preview:-1"},"canonical":"https:\/\/psol50.org.br\/crise-internacional-e-tema-de-ciclo-de-debates-com-francisco-louca-do-bloco-de-esquerda-de-portugal\/","og_locale":"pt_BR","og_type":"article","og_title":"Crise internacional \u00e9 tema de ciclo de debates com Francisco Lou\u00e7\u00e3, do Bloco de Esquerda de Portugal - PSOL 50","og_description":"A Secretaria de Rela\u00e7\u00f5es Internacionais do PSOL traz ao Brasil a lideran\u00e7a do Bloco de Esquerda de Portugal, Francisco Lou\u00e7\u00e3, para um ciclo de debates nos dias 18 e 19 de mar\u00e7o, em S\u00e3o Paulo e no Rio de Janeiro, respectivamente. Economista, acad\u00eamico e escritor, Lou\u00e7\u00e3 fundou o Bloco de Esquerda em 1999, organiza\u00e7\u00e3o em [&hellip;]","og_url":"https:\/\/psol50.org.br\/crise-internacional-e-tema-de-ciclo-de-debates-com-francisco-louca-do-bloco-de-esquerda-de-portugal\/","og_site_name":"PSOL 50","article_publisher":"https:\/\/www.facebook.com\/psol50","article_published_time":"2013-03-14T00:00:00+00:00","og_image":[{"width":1350,"height":900,"url":"https:\/\/psol50.org.br\/inc\/uploads\/2018\/07\/capa.png","type":"image\/png"}],"author":"Comunica\u00e7\u00e3o PSOL","twitter_card":"summary_large_image","twitter_creator":"@psol50","twitter_site":"@psol50","twitter_misc":{"Escrito por":"Comunica\u00e7\u00e3o PSOL","Est. tempo de leitura":"2 minutos"},"schema":{"@context":"https:\/\/schema.org","@graph":[{"@type":"Article","@id":"https:\/\/psol50.org.br\/crise-internacional-e-tema-de-ciclo-de-debates-com-francisco-louca-do-bloco-de-esquerda-de-portugal\/#article","isPartOf":{"@id":"https:\/\/psol50.org.br\/crise-internacional-e-tema-de-ciclo-de-debates-com-francisco-louca-do-bloco-de-esquerda-de-portugal\/"},"author":{"name":"Comunica\u00e7\u00e3o PSOL","@id":"https:\/\/psol50.org.br\/#\/schema\/person\/475dfa57d0b815993c714c2e96491fcd"},"headline":"Crise internacional \u00e9 tema de ciclo de debates com Francisco Lou\u00e7\u00e3, do Bloco de Esquerda de Portugal","datePublished":"2013-03-14T00:00:00+00:00","mainEntityOfPage":{"@id":"https:\/\/psol50.org.br\/crise-internacional-e-tema-de-ciclo-de-debates-com-francisco-louca-do-bloco-de-esquerda-de-portugal\/"},"wordCount":421,"commentCount":0,"publisher":{"@id":"https:\/\/psol50.org.br\/#organization"},"keywords":["Bloco de Esquerda","Internacional","Portugal"],"articleSection":["Arquivo","Portugal"],"inLanguage":"pt-BR","potentialAction":[{"@type":"CommentAction","name":"Comment","target":["https:\/\/psol50.org.br\/crise-internacional-e-tema-de-ciclo-de-debates-com-francisco-louca-do-bloco-de-esquerda-de-portugal\/#respond"]}]},{"@type":"WebPage","@id":"https:\/\/psol50.org.br\/crise-internacional-e-tema-de-ciclo-de-debates-com-francisco-louca-do-bloco-de-esquerda-de-portugal\/","url":"https:\/\/psol50.org.br\/crise-internacional-e-tema-de-ciclo-de-debates-com-francisco-louca-do-bloco-de-esquerda-de-portugal\/","name":"Crise internacional \u00e9 tema de ciclo de debates com Francisco Lou\u00e7\u00e3, do Bloco de Esquerda de Portugal - PSOL 50","isPartOf":{"@id":"https:\/\/psol50.org.br\/#website"},"datePublished":"2013-03-14T00:00:00+00:00","breadcrumb":{"@id":"https:\/\/psol50.org.br\/crise-internacional-e-tema-de-ciclo-de-debates-com-francisco-louca-do-bloco-de-esquerda-de-portugal\/#breadcrumb"},"inLanguage":"pt-BR","potentialAction":[{"@type":"ReadAction","target":["https:\/\/psol50.org.br\/crise-internacional-e-tema-de-ciclo-de-debates-com-francisco-louca-do-bloco-de-esquerda-de-portugal\/"]}]},{"@type":"BreadcrumbList","@id":"https:\/\/psol50.org.br\/crise-internacional-e-tema-de-ciclo-de-debates-com-francisco-louca-do-bloco-de-esquerda-de-portugal\/#breadcrumb","itemListElement":[{"@type":"ListItem","position":1,"name":"In\u00edcio","item":"https:\/\/psol50.org.br\/"},{"@type":"ListItem","position":2,"name":"Crise internacional \u00e9 tema de ciclo de debates com Francisco Lou\u00e7\u00e3, do Bloco de Esquerda de Portugal"}]},{"@type":"WebSite","@id":"https:\/\/psol50.org.br\/#website","url":"https:\/\/psol50.org.br\/","name":"PSOL 50","description":"Site oficial do Partido Socialismo e Liberdade","publisher":{"@id":"https:\/\/psol50.org.br\/#organization"},"alternateName":"PSOL50","potentialAction":[{"@type":"SearchAction","target":{"@type":"EntryPoint","urlTemplate":"https:\/\/psol50.org.br\/?s={search_term_string}"},"query-input":{"@type":"PropertyValueSpecification","valueRequired":true,"valueName":"search_term_string"}}],"inLanguage":"pt-BR"},{"@type":"Organization","@id":"https:\/\/psol50.org.br\/#organization","name":"PSOL 50","alternateName":"PSOL 50","url":"https:\/\/psol50.org.br\/","logo":{"@type":"ImageObject","inLanguage":"pt-BR","@id":"https:\/\/psol50.org.br\/#\/schema\/logo\/image\/","url":"https:\/\/psol50.org.br\/inc\/uploads\/2018\/07\/capa.png","contentUrl":"https:\/\/psol50.org.br\/inc\/uploads\/2018\/07\/capa.png","width":1350,"height":900,"caption":"PSOL 50"},"image":{"@id":"https:\/\/psol50.org.br\/#\/schema\/logo\/image\/"},"sameAs":["https:\/\/www.facebook.com\/psol50","https:\/\/x.com\/psol50","https:\/\/www.instagram.com\/psol50\/","https:\/\/www.youtube.com\/channel\/UC7SnJS5o1os7a6CaiNabzcg"]},{"@type":"Person","@id":"https:\/\/psol50.org.br\/#\/schema\/person\/475dfa57d0b815993c714c2e96491fcd","name":"Comunica\u00e7\u00e3o PSOL","image":{"@type":"ImageObject","inLanguage":"pt-BR","@id":"https:\/\/psol50.org.br\/#\/schema\/person\/image\/","url":"https:\/\/secure.gravatar.com\/avatar\/b34fc4f4e468a4e51785917065a3db57b841f5c95dba6ad8c73aaf8f66f8f9bf?s=96&d=mm&r=g","contentUrl":"https:\/\/secure.gravatar.com\/avatar\/b34fc4f4e468a4e51785917065a3db57b841f5c95dba6ad8c73aaf8f66f8f9bf?s=96&d=mm&r=g","caption":"Comunica\u00e7\u00e3o PSOL"}}]}},"_links":{"self":[{"href":"https:\/\/psol50.org.br\/rest\/wp\/v2\/posts\/1846","targetHints":{"allow":["GET"]}}],"collection":[{"href":"https:\/\/psol50.org.br\/rest\/wp\/v2\/posts"}],"about":[{"href":"https:\/\/psol50.org.br\/rest\/wp\/v2\/types\/post"}],"author":[{"embeddable":true,"href":"https:\/\/psol50.org.br\/rest\/wp\/v2\/users\/2"}],"replies":[{"embeddable":true,"href":"https:\/\/psol50.org.br\/rest\/wp\/v2\/comments?post=1846"}],"version-history":[{"count":0,"href":"https:\/\/psol50.org.br\/rest\/wp\/v2\/posts\/1846\/revisions"}],"wp:attachment":[{"href":"https:\/\/psol50.org.br\/rest\/wp\/v2\/media?parent=1846"}],"wp:term":[{"taxonomy":"category","embeddable":true,"href":"https:\/\/psol50.org.br\/rest\/wp\/v2\/categories?post=1846"},{"taxonomy":"post_tag","embeddable":true,"href":"https:\/\/psol50.org.br\/rest\/wp\/v2\/tags?post=1846"}],"curies":[{"name":"wp","href":"https:\/\/api.w.org\/{rel}","templated":true}]}}