{"id":18553,"date":"2017-10-17T12:13:45","date_gmt":"2017-10-17T14:13:45","guid":{"rendered":"http:\/\/www.psol50.org.br\/?p=18553"},"modified":"2017-10-17T12:13:45","modified_gmt":"2017-10-17T14:13:45","slug":"temer-cede-a-ruralistas-e-reduz-denificao-de-trabalho-escravo-dificultando-fiscalizacao","status":"publish","type":"post","link":"https:\/\/psol50.org.br\/temer-cede-a-ruralistas-e-reduz-denificao-de-trabalho-escravo-dificultando-fiscalizacao\/","title":{"rendered":"Temer cede a ruralistas e reduz defini\u00e7\u00e3o de trabalho escravo, dificultando fiscaliza\u00e7\u00e3o"},"content":{"rendered":"<p>Em um expl\u00edcito aceno \u00e0 bancada ruralista no Congresso Nacional, o presidente Michel Temer determinou, nesta segunda-feira (16\/10), a publica\u00e7\u00e3o, no Di\u00e1rio Oficial da Uni\u00e3o (DOU), da <a href=\"http:\/\/pesquisa.in.gov.br\/imprensa\/jsp\/visualiza\/index.jsp?data=16\/10\/2017&amp;jornal=1&amp;pagina=82&amp;totalArquivos=92\" target=\"_blank\" rel=\"noopener\"><strong><span style=\"color: #0000ff;\">Portaria 1.129\/2017<\/span><\/strong><\/a>, alterando a defini\u00e7\u00e3o do conceito de trabalho escravo. Tal medida, assinada pelo ministro do Trabalho, Ronaldo Nogueira, dificultar\u00e1, ainda mais, a fiscaliza\u00e7\u00e3o dos casos em que trabalhadores s\u00e3o for\u00e7ados a realizar trabalho em condi\u00e7\u00f5es an\u00e1logas \u00e0 escravid\u00e3o.<\/p>\n<p>A medida tamb\u00e9m atualiza o cadastro de empregadores que tenham submetido trabalhadores a\u00a0 tal condi\u00e7\u00e3o, a chamada &#8220;lista suja&#8221; do trabalho escravo. Pelas mudan\u00e7as, a divulga\u00e7\u00e3o da lista s\u00f3 ocorrer\u00e1 com a &#8220;determina\u00e7\u00e3o expressa do ministro do Trabalho&#8221;.\u00a0Antes, a organiza\u00e7\u00e3o e divulga\u00e7\u00e3o do lista suja era responsabilidade da Divis\u00e3o de Fiscaliza\u00e7\u00e3o para Erradica\u00e7\u00e3o do Trabalho Escravo (Detrae) e a atualiza\u00e7\u00e3o da rela\u00e7\u00e3o podia ocorrer a qualquer momento.<\/p>\n<p>A partir de agora, o flagrante de trabalho escravo tamb\u00e9m s\u00f3 poder\u00e1 ocorrer se houver a constata\u00e7\u00e3o do n\u00e3o consentimento do trabalhador, o que hoje \u00e9 considerado irrelevante para as opera\u00e7\u00f5es de resgates.<\/p>\n<p>De acordo com a defini\u00e7\u00e3o do C\u00f3digo Penal, submeter algu\u00e9m \u00e0 atividade an\u00e1loga ao escravo \u00e9 submeter a trabalho for\u00e7ado ou jornada exaustiva, sujeitando o trabalhador a condi\u00e7\u00f5es degradantes e restringindo, por qualquer meio, sua locomo\u00e7\u00e3o em raz\u00e3o de d\u00edvida contra\u00edda. A portaria publicada pelo governo estabelece que, para que seja considerada jornada exaustiva ou condi\u00e7\u00e3o degradante, \u00e9 necess\u00e1rio que haja a priva\u00e7\u00e3o do direito de ir e vir do trabalhador, o que contraria\u00a0o artigo 149 do C\u00f3digo Penal.<\/p>\n<p>A justificativa do governo para fazer as mudan\u00e7as \u00e9 a regulamenta\u00e7\u00e3o da concess\u00e3o de seguro-desemprego aos resgatados do trabalho escravo. No entanto, <a href=\"http:\/\/portal.mpt.mp.br\/wps\/portal\/portal_mpt\/mpt\/sala-imprensa\/mpt-noticias\/d95149a3-a952-47a1-b15d-44c2d77f44f6\/!ut\/p\/z1\/rVLLTsMwEPyV9pBjsk7qvLilFYrSEFpUQRtfkPM2NI6bmhb4elzggkQfSOxtVzOjndkFAisgnO5YTSXrOF2rPiXOoxkiHI1nKA7juYuCOzO5jkLTmiAXlp-A2zscheMFij1nqgCOF0SxP0fRzARymv8ABEjOpZANpK2QGtrSNR0U5YC1oi_5lmpIjQe8kyxndKuhwrdN7NORTn3b0rFLTT0z7ULHOLcK160wrpyDqMhZAelF6OU5lwcT6EgFSPHJKZ8xtr8BJzSmQOp1l31l\" target=\"_blank\" rel=\"noopener\"><strong><span style=\"color: #0000ff;\">o Minist\u00e9rio P\u00fablico do Trabalho (MPT) criticou\u00a0a medida<\/span><\/strong><\/a> e sustentou que tais argumentos n\u00e3o justificam a nova portaria. A institui\u00e7\u00e3o afirma que ir\u00e1 recomendar a revoga\u00e7\u00e3o imediata da norma.<\/p>\n<p dir=\"ltr\">Para o coordenador nacional de Erradica\u00e7\u00e3o do Trabalho Escravo (Conaete) do MPT, Tiago Muniz Cavalcanti, a portaria viola tanto a legisla\u00e7\u00e3o nacional quanto compromissos internacionais firmados pelo Brasil. &#8220;O governo est\u00e1 de m\u00e3os dadas com quem escraviza. N\u00e3o bastasse a n\u00e3o publica\u00e7\u00e3o da lista suja, a falta de recursos para as fiscaliza\u00e7\u00f5es, a demiss\u00e3o do chefe da Divis\u00e3o de Fiscaliza\u00e7\u00e3o para Erradica\u00e7\u00e3o do Trabalho Escravo (Detrae), agora o Minist\u00e9rio edita uma portaria que afronta a legisla\u00e7\u00e3o vigente e as conven\u00e7\u00f5es da OIT\u201d.<\/p>\n<p><span class=\"text_exposed_show\">O procurador do trabalho e vice-coordenador nacional do Conaete, Maur\u00edcio Britto, explica que a<\/span>\u00a0portaria 1.129\/2017 consiste em mais uma grande iniciativa do governo federal para enfraquecer o combate ao trabalho escravo no pa\u00eds. &#8220;O Minist\u00e9rio P\u00fablico do Trabalho n\u00e3o ficar\u00e1 inerte. Diante de mais uma ilegalidade, est\u00e1 reunido junto com outras entidade<span class=\"text_exposed_show\">s p\u00fablicas e privadas, para a ado\u00e7\u00e3o das medidas judiciais e extrajudiciais em sua esfera de atua\u00e7\u00e3o&#8221;.<\/span><\/p>\n<p>&nbsp;<\/p>\n","protected":false},"excerpt":{"rendered":"<p>Em um expl\u00edcito aceno \u00e0 bancada ruralista no Congresso Nacional, o presidente Michel Temer determinou, nesta segunda-feira (16\/10), a publica\u00e7\u00e3o, no Di\u00e1rio Oficial da Uni\u00e3o (DOU), da Portaria 1.129\/2017, alterando a defini\u00e7\u00e3o do conceito de trabalho escravo. Tal medida, assinada pelo ministro do Trabalho, Ronaldo Nogueira, dificultar\u00e1, ainda mais, a fiscaliza\u00e7\u00e3o dos casos em que [&hellip;]<\/p>\n","protected":false},"author":2,"featured_media":18554,"comment_status":"open","ping_status":"open","sticky":false,"template":"","format":"standard","meta":{"_acf_changed":false,"footnotes":""},"categories":[1882,6],"tags":[3662,3663,3664,1748,3665,3362,3666,3667,3668,3669],"class_list":{"0":"post-18553","1":"post","2":"type-post","3":"status-publish","4":"format-standard","5":"has-post-thumbnail","7":"category-brasil","8":"category-noticias","9":"tag-condicoes-degradantes","10":"tag-jornada-exaustiva","11":"tag-lista-suja","12":"tag-michel-temer","13":"tag-ministerio-do-trabalho","14":"tag-ministerio-publico-do-trabalho","15":"tag-portaria-1-1292017","16":"tag-ronaldo-nogueira","17":"tag-trabalho-escravo","18":"tag-trabalho-forcado"},"acf":[],"yoast_head":"<!-- This site is optimized with the Yoast SEO plugin v26.5 - https:\/\/yoast.com\/wordpress\/plugins\/seo\/ -->\n<title>Temer cede a ruralistas e reduz defini\u00e7\u00e3o de trabalho escravo, dificultando fiscaliza\u00e7\u00e3o - PSOL 50<\/title>\n<meta name=\"robots\" content=\"index, follow, max-snippet:-1, max-image-preview:large, max-video-preview:-1\" \/>\n<link rel=\"canonical\" href=\"https:\/\/psol50.org.br\/temer-cede-a-ruralistas-e-reduz-denificao-de-trabalho-escravo-dificultando-fiscalizacao\/\" \/>\n<meta property=\"og:locale\" content=\"pt_BR\" \/>\n<meta property=\"og:type\" content=\"article\" \/>\n<meta property=\"og:title\" content=\"Temer cede a ruralistas e reduz defini\u00e7\u00e3o de trabalho escravo, dificultando fiscaliza\u00e7\u00e3o - PSOL 50\" \/>\n<meta property=\"og:description\" content=\"Em um expl\u00edcito aceno \u00e0 bancada ruralista no Congresso Nacional, o presidente Michel Temer determinou, nesta segunda-feira (16\/10), a publica\u00e7\u00e3o, no Di\u00e1rio Oficial da Uni\u00e3o (DOU), da Portaria 1.129\/2017, alterando a defini\u00e7\u00e3o do conceito de trabalho escravo. Tal medida, assinada pelo ministro do Trabalho, Ronaldo Nogueira, dificultar\u00e1, ainda mais, a fiscaliza\u00e7\u00e3o dos casos em que [&hellip;]\" \/>\n<meta property=\"og:url\" content=\"https:\/\/psol50.org.br\/temer-cede-a-ruralistas-e-reduz-denificao-de-trabalho-escravo-dificultando-fiscalizacao\/\" \/>\n<meta property=\"og:site_name\" content=\"PSOL 50\" \/>\n<meta property=\"article:publisher\" content=\"https:\/\/www.facebook.com\/psol50\" \/>\n<meta property=\"article:published_time\" content=\"2017-10-17T14:13:45+00:00\" \/>\n<meta property=\"og:image\" content=\"https:\/\/psol50.org.br\/inc\/uploads\/2018\/07\/capa.png\" \/>\n\t<meta property=\"og:image:width\" content=\"1350\" \/>\n\t<meta property=\"og:image:height\" content=\"900\" \/>\n\t<meta property=\"og:image:type\" content=\"image\/png\" \/>\n<meta name=\"author\" content=\"Comunica\u00e7\u00e3o PSOL\" \/>\n<meta name=\"twitter:card\" content=\"summary_large_image\" \/>\n<meta name=\"twitter:creator\" content=\"@psol50\" \/>\n<meta name=\"twitter:site\" content=\"@psol50\" \/>\n<meta name=\"twitter:label1\" content=\"Escrito por\" \/>\n\t<meta name=\"twitter:data1\" content=\"Comunica\u00e7\u00e3o PSOL\" \/>\n\t<meta name=\"twitter:label2\" content=\"Est. tempo de leitura\" \/>\n\t<meta name=\"twitter:data2\" content=\"3 minutos\" \/>\n<script type=\"application\/ld+json\" class=\"yoast-schema-graph\">{\"@context\":\"https:\/\/schema.org\",\"@graph\":[{\"@type\":\"Article\",\"@id\":\"https:\/\/psol50.org.br\/temer-cede-a-ruralistas-e-reduz-denificao-de-trabalho-escravo-dificultando-fiscalizacao\/#article\",\"isPartOf\":{\"@id\":\"https:\/\/psol50.org.br\/temer-cede-a-ruralistas-e-reduz-denificao-de-trabalho-escravo-dificultando-fiscalizacao\/\"},\"author\":{\"name\":\"Comunica\u00e7\u00e3o PSOL\",\"@id\":\"https:\/\/psol50.org.br\/#\/schema\/person\/475dfa57d0b815993c714c2e96491fcd\"},\"headline\":\"Temer cede a ruralistas e reduz defini\u00e7\u00e3o de trabalho escravo, dificultando fiscaliza\u00e7\u00e3o\",\"datePublished\":\"2017-10-17T14:13:45+00:00\",\"mainEntityOfPage\":{\"@id\":\"https:\/\/psol50.org.br\/temer-cede-a-ruralistas-e-reduz-denificao-de-trabalho-escravo-dificultando-fiscalizacao\/\"},\"wordCount\":525,\"commentCount\":0,\"publisher\":{\"@id\":\"https:\/\/psol50.org.br\/#organization\"},\"image\":{\"@id\":\"https:\/\/psol50.org.br\/temer-cede-a-ruralistas-e-reduz-denificao-de-trabalho-escravo-dificultando-fiscalizacao\/#primaryimage\"},\"thumbnailUrl\":\"\",\"keywords\":[\"condi\u00e7\u00f5es degradantes\",\"jornada exaustiva\",\"lista suja\",\"Michel Temer\",\"Minist\u00e9rio do Trabalho\",\"Minist\u00e9rio P\u00fablico do Trabalho\",\"Portaria 1.129\/2017\",\"Ronaldo Nogueira\",\"trabalho escravo\",\"trabalho for\u00e7ado\"],\"articleSection\":[\"Brasil\",\"Not\u00edcias\"],\"inLanguage\":\"pt-BR\",\"potentialAction\":[{\"@type\":\"CommentAction\",\"name\":\"Comment\",\"target\":[\"https:\/\/psol50.org.br\/temer-cede-a-ruralistas-e-reduz-denificao-de-trabalho-escravo-dificultando-fiscalizacao\/#respond\"]}]},{\"@type\":\"WebPage\",\"@id\":\"https:\/\/psol50.org.br\/temer-cede-a-ruralistas-e-reduz-denificao-de-trabalho-escravo-dificultando-fiscalizacao\/\",\"url\":\"https:\/\/psol50.org.br\/temer-cede-a-ruralistas-e-reduz-denificao-de-trabalho-escravo-dificultando-fiscalizacao\/\",\"name\":\"Temer cede a ruralistas e reduz defini\u00e7\u00e3o de trabalho escravo, dificultando fiscaliza\u00e7\u00e3o - PSOL 50\",\"isPartOf\":{\"@id\":\"https:\/\/psol50.org.br\/#website\"},\"primaryImageOfPage\":{\"@id\":\"https:\/\/psol50.org.br\/temer-cede-a-ruralistas-e-reduz-denificao-de-trabalho-escravo-dificultando-fiscalizacao\/#primaryimage\"},\"image\":{\"@id\":\"https:\/\/psol50.org.br\/temer-cede-a-ruralistas-e-reduz-denificao-de-trabalho-escravo-dificultando-fiscalizacao\/#primaryimage\"},\"thumbnailUrl\":\"\",\"datePublished\":\"2017-10-17T14:13:45+00:00\",\"breadcrumb\":{\"@id\":\"https:\/\/psol50.org.br\/temer-cede-a-ruralistas-e-reduz-denificao-de-trabalho-escravo-dificultando-fiscalizacao\/#breadcrumb\"},\"inLanguage\":\"pt-BR\",\"potentialAction\":[{\"@type\":\"ReadAction\",\"target\":[\"https:\/\/psol50.org.br\/temer-cede-a-ruralistas-e-reduz-denificao-de-trabalho-escravo-dificultando-fiscalizacao\/\"]}]},{\"@type\":\"ImageObject\",\"inLanguage\":\"pt-BR\",\"@id\":\"https:\/\/psol50.org.br\/temer-cede-a-ruralistas-e-reduz-denificao-de-trabalho-escravo-dificultando-fiscalizacao\/#primaryimage\",\"url\":\"\",\"contentUrl\":\"\"},{\"@type\":\"BreadcrumbList\",\"@id\":\"https:\/\/psol50.org.br\/temer-cede-a-ruralistas-e-reduz-denificao-de-trabalho-escravo-dificultando-fiscalizacao\/#breadcrumb\",\"itemListElement\":[{\"@type\":\"ListItem\",\"position\":1,\"name\":\"In\u00edcio\",\"item\":\"https:\/\/psol50.org.br\/\"},{\"@type\":\"ListItem\",\"position\":2,\"name\":\"Temer cede a ruralistas e reduz defini\u00e7\u00e3o de trabalho escravo, dificultando fiscaliza\u00e7\u00e3o\"}]},{\"@type\":\"WebSite\",\"@id\":\"https:\/\/psol50.org.br\/#website\",\"url\":\"https:\/\/psol50.org.br\/\",\"name\":\"PSOL 50\",\"description\":\"Site oficial do Partido Socialismo e Liberdade\",\"publisher\":{\"@id\":\"https:\/\/psol50.org.br\/#organization\"},\"alternateName\":\"PSOL50\",\"potentialAction\":[{\"@type\":\"SearchAction\",\"target\":{\"@type\":\"EntryPoint\",\"urlTemplate\":\"https:\/\/psol50.org.br\/?s={search_term_string}\"},\"query-input\":{\"@type\":\"PropertyValueSpecification\",\"valueRequired\":true,\"valueName\":\"search_term_string\"}}],\"inLanguage\":\"pt-BR\"},{\"@type\":\"Organization\",\"@id\":\"https:\/\/psol50.org.br\/#organization\",\"name\":\"PSOL 50\",\"alternateName\":\"PSOL 50\",\"url\":\"https:\/\/psol50.org.br\/\",\"logo\":{\"@type\":\"ImageObject\",\"inLanguage\":\"pt-BR\",\"@id\":\"https:\/\/psol50.org.br\/#\/schema\/logo\/image\/\",\"url\":\"https:\/\/psol50.org.br\/inc\/uploads\/2018\/07\/capa.png\",\"contentUrl\":\"https:\/\/psol50.org.br\/inc\/uploads\/2018\/07\/capa.png\",\"width\":1350,\"height\":900,\"caption\":\"PSOL 50\"},\"image\":{\"@id\":\"https:\/\/psol50.org.br\/#\/schema\/logo\/image\/\"},\"sameAs\":[\"https:\/\/www.facebook.com\/psol50\",\"https:\/\/x.com\/psol50\",\"https:\/\/www.instagram.com\/psol50\/\",\"https:\/\/www.youtube.com\/channel\/UC7SnJS5o1os7a6CaiNabzcg\"]},{\"@type\":\"Person\",\"@id\":\"https:\/\/psol50.org.br\/#\/schema\/person\/475dfa57d0b815993c714c2e96491fcd\",\"name\":\"Comunica\u00e7\u00e3o PSOL\",\"image\":{\"@type\":\"ImageObject\",\"inLanguage\":\"pt-BR\",\"@id\":\"https:\/\/psol50.org.br\/#\/schema\/person\/image\/\",\"url\":\"https:\/\/secure.gravatar.com\/avatar\/b34fc4f4e468a4e51785917065a3db57b841f5c95dba6ad8c73aaf8f66f8f9bf?s=96&d=mm&r=g\",\"contentUrl\":\"https:\/\/secure.gravatar.com\/avatar\/b34fc4f4e468a4e51785917065a3db57b841f5c95dba6ad8c73aaf8f66f8f9bf?s=96&d=mm&r=g\",\"caption\":\"Comunica\u00e7\u00e3o PSOL\"}}]}<\/script>\n<!-- \/ Yoast SEO plugin. -->","yoast_head_json":{"title":"Temer cede a ruralistas e reduz defini\u00e7\u00e3o de trabalho escravo, dificultando fiscaliza\u00e7\u00e3o - PSOL 50","robots":{"index":"index","follow":"follow","max-snippet":"max-snippet:-1","max-image-preview":"max-image-preview:large","max-video-preview":"max-video-preview:-1"},"canonical":"https:\/\/psol50.org.br\/temer-cede-a-ruralistas-e-reduz-denificao-de-trabalho-escravo-dificultando-fiscalizacao\/","og_locale":"pt_BR","og_type":"article","og_title":"Temer cede a ruralistas e reduz defini\u00e7\u00e3o de trabalho escravo, dificultando fiscaliza\u00e7\u00e3o - PSOL 50","og_description":"Em um expl\u00edcito aceno \u00e0 bancada ruralista no Congresso Nacional, o presidente Michel Temer determinou, nesta segunda-feira (16\/10), a publica\u00e7\u00e3o, no Di\u00e1rio Oficial da Uni\u00e3o (DOU), da Portaria 1.129\/2017, alterando a defini\u00e7\u00e3o do conceito de trabalho escravo. Tal medida, assinada pelo ministro do Trabalho, Ronaldo Nogueira, dificultar\u00e1, ainda mais, a fiscaliza\u00e7\u00e3o dos casos em que [&hellip;]","og_url":"https:\/\/psol50.org.br\/temer-cede-a-ruralistas-e-reduz-denificao-de-trabalho-escravo-dificultando-fiscalizacao\/","og_site_name":"PSOL 50","article_publisher":"https:\/\/www.facebook.com\/psol50","article_published_time":"2017-10-17T14:13:45+00:00","og_image":[{"width":1350,"height":900,"url":"https:\/\/psol50.org.br\/inc\/uploads\/2018\/07\/capa.png","type":"image\/png"}],"author":"Comunica\u00e7\u00e3o PSOL","twitter_card":"summary_large_image","twitter_creator":"@psol50","twitter_site":"@psol50","twitter_misc":{"Escrito por":"Comunica\u00e7\u00e3o PSOL","Est. tempo de leitura":"3 minutos"},"schema":{"@context":"https:\/\/schema.org","@graph":[{"@type":"Article","@id":"https:\/\/psol50.org.br\/temer-cede-a-ruralistas-e-reduz-denificao-de-trabalho-escravo-dificultando-fiscalizacao\/#article","isPartOf":{"@id":"https:\/\/psol50.org.br\/temer-cede-a-ruralistas-e-reduz-denificao-de-trabalho-escravo-dificultando-fiscalizacao\/"},"author":{"name":"Comunica\u00e7\u00e3o PSOL","@id":"https:\/\/psol50.org.br\/#\/schema\/person\/475dfa57d0b815993c714c2e96491fcd"},"headline":"Temer cede a ruralistas e reduz defini\u00e7\u00e3o de trabalho escravo, dificultando fiscaliza\u00e7\u00e3o","datePublished":"2017-10-17T14:13:45+00:00","mainEntityOfPage":{"@id":"https:\/\/psol50.org.br\/temer-cede-a-ruralistas-e-reduz-denificao-de-trabalho-escravo-dificultando-fiscalizacao\/"},"wordCount":525,"commentCount":0,"publisher":{"@id":"https:\/\/psol50.org.br\/#organization"},"image":{"@id":"https:\/\/psol50.org.br\/temer-cede-a-ruralistas-e-reduz-denificao-de-trabalho-escravo-dificultando-fiscalizacao\/#primaryimage"},"thumbnailUrl":"","keywords":["condi\u00e7\u00f5es degradantes","jornada exaustiva","lista suja","Michel Temer","Minist\u00e9rio do Trabalho","Minist\u00e9rio P\u00fablico do Trabalho","Portaria 1.129\/2017","Ronaldo Nogueira","trabalho escravo","trabalho for\u00e7ado"],"articleSection":["Brasil","Not\u00edcias"],"inLanguage":"pt-BR","potentialAction":[{"@type":"CommentAction","name":"Comment","target":["https:\/\/psol50.org.br\/temer-cede-a-ruralistas-e-reduz-denificao-de-trabalho-escravo-dificultando-fiscalizacao\/#respond"]}]},{"@type":"WebPage","@id":"https:\/\/psol50.org.br\/temer-cede-a-ruralistas-e-reduz-denificao-de-trabalho-escravo-dificultando-fiscalizacao\/","url":"https:\/\/psol50.org.br\/temer-cede-a-ruralistas-e-reduz-denificao-de-trabalho-escravo-dificultando-fiscalizacao\/","name":"Temer cede a ruralistas e reduz defini\u00e7\u00e3o de trabalho escravo, dificultando fiscaliza\u00e7\u00e3o - PSOL 50","isPartOf":{"@id":"https:\/\/psol50.org.br\/#website"},"primaryImageOfPage":{"@id":"https:\/\/psol50.org.br\/temer-cede-a-ruralistas-e-reduz-denificao-de-trabalho-escravo-dificultando-fiscalizacao\/#primaryimage"},"image":{"@id":"https:\/\/psol50.org.br\/temer-cede-a-ruralistas-e-reduz-denificao-de-trabalho-escravo-dificultando-fiscalizacao\/#primaryimage"},"thumbnailUrl":"","datePublished":"2017-10-17T14:13:45+00:00","breadcrumb":{"@id":"https:\/\/psol50.org.br\/temer-cede-a-ruralistas-e-reduz-denificao-de-trabalho-escravo-dificultando-fiscalizacao\/#breadcrumb"},"inLanguage":"pt-BR","potentialAction":[{"@type":"ReadAction","target":["https:\/\/psol50.org.br\/temer-cede-a-ruralistas-e-reduz-denificao-de-trabalho-escravo-dificultando-fiscalizacao\/"]}]},{"@type":"ImageObject","inLanguage":"pt-BR","@id":"https:\/\/psol50.org.br\/temer-cede-a-ruralistas-e-reduz-denificao-de-trabalho-escravo-dificultando-fiscalizacao\/#primaryimage","url":"","contentUrl":""},{"@type":"BreadcrumbList","@id":"https:\/\/psol50.org.br\/temer-cede-a-ruralistas-e-reduz-denificao-de-trabalho-escravo-dificultando-fiscalizacao\/#breadcrumb","itemListElement":[{"@type":"ListItem","position":1,"name":"In\u00edcio","item":"https:\/\/psol50.org.br\/"},{"@type":"ListItem","position":2,"name":"Temer cede a ruralistas e reduz defini\u00e7\u00e3o de trabalho escravo, dificultando fiscaliza\u00e7\u00e3o"}]},{"@type":"WebSite","@id":"https:\/\/psol50.org.br\/#website","url":"https:\/\/psol50.org.br\/","name":"PSOL 50","description":"Site oficial do Partido Socialismo e Liberdade","publisher":{"@id":"https:\/\/psol50.org.br\/#organization"},"alternateName":"PSOL50","potentialAction":[{"@type":"SearchAction","target":{"@type":"EntryPoint","urlTemplate":"https:\/\/psol50.org.br\/?s={search_term_string}"},"query-input":{"@type":"PropertyValueSpecification","valueRequired":true,"valueName":"search_term_string"}}],"inLanguage":"pt-BR"},{"@type":"Organization","@id":"https:\/\/psol50.org.br\/#organization","name":"PSOL 50","alternateName":"PSOL 50","url":"https:\/\/psol50.org.br\/","logo":{"@type":"ImageObject","inLanguage":"pt-BR","@id":"https:\/\/psol50.org.br\/#\/schema\/logo\/image\/","url":"https:\/\/psol50.org.br\/inc\/uploads\/2018\/07\/capa.png","contentUrl":"https:\/\/psol50.org.br\/inc\/uploads\/2018\/07\/capa.png","width":1350,"height":900,"caption":"PSOL 50"},"image":{"@id":"https:\/\/psol50.org.br\/#\/schema\/logo\/image\/"},"sameAs":["https:\/\/www.facebook.com\/psol50","https:\/\/x.com\/psol50","https:\/\/www.instagram.com\/psol50\/","https:\/\/www.youtube.com\/channel\/UC7SnJS5o1os7a6CaiNabzcg"]},{"@type":"Person","@id":"https:\/\/psol50.org.br\/#\/schema\/person\/475dfa57d0b815993c714c2e96491fcd","name":"Comunica\u00e7\u00e3o PSOL","image":{"@type":"ImageObject","inLanguage":"pt-BR","@id":"https:\/\/psol50.org.br\/#\/schema\/person\/image\/","url":"https:\/\/secure.gravatar.com\/avatar\/b34fc4f4e468a4e51785917065a3db57b841f5c95dba6ad8c73aaf8f66f8f9bf?s=96&d=mm&r=g","contentUrl":"https:\/\/secure.gravatar.com\/avatar\/b34fc4f4e468a4e51785917065a3db57b841f5c95dba6ad8c73aaf8f66f8f9bf?s=96&d=mm&r=g","caption":"Comunica\u00e7\u00e3o PSOL"}}]}},"_links":{"self":[{"href":"https:\/\/psol50.org.br\/rest\/wp\/v2\/posts\/18553","targetHints":{"allow":["GET"]}}],"collection":[{"href":"https:\/\/psol50.org.br\/rest\/wp\/v2\/posts"}],"about":[{"href":"https:\/\/psol50.org.br\/rest\/wp\/v2\/types\/post"}],"author":[{"embeddable":true,"href":"https:\/\/psol50.org.br\/rest\/wp\/v2\/users\/2"}],"replies":[{"embeddable":true,"href":"https:\/\/psol50.org.br\/rest\/wp\/v2\/comments?post=18553"}],"version-history":[{"count":0,"href":"https:\/\/psol50.org.br\/rest\/wp\/v2\/posts\/18553\/revisions"}],"wp:featuredmedia":[{"embeddable":true,"href":"https:\/\/psol50.org.br\/rest\/"}],"wp:attachment":[{"href":"https:\/\/psol50.org.br\/rest\/wp\/v2\/media?parent=18553"}],"wp:term":[{"taxonomy":"category","embeddable":true,"href":"https:\/\/psol50.org.br\/rest\/wp\/v2\/categories?post=18553"},{"taxonomy":"post_tag","embeddable":true,"href":"https:\/\/psol50.org.br\/rest\/wp\/v2\/tags?post=18553"}],"curies":[{"name":"wp","href":"https:\/\/api.w.org\/{rel}","templated":true}]}}