{"id":18563,"date":"2017-10-17T13:48:11","date_gmt":"2017-10-17T15:48:11","guid":{"rendered":"http:\/\/www.psol50.org.br\/?p=18563"},"modified":"2017-10-17T13:48:11","modified_gmt":"2017-10-17T15:48:11","slug":"psol-apresenta-voto-em-separado-pela-investigacao-contra-temer","status":"publish","type":"post","link":"https:\/\/psol50.org.br\/psol-apresenta-voto-em-separado-pela-investigacao-contra-temer\/","title":{"rendered":"PSOL apresenta voto em separado pela investiga\u00e7\u00e3o contra Temer"},"content":{"rendered":"<p>A bancada do <a href=\"https:\/\/www.facebook.com\/psolnacamara\/\" target=\"_blank\" rel=\"noopener\"><strong><span style=\"color: #0000ff;\">PSOL na C\u00e2mara<\/span><\/strong><\/a> apresentou, nesta ter\u00e7a-feira (17\/10), <a href=\"http:\/\/www.psol50.org.br\/inc\/uploads\/2017\/10\/Voto_Separado_Denunca_Temer_PSOL-CCJ.pdf\" target=\"_blank\" rel=\"noopener\"><strong><span style=\"color: #0000ff;\">voto em separado<\/span><\/strong><\/a> na Comiss\u00e3o de Constitui\u00e7\u00e3o e Justi\u00e7a (CCJ) pela abertura do processo de investiga\u00e7\u00e3o contra o presidente Michel Temer e os ministros da Casa Civil e Secretaria Geral, Eliseu Padilha e Moreira Franco, respectivamente.<\/p>\n<p>Para o PSOL, a organiza\u00e7\u00e3o criminosa atuava para obter, sobretudo, vantagens econ\u00f4micas, mas tamb\u00e9m pol\u00edticas. A den\u00fancia apresentada pela Procuradoria Geral da Rep\u00fablica, na avalia\u00e7\u00e3o dos parlamentares, identifica em exaustivos detalhes a pr\u00e1tica da organiza\u00e7\u00e3o criminosa e obstru\u00e7\u00e3o de justi\u00e7a.<\/p>\n<p>Assinada pelos deputados Ivan Valente (SP) e Chico Alencar (RJ), membros da Comiss\u00e3o, o voto relata que a associa\u00e7\u00e3o consistia em uma estrutura ordenada e caracterizada pela divis\u00e3o de tarefas, com \u201cdiversos indiv\u00edduos para cometerem delitos (o que caracterizaria somente, no direito penal, o concurso de pessoas), mas uma atividade criminosa organizada, coordenada, planejada\u201d.<\/p>\n<p>Al\u00e9m disso, Michel Temer, juntamente com Joesley Batista e Ricardo Saud, tentaram embara\u00e7ar investiga\u00e7\u00f5es de infra\u00e7\u00f5es penais praticadas pelo esquema, ao conspirarem para \u201ccomprar o sil\u00eancio\u201d de outros dois membros da organiza\u00e7\u00e3o criminosa que estavam presos: Eduardo Cunha e L\u00facio Funaro.<\/p>\n<p>A CCJ da C\u00e2mara iniciou, nesta ter\u00e7a, o debate em torno do <a href=\"http:\/\/www.psol50.org.br\/relator-de-denuncia-na-ccj-da-camara-blinda-temer-e-apresenta-parecer-contrario-a-investigacao\/\" target=\"_blank\" rel=\"noopener\"><strong><span style=\"color: #0000ff;\">parecer,<\/span><\/strong><\/a> apresentado pelo relator Bonif\u00e1cio Andrada (PSDB-MG), que indica que o Supremo Tribunal Federal (STF) n\u00e3o instaure processo de investiga\u00e7\u00e3o contra o presidente. Segundo calend\u00e1rio divulgado pela <em>Ag\u00eancia C\u00e2mara,<\/em>\u00a0a vota\u00e7\u00e3o dever\u00e1 ser realizada no colegiado at\u00e9 a quinta-feira.<\/p>\n","protected":false},"excerpt":{"rendered":"<p>A bancada do PSOL na C\u00e2mara apresentou, nesta ter\u00e7a-feira (17\/10), voto em separado na Comiss\u00e3o de Constitui\u00e7\u00e3o e Justi\u00e7a (CCJ) pela abertura do processo de investiga\u00e7\u00e3o contra o presidente Michel Temer e os ministros da Casa Civil e Secretaria Geral, Eliseu Padilha e Moreira Franco, respectivamente. Para o PSOL, a organiza\u00e7\u00e3o criminosa atuava para obter, [&hellip;]<\/p>\n","protected":false},"author":2,"featured_media":18218,"comment_status":"open","ping_status":"open","sticky":false,"template":"","format":"standard","meta":{"_acf_changed":false,"footnotes":""},"categories":[10,1882,6],"tags":[1813,1680,79,61,552,1748,3583,3584,417,45,3675],"class_list":{"0":"post-18563","1":"post","2":"type-post","3":"status-publish","4":"format-standard","5":"has-post-thumbnail","7":"category-acao-parlamentares","8":"category-brasil","9":"category-noticias","10":"tag-ccj-da-camara","11":"tag-chico-alencar","12":"tag-denuncia","13":"tag-investigacao","14":"tag-ivan-valente","15":"tag-michel-temer","16":"tag-obstrucao-de-justica","17":"tag-organizacao-criminosa","18":"tag-psol-na-camara","19":"tag-stf","20":"tag-voto-em-seperado"},"acf":[],"yoast_head":"<!-- This site is optimized with the Yoast SEO plugin v26.5 - https:\/\/yoast.com\/wordpress\/plugins\/seo\/ -->\n<title>PSOL apresenta voto em separado pela investiga\u00e7\u00e3o contra Temer - PSOL 50<\/title>\n<meta name=\"robots\" content=\"index, follow, max-snippet:-1, max-image-preview:large, max-video-preview:-1\" \/>\n<link rel=\"canonical\" href=\"https:\/\/psol50.org.br\/psol-apresenta-voto-em-separado-pela-investigacao-contra-temer\/\" \/>\n<meta property=\"og:locale\" content=\"pt_BR\" \/>\n<meta property=\"og:type\" content=\"article\" \/>\n<meta property=\"og:title\" content=\"PSOL apresenta voto em separado pela investiga\u00e7\u00e3o contra Temer - PSOL 50\" \/>\n<meta property=\"og:description\" content=\"A bancada do PSOL na C\u00e2mara apresentou, nesta ter\u00e7a-feira (17\/10), voto em separado na Comiss\u00e3o de Constitui\u00e7\u00e3o e Justi\u00e7a (CCJ) pela abertura do processo de investiga\u00e7\u00e3o contra o presidente Michel Temer e os ministros da Casa Civil e Secretaria Geral, Eliseu Padilha e Moreira Franco, respectivamente. Para o PSOL, a organiza\u00e7\u00e3o criminosa atuava para obter, [&hellip;]\" \/>\n<meta property=\"og:url\" content=\"https:\/\/psol50.org.br\/psol-apresenta-voto-em-separado-pela-investigacao-contra-temer\/\" \/>\n<meta property=\"og:site_name\" content=\"PSOL 50\" \/>\n<meta property=\"article:publisher\" content=\"https:\/\/www.facebook.com\/psol50\" \/>\n<meta property=\"article:published_time\" content=\"2017-10-17T15:48:11+00:00\" \/>\n<meta property=\"og:image\" content=\"https:\/\/psol50.org.br\/inc\/uploads\/2018\/07\/capa.png\" \/>\n\t<meta property=\"og:image:width\" content=\"1350\" \/>\n\t<meta property=\"og:image:height\" content=\"900\" \/>\n\t<meta property=\"og:image:type\" content=\"image\/png\" \/>\n<meta name=\"author\" content=\"Comunica\u00e7\u00e3o PSOL\" \/>\n<meta name=\"twitter:card\" content=\"summary_large_image\" \/>\n<meta name=\"twitter:creator\" content=\"@psol50\" \/>\n<meta name=\"twitter:site\" content=\"@psol50\" \/>\n<meta name=\"twitter:label1\" content=\"Escrito por\" \/>\n\t<meta name=\"twitter:data1\" content=\"Comunica\u00e7\u00e3o PSOL\" \/>\n\t<meta name=\"twitter:label2\" content=\"Est. tempo de leitura\" \/>\n\t<meta name=\"twitter:data2\" content=\"1 minuto\" \/>\n<script type=\"application\/ld+json\" class=\"yoast-schema-graph\">{\"@context\":\"https:\/\/schema.org\",\"@graph\":[{\"@type\":\"Article\",\"@id\":\"https:\/\/psol50.org.br\/psol-apresenta-voto-em-separado-pela-investigacao-contra-temer\/#article\",\"isPartOf\":{\"@id\":\"https:\/\/psol50.org.br\/psol-apresenta-voto-em-separado-pela-investigacao-contra-temer\/\"},\"author\":{\"name\":\"Comunica\u00e7\u00e3o PSOL\",\"@id\":\"https:\/\/psol50.org.br\/#\/schema\/person\/475dfa57d0b815993c714c2e96491fcd\"},\"headline\":\"PSOL apresenta voto em separado pela investiga\u00e7\u00e3o contra Temer\",\"datePublished\":\"2017-10-17T15:48:11+00:00\",\"mainEntityOfPage\":{\"@id\":\"https:\/\/psol50.org.br\/psol-apresenta-voto-em-separado-pela-investigacao-contra-temer\/\"},\"wordCount\":278,\"commentCount\":0,\"publisher\":{\"@id\":\"https:\/\/psol50.org.br\/#organization\"},\"image\":{\"@id\":\"https:\/\/psol50.org.br\/psol-apresenta-voto-em-separado-pela-investigacao-contra-temer\/#primaryimage\"},\"thumbnailUrl\":\"\",\"keywords\":[\"CCJ da C\u00e2mara\",\"Chico Alencar\",\"den\u00fancia\",\"investiga\u00e7\u00e3o\",\"Ivan Valente\",\"Michel Temer\",\"obstru\u00e7\u00e3o de justi\u00e7a\",\"organiza\u00e7\u00e3o criminosa\",\"PSOL na C\u00e2mara\",\"STF\",\"voto em seperado\"],\"articleSection\":[\"A\u00e7\u00e3o Parlamentar\",\"Brasil\",\"Not\u00edcias\"],\"inLanguage\":\"pt-BR\",\"potentialAction\":[{\"@type\":\"CommentAction\",\"name\":\"Comment\",\"target\":[\"https:\/\/psol50.org.br\/psol-apresenta-voto-em-separado-pela-investigacao-contra-temer\/#respond\"]}]},{\"@type\":\"WebPage\",\"@id\":\"https:\/\/psol50.org.br\/psol-apresenta-voto-em-separado-pela-investigacao-contra-temer\/\",\"url\":\"https:\/\/psol50.org.br\/psol-apresenta-voto-em-separado-pela-investigacao-contra-temer\/\",\"name\":\"PSOL apresenta voto em separado pela investiga\u00e7\u00e3o contra Temer - PSOL 50\",\"isPartOf\":{\"@id\":\"https:\/\/psol50.org.br\/#website\"},\"primaryImageOfPage\":{\"@id\":\"https:\/\/psol50.org.br\/psol-apresenta-voto-em-separado-pela-investigacao-contra-temer\/#primaryimage\"},\"image\":{\"@id\":\"https:\/\/psol50.org.br\/psol-apresenta-voto-em-separado-pela-investigacao-contra-temer\/#primaryimage\"},\"thumbnailUrl\":\"\",\"datePublished\":\"2017-10-17T15:48:11+00:00\",\"breadcrumb\":{\"@id\":\"https:\/\/psol50.org.br\/psol-apresenta-voto-em-separado-pela-investigacao-contra-temer\/#breadcrumb\"},\"inLanguage\":\"pt-BR\",\"potentialAction\":[{\"@type\":\"ReadAction\",\"target\":[\"https:\/\/psol50.org.br\/psol-apresenta-voto-em-separado-pela-investigacao-contra-temer\/\"]}]},{\"@type\":\"ImageObject\",\"inLanguage\":\"pt-BR\",\"@id\":\"https:\/\/psol50.org.br\/psol-apresenta-voto-em-separado-pela-investigacao-contra-temer\/#primaryimage\",\"url\":\"\",\"contentUrl\":\"\"},{\"@type\":\"BreadcrumbList\",\"@id\":\"https:\/\/psol50.org.br\/psol-apresenta-voto-em-separado-pela-investigacao-contra-temer\/#breadcrumb\",\"itemListElement\":[{\"@type\":\"ListItem\",\"position\":1,\"name\":\"In\u00edcio\",\"item\":\"https:\/\/psol50.org.br\/\"},{\"@type\":\"ListItem\",\"position\":2,\"name\":\"PSOL apresenta voto em separado pela investiga\u00e7\u00e3o contra Temer\"}]},{\"@type\":\"WebSite\",\"@id\":\"https:\/\/psol50.org.br\/#website\",\"url\":\"https:\/\/psol50.org.br\/\",\"name\":\"PSOL 50\",\"description\":\"Site oficial do Partido Socialismo e Liberdade\",\"publisher\":{\"@id\":\"https:\/\/psol50.org.br\/#organization\"},\"alternateName\":\"PSOL50\",\"potentialAction\":[{\"@type\":\"SearchAction\",\"target\":{\"@type\":\"EntryPoint\",\"urlTemplate\":\"https:\/\/psol50.org.br\/?s={search_term_string}\"},\"query-input\":{\"@type\":\"PropertyValueSpecification\",\"valueRequired\":true,\"valueName\":\"search_term_string\"}}],\"inLanguage\":\"pt-BR\"},{\"@type\":\"Organization\",\"@id\":\"https:\/\/psol50.org.br\/#organization\",\"name\":\"PSOL 50\",\"alternateName\":\"PSOL 50\",\"url\":\"https:\/\/psol50.org.br\/\",\"logo\":{\"@type\":\"ImageObject\",\"inLanguage\":\"pt-BR\",\"@id\":\"https:\/\/psol50.org.br\/#\/schema\/logo\/image\/\",\"url\":\"https:\/\/psol50.org.br\/inc\/uploads\/2018\/07\/capa.png\",\"contentUrl\":\"https:\/\/psol50.org.br\/inc\/uploads\/2018\/07\/capa.png\",\"width\":1350,\"height\":900,\"caption\":\"PSOL 50\"},\"image\":{\"@id\":\"https:\/\/psol50.org.br\/#\/schema\/logo\/image\/\"},\"sameAs\":[\"https:\/\/www.facebook.com\/psol50\",\"https:\/\/x.com\/psol50\",\"https:\/\/www.instagram.com\/psol50\/\",\"https:\/\/www.youtube.com\/channel\/UC7SnJS5o1os7a6CaiNabzcg\"]},{\"@type\":\"Person\",\"@id\":\"https:\/\/psol50.org.br\/#\/schema\/person\/475dfa57d0b815993c714c2e96491fcd\",\"name\":\"Comunica\u00e7\u00e3o PSOL\",\"image\":{\"@type\":\"ImageObject\",\"inLanguage\":\"pt-BR\",\"@id\":\"https:\/\/psol50.org.br\/#\/schema\/person\/image\/\",\"url\":\"https:\/\/secure.gravatar.com\/avatar\/b34fc4f4e468a4e51785917065a3db57b841f5c95dba6ad8c73aaf8f66f8f9bf?s=96&d=mm&r=g\",\"contentUrl\":\"https:\/\/secure.gravatar.com\/avatar\/b34fc4f4e468a4e51785917065a3db57b841f5c95dba6ad8c73aaf8f66f8f9bf?s=96&d=mm&r=g\",\"caption\":\"Comunica\u00e7\u00e3o PSOL\"}}]}<\/script>\n<!-- \/ Yoast SEO plugin. -->","yoast_head_json":{"title":"PSOL apresenta voto em separado pela investiga\u00e7\u00e3o contra Temer - PSOL 50","robots":{"index":"index","follow":"follow","max-snippet":"max-snippet:-1","max-image-preview":"max-image-preview:large","max-video-preview":"max-video-preview:-1"},"canonical":"https:\/\/psol50.org.br\/psol-apresenta-voto-em-separado-pela-investigacao-contra-temer\/","og_locale":"pt_BR","og_type":"article","og_title":"PSOL apresenta voto em separado pela investiga\u00e7\u00e3o contra Temer - PSOL 50","og_description":"A bancada do PSOL na C\u00e2mara apresentou, nesta ter\u00e7a-feira (17\/10), voto em separado na Comiss\u00e3o de Constitui\u00e7\u00e3o e Justi\u00e7a (CCJ) pela abertura do processo de investiga\u00e7\u00e3o contra o presidente Michel Temer e os ministros da Casa Civil e Secretaria Geral, Eliseu Padilha e Moreira Franco, respectivamente. Para o PSOL, a organiza\u00e7\u00e3o criminosa atuava para obter, [&hellip;]","og_url":"https:\/\/psol50.org.br\/psol-apresenta-voto-em-separado-pela-investigacao-contra-temer\/","og_site_name":"PSOL 50","article_publisher":"https:\/\/www.facebook.com\/psol50","article_published_time":"2017-10-17T15:48:11+00:00","og_image":[{"width":1350,"height":900,"url":"https:\/\/psol50.org.br\/inc\/uploads\/2018\/07\/capa.png","type":"image\/png"}],"author":"Comunica\u00e7\u00e3o PSOL","twitter_card":"summary_large_image","twitter_creator":"@psol50","twitter_site":"@psol50","twitter_misc":{"Escrito por":"Comunica\u00e7\u00e3o PSOL","Est. tempo de leitura":"1 minuto"},"schema":{"@context":"https:\/\/schema.org","@graph":[{"@type":"Article","@id":"https:\/\/psol50.org.br\/psol-apresenta-voto-em-separado-pela-investigacao-contra-temer\/#article","isPartOf":{"@id":"https:\/\/psol50.org.br\/psol-apresenta-voto-em-separado-pela-investigacao-contra-temer\/"},"author":{"name":"Comunica\u00e7\u00e3o PSOL","@id":"https:\/\/psol50.org.br\/#\/schema\/person\/475dfa57d0b815993c714c2e96491fcd"},"headline":"PSOL apresenta voto em separado pela investiga\u00e7\u00e3o contra Temer","datePublished":"2017-10-17T15:48:11+00:00","mainEntityOfPage":{"@id":"https:\/\/psol50.org.br\/psol-apresenta-voto-em-separado-pela-investigacao-contra-temer\/"},"wordCount":278,"commentCount":0,"publisher":{"@id":"https:\/\/psol50.org.br\/#organization"},"image":{"@id":"https:\/\/psol50.org.br\/psol-apresenta-voto-em-separado-pela-investigacao-contra-temer\/#primaryimage"},"thumbnailUrl":"","keywords":["CCJ da C\u00e2mara","Chico Alencar","den\u00fancia","investiga\u00e7\u00e3o","Ivan Valente","Michel Temer","obstru\u00e7\u00e3o de justi\u00e7a","organiza\u00e7\u00e3o criminosa","PSOL na C\u00e2mara","STF","voto em seperado"],"articleSection":["A\u00e7\u00e3o Parlamentar","Brasil","Not\u00edcias"],"inLanguage":"pt-BR","potentialAction":[{"@type":"CommentAction","name":"Comment","target":["https:\/\/psol50.org.br\/psol-apresenta-voto-em-separado-pela-investigacao-contra-temer\/#respond"]}]},{"@type":"WebPage","@id":"https:\/\/psol50.org.br\/psol-apresenta-voto-em-separado-pela-investigacao-contra-temer\/","url":"https:\/\/psol50.org.br\/psol-apresenta-voto-em-separado-pela-investigacao-contra-temer\/","name":"PSOL apresenta voto em separado pela investiga\u00e7\u00e3o contra Temer - PSOL 50","isPartOf":{"@id":"https:\/\/psol50.org.br\/#website"},"primaryImageOfPage":{"@id":"https:\/\/psol50.org.br\/psol-apresenta-voto-em-separado-pela-investigacao-contra-temer\/#primaryimage"},"image":{"@id":"https:\/\/psol50.org.br\/psol-apresenta-voto-em-separado-pela-investigacao-contra-temer\/#primaryimage"},"thumbnailUrl":"","datePublished":"2017-10-17T15:48:11+00:00","breadcrumb":{"@id":"https:\/\/psol50.org.br\/psol-apresenta-voto-em-separado-pela-investigacao-contra-temer\/#breadcrumb"},"inLanguage":"pt-BR","potentialAction":[{"@type":"ReadAction","target":["https:\/\/psol50.org.br\/psol-apresenta-voto-em-separado-pela-investigacao-contra-temer\/"]}]},{"@type":"ImageObject","inLanguage":"pt-BR","@id":"https:\/\/psol50.org.br\/psol-apresenta-voto-em-separado-pela-investigacao-contra-temer\/#primaryimage","url":"","contentUrl":""},{"@type":"BreadcrumbList","@id":"https:\/\/psol50.org.br\/psol-apresenta-voto-em-separado-pela-investigacao-contra-temer\/#breadcrumb","itemListElement":[{"@type":"ListItem","position":1,"name":"In\u00edcio","item":"https:\/\/psol50.org.br\/"},{"@type":"ListItem","position":2,"name":"PSOL apresenta voto em separado pela investiga\u00e7\u00e3o contra Temer"}]},{"@type":"WebSite","@id":"https:\/\/psol50.org.br\/#website","url":"https:\/\/psol50.org.br\/","name":"PSOL 50","description":"Site oficial do Partido Socialismo e Liberdade","publisher":{"@id":"https:\/\/psol50.org.br\/#organization"},"alternateName":"PSOL50","potentialAction":[{"@type":"SearchAction","target":{"@type":"EntryPoint","urlTemplate":"https:\/\/psol50.org.br\/?s={search_term_string}"},"query-input":{"@type":"PropertyValueSpecification","valueRequired":true,"valueName":"search_term_string"}}],"inLanguage":"pt-BR"},{"@type":"Organization","@id":"https:\/\/psol50.org.br\/#organization","name":"PSOL 50","alternateName":"PSOL 50","url":"https:\/\/psol50.org.br\/","logo":{"@type":"ImageObject","inLanguage":"pt-BR","@id":"https:\/\/psol50.org.br\/#\/schema\/logo\/image\/","url":"https:\/\/psol50.org.br\/inc\/uploads\/2018\/07\/capa.png","contentUrl":"https:\/\/psol50.org.br\/inc\/uploads\/2018\/07\/capa.png","width":1350,"height":900,"caption":"PSOL 50"},"image":{"@id":"https:\/\/psol50.org.br\/#\/schema\/logo\/image\/"},"sameAs":["https:\/\/www.facebook.com\/psol50","https:\/\/x.com\/psol50","https:\/\/www.instagram.com\/psol50\/","https:\/\/www.youtube.com\/channel\/UC7SnJS5o1os7a6CaiNabzcg"]},{"@type":"Person","@id":"https:\/\/psol50.org.br\/#\/schema\/person\/475dfa57d0b815993c714c2e96491fcd","name":"Comunica\u00e7\u00e3o PSOL","image":{"@type":"ImageObject","inLanguage":"pt-BR","@id":"https:\/\/psol50.org.br\/#\/schema\/person\/image\/","url":"https:\/\/secure.gravatar.com\/avatar\/b34fc4f4e468a4e51785917065a3db57b841f5c95dba6ad8c73aaf8f66f8f9bf?s=96&d=mm&r=g","contentUrl":"https:\/\/secure.gravatar.com\/avatar\/b34fc4f4e468a4e51785917065a3db57b841f5c95dba6ad8c73aaf8f66f8f9bf?s=96&d=mm&r=g","caption":"Comunica\u00e7\u00e3o PSOL"}}]}},"_links":{"self":[{"href":"https:\/\/psol50.org.br\/rest\/wp\/v2\/posts\/18563","targetHints":{"allow":["GET"]}}],"collection":[{"href":"https:\/\/psol50.org.br\/rest\/wp\/v2\/posts"}],"about":[{"href":"https:\/\/psol50.org.br\/rest\/wp\/v2\/types\/post"}],"author":[{"embeddable":true,"href":"https:\/\/psol50.org.br\/rest\/wp\/v2\/users\/2"}],"replies":[{"embeddable":true,"href":"https:\/\/psol50.org.br\/rest\/wp\/v2\/comments?post=18563"}],"version-history":[{"count":0,"href":"https:\/\/psol50.org.br\/rest\/wp\/v2\/posts\/18563\/revisions"}],"wp:featuredmedia":[{"embeddable":true,"href":"https:\/\/psol50.org.br\/rest\/"}],"wp:attachment":[{"href":"https:\/\/psol50.org.br\/rest\/wp\/v2\/media?parent=18563"}],"wp:term":[{"taxonomy":"category","embeddable":true,"href":"https:\/\/psol50.org.br\/rest\/wp\/v2\/categories?post=18563"},{"taxonomy":"post_tag","embeddable":true,"href":"https:\/\/psol50.org.br\/rest\/wp\/v2\/tags?post=18563"}],"curies":[{"name":"wp","href":"https:\/\/api.w.org\/{rel}","templated":true}]}}