{"id":18575,"date":"2017-10-18T10:34:26","date_gmt":"2017-10-18T12:34:26","guid":{"rendered":"http:\/\/www.psol50.org.br\/?p=18575"},"modified":"2017-10-18T10:34:26","modified_gmt":"2017-10-18T12:34:26","slug":"decisao-do-senado-sobre-futuro-de-aecio-consolida-acordao-e-preserva-base-de-apoio-de-temer","status":"publish","type":"post","link":"https:\/\/psol50.org.br\/decisao-do-senado-sobre-futuro-de-aecio-consolida-acordao-e-preserva-base-de-apoio-de-temer\/","title":{"rendered":"Decis\u00e3o do Senado sobre futuro de A\u00e9cio consolida acord\u00e3o e preserva a base de apoio de Temer"},"content":{"rendered":"<p>Mais um cap\u00edtulo vergonhoso da saga pol\u00edtica marcou o dia em Bras\u00edlia nesta ter\u00e7a-feira (17\/10). Em vota\u00e7\u00e3o que se estendeu at\u00e9 a noite, o plen\u00e1rio do Senado tornou sem efeito a decis\u00e3o do Supremo Tribunal Federal (STF) que havia afastado\u00a0o senador A\u00e9cio Neves (PSDB-MG) do mandato parlamentar e determinado o seu recolhimento noturno. Foram 44 votos contra e 26 a favor das medidas cautelares impostas pela Primeira Turma da Corte. Foram contabilizadas, ainda, nove aus\u00eancias, sem contar o pr\u00f3prio A\u00e9cio, que estava com o mandato suspenso e n\u00e3o p\u00f4de votar. A Constitui\u00e7\u00e3o Federal exige que a decis\u00e3o seja tomada por maioria absoluta, pelo menos 41 votos.<\/p>\n<p>Conforme prev\u00ea o regimento interno do Senado,\u00a0A\u00e9cio Neves, que estava afastado temporariamente do mandato desde 26 de setembro, j\u00e1 est\u00e1 de volta, a partir desta quarta-feira (18), ao exerc\u00edcio do cargo. A Procuradoria-Geral da Rep\u00fablica (PGR) denunciou o tucano por corrup\u00e7\u00e3o passiva e obstru\u00e7\u00e3o de Justi\u00e7a, com base em dela\u00e7\u00f5es premiadas do grupo empresarial J&amp;F. Ele foi gravado pedindo R$ 2 milh\u00f5es ao empres\u00e1rio Joesley Batista.<\/p>\n<p>A liberdade de A\u00e9cio n\u00e3o s\u00f3 favorece o PSDB, mas tamb\u00e9m a base de apoio do governo de Michel Temer, que se empenhou para salvar a pele do tucano. Segundo reportagem divulgada pelo portal de not\u00edcias <a href=\"https:\/\/josiasdesouza.blogosfera.uol.com.br\/2017\/10\/18\/temer-abre-os-cofres-por-aecio-r-200-milhoes\/\" target=\"_blank\" rel=\"noopener\"><span style=\"color: #0000ff;\"><em>UOL<\/em><\/span><\/a>, o presidente ileg\u00edtimo\u00a0mobilizou a sua equipe para devolver ao senador tucano o mandato, a liberdade noturna e o passaporte. Para garantir os votos no plen\u00e1rio do Senado, os operadores pol\u00edticos de Temer acenaram com\u00a0a libera\u00e7\u00e3o de R$ 200 milh\u00f5es em emendas or\u00e7ament\u00e1rias.<\/p>\n<p>Outro pol\u00edtico de peso que tamb\u00e9m entrou no jogo de \u00faltima hora foi o senador Romero Juc\u00e1 (RR), presidente do PMDB e l\u00edder do governo no Senado, que havia dito que n\u00e3o compareceria \u00e0 sess\u00e3o devido \u00e0 recupera\u00e7\u00e3o de uma cirurgia. Segundo a reportagem do UOL, o pr\u00f3prio presidente estimulou-o a marcar presen\u00e7a na sess\u00e3o, garantindo mais um voto em favor de A\u00e9cio. Ele tamb\u00e9m ficou na fun\u00e7\u00e3o de convencer outros aliados sobre as vantagens que teriam para socorrer o tucano mineiro.<\/p>\n<p>A bancada do <a href=\"https:\/\/www.facebook.com\/psolnacamara\/?ref=br_rs\" target=\"_blank\" rel=\"noopener\"><strong><span style=\"color: #0000ff;\">PSOL na C\u00e2mara<\/span><\/strong><\/a> criticou a decis\u00e3o absurda do Senado. O deputado Ivan Valente (SP) avaliou o resultado como revoltante. &#8220;Depois de o STF, por 6 a 5, permitir que o Senado deliberasse sobre a sua impunidade ou n\u00e3o, depois de t\u00ea-lo suspenso do mandato de senador e mandado ele para casa \u00e0 noite, para n\u00e3o mais ir \u00e0s baladas nas articula\u00e7\u00f5es para obstruir a justi\u00e7a, agora o Senado Federal, por 44 votos, livra a cara de A\u00e9cio Neves. Ele tem mais de seis indiciamentos no Supremo Tribunal Federal. E, claramente, na \u00faltima den\u00fancia ele foi pego em flagrante&#8221;.<\/p>\n<p>https:\/\/www.facebook.com\/IvanValentePSOL\/videos\/1726791304032411\/<\/p>\n<p>O l\u00edder Glauber Braga (RJ) considerou a decis\u00e3o como parte do acord\u00e3o que vem sendo operado para livrar o governo e toda a sua base de apoio das acusa\u00e7\u00f5es. &#8220;Para quem ainda tinha alguma d\u00favida: o acord\u00e3o operando com tudo. PSDB livra Temer na c\u00e2mara e PMDB acaba de livrar A\u00e9cio no Senado. Algu\u00e9m ainda acredita que a luta dessa turma, algum dia, foi contra a corrup\u00e7\u00e3o? S\u00e3o parceiros no projeto pra desmontar e entregar o Brasil&#8221;, disse o deputado, se referindo, tamb\u00e9m, ao debate na Comiss\u00e3o de Constitui\u00e7\u00e3o, Justi\u00e7a e Cidadania da C\u00e2mara em torno da den\u00fancia contra Michel Temer, cujo <a href=\"http:\/\/www.psol50.org.br\/relator-de-denuncia-na-ccj-da-camara-blinda-temer-e-apresenta-parecer-contrario-a-investigacao\/\" target=\"_blank\" rel=\"noopener\"><strong><span style=\"color: #0000ff;\">parecer do tucano Bonif\u00e1cio Andrade (MG) \u00e9 para que o STF n\u00e3o d\u00ea prosseguimento \u00e0s investiga\u00e7\u00f5es.<\/span><\/strong><\/a><\/p>\n<p>Para Chico Alencar (RJ), o que impera no Congresso Nacional \u00e9 o esp\u00edrito do corporativismo entre deputados e senadores acusados de v\u00e1rios crimes de corrup\u00e7\u00e3o. E, segundo ele, a decis\u00e3o do Senado confirma essa l\u00f3gica. &#8220;O Senado acaba de restituir plenamente o mandato de A\u00e9cio Neves, como se aquela grana toda, filmada na do seu primo, vindo de Joesley, nada significasse&#8221;.<\/p>\n<p>https:\/\/www.facebook.com\/chicoalencar\/videos\/1249982968437285\/<\/p>\n<p>O PSOL, logo ap\u00f3s a decis\u00e3o do Supremo de afastar o senador tucano de seu cargo, <a href=\"http:\/\/www.psol50.org.br\/psol-apoia-decisao-do-stf-pelo-afastamento-de-aecio-e-cobra-ampla-investigacao-das-denuncias\/\" target=\"_blank\" rel=\"noopener\"><strong><span style=\"color: #0000ff;\">cobrou ampla investiga\u00e7\u00e3o sobre as den\u00fancias e considerou leg\u00edtima a decis\u00e3o da Corte<\/span><\/strong><\/a>.<\/p>\n<p>&nbsp;<\/p>\n","protected":false},"excerpt":{"rendered":"<p>Mais um cap\u00edtulo vergonhoso da saga pol\u00edtica marcou o dia em Bras\u00edlia nesta ter\u00e7a-feira (17\/10). Em vota\u00e7\u00e3o que se estendeu at\u00e9 a noite, o plen\u00e1rio do Senado tornou sem efeito a decis\u00e3o do Supremo Tribunal Federal (STF) que havia afastado\u00a0o senador A\u00e9cio Neves (PSDB-MG) do mandato parlamentar e determinado o seu recolhimento noturno. Foram 44 [&hellip;]<\/p>\n","protected":false},"author":2,"featured_media":18578,"comment_status":"open","ping_status":"open","sticky":false,"template":"","format":"standard","meta":{"_acf_changed":false,"footnotes":""},"categories":[10,1882,6],"tags":[3063,3320,79,3244,3678,1748,2152,1590,22,3167,2431,45,3679],"class_list":{"0":"post-18575","1":"post","2":"type-post","3":"status-publish","4":"format-standard","5":"has-post-thumbnail","7":"category-acao-parlamentares","8":"category-brasil","9":"category-noticias","10":"tag-aecio-neves","11":"tag-base-de-apoio","12":"tag-denuncia","13":"tag-joesley-batista","14":"tag-medidas-cautelares","15":"tag-michel-temer","16":"tag-pmdb","17":"tag-psdb","18":"tag-psol","19":"tag-romero-juca","20":"tag-senado-federal","21":"tag-stf","22":"tag-tucano"},"acf":[],"yoast_head":"<!-- This site is optimized with the Yoast SEO plugin v26.5 - https:\/\/yoast.com\/wordpress\/plugins\/seo\/ -->\n<title>Decis\u00e3o do Senado sobre futuro de A\u00e9cio consolida acord\u00e3o e preserva a base de apoio de Temer - PSOL 50<\/title>\n<meta name=\"robots\" content=\"index, follow, max-snippet:-1, max-image-preview:large, max-video-preview:-1\" \/>\n<link rel=\"canonical\" href=\"https:\/\/psol50.org.br\/decisao-do-senado-sobre-futuro-de-aecio-consolida-acordao-e-preserva-base-de-apoio-de-temer\/\" \/>\n<meta property=\"og:locale\" content=\"pt_BR\" \/>\n<meta property=\"og:type\" content=\"article\" \/>\n<meta property=\"og:title\" content=\"Decis\u00e3o do Senado sobre futuro de A\u00e9cio consolida acord\u00e3o e preserva a base de apoio de Temer - PSOL 50\" \/>\n<meta property=\"og:description\" content=\"Mais um cap\u00edtulo vergonhoso da saga pol\u00edtica marcou o dia em Bras\u00edlia nesta ter\u00e7a-feira (17\/10). Em vota\u00e7\u00e3o que se estendeu at\u00e9 a noite, o plen\u00e1rio do Senado tornou sem efeito a decis\u00e3o do Supremo Tribunal Federal (STF) que havia afastado\u00a0o senador A\u00e9cio Neves (PSDB-MG) do mandato parlamentar e determinado o seu recolhimento noturno. Foram 44 [&hellip;]\" \/>\n<meta property=\"og:url\" content=\"https:\/\/psol50.org.br\/decisao-do-senado-sobre-futuro-de-aecio-consolida-acordao-e-preserva-base-de-apoio-de-temer\/\" \/>\n<meta property=\"og:site_name\" content=\"PSOL 50\" \/>\n<meta property=\"article:publisher\" content=\"https:\/\/www.facebook.com\/psol50\" \/>\n<meta property=\"article:published_time\" content=\"2017-10-18T12:34:26+00:00\" \/>\n<meta property=\"og:image\" content=\"https:\/\/psol50.org.br\/inc\/uploads\/2018\/07\/capa.png\" \/>\n\t<meta property=\"og:image:width\" content=\"1350\" \/>\n\t<meta property=\"og:image:height\" content=\"900\" \/>\n\t<meta property=\"og:image:type\" content=\"image\/png\" \/>\n<meta name=\"author\" content=\"Comunica\u00e7\u00e3o PSOL\" \/>\n<meta name=\"twitter:card\" content=\"summary_large_image\" \/>\n<meta name=\"twitter:creator\" content=\"@psol50\" \/>\n<meta name=\"twitter:site\" content=\"@psol50\" \/>\n<meta name=\"twitter:label1\" content=\"Escrito por\" \/>\n\t<meta name=\"twitter:data1\" content=\"Comunica\u00e7\u00e3o PSOL\" \/>\n\t<meta name=\"twitter:label2\" content=\"Est. tempo de leitura\" \/>\n\t<meta name=\"twitter:data2\" content=\"4 minutos\" \/>\n<script type=\"application\/ld+json\" class=\"yoast-schema-graph\">{\"@context\":\"https:\/\/schema.org\",\"@graph\":[{\"@type\":\"Article\",\"@id\":\"https:\/\/psol50.org.br\/decisao-do-senado-sobre-futuro-de-aecio-consolida-acordao-e-preserva-base-de-apoio-de-temer\/#article\",\"isPartOf\":{\"@id\":\"https:\/\/psol50.org.br\/decisao-do-senado-sobre-futuro-de-aecio-consolida-acordao-e-preserva-base-de-apoio-de-temer\/\"},\"author\":{\"name\":\"Comunica\u00e7\u00e3o PSOL\",\"@id\":\"https:\/\/psol50.org.br\/#\/schema\/person\/475dfa57d0b815993c714c2e96491fcd\"},\"headline\":\"Decis\u00e3o do Senado sobre futuro de A\u00e9cio consolida acord\u00e3o e preserva a base de apoio de Temer\",\"datePublished\":\"2017-10-18T12:34:26+00:00\",\"mainEntityOfPage\":{\"@id\":\"https:\/\/psol50.org.br\/decisao-do-senado-sobre-futuro-de-aecio-consolida-acordao-e-preserva-base-de-apoio-de-temer\/\"},\"wordCount\":753,\"commentCount\":0,\"publisher\":{\"@id\":\"https:\/\/psol50.org.br\/#organization\"},\"image\":{\"@id\":\"https:\/\/psol50.org.br\/decisao-do-senado-sobre-futuro-de-aecio-consolida-acordao-e-preserva-base-de-apoio-de-temer\/#primaryimage\"},\"thumbnailUrl\":\"\",\"keywords\":[\"A\u00e9cio Neves\",\"base de apoio\",\"den\u00fancia\",\"Joesley Batista\",\"medidas cautelares\",\"Michel Temer\",\"PMDB\",\"PSDB\",\"PSOL\",\"Romero Juc\u00e1\",\"Senado Federal\",\"STF\",\"tucano\"],\"articleSection\":[\"A\u00e7\u00e3o Parlamentar\",\"Brasil\",\"Not\u00edcias\"],\"inLanguage\":\"pt-BR\",\"potentialAction\":[{\"@type\":\"CommentAction\",\"name\":\"Comment\",\"target\":[\"https:\/\/psol50.org.br\/decisao-do-senado-sobre-futuro-de-aecio-consolida-acordao-e-preserva-base-de-apoio-de-temer\/#respond\"]}]},{\"@type\":\"WebPage\",\"@id\":\"https:\/\/psol50.org.br\/decisao-do-senado-sobre-futuro-de-aecio-consolida-acordao-e-preserva-base-de-apoio-de-temer\/\",\"url\":\"https:\/\/psol50.org.br\/decisao-do-senado-sobre-futuro-de-aecio-consolida-acordao-e-preserva-base-de-apoio-de-temer\/\",\"name\":\"Decis\u00e3o do Senado sobre futuro de A\u00e9cio consolida acord\u00e3o e preserva a base de apoio de Temer - PSOL 50\",\"isPartOf\":{\"@id\":\"https:\/\/psol50.org.br\/#website\"},\"primaryImageOfPage\":{\"@id\":\"https:\/\/psol50.org.br\/decisao-do-senado-sobre-futuro-de-aecio-consolida-acordao-e-preserva-base-de-apoio-de-temer\/#primaryimage\"},\"image\":{\"@id\":\"https:\/\/psol50.org.br\/decisao-do-senado-sobre-futuro-de-aecio-consolida-acordao-e-preserva-base-de-apoio-de-temer\/#primaryimage\"},\"thumbnailUrl\":\"\",\"datePublished\":\"2017-10-18T12:34:26+00:00\",\"breadcrumb\":{\"@id\":\"https:\/\/psol50.org.br\/decisao-do-senado-sobre-futuro-de-aecio-consolida-acordao-e-preserva-base-de-apoio-de-temer\/#breadcrumb\"},\"inLanguage\":\"pt-BR\",\"potentialAction\":[{\"@type\":\"ReadAction\",\"target\":[\"https:\/\/psol50.org.br\/decisao-do-senado-sobre-futuro-de-aecio-consolida-acordao-e-preserva-base-de-apoio-de-temer\/\"]}]},{\"@type\":\"ImageObject\",\"inLanguage\":\"pt-BR\",\"@id\":\"https:\/\/psol50.org.br\/decisao-do-senado-sobre-futuro-de-aecio-consolida-acordao-e-preserva-base-de-apoio-de-temer\/#primaryimage\",\"url\":\"\",\"contentUrl\":\"\"},{\"@type\":\"BreadcrumbList\",\"@id\":\"https:\/\/psol50.org.br\/decisao-do-senado-sobre-futuro-de-aecio-consolida-acordao-e-preserva-base-de-apoio-de-temer\/#breadcrumb\",\"itemListElement\":[{\"@type\":\"ListItem\",\"position\":1,\"name\":\"In\u00edcio\",\"item\":\"https:\/\/psol50.org.br\/\"},{\"@type\":\"ListItem\",\"position\":2,\"name\":\"Decis\u00e3o do Senado sobre futuro de A\u00e9cio consolida acord\u00e3o e preserva a base de apoio de Temer\"}]},{\"@type\":\"WebSite\",\"@id\":\"https:\/\/psol50.org.br\/#website\",\"url\":\"https:\/\/psol50.org.br\/\",\"name\":\"PSOL 50\",\"description\":\"Site oficial do Partido Socialismo e Liberdade\",\"publisher\":{\"@id\":\"https:\/\/psol50.org.br\/#organization\"},\"alternateName\":\"PSOL50\",\"potentialAction\":[{\"@type\":\"SearchAction\",\"target\":{\"@type\":\"EntryPoint\",\"urlTemplate\":\"https:\/\/psol50.org.br\/?s={search_term_string}\"},\"query-input\":{\"@type\":\"PropertyValueSpecification\",\"valueRequired\":true,\"valueName\":\"search_term_string\"}}],\"inLanguage\":\"pt-BR\"},{\"@type\":\"Organization\",\"@id\":\"https:\/\/psol50.org.br\/#organization\",\"name\":\"PSOL 50\",\"alternateName\":\"PSOL 50\",\"url\":\"https:\/\/psol50.org.br\/\",\"logo\":{\"@type\":\"ImageObject\",\"inLanguage\":\"pt-BR\",\"@id\":\"https:\/\/psol50.org.br\/#\/schema\/logo\/image\/\",\"url\":\"https:\/\/psol50.org.br\/inc\/uploads\/2018\/07\/capa.png\",\"contentUrl\":\"https:\/\/psol50.org.br\/inc\/uploads\/2018\/07\/capa.png\",\"width\":1350,\"height\":900,\"caption\":\"PSOL 50\"},\"image\":{\"@id\":\"https:\/\/psol50.org.br\/#\/schema\/logo\/image\/\"},\"sameAs\":[\"https:\/\/www.facebook.com\/psol50\",\"https:\/\/x.com\/psol50\",\"https:\/\/www.instagram.com\/psol50\/\",\"https:\/\/www.youtube.com\/channel\/UC7SnJS5o1os7a6CaiNabzcg\"]},{\"@type\":\"Person\",\"@id\":\"https:\/\/psol50.org.br\/#\/schema\/person\/475dfa57d0b815993c714c2e96491fcd\",\"name\":\"Comunica\u00e7\u00e3o PSOL\",\"image\":{\"@type\":\"ImageObject\",\"inLanguage\":\"pt-BR\",\"@id\":\"https:\/\/psol50.org.br\/#\/schema\/person\/image\/\",\"url\":\"https:\/\/secure.gravatar.com\/avatar\/b34fc4f4e468a4e51785917065a3db57b841f5c95dba6ad8c73aaf8f66f8f9bf?s=96&d=mm&r=g\",\"contentUrl\":\"https:\/\/secure.gravatar.com\/avatar\/b34fc4f4e468a4e51785917065a3db57b841f5c95dba6ad8c73aaf8f66f8f9bf?s=96&d=mm&r=g\",\"caption\":\"Comunica\u00e7\u00e3o PSOL\"}}]}<\/script>\n<!-- \/ Yoast SEO plugin. -->","yoast_head_json":{"title":"Decis\u00e3o do Senado sobre futuro de A\u00e9cio consolida acord\u00e3o e preserva a base de apoio de Temer - PSOL 50","robots":{"index":"index","follow":"follow","max-snippet":"max-snippet:-1","max-image-preview":"max-image-preview:large","max-video-preview":"max-video-preview:-1"},"canonical":"https:\/\/psol50.org.br\/decisao-do-senado-sobre-futuro-de-aecio-consolida-acordao-e-preserva-base-de-apoio-de-temer\/","og_locale":"pt_BR","og_type":"article","og_title":"Decis\u00e3o do Senado sobre futuro de A\u00e9cio consolida acord\u00e3o e preserva a base de apoio de Temer - PSOL 50","og_description":"Mais um cap\u00edtulo vergonhoso da saga pol\u00edtica marcou o dia em Bras\u00edlia nesta ter\u00e7a-feira (17\/10). Em vota\u00e7\u00e3o que se estendeu at\u00e9 a noite, o plen\u00e1rio do Senado tornou sem efeito a decis\u00e3o do Supremo Tribunal Federal (STF) que havia afastado\u00a0o senador A\u00e9cio Neves (PSDB-MG) do mandato parlamentar e determinado o seu recolhimento noturno. Foram 44 [&hellip;]","og_url":"https:\/\/psol50.org.br\/decisao-do-senado-sobre-futuro-de-aecio-consolida-acordao-e-preserva-base-de-apoio-de-temer\/","og_site_name":"PSOL 50","article_publisher":"https:\/\/www.facebook.com\/psol50","article_published_time":"2017-10-18T12:34:26+00:00","og_image":[{"width":1350,"height":900,"url":"https:\/\/psol50.org.br\/inc\/uploads\/2018\/07\/capa.png","type":"image\/png"}],"author":"Comunica\u00e7\u00e3o PSOL","twitter_card":"summary_large_image","twitter_creator":"@psol50","twitter_site":"@psol50","twitter_misc":{"Escrito por":"Comunica\u00e7\u00e3o PSOL","Est. tempo de leitura":"4 minutos"},"schema":{"@context":"https:\/\/schema.org","@graph":[{"@type":"Article","@id":"https:\/\/psol50.org.br\/decisao-do-senado-sobre-futuro-de-aecio-consolida-acordao-e-preserva-base-de-apoio-de-temer\/#article","isPartOf":{"@id":"https:\/\/psol50.org.br\/decisao-do-senado-sobre-futuro-de-aecio-consolida-acordao-e-preserva-base-de-apoio-de-temer\/"},"author":{"name":"Comunica\u00e7\u00e3o PSOL","@id":"https:\/\/psol50.org.br\/#\/schema\/person\/475dfa57d0b815993c714c2e96491fcd"},"headline":"Decis\u00e3o do Senado sobre futuro de A\u00e9cio consolida acord\u00e3o e preserva a base de apoio de Temer","datePublished":"2017-10-18T12:34:26+00:00","mainEntityOfPage":{"@id":"https:\/\/psol50.org.br\/decisao-do-senado-sobre-futuro-de-aecio-consolida-acordao-e-preserva-base-de-apoio-de-temer\/"},"wordCount":753,"commentCount":0,"publisher":{"@id":"https:\/\/psol50.org.br\/#organization"},"image":{"@id":"https:\/\/psol50.org.br\/decisao-do-senado-sobre-futuro-de-aecio-consolida-acordao-e-preserva-base-de-apoio-de-temer\/#primaryimage"},"thumbnailUrl":"","keywords":["A\u00e9cio Neves","base de apoio","den\u00fancia","Joesley Batista","medidas cautelares","Michel Temer","PMDB","PSDB","PSOL","Romero Juc\u00e1","Senado Federal","STF","tucano"],"articleSection":["A\u00e7\u00e3o Parlamentar","Brasil","Not\u00edcias"],"inLanguage":"pt-BR","potentialAction":[{"@type":"CommentAction","name":"Comment","target":["https:\/\/psol50.org.br\/decisao-do-senado-sobre-futuro-de-aecio-consolida-acordao-e-preserva-base-de-apoio-de-temer\/#respond"]}]},{"@type":"WebPage","@id":"https:\/\/psol50.org.br\/decisao-do-senado-sobre-futuro-de-aecio-consolida-acordao-e-preserva-base-de-apoio-de-temer\/","url":"https:\/\/psol50.org.br\/decisao-do-senado-sobre-futuro-de-aecio-consolida-acordao-e-preserva-base-de-apoio-de-temer\/","name":"Decis\u00e3o do Senado sobre futuro de A\u00e9cio consolida acord\u00e3o e preserva a base de apoio de Temer - PSOL 50","isPartOf":{"@id":"https:\/\/psol50.org.br\/#website"},"primaryImageOfPage":{"@id":"https:\/\/psol50.org.br\/decisao-do-senado-sobre-futuro-de-aecio-consolida-acordao-e-preserva-base-de-apoio-de-temer\/#primaryimage"},"image":{"@id":"https:\/\/psol50.org.br\/decisao-do-senado-sobre-futuro-de-aecio-consolida-acordao-e-preserva-base-de-apoio-de-temer\/#primaryimage"},"thumbnailUrl":"","datePublished":"2017-10-18T12:34:26+00:00","breadcrumb":{"@id":"https:\/\/psol50.org.br\/decisao-do-senado-sobre-futuro-de-aecio-consolida-acordao-e-preserva-base-de-apoio-de-temer\/#breadcrumb"},"inLanguage":"pt-BR","potentialAction":[{"@type":"ReadAction","target":["https:\/\/psol50.org.br\/decisao-do-senado-sobre-futuro-de-aecio-consolida-acordao-e-preserva-base-de-apoio-de-temer\/"]}]},{"@type":"ImageObject","inLanguage":"pt-BR","@id":"https:\/\/psol50.org.br\/decisao-do-senado-sobre-futuro-de-aecio-consolida-acordao-e-preserva-base-de-apoio-de-temer\/#primaryimage","url":"","contentUrl":""},{"@type":"BreadcrumbList","@id":"https:\/\/psol50.org.br\/decisao-do-senado-sobre-futuro-de-aecio-consolida-acordao-e-preserva-base-de-apoio-de-temer\/#breadcrumb","itemListElement":[{"@type":"ListItem","position":1,"name":"In\u00edcio","item":"https:\/\/psol50.org.br\/"},{"@type":"ListItem","position":2,"name":"Decis\u00e3o do Senado sobre futuro de A\u00e9cio consolida acord\u00e3o e preserva a base de apoio de Temer"}]},{"@type":"WebSite","@id":"https:\/\/psol50.org.br\/#website","url":"https:\/\/psol50.org.br\/","name":"PSOL 50","description":"Site oficial do Partido Socialismo e Liberdade","publisher":{"@id":"https:\/\/psol50.org.br\/#organization"},"alternateName":"PSOL50","potentialAction":[{"@type":"SearchAction","target":{"@type":"EntryPoint","urlTemplate":"https:\/\/psol50.org.br\/?s={search_term_string}"},"query-input":{"@type":"PropertyValueSpecification","valueRequired":true,"valueName":"search_term_string"}}],"inLanguage":"pt-BR"},{"@type":"Organization","@id":"https:\/\/psol50.org.br\/#organization","name":"PSOL 50","alternateName":"PSOL 50","url":"https:\/\/psol50.org.br\/","logo":{"@type":"ImageObject","inLanguage":"pt-BR","@id":"https:\/\/psol50.org.br\/#\/schema\/logo\/image\/","url":"https:\/\/psol50.org.br\/inc\/uploads\/2018\/07\/capa.png","contentUrl":"https:\/\/psol50.org.br\/inc\/uploads\/2018\/07\/capa.png","width":1350,"height":900,"caption":"PSOL 50"},"image":{"@id":"https:\/\/psol50.org.br\/#\/schema\/logo\/image\/"},"sameAs":["https:\/\/www.facebook.com\/psol50","https:\/\/x.com\/psol50","https:\/\/www.instagram.com\/psol50\/","https:\/\/www.youtube.com\/channel\/UC7SnJS5o1os7a6CaiNabzcg"]},{"@type":"Person","@id":"https:\/\/psol50.org.br\/#\/schema\/person\/475dfa57d0b815993c714c2e96491fcd","name":"Comunica\u00e7\u00e3o PSOL","image":{"@type":"ImageObject","inLanguage":"pt-BR","@id":"https:\/\/psol50.org.br\/#\/schema\/person\/image\/","url":"https:\/\/secure.gravatar.com\/avatar\/b34fc4f4e468a4e51785917065a3db57b841f5c95dba6ad8c73aaf8f66f8f9bf?s=96&d=mm&r=g","contentUrl":"https:\/\/secure.gravatar.com\/avatar\/b34fc4f4e468a4e51785917065a3db57b841f5c95dba6ad8c73aaf8f66f8f9bf?s=96&d=mm&r=g","caption":"Comunica\u00e7\u00e3o PSOL"}}]}},"_links":{"self":[{"href":"https:\/\/psol50.org.br\/rest\/wp\/v2\/posts\/18575","targetHints":{"allow":["GET"]}}],"collection":[{"href":"https:\/\/psol50.org.br\/rest\/wp\/v2\/posts"}],"about":[{"href":"https:\/\/psol50.org.br\/rest\/wp\/v2\/types\/post"}],"author":[{"embeddable":true,"href":"https:\/\/psol50.org.br\/rest\/wp\/v2\/users\/2"}],"replies":[{"embeddable":true,"href":"https:\/\/psol50.org.br\/rest\/wp\/v2\/comments?post=18575"}],"version-history":[{"count":0,"href":"https:\/\/psol50.org.br\/rest\/wp\/v2\/posts\/18575\/revisions"}],"wp:featuredmedia":[{"embeddable":true,"href":"https:\/\/psol50.org.br\/rest\/"}],"wp:attachment":[{"href":"https:\/\/psol50.org.br\/rest\/wp\/v2\/media?parent=18575"}],"wp:term":[{"taxonomy":"category","embeddable":true,"href":"https:\/\/psol50.org.br\/rest\/wp\/v2\/categories?post=18575"},{"taxonomy":"post_tag","embeddable":true,"href":"https:\/\/psol50.org.br\/rest\/wp\/v2\/tags?post=18575"}],"curies":[{"name":"wp","href":"https:\/\/api.w.org\/{rel}","templated":true}]}}