{"id":1858,"date":"2013-03-20T00:00:00","date_gmt":"2013-03-20T00:00:00","guid":{"rendered":"http:\/\/psol50.org.br\/arquivo\/2013\/03\/20\/deputados-lancam-frente-parlamentar-em-defesa-dos-direitos-humanos-em-auditorio-lotado-de-militantes-sociais\/"},"modified":"2013-03-20T00:00:00","modified_gmt":"2013-03-20T00:00:00","slug":"deputados-lancam-frente-parlamentar-em-defesa-dos-direitos-humanos-em-auditorio-lotado-de-militantes-sociais","status":"publish","type":"post","link":"https:\/\/psol50.org.br\/deputados-lancam-frente-parlamentar-em-defesa-dos-direitos-humanos-em-auditorio-lotado-de-militantes-sociais\/","title":{"rendered":"Deputados lan\u00e7am Frente Parlamentar em Defesa dos Direitos Humanos, em audit\u00f3rio lotado de militantes sociais"},"content":{"rendered":"<div style=\"text-align: justify;\">\n\t<em>Chico Alencar e Jean Wyllys s\u00e3o integrantes da Frente, que faz o contraponto \u00e0 elei\u00e7\u00e3o de pastor para presidir Comiss\u00e3o de Direitos Humanos<\/em><br \/>\n\t&nbsp;<br \/>\n\tA bancada do PSOL na C\u00e2mara, composta pelos deputados Ivan Valente (SP), Chico Alencar (RJ) e Jean Wyllys (RJ), participou na manh\u00e3 desta quarta-feira (20) do lan\u00e7amento da Frente Parlamentar em Defesa dos Direitos Humanos, como forma de fazer o contraponto \u00e0 elei\u00e7\u00e3o do deputado Marco Feliciano (PSC-SP), pastor que j\u00e1 deu v\u00e1rias declara\u00e7\u00f5es racistas e homof\u00f3bicas, para presid\u00eancia da Comiss\u00e3o de Direitos Humanos e Minorias da C\u00e2mara. O objetivo da Frente, segundo os parlamentares, \u00e9 tamb\u00e9m assumir tarefas da CDH em defesa dos direitos humanos que ficar\u00e3o prejudicadas devido \u00e0 postura conservadora do novo presidente.<br \/>\n\t&nbsp;<br \/>\n\tDurante a atividade, que ocorreu em um audit\u00f3rio Nereu Ramos lotado de militantes sociais, os deputados explicaram os motivos que levaram \u00e0 iniciativa de criar a Frente.<br \/>\n\t&nbsp;<br \/>\n\t\u201cO objetivo \u00e9 assegurar um espa\u00e7o para discutir os direitos humanos na perspectiva das minorias. N\u00e3o queremos concorrer com a comiss\u00e3o, somente garantir espa\u00e7o, j\u00e1 que o colegiado foi desvirtuado com a presen\u00e7a do Pastor Marco Feliciano\u201d, disse o deputado Jean Wyllys (Psol-RJ), que \u00e9 um dos 11 coordenadores da nova frente, cuja instala\u00e7\u00e3o ser\u00e1 oficializada na tarde desta quarta-feira.<br \/>\n\t&nbsp;<br \/>\n\tPara criar a Frente Parlamentar, articulada pelo PSOL e outros partidos contr\u00e1rios \u00e0 elei\u00e7\u00e3o de Feliciano, foram necess\u00e1rias 157 assinaturas (1\/3 da Casa). \u201cA elei\u00e7\u00e3o do deputado Feliciano inviabiliza os trabalhos da comiss\u00e3o. Ser\u00e1 uma comiss\u00e3o dos valores religiosos, do fundamentalismo e da higieniza\u00e7\u00e3o da ra\u00e7a\u201d, avaliou Chico Alencar, quando foi lan\u00e7ada a ideia de criar a Frente Parlamentar.<\/p>\n<p>\n\tNesta semana, circulou pela internet um v\u00eddeo com ataques aos deputados da nova frente parlamentar e a defensores de direitos dos homossexuais. O filme, de quase nove minutos, intitulado \u201cPastor Marco Feliciano Renuncia\u201d, classifica \u00c9rica Kokay (PT-DF), Jean Wyllys e Domingos Dutra (PT-MA) como &#8220;tendenciosos\u201d, \u201cagressivos&#8221;, \u201cque visam \u00e0 aprova\u00e7\u00e3o de leis como a legaliza\u00e7\u00e3o de entorpecentes, como a maconha\u201d e \u00e0 &#8220;liberalidade sexual, entre elas o casamento de pessoas do mesmo sexo&#8221;.<br \/>\n\t&nbsp;<br \/>\n\tNo v\u00eddeo, o presidente da Comiss\u00e3o de Direitos Humanos diz que renuncia \u00e0 sua &#8220;privacidade, noites de paz e sono tranquilo, momentos preciosos com a pr\u00f3pria fam\u00edlia a fim de n\u00e3o renunciar \u00e0 Comiss\u00e3o de Direitos Humanos, para que sua fam\u00edlia seja preservada&#8221;.<br \/>\n\t&nbsp;<br \/>\n\tSegundo informa\u00e7\u00f5es da Ag\u00eancia C\u00e2mara, os tr\u00eas deputados j\u00e1 afirmaram que v\u00e3o entrar ainda hoje com uma representa\u00e7\u00e3o criminal junto ao Minist\u00e9rio P\u00fablico contra a produtora do v\u00eddeo. Chico Alencar (Psol-RJ) tamb\u00e9m salientou que planeja pedir \u00e0 Corregedoria da C\u00e2mara uma investiga\u00e7\u00e3o sobre o caso. \u201cPrecisamos apurar se a produtora de v\u00eddeo que fez essa pe\u00e7a ofensiva, discriminat\u00f3ria, racista, antimulheres e homof\u00f3bica o fez a expensas do pr\u00f3prio parlamentar, no uso do seu mandato p\u00fablico em benef\u00edcio privado\u201d, alertou.<br \/>\n\t&nbsp;<br \/>\n\tO pedido de investiga\u00e7\u00e3o ser\u00e1 apresentado \u00e0 Corregedoria da C\u00e2mara na semana que vem, segundo Alencar.<br \/>\n\t&nbsp;<br \/>\n\tO grupo contr\u00e1rio a Feliciano ainda espera que os l\u00edderes partid\u00e1rios pressionem o PSC para que mude a indica\u00e7\u00e3o para a presid\u00eancia da Comiss\u00e3o de Direitos Humanos e Minorias da C\u00e2mara.<br \/>\n\t&nbsp;<br \/>\n\tSegundo o l\u00edder do PSOL, Ivan Valente (SP), que tamb\u00e9m esteve no lan\u00e7amento da Frente, um setor da pr\u00f3pria bancada evang\u00e9lica j\u00e1 apoia a indica\u00e7\u00e3o de um novo nome para o colegiado. \u201cMarco Feliciano est\u00e1 sendo questionado dentro do seu pr\u00f3prio partido n\u00e3o s\u00f3 porque ele est\u00e1 tendo uma ascens\u00e3o pol\u00edtica, mas tamb\u00e9m por uma poss\u00edvel ascens\u00e3o econ\u00f4mica, com a venda de CDs e DVDs em grande quantidade e tamb\u00e9m com o crescimento da sua candidatura. Tudo isso em preju\u00edzo do pr\u00f3prio partido e inclusive do trabalho s\u00e9rio de setores evang\u00e9licos\u201d.<br \/>\n\t&nbsp;<br \/>\n\t<strong>Subtemas<\/strong><br \/>\n\tConhe\u00e7a os coordenadores da nova Frente Parlamentar em Defesa dos Direitos Humanos e os temas pelos quais ficar\u00e3o respons\u00e1veis:<br \/>\n\t&nbsp;<br \/>\n\t1. Chico Alencar (PSOL-RJ) \u2013 liberdade \u00e0 cren\u00e7a e \u00e0 n\u00e3o cren\u00e7a;<br \/>\n\t2. Domingos Dutra (PT-MA) \u2013 democratiza\u00e7\u00e3o da terra;<br \/>\n\t3. Erika Kokay (PT-DF) \u2013 crian\u00e7as e adolescentes;<br \/>\n\t4. Janete Piet\u00e1 (PT-SP) \u2013 g\u00eanero;<br \/>\n\t5. Jean Wyllys (PSOL-RJ) \u2013 LGBT e outras express\u00f5es de g\u00eanero;<br \/>\n\t6. Luiz Erundina (PSB-SP) \u2013 verdade e direito \u00e0 informa\u00e7\u00e3o;<br \/>\n\t7. Luiz Couto (PT-PB) \u2013 viol\u00eancia e grupos de exterm\u00ednio;<br \/>\n\t8. Luiz Alberto (PT-BA) \u2013 temas \u00e9tnicos e raciais (1);<br \/>\n\t9. Padre Ton (PT-RO) \u2013 temas \u00e9tnicos e raciais (2);<br \/>\n\t10. Nilm\u00e1rio Miranda (PT-MG) \u2013 combate \u00e0 tortura e sistema carcer\u00e1rio;<br \/>\n\t11. Vitor Paulo (PRB-RJ) \u2013 idosos e pessoas com defici\u00eancia.<br \/>\n\t&nbsp;<\/div>\n","protected":false},"excerpt":{"rendered":"<p>Chico Alencar e Jean Wyllys s\u00e3o integrantes da Frente, que faz o contraponto \u00e0 elei\u00e7\u00e3o de pastor para presidir Comiss\u00e3o de Direitos Humanos &nbsp; A bancada do PSOL na C\u00e2mara, composta pelos deputados Ivan Valente (SP), Chico Alencar (RJ) e Jean Wyllys (RJ), participou na manh\u00e3 desta quarta-feira (20) do lan\u00e7amento da Frente Parlamentar em [&hellip;]<\/p>\n","protected":false},"author":2,"featured_media":0,"comment_status":"open","ping_status":"open","sticky":false,"template":"","format":"standard","meta":{"_acf_changed":false,"footnotes":""},"categories":[4766],"tags":[],"class_list":{"0":"post-1858","1":"post","2":"type-post","3":"status-publish","4":"format-standard","6":"category-arquivo"},"acf":[],"yoast_head":"<!-- This site is optimized with the Yoast SEO plugin v26.5 - https:\/\/yoast.com\/wordpress\/plugins\/seo\/ -->\n<title>Deputados lan\u00e7am Frente Parlamentar em Defesa dos Direitos Humanos, em audit\u00f3rio lotado de militantes sociais - PSOL 50<\/title>\n<meta name=\"robots\" content=\"index, follow, max-snippet:-1, max-image-preview:large, max-video-preview:-1\" \/>\n<link rel=\"canonical\" href=\"https:\/\/psol50.org.br\/deputados-lancam-frente-parlamentar-em-defesa-dos-direitos-humanos-em-auditorio-lotado-de-militantes-sociais\/\" \/>\n<meta property=\"og:locale\" content=\"pt_BR\" \/>\n<meta property=\"og:type\" content=\"article\" \/>\n<meta property=\"og:title\" content=\"Deputados lan\u00e7am Frente Parlamentar em Defesa dos Direitos Humanos, em audit\u00f3rio lotado de militantes sociais - PSOL 50\" \/>\n<meta property=\"og:description\" content=\"Chico Alencar e Jean Wyllys s\u00e3o integrantes da Frente, que faz o contraponto \u00e0 elei\u00e7\u00e3o de pastor para presidir Comiss\u00e3o de Direitos Humanos &nbsp; A bancada do PSOL na C\u00e2mara, composta pelos deputados Ivan Valente (SP), Chico Alencar (RJ) e Jean Wyllys (RJ), participou na manh\u00e3 desta quarta-feira (20) do lan\u00e7amento da Frente Parlamentar em [&hellip;]\" \/>\n<meta property=\"og:url\" content=\"https:\/\/psol50.org.br\/deputados-lancam-frente-parlamentar-em-defesa-dos-direitos-humanos-em-auditorio-lotado-de-militantes-sociais\/\" \/>\n<meta property=\"og:site_name\" content=\"PSOL 50\" \/>\n<meta property=\"article:publisher\" content=\"https:\/\/www.facebook.com\/psol50\" \/>\n<meta property=\"article:published_time\" content=\"2013-03-20T00:00:00+00:00\" \/>\n<meta property=\"og:image\" content=\"https:\/\/psol50.org.br\/inc\/uploads\/2018\/07\/capa.png\" \/>\n\t<meta property=\"og:image:width\" content=\"1350\" \/>\n\t<meta property=\"og:image:height\" content=\"900\" \/>\n\t<meta property=\"og:image:type\" content=\"image\/png\" \/>\n<meta name=\"author\" content=\"Comunica\u00e7\u00e3o PSOL\" \/>\n<meta name=\"twitter:card\" content=\"summary_large_image\" \/>\n<meta name=\"twitter:creator\" content=\"@psol50\" \/>\n<meta name=\"twitter:site\" content=\"@psol50\" \/>\n<meta name=\"twitter:label1\" content=\"Escrito por\" \/>\n\t<meta name=\"twitter:data1\" content=\"Comunica\u00e7\u00e3o PSOL\" \/>\n\t<meta name=\"twitter:label2\" content=\"Est. tempo de leitura\" \/>\n\t<meta name=\"twitter:data2\" content=\"4 minutos\" \/>\n<script type=\"application\/ld+json\" class=\"yoast-schema-graph\">{\"@context\":\"https:\/\/schema.org\",\"@graph\":[{\"@type\":\"Article\",\"@id\":\"https:\/\/psol50.org.br\/deputados-lancam-frente-parlamentar-em-defesa-dos-direitos-humanos-em-auditorio-lotado-de-militantes-sociais\/#article\",\"isPartOf\":{\"@id\":\"https:\/\/psol50.org.br\/deputados-lancam-frente-parlamentar-em-defesa-dos-direitos-humanos-em-auditorio-lotado-de-militantes-sociais\/\"},\"author\":{\"name\":\"Comunica\u00e7\u00e3o PSOL\",\"@id\":\"https:\/\/psol50.org.br\/#\/schema\/person\/475dfa57d0b815993c714c2e96491fcd\"},\"headline\":\"Deputados lan\u00e7am Frente Parlamentar em Defesa dos Direitos Humanos, em audit\u00f3rio lotado de militantes sociais\",\"datePublished\":\"2013-03-20T00:00:00+00:00\",\"mainEntityOfPage\":{\"@id\":\"https:\/\/psol50.org.br\/deputados-lancam-frente-parlamentar-em-defesa-dos-direitos-humanos-em-auditorio-lotado-de-militantes-sociais\/\"},\"wordCount\":811,\"commentCount\":0,\"publisher\":{\"@id\":\"https:\/\/psol50.org.br\/#organization\"},\"articleSection\":[\"Arquivo\"],\"inLanguage\":\"pt-BR\",\"potentialAction\":[{\"@type\":\"CommentAction\",\"name\":\"Comment\",\"target\":[\"https:\/\/psol50.org.br\/deputados-lancam-frente-parlamentar-em-defesa-dos-direitos-humanos-em-auditorio-lotado-de-militantes-sociais\/#respond\"]}]},{\"@type\":\"WebPage\",\"@id\":\"https:\/\/psol50.org.br\/deputados-lancam-frente-parlamentar-em-defesa-dos-direitos-humanos-em-auditorio-lotado-de-militantes-sociais\/\",\"url\":\"https:\/\/psol50.org.br\/deputados-lancam-frente-parlamentar-em-defesa-dos-direitos-humanos-em-auditorio-lotado-de-militantes-sociais\/\",\"name\":\"Deputados lan\u00e7am Frente Parlamentar em Defesa dos Direitos Humanos, em audit\u00f3rio lotado de militantes sociais - PSOL 50\",\"isPartOf\":{\"@id\":\"https:\/\/psol50.org.br\/#website\"},\"datePublished\":\"2013-03-20T00:00:00+00:00\",\"breadcrumb\":{\"@id\":\"https:\/\/psol50.org.br\/deputados-lancam-frente-parlamentar-em-defesa-dos-direitos-humanos-em-auditorio-lotado-de-militantes-sociais\/#breadcrumb\"},\"inLanguage\":\"pt-BR\",\"potentialAction\":[{\"@type\":\"ReadAction\",\"target\":[\"https:\/\/psol50.org.br\/deputados-lancam-frente-parlamentar-em-defesa-dos-direitos-humanos-em-auditorio-lotado-de-militantes-sociais\/\"]}]},{\"@type\":\"BreadcrumbList\",\"@id\":\"https:\/\/psol50.org.br\/deputados-lancam-frente-parlamentar-em-defesa-dos-direitos-humanos-em-auditorio-lotado-de-militantes-sociais\/#breadcrumb\",\"itemListElement\":[{\"@type\":\"ListItem\",\"position\":1,\"name\":\"In\u00edcio\",\"item\":\"https:\/\/psol50.org.br\/\"},{\"@type\":\"ListItem\",\"position\":2,\"name\":\"Deputados lan\u00e7am Frente Parlamentar em Defesa dos Direitos Humanos, em audit\u00f3rio lotado de militantes sociais\"}]},{\"@type\":\"WebSite\",\"@id\":\"https:\/\/psol50.org.br\/#website\",\"url\":\"https:\/\/psol50.org.br\/\",\"name\":\"PSOL 50\",\"description\":\"Site oficial do Partido Socialismo e Liberdade\",\"publisher\":{\"@id\":\"https:\/\/psol50.org.br\/#organization\"},\"alternateName\":\"PSOL50\",\"potentialAction\":[{\"@type\":\"SearchAction\",\"target\":{\"@type\":\"EntryPoint\",\"urlTemplate\":\"https:\/\/psol50.org.br\/?s={search_term_string}\"},\"query-input\":{\"@type\":\"PropertyValueSpecification\",\"valueRequired\":true,\"valueName\":\"search_term_string\"}}],\"inLanguage\":\"pt-BR\"},{\"@type\":\"Organization\",\"@id\":\"https:\/\/psol50.org.br\/#organization\",\"name\":\"PSOL 50\",\"alternateName\":\"PSOL 50\",\"url\":\"https:\/\/psol50.org.br\/\",\"logo\":{\"@type\":\"ImageObject\",\"inLanguage\":\"pt-BR\",\"@id\":\"https:\/\/psol50.org.br\/#\/schema\/logo\/image\/\",\"url\":\"https:\/\/psol50.org.br\/inc\/uploads\/2018\/07\/capa.png\",\"contentUrl\":\"https:\/\/psol50.org.br\/inc\/uploads\/2018\/07\/capa.png\",\"width\":1350,\"height\":900,\"caption\":\"PSOL 50\"},\"image\":{\"@id\":\"https:\/\/psol50.org.br\/#\/schema\/logo\/image\/\"},\"sameAs\":[\"https:\/\/www.facebook.com\/psol50\",\"https:\/\/x.com\/psol50\",\"https:\/\/www.instagram.com\/psol50\/\",\"https:\/\/www.youtube.com\/channel\/UC7SnJS5o1os7a6CaiNabzcg\"]},{\"@type\":\"Person\",\"@id\":\"https:\/\/psol50.org.br\/#\/schema\/person\/475dfa57d0b815993c714c2e96491fcd\",\"name\":\"Comunica\u00e7\u00e3o PSOL\",\"image\":{\"@type\":\"ImageObject\",\"inLanguage\":\"pt-BR\",\"@id\":\"https:\/\/psol50.org.br\/#\/schema\/person\/image\/\",\"url\":\"https:\/\/secure.gravatar.com\/avatar\/b34fc4f4e468a4e51785917065a3db57b841f5c95dba6ad8c73aaf8f66f8f9bf?s=96&d=mm&r=g\",\"contentUrl\":\"https:\/\/secure.gravatar.com\/avatar\/b34fc4f4e468a4e51785917065a3db57b841f5c95dba6ad8c73aaf8f66f8f9bf?s=96&d=mm&r=g\",\"caption\":\"Comunica\u00e7\u00e3o PSOL\"}}]}<\/script>\n<!-- \/ Yoast SEO plugin. -->","yoast_head_json":{"title":"Deputados lan\u00e7am Frente Parlamentar em Defesa dos Direitos Humanos, em audit\u00f3rio lotado de militantes sociais - PSOL 50","robots":{"index":"index","follow":"follow","max-snippet":"max-snippet:-1","max-image-preview":"max-image-preview:large","max-video-preview":"max-video-preview:-1"},"canonical":"https:\/\/psol50.org.br\/deputados-lancam-frente-parlamentar-em-defesa-dos-direitos-humanos-em-auditorio-lotado-de-militantes-sociais\/","og_locale":"pt_BR","og_type":"article","og_title":"Deputados lan\u00e7am Frente Parlamentar em Defesa dos Direitos Humanos, em audit\u00f3rio lotado de militantes sociais - PSOL 50","og_description":"Chico Alencar e Jean Wyllys s\u00e3o integrantes da Frente, que faz o contraponto \u00e0 elei\u00e7\u00e3o de pastor para presidir Comiss\u00e3o de Direitos Humanos &nbsp; A bancada do PSOL na C\u00e2mara, composta pelos deputados Ivan Valente (SP), Chico Alencar (RJ) e Jean Wyllys (RJ), participou na manh\u00e3 desta quarta-feira (20) do lan\u00e7amento da Frente Parlamentar em [&hellip;]","og_url":"https:\/\/psol50.org.br\/deputados-lancam-frente-parlamentar-em-defesa-dos-direitos-humanos-em-auditorio-lotado-de-militantes-sociais\/","og_site_name":"PSOL 50","article_publisher":"https:\/\/www.facebook.com\/psol50","article_published_time":"2013-03-20T00:00:00+00:00","og_image":[{"width":1350,"height":900,"url":"https:\/\/psol50.org.br\/inc\/uploads\/2018\/07\/capa.png","type":"image\/png"}],"author":"Comunica\u00e7\u00e3o PSOL","twitter_card":"summary_large_image","twitter_creator":"@psol50","twitter_site":"@psol50","twitter_misc":{"Escrito por":"Comunica\u00e7\u00e3o PSOL","Est. tempo de leitura":"4 minutos"},"schema":{"@context":"https:\/\/schema.org","@graph":[{"@type":"Article","@id":"https:\/\/psol50.org.br\/deputados-lancam-frente-parlamentar-em-defesa-dos-direitos-humanos-em-auditorio-lotado-de-militantes-sociais\/#article","isPartOf":{"@id":"https:\/\/psol50.org.br\/deputados-lancam-frente-parlamentar-em-defesa-dos-direitos-humanos-em-auditorio-lotado-de-militantes-sociais\/"},"author":{"name":"Comunica\u00e7\u00e3o PSOL","@id":"https:\/\/psol50.org.br\/#\/schema\/person\/475dfa57d0b815993c714c2e96491fcd"},"headline":"Deputados lan\u00e7am Frente Parlamentar em Defesa dos Direitos Humanos, em audit\u00f3rio lotado de militantes sociais","datePublished":"2013-03-20T00:00:00+00:00","mainEntityOfPage":{"@id":"https:\/\/psol50.org.br\/deputados-lancam-frente-parlamentar-em-defesa-dos-direitos-humanos-em-auditorio-lotado-de-militantes-sociais\/"},"wordCount":811,"commentCount":0,"publisher":{"@id":"https:\/\/psol50.org.br\/#organization"},"articleSection":["Arquivo"],"inLanguage":"pt-BR","potentialAction":[{"@type":"CommentAction","name":"Comment","target":["https:\/\/psol50.org.br\/deputados-lancam-frente-parlamentar-em-defesa-dos-direitos-humanos-em-auditorio-lotado-de-militantes-sociais\/#respond"]}]},{"@type":"WebPage","@id":"https:\/\/psol50.org.br\/deputados-lancam-frente-parlamentar-em-defesa-dos-direitos-humanos-em-auditorio-lotado-de-militantes-sociais\/","url":"https:\/\/psol50.org.br\/deputados-lancam-frente-parlamentar-em-defesa-dos-direitos-humanos-em-auditorio-lotado-de-militantes-sociais\/","name":"Deputados lan\u00e7am Frente Parlamentar em Defesa dos Direitos Humanos, em audit\u00f3rio lotado de militantes sociais - PSOL 50","isPartOf":{"@id":"https:\/\/psol50.org.br\/#website"},"datePublished":"2013-03-20T00:00:00+00:00","breadcrumb":{"@id":"https:\/\/psol50.org.br\/deputados-lancam-frente-parlamentar-em-defesa-dos-direitos-humanos-em-auditorio-lotado-de-militantes-sociais\/#breadcrumb"},"inLanguage":"pt-BR","potentialAction":[{"@type":"ReadAction","target":["https:\/\/psol50.org.br\/deputados-lancam-frente-parlamentar-em-defesa-dos-direitos-humanos-em-auditorio-lotado-de-militantes-sociais\/"]}]},{"@type":"BreadcrumbList","@id":"https:\/\/psol50.org.br\/deputados-lancam-frente-parlamentar-em-defesa-dos-direitos-humanos-em-auditorio-lotado-de-militantes-sociais\/#breadcrumb","itemListElement":[{"@type":"ListItem","position":1,"name":"In\u00edcio","item":"https:\/\/psol50.org.br\/"},{"@type":"ListItem","position":2,"name":"Deputados lan\u00e7am Frente Parlamentar em Defesa dos Direitos Humanos, em audit\u00f3rio lotado de militantes sociais"}]},{"@type":"WebSite","@id":"https:\/\/psol50.org.br\/#website","url":"https:\/\/psol50.org.br\/","name":"PSOL 50","description":"Site oficial do Partido Socialismo e Liberdade","publisher":{"@id":"https:\/\/psol50.org.br\/#organization"},"alternateName":"PSOL50","potentialAction":[{"@type":"SearchAction","target":{"@type":"EntryPoint","urlTemplate":"https:\/\/psol50.org.br\/?s={search_term_string}"},"query-input":{"@type":"PropertyValueSpecification","valueRequired":true,"valueName":"search_term_string"}}],"inLanguage":"pt-BR"},{"@type":"Organization","@id":"https:\/\/psol50.org.br\/#organization","name":"PSOL 50","alternateName":"PSOL 50","url":"https:\/\/psol50.org.br\/","logo":{"@type":"ImageObject","inLanguage":"pt-BR","@id":"https:\/\/psol50.org.br\/#\/schema\/logo\/image\/","url":"https:\/\/psol50.org.br\/inc\/uploads\/2018\/07\/capa.png","contentUrl":"https:\/\/psol50.org.br\/inc\/uploads\/2018\/07\/capa.png","width":1350,"height":900,"caption":"PSOL 50"},"image":{"@id":"https:\/\/psol50.org.br\/#\/schema\/logo\/image\/"},"sameAs":["https:\/\/www.facebook.com\/psol50","https:\/\/x.com\/psol50","https:\/\/www.instagram.com\/psol50\/","https:\/\/www.youtube.com\/channel\/UC7SnJS5o1os7a6CaiNabzcg"]},{"@type":"Person","@id":"https:\/\/psol50.org.br\/#\/schema\/person\/475dfa57d0b815993c714c2e96491fcd","name":"Comunica\u00e7\u00e3o PSOL","image":{"@type":"ImageObject","inLanguage":"pt-BR","@id":"https:\/\/psol50.org.br\/#\/schema\/person\/image\/","url":"https:\/\/secure.gravatar.com\/avatar\/b34fc4f4e468a4e51785917065a3db57b841f5c95dba6ad8c73aaf8f66f8f9bf?s=96&d=mm&r=g","contentUrl":"https:\/\/secure.gravatar.com\/avatar\/b34fc4f4e468a4e51785917065a3db57b841f5c95dba6ad8c73aaf8f66f8f9bf?s=96&d=mm&r=g","caption":"Comunica\u00e7\u00e3o PSOL"}}]}},"_links":{"self":[{"href":"https:\/\/psol50.org.br\/rest\/wp\/v2\/posts\/1858","targetHints":{"allow":["GET"]}}],"collection":[{"href":"https:\/\/psol50.org.br\/rest\/wp\/v2\/posts"}],"about":[{"href":"https:\/\/psol50.org.br\/rest\/wp\/v2\/types\/post"}],"author":[{"embeddable":true,"href":"https:\/\/psol50.org.br\/rest\/wp\/v2\/users\/2"}],"replies":[{"embeddable":true,"href":"https:\/\/psol50.org.br\/rest\/wp\/v2\/comments?post=1858"}],"version-history":[{"count":0,"href":"https:\/\/psol50.org.br\/rest\/wp\/v2\/posts\/1858\/revisions"}],"wp:attachment":[{"href":"https:\/\/psol50.org.br\/rest\/wp\/v2\/media?parent=1858"}],"wp:term":[{"taxonomy":"category","embeddable":true,"href":"https:\/\/psol50.org.br\/rest\/wp\/v2\/categories?post=1858"},{"taxonomy":"post_tag","embeddable":true,"href":"https:\/\/psol50.org.br\/rest\/wp\/v2\/tags?post=1858"}],"curies":[{"name":"wp","href":"https:\/\/api.w.org\/{rel}","templated":true}]}}