{"id":18585,"date":"2017-10-18T15:28:45","date_gmt":"2017-10-18T17:28:45","guid":{"rendered":"http:\/\/www.psol50.org.br\/?p=18585"},"modified":"2017-10-18T15:28:45","modified_gmt":"2017-10-18T17:28:45","slug":"psol-propoe-anulacao-da-portaria-que-dificulta-fiscalizacao-de-trabalho-escravo","status":"publish","type":"post","link":"https:\/\/psol50.org.br\/psol-propoe-anulacao-da-portaria-que-dificulta-fiscalizacao-de-trabalho-escravo\/","title":{"rendered":"PSOL prop\u00f5e anula\u00e7\u00e3o da Portaria que dificulta fiscaliza\u00e7\u00e3o de trabalho escravo"},"content":{"rendered":"<p><em>Informa\u00e7\u00f5es do <a href=\"https:\/\/www.facebook.com\/psolnacamara\" target=\"_blank\" rel=\"noopener\"><strong><span style=\"color: #3366ff;\">PSOL na C\u00e2mara<\/span><\/strong><\/a><\/em><\/p>\n<p>O deputado federal Edmilson Rodrigues (PSOL\/PA) protocolou, na ter\u00e7a-feira (17), na C\u00e2mara dos Deputados, o Projeto de Decreto Legislativo 802\/2017 que visa anular completamente a Portaria 1.129\/2017, publicada no dia 16, pelo Minist\u00e9rio do Trabalho e Emprego (MTE). A portaria <a href=\"http:\/\/www.psol50.org.br\/temer-cede-a-ruralistas-e-reduz-denificao-de-trabalho-escravo-dificultando-fiscalizacao\/\" target=\"_blank\" rel=\"noopener\"><strong><span style=\"color: #3366ff;\">fragiliza a fiscaliza\u00e7\u00e3o do trabalho an\u00e1logo \u00e0 escravid\u00e3o<\/span><\/strong><\/a>, favorecendo esse tipo de explora\u00e7\u00e3o principalmente contra trabalhadores do campo. O projeto foi assinado tamb\u00e9m pelo deputado Chico Alencar (RJ).<\/p>\n<p>Em pronunciamento na tribuna da C\u00e2mara, Edmilson fez rela\u00e7\u00e3o direta da medida do governo de Michel Temer com as articula\u00e7\u00f5es para barrar no Congresso a investiga\u00e7\u00e3o contra o presidente. &#8220;Essa mudan\u00e7a feita pelo ministro do Trabalho, Ronaldo Nogueira, \u00e9 uma viol\u00eancia contra o povo, cometida para atender as exig\u00eancias da bancada ruralista, para que ela vote contra a investiga\u00e7\u00e3o de Temer e de seus ministros que participam da quadrilha. O presidente fraco concede, destruindo a dignidade do nosso povo&#8221;, criticou.<\/p>\n<p>&#8220;O trabalho for\u00e7ado, a jornada exaustiva e as condi\u00e7\u00f5es an\u00e1logas ao trabalho escravo foram agora regulamentadas (com a Portaria 1.129\/07) com argumento que \u00e9 para garantir o direito ao seguro desemprego dos que forem libertos das fazendas escravocratas. Mudaram-se os conceitos para inviabilizar a fiscaliza\u00e7\u00e3o, impondo um verdadeiro retrocesso no direito dos trabalhadores brasileiros e reimplantando a escravid\u00e3o no pa\u00eds, inclusive, tirando o poder dos fiscais do Minist\u00e9rio do Trabalho na medida em que estabelece que qualquer notifica\u00e7\u00e3o ter\u00e1 que ter o aval de um policial&#8221;, ressaltou Edmilson.<\/p>\n<p>Para o parlamentar, essa portaria representa um dos maiores retrocessos da pol\u00edtica de erradica\u00e7\u00e3o do trabalho escravo no Brasil, al\u00e9m de uma afronta grave a resolu\u00e7\u00f5es da Organiza\u00e7\u00e3o das Na\u00e7\u00f5es Unidas (ONU) sobre o tema, que s\u00e3o adotadas pela grande maioria dos pa\u00edses democr\u00e1ticos.<\/p>\n","protected":false},"excerpt":{"rendered":"<p>Informa\u00e7\u00f5es do PSOL na C\u00e2mara O deputado federal Edmilson Rodrigues (PSOL\/PA) protocolou, na ter\u00e7a-feira (17), na C\u00e2mara dos Deputados, o Projeto de Decreto Legislativo 802\/2017 que visa anular completamente a Portaria 1.129\/2017, publicada no dia 16, pelo Minist\u00e9rio do Trabalho e Emprego (MTE). A portaria fragiliza a fiscaliza\u00e7\u00e3o do trabalho an\u00e1logo \u00e0 escravid\u00e3o, favorecendo esse [&hellip;]<\/p>\n","protected":false},"author":2,"featured_media":18586,"comment_status":"open","ping_status":"open","sticky":false,"template":"","format":"standard","meta":{"_acf_changed":false,"footnotes":""},"categories":[10,1882,6],"tags":[973,1748,417,3668],"class_list":{"0":"post-18585","1":"post","2":"type-post","3":"status-publish","4":"format-standard","5":"has-post-thumbnail","7":"category-acao-parlamentares","8":"category-brasil","9":"category-noticias","10":"tag-edmilson-rodrigues","11":"tag-michel-temer","12":"tag-psol-na-camara","13":"tag-trabalho-escravo"},"acf":[],"yoast_head":"<!-- This site is optimized with the Yoast SEO plugin v26.5 - https:\/\/yoast.com\/wordpress\/plugins\/seo\/ -->\n<title>PSOL prop\u00f5e anula\u00e7\u00e3o da Portaria que dificulta fiscaliza\u00e7\u00e3o de trabalho escravo - PSOL 50<\/title>\n<meta name=\"robots\" content=\"index, follow, max-snippet:-1, max-image-preview:large, max-video-preview:-1\" \/>\n<link rel=\"canonical\" href=\"https:\/\/psol50.org.br\/psol-propoe-anulacao-da-portaria-que-dificulta-fiscalizacao-de-trabalho-escravo\/\" \/>\n<meta property=\"og:locale\" content=\"pt_BR\" \/>\n<meta property=\"og:type\" content=\"article\" \/>\n<meta property=\"og:title\" content=\"PSOL prop\u00f5e anula\u00e7\u00e3o da Portaria que dificulta fiscaliza\u00e7\u00e3o de trabalho escravo - PSOL 50\" \/>\n<meta property=\"og:description\" content=\"Informa\u00e7\u00f5es do PSOL na C\u00e2mara O deputado federal Edmilson Rodrigues (PSOL\/PA) protocolou, na ter\u00e7a-feira (17), na C\u00e2mara dos Deputados, o Projeto de Decreto Legislativo 802\/2017 que visa anular completamente a Portaria 1.129\/2017, publicada no dia 16, pelo Minist\u00e9rio do Trabalho e Emprego (MTE). A portaria fragiliza a fiscaliza\u00e7\u00e3o do trabalho an\u00e1logo \u00e0 escravid\u00e3o, favorecendo esse [&hellip;]\" \/>\n<meta property=\"og:url\" content=\"https:\/\/psol50.org.br\/psol-propoe-anulacao-da-portaria-que-dificulta-fiscalizacao-de-trabalho-escravo\/\" \/>\n<meta property=\"og:site_name\" content=\"PSOL 50\" \/>\n<meta property=\"article:publisher\" content=\"https:\/\/www.facebook.com\/psol50\" \/>\n<meta property=\"article:published_time\" content=\"2017-10-18T17:28:45+00:00\" \/>\n<meta property=\"og:image\" content=\"https:\/\/psol50.org.br\/inc\/uploads\/2018\/07\/capa.png\" \/>\n\t<meta property=\"og:image:width\" content=\"1350\" \/>\n\t<meta property=\"og:image:height\" content=\"900\" \/>\n\t<meta property=\"og:image:type\" content=\"image\/png\" \/>\n<meta name=\"author\" content=\"Comunica\u00e7\u00e3o PSOL\" \/>\n<meta name=\"twitter:card\" content=\"summary_large_image\" \/>\n<meta name=\"twitter:creator\" content=\"@psol50\" \/>\n<meta name=\"twitter:site\" content=\"@psol50\" \/>\n<meta name=\"twitter:label1\" content=\"Escrito por\" \/>\n\t<meta name=\"twitter:data1\" content=\"Comunica\u00e7\u00e3o PSOL\" \/>\n\t<meta name=\"twitter:label2\" content=\"Est. tempo de leitura\" \/>\n\t<meta name=\"twitter:data2\" content=\"2 minutos\" \/>\n<script type=\"application\/ld+json\" class=\"yoast-schema-graph\">{\"@context\":\"https:\/\/schema.org\",\"@graph\":[{\"@type\":\"Article\",\"@id\":\"https:\/\/psol50.org.br\/psol-propoe-anulacao-da-portaria-que-dificulta-fiscalizacao-de-trabalho-escravo\/#article\",\"isPartOf\":{\"@id\":\"https:\/\/psol50.org.br\/psol-propoe-anulacao-da-portaria-que-dificulta-fiscalizacao-de-trabalho-escravo\/\"},\"author\":{\"name\":\"Comunica\u00e7\u00e3o PSOL\",\"@id\":\"https:\/\/psol50.org.br\/#\/schema\/person\/475dfa57d0b815993c714c2e96491fcd\"},\"headline\":\"PSOL prop\u00f5e anula\u00e7\u00e3o da Portaria que dificulta fiscaliza\u00e7\u00e3o de trabalho escravo\",\"datePublished\":\"2017-10-18T17:28:45+00:00\",\"mainEntityOfPage\":{\"@id\":\"https:\/\/psol50.org.br\/psol-propoe-anulacao-da-portaria-que-dificulta-fiscalizacao-de-trabalho-escravo\/\"},\"wordCount\":327,\"commentCount\":0,\"publisher\":{\"@id\":\"https:\/\/psol50.org.br\/#organization\"},\"image\":{\"@id\":\"https:\/\/psol50.org.br\/psol-propoe-anulacao-da-portaria-que-dificulta-fiscalizacao-de-trabalho-escravo\/#primaryimage\"},\"thumbnailUrl\":\"\",\"keywords\":[\"Edmilson Rodrigues\",\"Michel Temer\",\"PSOL na C\u00e2mara\",\"trabalho escravo\"],\"articleSection\":[\"A\u00e7\u00e3o Parlamentar\",\"Brasil\",\"Not\u00edcias\"],\"inLanguage\":\"pt-BR\",\"potentialAction\":[{\"@type\":\"CommentAction\",\"name\":\"Comment\",\"target\":[\"https:\/\/psol50.org.br\/psol-propoe-anulacao-da-portaria-que-dificulta-fiscalizacao-de-trabalho-escravo\/#respond\"]}]},{\"@type\":\"WebPage\",\"@id\":\"https:\/\/psol50.org.br\/psol-propoe-anulacao-da-portaria-que-dificulta-fiscalizacao-de-trabalho-escravo\/\",\"url\":\"https:\/\/psol50.org.br\/psol-propoe-anulacao-da-portaria-que-dificulta-fiscalizacao-de-trabalho-escravo\/\",\"name\":\"PSOL prop\u00f5e anula\u00e7\u00e3o da Portaria que dificulta fiscaliza\u00e7\u00e3o de trabalho escravo - PSOL 50\",\"isPartOf\":{\"@id\":\"https:\/\/psol50.org.br\/#website\"},\"primaryImageOfPage\":{\"@id\":\"https:\/\/psol50.org.br\/psol-propoe-anulacao-da-portaria-que-dificulta-fiscalizacao-de-trabalho-escravo\/#primaryimage\"},\"image\":{\"@id\":\"https:\/\/psol50.org.br\/psol-propoe-anulacao-da-portaria-que-dificulta-fiscalizacao-de-trabalho-escravo\/#primaryimage\"},\"thumbnailUrl\":\"\",\"datePublished\":\"2017-10-18T17:28:45+00:00\",\"breadcrumb\":{\"@id\":\"https:\/\/psol50.org.br\/psol-propoe-anulacao-da-portaria-que-dificulta-fiscalizacao-de-trabalho-escravo\/#breadcrumb\"},\"inLanguage\":\"pt-BR\",\"potentialAction\":[{\"@type\":\"ReadAction\",\"target\":[\"https:\/\/psol50.org.br\/psol-propoe-anulacao-da-portaria-que-dificulta-fiscalizacao-de-trabalho-escravo\/\"]}]},{\"@type\":\"ImageObject\",\"inLanguage\":\"pt-BR\",\"@id\":\"https:\/\/psol50.org.br\/psol-propoe-anulacao-da-portaria-que-dificulta-fiscalizacao-de-trabalho-escravo\/#primaryimage\",\"url\":\"\",\"contentUrl\":\"\"},{\"@type\":\"BreadcrumbList\",\"@id\":\"https:\/\/psol50.org.br\/psol-propoe-anulacao-da-portaria-que-dificulta-fiscalizacao-de-trabalho-escravo\/#breadcrumb\",\"itemListElement\":[{\"@type\":\"ListItem\",\"position\":1,\"name\":\"In\u00edcio\",\"item\":\"https:\/\/psol50.org.br\/\"},{\"@type\":\"ListItem\",\"position\":2,\"name\":\"PSOL prop\u00f5e anula\u00e7\u00e3o da Portaria que dificulta fiscaliza\u00e7\u00e3o de trabalho escravo\"}]},{\"@type\":\"WebSite\",\"@id\":\"https:\/\/psol50.org.br\/#website\",\"url\":\"https:\/\/psol50.org.br\/\",\"name\":\"PSOL 50\",\"description\":\"Site oficial do Partido Socialismo e Liberdade\",\"publisher\":{\"@id\":\"https:\/\/psol50.org.br\/#organization\"},\"alternateName\":\"PSOL50\",\"potentialAction\":[{\"@type\":\"SearchAction\",\"target\":{\"@type\":\"EntryPoint\",\"urlTemplate\":\"https:\/\/psol50.org.br\/?s={search_term_string}\"},\"query-input\":{\"@type\":\"PropertyValueSpecification\",\"valueRequired\":true,\"valueName\":\"search_term_string\"}}],\"inLanguage\":\"pt-BR\"},{\"@type\":\"Organization\",\"@id\":\"https:\/\/psol50.org.br\/#organization\",\"name\":\"PSOL 50\",\"alternateName\":\"PSOL 50\",\"url\":\"https:\/\/psol50.org.br\/\",\"logo\":{\"@type\":\"ImageObject\",\"inLanguage\":\"pt-BR\",\"@id\":\"https:\/\/psol50.org.br\/#\/schema\/logo\/image\/\",\"url\":\"https:\/\/psol50.org.br\/inc\/uploads\/2018\/07\/capa.png\",\"contentUrl\":\"https:\/\/psol50.org.br\/inc\/uploads\/2018\/07\/capa.png\",\"width\":1350,\"height\":900,\"caption\":\"PSOL 50\"},\"image\":{\"@id\":\"https:\/\/psol50.org.br\/#\/schema\/logo\/image\/\"},\"sameAs\":[\"https:\/\/www.facebook.com\/psol50\",\"https:\/\/x.com\/psol50\",\"https:\/\/www.instagram.com\/psol50\/\",\"https:\/\/www.youtube.com\/channel\/UC7SnJS5o1os7a6CaiNabzcg\"]},{\"@type\":\"Person\",\"@id\":\"https:\/\/psol50.org.br\/#\/schema\/person\/475dfa57d0b815993c714c2e96491fcd\",\"name\":\"Comunica\u00e7\u00e3o PSOL\",\"image\":{\"@type\":\"ImageObject\",\"inLanguage\":\"pt-BR\",\"@id\":\"https:\/\/psol50.org.br\/#\/schema\/person\/image\/\",\"url\":\"https:\/\/secure.gravatar.com\/avatar\/b34fc4f4e468a4e51785917065a3db57b841f5c95dba6ad8c73aaf8f66f8f9bf?s=96&d=mm&r=g\",\"contentUrl\":\"https:\/\/secure.gravatar.com\/avatar\/b34fc4f4e468a4e51785917065a3db57b841f5c95dba6ad8c73aaf8f66f8f9bf?s=96&d=mm&r=g\",\"caption\":\"Comunica\u00e7\u00e3o PSOL\"}}]}<\/script>\n<!-- \/ Yoast SEO plugin. -->","yoast_head_json":{"title":"PSOL prop\u00f5e anula\u00e7\u00e3o da Portaria que dificulta fiscaliza\u00e7\u00e3o de trabalho escravo - PSOL 50","robots":{"index":"index","follow":"follow","max-snippet":"max-snippet:-1","max-image-preview":"max-image-preview:large","max-video-preview":"max-video-preview:-1"},"canonical":"https:\/\/psol50.org.br\/psol-propoe-anulacao-da-portaria-que-dificulta-fiscalizacao-de-trabalho-escravo\/","og_locale":"pt_BR","og_type":"article","og_title":"PSOL prop\u00f5e anula\u00e7\u00e3o da Portaria que dificulta fiscaliza\u00e7\u00e3o de trabalho escravo - PSOL 50","og_description":"Informa\u00e7\u00f5es do PSOL na C\u00e2mara O deputado federal Edmilson Rodrigues (PSOL\/PA) protocolou, na ter\u00e7a-feira (17), na C\u00e2mara dos Deputados, o Projeto de Decreto Legislativo 802\/2017 que visa anular completamente a Portaria 1.129\/2017, publicada no dia 16, pelo Minist\u00e9rio do Trabalho e Emprego (MTE). A portaria fragiliza a fiscaliza\u00e7\u00e3o do trabalho an\u00e1logo \u00e0 escravid\u00e3o, favorecendo esse [&hellip;]","og_url":"https:\/\/psol50.org.br\/psol-propoe-anulacao-da-portaria-que-dificulta-fiscalizacao-de-trabalho-escravo\/","og_site_name":"PSOL 50","article_publisher":"https:\/\/www.facebook.com\/psol50","article_published_time":"2017-10-18T17:28:45+00:00","og_image":[{"width":1350,"height":900,"url":"https:\/\/psol50.org.br\/inc\/uploads\/2018\/07\/capa.png","type":"image\/png"}],"author":"Comunica\u00e7\u00e3o PSOL","twitter_card":"summary_large_image","twitter_creator":"@psol50","twitter_site":"@psol50","twitter_misc":{"Escrito por":"Comunica\u00e7\u00e3o PSOL","Est. tempo de leitura":"2 minutos"},"schema":{"@context":"https:\/\/schema.org","@graph":[{"@type":"Article","@id":"https:\/\/psol50.org.br\/psol-propoe-anulacao-da-portaria-que-dificulta-fiscalizacao-de-trabalho-escravo\/#article","isPartOf":{"@id":"https:\/\/psol50.org.br\/psol-propoe-anulacao-da-portaria-que-dificulta-fiscalizacao-de-trabalho-escravo\/"},"author":{"name":"Comunica\u00e7\u00e3o PSOL","@id":"https:\/\/psol50.org.br\/#\/schema\/person\/475dfa57d0b815993c714c2e96491fcd"},"headline":"PSOL prop\u00f5e anula\u00e7\u00e3o da Portaria que dificulta fiscaliza\u00e7\u00e3o de trabalho escravo","datePublished":"2017-10-18T17:28:45+00:00","mainEntityOfPage":{"@id":"https:\/\/psol50.org.br\/psol-propoe-anulacao-da-portaria-que-dificulta-fiscalizacao-de-trabalho-escravo\/"},"wordCount":327,"commentCount":0,"publisher":{"@id":"https:\/\/psol50.org.br\/#organization"},"image":{"@id":"https:\/\/psol50.org.br\/psol-propoe-anulacao-da-portaria-que-dificulta-fiscalizacao-de-trabalho-escravo\/#primaryimage"},"thumbnailUrl":"","keywords":["Edmilson Rodrigues","Michel Temer","PSOL na C\u00e2mara","trabalho escravo"],"articleSection":["A\u00e7\u00e3o Parlamentar","Brasil","Not\u00edcias"],"inLanguage":"pt-BR","potentialAction":[{"@type":"CommentAction","name":"Comment","target":["https:\/\/psol50.org.br\/psol-propoe-anulacao-da-portaria-que-dificulta-fiscalizacao-de-trabalho-escravo\/#respond"]}]},{"@type":"WebPage","@id":"https:\/\/psol50.org.br\/psol-propoe-anulacao-da-portaria-que-dificulta-fiscalizacao-de-trabalho-escravo\/","url":"https:\/\/psol50.org.br\/psol-propoe-anulacao-da-portaria-que-dificulta-fiscalizacao-de-trabalho-escravo\/","name":"PSOL prop\u00f5e anula\u00e7\u00e3o da Portaria que dificulta fiscaliza\u00e7\u00e3o de trabalho escravo - PSOL 50","isPartOf":{"@id":"https:\/\/psol50.org.br\/#website"},"primaryImageOfPage":{"@id":"https:\/\/psol50.org.br\/psol-propoe-anulacao-da-portaria-que-dificulta-fiscalizacao-de-trabalho-escravo\/#primaryimage"},"image":{"@id":"https:\/\/psol50.org.br\/psol-propoe-anulacao-da-portaria-que-dificulta-fiscalizacao-de-trabalho-escravo\/#primaryimage"},"thumbnailUrl":"","datePublished":"2017-10-18T17:28:45+00:00","breadcrumb":{"@id":"https:\/\/psol50.org.br\/psol-propoe-anulacao-da-portaria-que-dificulta-fiscalizacao-de-trabalho-escravo\/#breadcrumb"},"inLanguage":"pt-BR","potentialAction":[{"@type":"ReadAction","target":["https:\/\/psol50.org.br\/psol-propoe-anulacao-da-portaria-que-dificulta-fiscalizacao-de-trabalho-escravo\/"]}]},{"@type":"ImageObject","inLanguage":"pt-BR","@id":"https:\/\/psol50.org.br\/psol-propoe-anulacao-da-portaria-que-dificulta-fiscalizacao-de-trabalho-escravo\/#primaryimage","url":"","contentUrl":""},{"@type":"BreadcrumbList","@id":"https:\/\/psol50.org.br\/psol-propoe-anulacao-da-portaria-que-dificulta-fiscalizacao-de-trabalho-escravo\/#breadcrumb","itemListElement":[{"@type":"ListItem","position":1,"name":"In\u00edcio","item":"https:\/\/psol50.org.br\/"},{"@type":"ListItem","position":2,"name":"PSOL prop\u00f5e anula\u00e7\u00e3o da Portaria que dificulta fiscaliza\u00e7\u00e3o de trabalho escravo"}]},{"@type":"WebSite","@id":"https:\/\/psol50.org.br\/#website","url":"https:\/\/psol50.org.br\/","name":"PSOL 50","description":"Site oficial do Partido Socialismo e Liberdade","publisher":{"@id":"https:\/\/psol50.org.br\/#organization"},"alternateName":"PSOL50","potentialAction":[{"@type":"SearchAction","target":{"@type":"EntryPoint","urlTemplate":"https:\/\/psol50.org.br\/?s={search_term_string}"},"query-input":{"@type":"PropertyValueSpecification","valueRequired":true,"valueName":"search_term_string"}}],"inLanguage":"pt-BR"},{"@type":"Organization","@id":"https:\/\/psol50.org.br\/#organization","name":"PSOL 50","alternateName":"PSOL 50","url":"https:\/\/psol50.org.br\/","logo":{"@type":"ImageObject","inLanguage":"pt-BR","@id":"https:\/\/psol50.org.br\/#\/schema\/logo\/image\/","url":"https:\/\/psol50.org.br\/inc\/uploads\/2018\/07\/capa.png","contentUrl":"https:\/\/psol50.org.br\/inc\/uploads\/2018\/07\/capa.png","width":1350,"height":900,"caption":"PSOL 50"},"image":{"@id":"https:\/\/psol50.org.br\/#\/schema\/logo\/image\/"},"sameAs":["https:\/\/www.facebook.com\/psol50","https:\/\/x.com\/psol50","https:\/\/www.instagram.com\/psol50\/","https:\/\/www.youtube.com\/channel\/UC7SnJS5o1os7a6CaiNabzcg"]},{"@type":"Person","@id":"https:\/\/psol50.org.br\/#\/schema\/person\/475dfa57d0b815993c714c2e96491fcd","name":"Comunica\u00e7\u00e3o PSOL","image":{"@type":"ImageObject","inLanguage":"pt-BR","@id":"https:\/\/psol50.org.br\/#\/schema\/person\/image\/","url":"https:\/\/secure.gravatar.com\/avatar\/b34fc4f4e468a4e51785917065a3db57b841f5c95dba6ad8c73aaf8f66f8f9bf?s=96&d=mm&r=g","contentUrl":"https:\/\/secure.gravatar.com\/avatar\/b34fc4f4e468a4e51785917065a3db57b841f5c95dba6ad8c73aaf8f66f8f9bf?s=96&d=mm&r=g","caption":"Comunica\u00e7\u00e3o PSOL"}}]}},"_links":{"self":[{"href":"https:\/\/psol50.org.br\/rest\/wp\/v2\/posts\/18585","targetHints":{"allow":["GET"]}}],"collection":[{"href":"https:\/\/psol50.org.br\/rest\/wp\/v2\/posts"}],"about":[{"href":"https:\/\/psol50.org.br\/rest\/wp\/v2\/types\/post"}],"author":[{"embeddable":true,"href":"https:\/\/psol50.org.br\/rest\/wp\/v2\/users\/2"}],"replies":[{"embeddable":true,"href":"https:\/\/psol50.org.br\/rest\/wp\/v2\/comments?post=18585"}],"version-history":[{"count":0,"href":"https:\/\/psol50.org.br\/rest\/wp\/v2\/posts\/18585\/revisions"}],"wp:featuredmedia":[{"embeddable":true,"href":"https:\/\/psol50.org.br\/rest\/"}],"wp:attachment":[{"href":"https:\/\/psol50.org.br\/rest\/wp\/v2\/media?parent=18585"}],"wp:term":[{"taxonomy":"category","embeddable":true,"href":"https:\/\/psol50.org.br\/rest\/wp\/v2\/categories?post=18585"},{"taxonomy":"post_tag","embeddable":true,"href":"https:\/\/psol50.org.br\/rest\/wp\/v2\/tags?post=18585"}],"curies":[{"name":"wp","href":"https:\/\/api.w.org\/{rel}","templated":true}]}}